{"id":2711,"date":"2018-07-04T19:30:59","date_gmt":"2018-07-04T16:30:59","guid":{"rendered":"http:\/\/misak.millidusunce.com\/?p=2711"},"modified":"2020-07-14T11:00:58","modified_gmt":"2020-07-14T08:00:58","slug":"yeni-turkiye-yeni-bir-devlet","status":"publish","type":"post","link":"https:\/\/millidusunce.com\/misak\/yeni-turkiye-yeni-bir-devlet\/","title":{"rendered":"Yeni T\u00fcrkiye, Yeni Bir Devlet!"},"content":{"rendered":"<p style=\"text-align: center;\"><img loading=\"lazy\" class=\"alignnone wp-image-2712 size-full\" src=\"http:\/\/misak.millidusunce.com\/wp-content\/uploads\/2018\/07\/Yeni-Devlet-Te\u015fkilatlanmas\u0131-e1530693589532.jpg\" alt=\"\" width=\"700\" height=\"660\" \/><\/p>\n<p>T\u00fcrkiye 24 Haziran se\u00e7imleri ile rejim de\u011fi\u015ftirerek yeni bir sisteme ge\u00e7me s\u00fcrecinde. Yeni sisteme, bir benzeri olmayan Cumhurba\u015fkan\u0131 H\u00fck\u00fcmet Sistemi ad\u0131 verildi ve sanki sadece h\u00fck\u00fcmet modeli de\u011fi\u015fmi\u015f gibi yakla\u015f\u0131m sergilendi. Ger\u00e7ekten sadece h\u00fck\u00fcmet \u015fekli mi de\u011fi\u015fti, ya da bu de\u011fi\u015fiklik ne anlama gelmekte? Do\u011frusu \u00fczerinde de \u00e7ok d\u00fc\u015f\u00fcnmedik, d\u00fc\u015f\u00fcnmemize pek f\u0131rsat da verilmedi.<\/p>\n<p>Her f\u0131rsatta rabia i\u015fareti yaparak, \u201ctek millet, tek bayrak, tek vatan, tek devlet\u201d diyen ve \u201csak\u0131n unutmay\u0131n, her \u015fey bunda\u201d uyar\u0131s\u0131n\u0131 yapan Cumhurba\u015fkan\u0131, 22 Haziran\u2019daki TRT \u00f6zel yay\u0131n\u0131nda bir soru \u00fczerine <em>\u201c\u0130nk\u00e2r politikalar\u0131n\u0131 ayaklar\u0131 alt\u0131na alan biziz, ret politikalar\u0131n\u0131 ayaklar\u0131m\u0131z\u0131n alt\u0131na alan biziz, asimilasyonu ortadan kald\u0131ran biziz\u201d<\/em> s\u00f6zleriyle de cumhuriyet tarihi hakk\u0131ndaki d\u00fc\u015f\u00fcncelerini yineledi.<\/p>\n<p>Her ne kadar devlet anlay\u0131\u015f\u0131m\u0131z zaten ba\u015fkanl\u0131k \u00fczerine denilerek bu sisteme ge\u00e7ilmi\u015f olsa da, T\u00fcrk tarihinde devlet(ler)imiz; ka\u011fan, sultan ya da padi\u015fah ile birlikte g\u00fc\u00e7l\u00fc bir ikinci adam (sadrazam veya ba\u015fvezir) taraf\u0131ndan y\u00f6netilmi\u015ftir. Bilge Ka\u011fan\u2019\u0131n veziri Tonyukuk, Sultan Alparslan ve Sultan Melik\u015fah\u2019\u0131n ba\u015fveziri Nizam-\u00fcl M\u00fclk ve Kanun\u00ee Sultan S\u00fcleyman\u2019\u0131n sadrazam\u0131 Damat\u00a0(Pargal\u0131) \u0130brahim Pa\u015fa bu \u00f6rneklerden sadece birka\u00e7\u0131d\u0131r. Ancak bu yaz\u0131n\u0131n konusu \u015fu anki de\u011fi\u015fiklik planlamas\u0131n\u0131n nas\u0131l olaca\u011f\u0131 ve etkileri \u00fczerinedir.<\/p>\n<p>Cumhurba\u015fkan\u0131 Erdo\u011fan, 24 Haziran se\u00e7imlerinin son haftas\u0131nda, iki ayr\u0131 televizyon kanal\u0131nda Cumhurba\u015fkan\u0131 H\u00fck\u00fcmet Sistemi i\u00e7in planlad\u0131klar\u0131 devlet yap\u0131lanmas\u0131n\u0131 anlatt\u0131. Se\u00e7im sonras\u0131nda da gazetelerde bu konuyla ilgili haberler \u00e7\u0131kmaya ba\u015flad\u0131. Bu haberlere g\u00f6re; \u00f6nce Cumhuriyet H\u00fck\u00fcmeti olarak kanun h\u00fckm\u00fcnde iki kararname \u00e7\u0131kar\u0131lacak. \u0130lk kararnameyle yasalardaki Ba\u015fbakanl\u0131k ve Bakanlar Kurulu&#8217;na yap\u0131lan at\u0131flar kald\u0131r\u0131lacak. Bu i\u015flemin 800 ayr\u0131 kanunu ilgilendirdi\u011fi ve 5000 civar\u0131nda de\u011fi\u015fikli\u011fi sa\u011flayaca\u011f\u0131ndan bahsedilmekte. \u0130kinci KHK ile de bakanl\u0131klar\u0131n ve Cumhurba\u015fkanl\u0131\u011f\u0131na ba\u011fl\u0131 olarak yap\u0131lanacak kurulu\u015flar\u0131n te\u015fkilat yasalar\u0131n\u0131n kald\u0131r\u0131laca\u011f\u0131 anla\u015f\u0131l\u0131yor.<\/p>\n<p>Ve en \u00f6nemlisi de bu kadar geni\u015f ve hayati de\u011fi\u015fiklikler i\u00e7in se\u00e7im \u00f6ncesinden her t\u00fcrl\u00fc haz\u0131rl\u0131k yap\u0131ld\u0131\u011f\u0131 anla\u015f\u0131lmaktad\u0131r.<\/p>\n<p>Yeni yap\u0131y\u0131 analiz edebilmek ve sorular\u0131 sorabilmek i\u00e7in nas\u0131l oldu\u011funa bakmak gerekmektedir.<\/p>\n<h2><strong>Yeni devlet nas\u0131l olacak? <\/strong><\/h2>\n<p>Bu sorunun cevab\u0131, k\u0131smen de olsa, Cumhurba\u015fkan\u0131n\u0131n yapt\u0131\u011f\u0131 a\u00e7\u0131klamalarda g\u00f6r\u00fcl\u00fcyor. Devletin \u00e7at\u0131 te\u015fkilat\u0131 yeniden kuruluyor ve \u00e7ok farkl\u0131 bir hale getiriliyor.<\/p>\n<p>Bu a\u00e7\u0131klamalara g\u00f6re Yeni T\u00fcrkiye Cumhuriyeti yap\u0131lanmas\u0131nda bakanl\u0131k say\u0131s\u0131 16\u2019ya d\u00fc\u015fecek.<\/p>\n<p>D\u00f6rt ofis, 9 kurul ve 8 ba\u015fkanl\u0131k kurulacak. Bunlar\u0131n hepsi de <em>\u201cbirebir cumhurba\u015fkan\u0131 ile \u00e7al\u0131\u015facak\u201d<\/em>lar.<\/p>\n<p>Ofisler;<\/p>\n<ul>\n<li>\u0130nsan Kaynaklar\u0131 Ofisi,<\/li>\n<li>Yat\u0131r\u0131m Ofisi,<\/li>\n<li>Finans Ofisi,<\/li>\n<li>Dijital D\u00f6n\u00fc\u015f\u00fcm Ofisi.<\/li>\n<\/ul>\n<p>Kelime olarak TDK G\u00fcncel T\u00fcrk\u00e7e S\u00f6zl\u00fckteki anlam\u0131; \u0130\u015f yeri, daire, b\u00fcro olan ofislerin devlet yap\u0131lanmas\u0131 i\u00e7indeki yerlerinin tam olarak nas\u0131l oldu\u011fu daha sonra anla\u015f\u0131lacak.<\/p>\n<p>Dokuz kurulun isimleri medyada yer ald\u0131. Bunlar;<\/p>\n<ul>\n<li>G\u00fcvenlik ve D\u0131\u015f Politikalar Kurulu,<\/li>\n<li>E\u011fitim ve \u00d6\u011fretim Politikalar\u0131 Kurulu,<\/li>\n<li>Ekonomi Politikalar\u0131 Kurulu,<\/li>\n<li>Hukuk Politikalar\u0131 Kurulu,<\/li>\n<li>Sa\u011fl\u0131k ve G\u0131da Politikalar\u0131 Kurulu,<\/li>\n<li>Sosyal Politikalar Kurulu,<\/li>\n<li>Yerel Y\u00f6netim Politikalar\u0131 Kurulu<\/li>\n<li>K\u00fclt\u00fcr ve Sanat Politikalar\u0131 Kurulu,<\/li>\n<li>Bilim, Teknoloji ve Yenilik Politikalar\u0131 Kurulu<\/li>\n<\/ul>\n<p>\u0130simlerinden de anla\u015f\u0131laca\u011f\u0131 gibi, bu kurullar milletin hayat\u0131ndaki hem g\u00fcnl\u00fck hem de gelecekle ilgili politikalar konular\u0131nda \u00e7al\u0131\u015facaklar.<\/p>\n<p>Sekiz ba\u015fkanl\u0131k;<\/p>\n<ul>\n<li>Genelkurmay Ba\u015fkanl\u0131\u011f\u0131,<\/li>\n<li>Mill\u00ee \u0130stihbarat Ba\u015fkanl\u0131\u011f\u0131,<\/li>\n<li>Savunma Sanayi Ba\u015fkanl\u0131\u011f\u0131,<\/li>\n<li>Mill\u00ee G\u00fcvenlik Kurulu (ad\u0131 kurul ama ba\u015fkanl\u0131k olacak) ,<\/li>\n<li>Diyanet \u0130\u015fleri Ba\u015fkanl\u0131\u011f\u0131,<\/li>\n<li>Devlet Denetleme Kurulu (ad\u0131 kurul ama ba\u015fkanl\u0131k olacak),<\/li>\n<li>\u0130leti\u015fim Ba\u015fkanl\u0131\u011f\u0131,<\/li>\n<li>Strateji ve B\u00fct\u00e7e Ba\u015fkanl\u0131\u011f\u0131.<\/li>\n<\/ul>\n<p>Cumhurba\u015fkan\u0131 TV&#8217;lerde yapt\u0131\u011f\u0131 a\u00e7\u0131klamalarda Ofisler, Kurullar ve Ba\u015fkanl\u0131klar, <em>&#8220;Cumhurba\u015fkan\u0131n\u0131n \u00f6ncelikleri do\u011frultusunda projeleri geli\u015ftirecekler.&#8221;<\/em> dedi.<\/p>\n<p>Ayn\u0131 programda Cumhurba\u015fkan\u0131; <em>\u201cBir ortak ak\u0131l cumhurba\u015fkan\u0131na ba\u011fl\u0131 olarak \u00e7al\u0131\u015f\u0131yor, yap\u0131lacak olan bu. 3-5-7 ki\u015fiden olu\u015fan bu kurullar \u00fcretimler yapacaklar, \u00fcretimlerini de cumhurba\u015fkan\u0131na takdim edecekler.\u201d<\/em>\u00a0\u015feklinde s\u00f6zler sarf etti.<\/p>\n<p>Yine a\u00e7\u0131klamalardan bir c\u00fcmle; <em>\u201cYeni d\u00f6nemde \u00e7\u00f6z\u00fcm \u00fcreten devlet, sorun \u00e7\u00f6zen devlet, anlay\u0131\u015f\u0131 ile \u00e7al\u0131\u015fmalar\u0131m\u0131z\u0131 s\u00fcrd\u00fcrece\u011fiz yeni sistemle b\u00fcrokrasiyi azaltaca\u011f\u0131z. Daha h\u0131zl\u0131 karar alaca\u011f\u0131z. Patenti bana aittir, bunun i\u00e7in \u00e7ok ele\u015ftiri alm\u0131\u015f\u0131md\u0131r. Bir anonim \u015firket gibi devleti y\u00f6netme kabiliyeti demi\u015fimdir.\u201d <\/em><\/p>\n<h2><strong>Her se\u00e7im yeniden do\u011far\u0131z, her se\u00e7im taze bir ba\u015flang\u0131\u00e7t\u0131r\u2026<\/strong><\/h2>\n<p>Devletin yeniden yap\u0131lanmas\u0131nda s\u00f6ylenenlere bakt\u0131\u011f\u0131m\u0131zda akla gelen sorulara cevap arayal\u0131m.<\/p>\n<p>Cumhurba\u015fkan\u0131, 21 Haziran tarihli TV program\u0131nda d\u00fcnyadaki bir\u00e7ok \u00f6rne\u011fi incelediklerini ve patentinin de kendine ait oldu\u011funu a\u00e7\u0131kl\u0131yor. Yani karar bir ki\u015fiye ait. Ayr\u0131ca dikkati \u00e7eken di\u011fer bir husus da bu karar\u0131n daha se\u00e7imler yap\u0131lmam\u0131\u015fken verildi\u011fidir.<\/p>\n<p>Devletin \u015firket gibi y\u00f6netilmesi yakla\u015f\u0131m\u0131ndan hareketle;<\/p>\n<p>Cumhurba\u015fkan\u0131 de\u011fi\u015fecek olursa bu yap\u0131 korunacak m\u0131d\u0131r?<\/p>\n<p>Cevap evet korunacakt\u0131r ise, bug\u00fcnk\u00fc yap\u0131lanmada ni\u00e7in toplumsal uzla\u015fma aranmam\u0131\u015ft\u0131r? KHK ile \u00e7\u00f6z\u00fclece\u011fine yeni TBMM\u2019den \u00e7\u0131kacak yasalarla halledilse, T\u00fcrk Milletinin b\u00fct\u00fcnl\u00fc\u011f\u00fc a\u00e7\u0131s\u0131ndan daha uygun olmaz m\u0131?<\/p>\n<p>E\u011fer sorunun cevab\u0131 hay\u0131rsa, can al\u0131c\u0131 bir soru daha; her cumhurba\u015fkan\u0131 de\u011fi\u015fti\u011finde yeni bir yap\u0131lanma m\u0131 olacak yani &#8220;kendi devletini(!)&#8221; mi olu\u015fturacakt\u0131r? Anla\u015f\u0131lan o ki, her de\u011fi\u015fim de devletimizi yeniden kuraca\u011f\u0131z, her se\u00e7imde yeniden do\u011fmu\u015f olaca\u011f\u0131z. Her defas\u0131nda yeni do\u011fmu\u015f \u00e7ocu\u011fun beslenmesi, b\u00fcy\u00fcmesi, emeklemesi, kak\u0131p y\u00fcr\u00fcmeyi \u00f6\u011frenmesi gibi, biz de m\u00fctemadiyen yeniden \u00f6\u011frenip m\u00fctemadiyen de\u011fi\u015fikliklere uyum sa\u011flayaca\u011f\u0131z. Anla\u015f\u0131lan devletimiz devaml\u0131 bir \u015fekilde ba\u011f\u0131\u015f\u0131kl\u0131k sistemi geli\u015ftirmek i\u00e7in ba\u015ftan ba\u015flayacak. Her se\u00e7im taze bir ba\u015flang\u0131\u00e7 olacak. Ama tarih ya\u015fl\u0131 devletlerin tecr\u00fcbeleri ile yaz\u0131lmad\u0131 m\u0131?<\/p>\n<p>Dolay\u0131s\u0131yla en zor soru; devletin devaml\u0131l\u0131\u011f\u0131 ya da ba\u015fka bir ifade ile T\u00fcrk Devlet felsefesindeki devleti ebed m\u00fcddet nas\u0131l sa\u011flanacak?<\/p>\n<h2><strong>Y\u00fcksel T\u00fcrk! Senin i\u00e7in y\u00fckselmenin hududu yoktur!<\/strong><\/h2>\n<p>Olu\u015fuma bakt\u0131\u011f\u0131m\u0131zda, T\u00fcrk Devletinin yerine, d\u00fcnyada e\u015fi benzeri bulunmayan \u015fahsi duygu, heves ve hayallere dayal\u0131 bir devletin, kolayca in\u015fa edildi\u011fini g\u00f6r\u00fcyoruz. Esasen d\u00fcnyan\u0131n en zor i\u015fi devlet kurmak, i\u015fletmek ve ya\u015fatmakt\u0131r. \u00c7\u00fcnk\u00fc devlet hukuk demektir. Hukuk ise, tarihi tecr\u00fcbelere, \u00e7a\u011f\u0131n anlay\u0131\u015f\u0131na ve ihtiyac\u0131na g\u00f6re birbirleriyle uyum i\u00e7inde \u00e7al\u0131\u015fan say\u0131s\u0131z par\u00e7alardan olu\u015fan bir b\u00fct\u00fcnd\u00fcr. Bunu in\u015fa edebilmek i\u00e7in hukuk ve sosyoloji ba\u015fta olmak \u00fczere her bilim dal\u0131nda \u00e2limlere ihtiya\u00e7 vard\u0131r. Bunun ne demek oldu\u011funu tarihimizde ya\u015fad\u0131k. T\u00fcrk Cihan (Osmanl\u0131) Devlet nizam\u0131 \u00e7ok \u00fcst\u00fcnken, d\u00fcnyadaki geli\u015fmelere cevap verecek \u015fekilde hukukunu geli\u015ftiremedi\u011fi i\u00e7in gerilemeye ba\u015flad\u0131; her t\u00fcrl\u00fc gayrete ra\u011fmen ba\u015far\u0131l\u0131 olamad\u0131. Sonunda \u00e7areyi bat\u0131 hukukunun almakta buldu. Bu da kolay de\u011fildi. Cumhuriyet gelinen noktadan devam etti, 80-90 senede belli bir seviyeye gelebildi.<\/p>\n<p>Evet, tekrar tek adama dayal\u0131, kar\u0131\u015f\u0131k yeni d\u00fczene d\u00f6nelim. B\u00fct\u00fcn birimler, <em>&#8220;Cumhurba\u015fkan\u0131n\u0131n \u00f6ncelikleri do\u011frultusunda projeleri geli\u015ftirecekler.&#8221;,<\/em> karar Cumhurba\u015fkan\u0131na ait olacakm\u0131\u015f. Bununla, mesela; Genelkurmay Ba\u015fkanl\u0131\u011f\u0131, Mill\u00ee G\u00fcvenlik Kurulu (MGK) ya da Diyanet \u0130\u015fleri Ba\u015fkanl\u0131\u011f\u0131 (D\u0130B) veya Mill\u00ee \u0130stihbarat Ba\u015fkanl\u0131\u011f\u0131 ile E\u011fitim ve \u00d6\u011fretim Politikalar\u0131 Kurulu, Hukuk Politikalar\u0131 Kurulu ve Sa\u011fl\u0131k ve G\u0131da Politikalar\u0131 Kurulunun karar alma yetki ve kabiliyeti ortadan kalkmaktad\u0131r.<\/p>\n<p>MGK ba\u015fkanl\u0131k haline getirilecektir. MGK kendi \u00f6zel yasas\u0131 ile kurulmu\u015f olan ve \u00e7al\u0131\u015fan bir yap\u0131, ba\u015fkan\u0131 da Cumhurba\u015fkan\u0131. Anla\u015f\u0131ld\u0131\u011f\u0131 kadar\u0131 ile Yasa KHK ile kald\u0131r\u0131lacak ve yeni yap\u0131lanma KHK ile olacak. Yeni yap\u0131da kimlerin olaca\u011f\u0131, ba\u015fkanl\u0131\u011f\u0131n\u0131 kimin yapaca\u011f\u0131 ya da yard\u0131mc\u0131 unsurlar\u0131n\u0131n neler olaca\u011f\u0131 gibi \u00f6nemli hususlar\u0131 KHK ile \u00f6\u011frenece\u011fiz.<\/p>\n<p>Ba\u015fkanl\u0131klar Cumhurba\u015fkan\u0131na proje \u00fcretece\u011fine g\u00f6re, bu bilgiyle dahi mesela, \u00a0mill\u00ee siyaset ve politikalar\u0131n sadece Cumhurba\u015fkan\u0131nca tespit edilece\u011fini, Mill\u00ee Strateji Belgesi\u2019nin art\u0131k tek ba\u015f\u0131na Cumhurba\u015fkan\u0131 taraf\u0131ndan olu\u015fturulaca\u011f\u0131n\u0131 s\u00f6ylemek yanl\u0131\u015f olmayacakt\u0131r.<\/p>\n<p>Di\u011fer 7 ba\u015fkanl\u0131k, ba\u015fkanl\u0131k olarak an\u0131l\u0131yor da Mill\u00ee G\u00fcvenlik Kurulu Ba\u015fkanl\u0131\u011f\u0131 m\u0131 olacak? Savunma Sanayi M\u00fcste\u015farl\u0131\u011f\u0131 ba\u015fkanl\u0131k oluyor da, MGK\u2019da \u201cKurul\u201ddan ni\u00e7in vazge\u00e7ilmiyor? Bunu da ilerleyen d\u00f6nemde anlayabilece\u011fiz.<\/p>\n<h2><strong>Y\u00fcr\u00fctme mi dini y\u00f6netecek, din mi y\u00fcr\u00fctmeyi?<\/strong><\/h2>\n<p>G\u00f6revi kurulu\u015f yasas\u0131nda: \u201c\u0130slam Dininin inan\u00e7lar\u0131, ibadet ve ahlak esaslar\u0131 ile ilgili i\u015fleri y\u00fcr\u00fctmek, din konusunda toplumu ayd\u0131nlatmak ve ibadet yerlerini y\u00f6netmek\u2026\u201d olan D\u0130B da di\u011fer ba\u015fkanl\u0131klar gibi Cumhurba\u015fkan\u0131n\u0131n \u201c<em>\u00f6ncelikleri\u201d <\/em>ile hareket edecek ve do\u011frudan cumhurba\u015fkan\u0131na fikir \u00fcretecek ve O&#8217;nun dedi\u011fini yapacak olursa camiler ve M\u00fcsl\u00fcmanlar nas\u0131l etkilenecektir?<\/p>\n<p>Cumhurba\u015fkan\u0131 ayn\u0131 zamanda partili olaca\u011f\u0131na ve se\u00e7ime girece\u011fine g\u00f6re, makama ba\u011fl\u0131 bir D\u0130B, fetva ve kaza yani y\u00fcr\u00fctme ile fetvan\u0131n birle\u015fmesi olmayacak m\u0131d\u0131r?<\/p>\n<p>\u0130mam- Azam Ebu Hanife, do\u011fru olmayaca\u011f\u0131n\u0131 d\u00fc\u015f\u00fcncesiyle kad\u0131l\u0131\u011f\u0131 reddetmi\u015fti. Zenbilli Ali Efendi de divan-\u0131 H\u00fcmayuna kat\u0131l teklifine, t\u0131pk\u0131 Ebu Hanife gibi yakla\u015farak reddetmedi mi?<\/p>\n<p>Osmanl\u0131 tarihinde 16. y\u00fczy\u0131ldan itibaren \u015feyh\u00fclislam\u0131n divana kat\u0131lmaya ba\u015flamas\u0131yla birle\u015fmi\u015f olan kaza ve fetvan\u0131n, zamanla g\u00fc\u00e7 kayb\u0131n\u0131 ve toplumsal yozla\u015fmay\u0131 da beraberinde getirmedi mi?<\/p>\n<p>Osmanl\u0131 tarihindeki yeni\u00e7eri isyanlar\u0131ndaki fetva katk\u0131lar\u0131 g\u00f6z ard\u0131 edilebilir mi? Devlete ba\u015fkald\u0131r\u0131daki, 3. Selim\u2019in, 2. Osman\u2019\u0131n katledilmelerindeki etkileri hat\u0131rlanmayacak m\u0131? Tarikat ve cemaatlerin toplum ve devlet hayat\u0131ndaki olumsuz etkisinde kaza ve fetvan\u0131n birbirinin i\u015fine kar\u0131\u015fmas\u0131n\u0131n etkisi yok say\u0131labilir mi? Veya 15 Temmuz\u2019daki ihanet benzer bir sonu\u00e7 de\u011fil midir?<\/p>\n<p>Toplumsal uzla\u015fman\u0131n olmad\u0131\u011f\u0131 bir konuda, Cuma hutbesi i\u00e7in verilebilecek talimat D\u0130B taraf\u0131ndan nas\u0131l kar\u015f\u0131lanacakt\u0131r, bu anlat\u0131lan sistem i\u00e7inde Cumhurba\u015fkan\u0131ndan etkilenmeyece\u011finin garantisi olabilir mi?<\/p>\n<p>Ba\u015fka bir ifade ile Din ile siyaset i\u00e7 i\u00e7e girmez mi?<\/p>\n<p>Din siyasetin ve\/veya siyaset dinin emri alt\u0131na ge\u00e7mez mi?<\/p>\n<p>Mevcut anayasan\u0131n laiklik ilkesine do\u011fru yap\u0131lan bir hamle olmaz m\u0131?<\/p>\n<p>Haydi, bunlar olmad\u0131, D\u0130B, dinin ve dini hayat\u0131n do\u011frular\u0131 ve siyasetin do\u011frular\u0131 aras\u0131nda e\u011fer; do\u011fru, ba\u011f\u0131ms\u0131z, tarafs\u0131z, hakl\u0131n\u0131n yan\u0131nda ve M\u00fcsl\u00fcmanlar\u0131n gelece\u011fini ilgilendirecek isabetli karar\u0131 alamazsa T\u00fcrkiye nas\u0131l etkilenecektir?<\/p>\n<p>Bunlar\u0131n hepsi de izaha muhta\u00e7t\u0131r.<\/p>\n<h2><strong>Bakanl\u0131klardan ba\u011f\u0131ms\u0131z birimler<\/strong><\/h2>\n<p>B\u00fct\u00fcn bu kurullar ve ba\u015fkanl\u0131klar hem bakanl\u0131klardan ba\u011f\u0131ms\u0131zd\u0131r hem de sadece sekretarya olacak diye anla\u015f\u0131lan bir ifade ile anlat\u0131lmaktad\u0131r.\u00a0 Karar ve icra yetkisi yok g\u00f6r\u00fcnmektedir. Hatta bakanlar da sadece Cumhurba\u015fkan\u0131na kar\u015f\u0131 sorumlu olacaklar\u0131ndan, ba\u011f\u0131ms\u0131z karar alabilme kabiliyeti en d\u00fc\u015f\u00fck seviyeye inecektir. Anla\u015f\u0131ld\u0131\u011f\u0131 \u00fczere, bakanl\u0131klar\u0131n g\u00f6rev alan\u0131 i\u00e7inde olan konularla ilgili olarak \u00e7al\u0131\u015facak kurullar\u0131n \u00fcretece\u011fi politikalar Cumhurba\u015fkan\u0131nca onayland\u0131ktan sonra bakanl\u0131klara uygulanmak \u00fczere g\u00f6nderilecektir. \u00a0Yani bakanl\u0131klar da sadece Cumhurba\u015fkan\u0131n\u0131n dedi\u011fini yapan bir birim haline gelecek g\u00f6r\u00fcnmektedir. G\u00f6r\u00fcnen onlar\u0131n da bir nevi sekretarya olarak \u00e7al\u0131\u015faca\u011f\u0131d\u0131r.<\/p>\n<p>Bir hususun karar haline gelmesinde bir ki\u015finin yetkili olmas\u0131 m\u00fcmk\u00fcn ve de do\u011fru olabilir mi?<\/p>\n<p>Bir insan\u0131n devletin tamam\u0131n\u0131n i\u015flemesinde tek yetkili olabilir? En az\u0131ndan b\u00fct\u00fcn bunlar\u0131n hepsine nas\u0131l yeti\u015febilir? Bir insan i\u00e7in ta\u015f\u0131n\u0131lamaz bir y\u00fck de\u011fil midir?<\/p>\n<p>H\u0131zl\u0131 karar alma hedeflenirken \u00e7ok daha fazla yava\u015flama ile kar\u015f\u0131 kar\u015f\u0131ya kal\u0131nmaz m\u0131?<\/p>\n<p>\u00dcretilecek fikir ve projeler, sadece cumhurba\u015fkan\u0131 taraf\u0131ndan onaylanacaksa, al\u0131nacak kararlar\u0131n b\u00fcrokratik ve\/veya siyasi sorumlulu\u011funun s\u0131n\u0131rlar\u0131 ne olacakt\u0131r? Kime ait olacakt\u0131r?<\/p>\n<p>***<\/p>\n<p>A\u00e7\u0131klamalardan g\u00f6r\u00fclen o ki, yeni te\u015fkilatlanma yap\u0131s\u0131n\u0131n patenti Say\u0131n Cumhurba\u015fkan\u0131\u2019na aittir. Yani kendileri talimat vermi\u015fler, tarif etmi\u015fler ve nihayet tek ba\u015f\u0131na karar vermi\u015fler. Kullan\u0131lan dil kesin ifadeler i\u00e7eriyor.<\/p>\n<p>82 milyonun hayat\u0131n\u0131 ve gelece\u011fini ilgilendiren, hatta T\u00fcrk Milletinin gelecekteki \u00fcyelerini de ilgilendirecek olan hususlard\u0131r.<\/p>\n<p>Haydi, sorumluluk al\u0131nd\u0131, hep \u015fik\u00e2yet edilen tek ki\u015filik diktat\u00f6rce bir y\u00f6netim olmaz m\u0131? Bu Milletin se\u00e7ip g\u00f6nderdi\u011fi meclis nerede? B\u00f6ylesine hayati \u00f6nemi haiz bir meselede neden toplumsal uzla\u015fma aranm\u0131yor?<\/p>\n<p>B\u00fct\u00fcn bunlar kadar \u00f6nemli bir konu daha vard\u0131r.<\/p>\n<p>Hilafetin ilgas\u0131na karar veren 431 say\u0131l\u0131 Kanunun 1. Maddesi: <em>\u201cHalife hal edilmi\u015ftir. Hil\u00e2fet, H\u00fck\u00fcmet ve Cumhuriyet m\u00e2na ve mefhumunda esasen m\u00fcndemi\u00e7 oldu\u011fundan hil\u00e2fet makam\u0131 m\u00fclgad\u0131r.\u201d<\/em> demektedir. Bu kadar geni\u015f yetkileri kullanacak olan bir Cumhurba\u015fkan\u0131, Cumhurun ve Cumhuriyetin temsilcisi ve h\u00fck\u00fcmetin sorumlusu olarak, bu makam\u0131 yeniden ihya edip, halife unvan\u0131n\u0131 kullanmaya da ba\u015flarsa?<\/p>\n<p>Hakikaten &#8220;T\u00fcrkiye haz\u0131r&#8221; m\u0131, ne dersiniz?<\/p>\n","protected":false},"excerpt":{"rendered":"<p>Yeni devlet yap\u0131lanmas\u0131n\u0131n etkileri neler olabilir? Her se\u00e7im devlet yeniden mi yap\u0131lanacak? Devlet ve dini ili\u015fkisi yeniden mi d\u00fczenlenecek? Hilafet yeniden gelebilir mi? Nas\u0131l gelir? Bunlara haz\u0131r m\u0131y\u0131z? Bu ve buna benzer sorular\u0131n cevab\u0131 aran\u0131yor.<\/p>\n","protected":false},"author":26,"featured_media":2717,"comment_status":"open","ping_status":"open","sticky":false,"template":"","format":"standard","meta":{"_links_to":"","_links_to_target":""},"categories":[61,66,68],"tags":[],"yoast_head":"<!-- This site is optimized with the Yoast SEO plugin v16.0.2 - https:\/\/yoast.com\/wordpress\/plugins\/seo\/ -->\n<title>Yeni T\u00fcrkiye, Yeni Bir Devlet! - M\u0130SAK- Mill\u00ee Strateji Ara\u015ft\u0131rma Kurulu<\/title>\n<link rel=\"canonical\" href=\"https:\/\/millidusunce.com\/misak\/yeni-turkiye-yeni-bir-devlet\/\" \/>\n<meta property=\"og:locale\" content=\"tr_TR\" \/>\n<meta property=\"og:type\" content=\"article\" \/>\n<meta property=\"og:title\" content=\"Yeni T\u00fcrkiye, Yeni Bir Devlet! - M\u0130SAK- Mill\u00ee Strateji Ara\u015ft\u0131rma Kurulu\" \/>\n<meta property=\"og:description\" content=\"Yeni devlet yap\u0131lanmas\u0131n\u0131n etkileri neler olabilir? Her se\u00e7im devlet yeniden mi yap\u0131lanacak? Devlet ve dini ili\u015fkisi yeniden mi d\u00fczenlenecek? Hilafet yeniden gelebilir mi? Nas\u0131l gelir? Bunlara haz\u0131r m\u0131y\u0131z? Bu ve buna benzer sorular\u0131n cevab\u0131 aran\u0131yor.\" \/>\n<meta property=\"og:url\" content=\"https:\/\/millidusunce.com\/misak\/yeni-turkiye-yeni-bir-devlet\/\" \/>\n<meta property=\"og:site_name\" content=\"M\u0130SAK- Mill\u00ee Strateji Ara\u015ft\u0131rma Kurulu\" \/>\n<meta property=\"article:published_time\" content=\"2018-07-04T16:30:59+00:00\" \/>\n<meta property=\"article:modified_time\" content=\"2020-07-14T08:00:58+00:00\" \/>\n<meta property=\"og:image\" content=\"https:\/\/millidusunce.com\/misak\/wp-content\/uploads\/2018\/07\/Yeni-Devlet-Te\u015fkilatlanmas\u0131-e1.png\" \/>\n\t<meta property=\"og:image:width\" content=\"700\" \/>\n\t<meta property=\"og:image:height\" content=\"660\" \/>\n<meta name=\"twitter:card\" content=\"summary_large_image\" \/>\n<meta name=\"twitter:label1\" content=\"Tahmini okuma s\u00fcresi\">\n\t<meta name=\"twitter:data1\" content=\"12 dakika\">\n<script type=\"application\/ld+json\" class=\"yoast-schema-graph\">{\"@context\":\"https:\/\/schema.org\",\"@graph\":[{\"@type\":\"Organization\",\"@id\":\"https:\/\/millidusunce.com\/misak\/#organization\",\"name\":\"Mill\\u00ee D\\u00fc\\u015f\\u00fcnce Merkezi\",\"url\":\"https:\/\/millidusunce.com\/misak\/\",\"sameAs\":[],\"logo\":{\"@type\":\"ImageObject\",\"@id\":\"https:\/\/millidusunce.com\/misak\/#logo\",\"inLanguage\":\"tr\",\"url\":\"https:\/\/millidusunce.com\/misak\/wp-content\/uploads\/2018\/09\/mdmLogo-yazisiz.jpg\",\"width\":422,\"height\":422,\"caption\":\"Mill\\u00ee D\\u00fc\\u015f\\u00fcnce Merkezi\"},\"image\":{\"@id\":\"https:\/\/millidusunce.com\/misak\/#logo\"}},{\"@type\":\"WebSite\",\"@id\":\"https:\/\/millidusunce.com\/misak\/#website\",\"url\":\"https:\/\/millidusunce.com\/misak\/\",\"name\":\"M\\u0130SAK- Mill\\u00ee Strateji Ara\\u015ft\\u0131rma Kurulu\",\"description\":\"D\\u00fcnyaya T\\u00fcrk\\u00e7\\u00fc Bak\\u0131\\u015f\",\"publisher\":{\"@id\":\"https:\/\/millidusunce.com\/misak\/#organization\"},\"potentialAction\":[{\"@type\":\"SearchAction\",\"target\":\"https:\/\/millidusunce.com\/misak\/?s={search_term_string}\",\"query-input\":\"required name=search_term_string\"}],\"inLanguage\":\"tr\"},{\"@type\":\"ImageObject\",\"@id\":\"https:\/\/millidusunce.com\/misak\/yeni-turkiye-yeni-bir-devlet\/#primaryimage\",\"inLanguage\":\"tr\",\"url\":\"https:\/\/millidusunce.com\/misak\/wp-content\/uploads\/2018\/07\/Yeni-Devlet-Te\\u015fkilatlanmas\\u0131-e1.png\",\"width\":700,\"height\":660},{\"@type\":\"WebPage\",\"@id\":\"https:\/\/millidusunce.com\/misak\/yeni-turkiye-yeni-bir-devlet\/#webpage\",\"url\":\"https:\/\/millidusunce.com\/misak\/yeni-turkiye-yeni-bir-devlet\/\",\"name\":\"Yeni T\\u00fcrkiye, Yeni Bir Devlet! - M\\u0130SAK- Mill\\u00ee Strateji Ara\\u015ft\\u0131rma Kurulu\",\"isPartOf\":{\"@id\":\"https:\/\/millidusunce.com\/misak\/#website\"},\"primaryImageOfPage\":{\"@id\":\"https:\/\/millidusunce.com\/misak\/yeni-turkiye-yeni-bir-devlet\/#primaryimage\"},\"datePublished\":\"2018-07-04T16:30:59+00:00\",\"dateModified\":\"2020-07-14T08:00:58+00:00\",\"breadcrumb\":{\"@id\":\"https:\/\/millidusunce.com\/misak\/yeni-turkiye-yeni-bir-devlet\/#breadcrumb\"},\"inLanguage\":\"tr\",\"potentialAction\":[{\"@type\":\"ReadAction\",\"target\":[\"https:\/\/millidusunce.com\/misak\/yeni-turkiye-yeni-bir-devlet\/\"]}]},{\"@type\":\"BreadcrumbList\",\"@id\":\"https:\/\/millidusunce.com\/misak\/yeni-turkiye-yeni-bir-devlet\/#breadcrumb\",\"itemListElement\":[{\"@type\":\"ListItem\",\"position\":1,\"item\":{\"@type\":\"WebPage\",\"@id\":\"https:\/\/millidusunce.com\/misak\/\",\"url\":\"https:\/\/millidusunce.com\/misak\/\",\"name\":\"Anasayfa\"}},{\"@type\":\"ListItem\",\"position\":2,\"item\":{\"@type\":\"WebPage\",\"@id\":\"https:\/\/millidusunce.com\/misak\/yeni-turkiye-yeni-bir-devlet\/\",\"url\":\"https:\/\/millidusunce.com\/misak\/yeni-turkiye-yeni-bir-devlet\/\",\"name\":\"Yeni T\\u00fcrkiye, Yeni Bir Devlet!\"}}]},{\"@type\":\"Article\",\"@id\":\"https:\/\/millidusunce.com\/misak\/yeni-turkiye-yeni-bir-devlet\/#article\",\"isPartOf\":{\"@id\":\"https:\/\/millidusunce.com\/misak\/yeni-turkiye-yeni-bir-devlet\/#webpage\"},\"author\":{\"@id\":\"https:\/\/millidusunce.com\/misak\/#\/schema\/person\/3ab4cf19eb1b7f72b4d39104dc2d599b\"},\"headline\":\"Yeni T\\u00fcrkiye, Yeni Bir Devlet!\",\"datePublished\":\"2018-07-04T16:30:59+00:00\",\"dateModified\":\"2020-07-14T08:00:58+00:00\",\"mainEntityOfPage\":{\"@id\":\"https:\/\/millidusunce.com\/misak\/yeni-turkiye-yeni-bir-devlet\/#webpage\"},\"commentCount\":0,\"publisher\":{\"@id\":\"https:\/\/millidusunce.com\/misak\/#organization\"},\"image\":{\"@id\":\"https:\/\/millidusunce.com\/misak\/yeni-turkiye-yeni-bir-devlet\/#primaryimage\"},\"articleSection\":\"D\\u0130N,S\\u0130YASET-TAR\\u0130H,T\\u00dcRKL\\u00dcK-T\\u00dcRK\\u00c7\\u00dcL\\u00dcK\",\"inLanguage\":\"tr\",\"potentialAction\":[{\"@type\":\"CommentAction\",\"name\":\"Comment\",\"target\":[\"https:\/\/millidusunce.com\/misak\/yeni-turkiye-yeni-bir-devlet\/#respond\"]}]},{\"@type\":\"Person\",\"@id\":\"https:\/\/millidusunce.com\/misak\/#\/schema\/person\/3ab4cf19eb1b7f72b4d39104dc2d599b\",\"name\":\"Hakan Paksoy\",\"image\":{\"@type\":\"ImageObject\",\"@id\":\"https:\/\/millidusunce.com\/misak\/#personlogo\",\"inLanguage\":\"tr\",\"url\":\"https:\/\/secure.gravatar.com\/avatar\/b57d69fc35f9a591489f2791830a0011?s=96&d=mm&r=g\",\"caption\":\"Hakan Paksoy\"},\"description\":\"1960 y\\u0131l\\u0131nda Isparta\\u2019da do\\u011fdu. \\u0130lk, orta ve lise \\u00f6\\u011frenimini memleketi olan Kahramanmara\\u015f\\u2019ta, y\\u00fcksek \\u00f6\\u011frenimini Ankara\\u2019da, Gazi \\u00dcniversitesi M\\u00fchendislik Mimarl\\u0131k Fak\\u00fcltesi Elektrik B\\u00f6l\\u00fcm\\u00fcnde yapt\\u0131. O zamanki ad\\u0131 T\\u00fcrkiye Elektrik Kurumu (TEK) K. Mara\\u015f \\u0130l M\\u00fcd\\u00fcrl\\u00fc\\u011f\\u00fc\\u2019nde m\\u00fchendis olarak g\\u00f6reve ba\\u015flad\\u0131. M\\u00fchendis, ba\\u015fm\\u00fchendis ve m\\u00fcessese m\\u00fcd\\u00fcr yard\\u0131mc\\u0131l\\u0131\\u011f\\u0131 g\\u00f6revlerini yapt\\u0131. 1999 y\\u0131l\\u0131nda TEDA\\u015e Genel M\\u00fcd\\u00fcrl\\u00fc\\u011f\\u00fcnde \\u015eube M\\u00fcd\\u00fcrl\\u00fc\\u011f\\u00fc yapt\\u0131. Temmuz 2017\\u2019de emekli oldu. Kahramanmara\\u015f T\\u00fcrk Oca\\u011f\\u0131 \\u015eubesinin kurulu\\u015fundan itibaren; y\\u00f6netim kurulu \\u00fcyeli\\u011fi, sekreterlik, ba\\u015fkan yard\\u0131mc\\u0131l\\u0131\\u011f\\u0131 ve iki d\\u00f6nem ba\\u015fkanl\\u0131k yapm\\u0131\\u015ft\\u0131r. 1995 Genel se\\u00e7imlerinde MHP\\u2019den milletvekili aday\\u0131 olmu\\u015ftur. T\\u00fcrkiye Kamu Sen\\u2019in kurulu\\u015funda ilk \\u015fube ba\\u015fkanlar\\u0131ndand\\u0131r. Ankara\\u2019da \\u00e7al\\u0131\\u015fmaya ba\\u015flad\\u0131ktan sonra T\\u00fcrk Enerji Sen Genel Merkez Y\\u00f6netim Kurulunda \\u00e7al\\u0131\\u015fm\\u0131\\u015ft\\u0131r. 1985-87 aras\\u0131nda askerlik g\\u00f6revini yapm\\u0131\\u015ft\\u0131r. Mill\\u00ee D\\u00fc\\u015f\\u00fcnce Merkezi (MDM) Y\\u00f6netim Kurulu \\u00fcyesidir ve internet sitesinde yaz\\u0131lar\\u0131 yay\\u0131nlanmaktad\\u0131r. Evlidir. Biri k\\u0131z di\\u011feri erkek iki \\u00e7ocu\\u011fu vard\\u0131r.\"}]}<\/script>\n<!-- \/ Yoast SEO plugin. -->","_links":{"self":[{"href":"https:\/\/millidusunce.com\/misak\/wp-json\/wp\/v2\/posts\/2711"}],"collection":[{"href":"https:\/\/millidusunce.com\/misak\/wp-json\/wp\/v2\/posts"}],"about":[{"href":"https:\/\/millidusunce.com\/misak\/wp-json\/wp\/v2\/types\/post"}],"author":[{"embeddable":true,"href":"https:\/\/millidusunce.com\/misak\/wp-json\/wp\/v2\/users\/26"}],"replies":[{"embeddable":true,"href":"https:\/\/millidusunce.com\/misak\/wp-json\/wp\/v2\/comments?post=2711"}],"version-history":[{"count":2,"href":"https:\/\/millidusunce.com\/misak\/wp-json\/wp\/v2\/posts\/2711\/revisions"}],"predecessor-version":[{"id":8275,"href":"https:\/\/millidusunce.com\/misak\/wp-json\/wp\/v2\/posts\/2711\/revisions\/8275"}],"wp:featuredmedia":[{"embeddable":true,"href":"https:\/\/millidusunce.com\/misak\/wp-json\/wp\/v2\/media\/2717"}],"wp:attachment":[{"href":"https:\/\/millidusunce.com\/misak\/wp-json\/wp\/v2\/media?parent=2711"}],"wp:term":[{"taxonomy":"category","embeddable":true,"href":"https:\/\/millidusunce.com\/misak\/wp-json\/wp\/v2\/categories?post=2711"},{"taxonomy":"post_tag","embeddable":true,"href":"https:\/\/millidusunce.com\/misak\/wp-json\/wp\/v2\/tags?post=2711"}],"curies":[{"name":"wp","href":"https:\/\/api.w.org\/{rel}","templated":true}]}}