{"id":2731,"date":"2018-07-06T00:00:00","date_gmt":"2018-07-06T00:00:00","guid":{"rendered":"http:\/\/misak.millidusunce.com?p=2731&#038;preview=true&#038;preview_id=2731"},"modified":"2018-07-11T19:59:16","modified_gmt":"2018-07-11T16:59:16","slug":"iki-ittifak-arasinda-paylasilan-milliyetcilik-secimin-ideolojik-analizi","status":"publish","type":"post","link":"https:\/\/millidusunce.com\/misak\/iki-ittifak-arasinda-paylasilan-milliyetcilik-secimin-ideolojik-analizi\/","title":{"rendered":"\u0130ki ittifak aras\u0131nda payla\u015f\u0131lan milliyet\u00e7ilik: Se\u00e7imin ideolojik analizi"},"content":{"rendered":"<p><img loading=\"lazy\" class=\"aligncenter wp-image-2732 size-full\" src=\"http:\/\/misak.millidusunce.com\/wp-content\/uploads\/2018\/07\/secim-2018.png\" alt=\"\" width=\"1000\" height=\"520\" srcset=\"https:\/\/millidusunce.com\/misak\/wp-content\/uploads\/2018\/07\/secim-2018.png 1000w, https:\/\/millidusunce.com\/misak\/wp-content\/uploads\/2018\/07\/secim-2018-150x78.png 150w, https:\/\/millidusunce.com\/misak\/wp-content\/uploads\/2018\/07\/secim-2018-300x156.png 300w, https:\/\/millidusunce.com\/misak\/wp-content\/uploads\/2018\/07\/secim-2018-768x399.png 768w\" sizes=\"(max-width: 1000px) 100vw, 1000px\" \/><\/p>\n<p>T\u00fcrkiye Cumhuriyet tarihinin en y\u00fcksek \u00f6nemi haiz se\u00e7imini geride b\u0131rakt\u0131. Muhalif cephede beklentiler ger\u00e7ekle\u015fmez ve ele\u015ftiriler, de\u011fi\u015fim talepleri se\u00e7im sonu\u00e7lar\u0131n\u0131n r\u00fczg\u00e2r\u0131yla yeniden canlan\u0131rken, iktidar cephesinde b\u00fcy\u00fck bir zafer havas\u0131 sezilmiyor. CHP\u2019de ba\u015fkanl\u0131k tart\u0131\u015fmalar\u0131 bu defa \u00e7ok daha g\u00fc\u00e7l\u00fc arg\u00fcmanlarla alevlendi; \u0130Y\u0130 Parti\u2019nin se\u00e7imden sonra 3 g\u00fcn boyunca ba\u015fkan d\u00fczeyinde a\u00e7\u0131klama yapmamas\u0131 ve \u201cbenim ba\u015fkanl\u0131\u011f\u0131mda devam karar\u0131 al\u0131nd\u0131\u2026\u201d ifadesi manidar. B\u00fct\u00fcn bu manzarada, geriye bak\u0131\u015fla ittifaklar\u0131n siyasi s\u00f6ylem konumland\u0131rmalar\u0131n\u0131 analiz ederek \u201cburaya nas\u0131l gelindi\u201d sorusunun cevab\u0131n\u0131 aramak gerekiyor.<\/p>\n<p>\u0130ktidar cephesine ve Cumhur \u0130ttifak\u0131\u2019na bak\u0131l\u0131nca, iktidar partisinin bir s\u00f6ylem de\u011fi\u015fikli\u011fine gitti\u011fini s\u00f6ylemeye bile gerek yok. \u201cMilli G\u00f6r\u00fc\u015f g\u00f6mle\u011fini \u00e7\u0131karmak\u201dtan \u201cIl\u0131ml\u0131 \u0130slam\u201d s\u00f6ylemine; oradan \u201cStratejik Derinlik\u201d, Yeni Osmanl\u0131 s\u00f6ylemine; nihayet MHP ile ortakla\u015fa bir T\u00fcrk-\u0130slam milliyet\u00e7ili\u011fine yap\u0131lan g\u00f6ndermelere uzanan bir dizi s\u00f6ylem de\u011fi\u015fikli\u011fi var. Bu noktada MHP-AKP ortakl\u0131\u011f\u0131n\u0131n AKP cephesindeki manzara \u015fu: AKP, milliyet\u00e7i olmu\u015f de\u011fildir. Milliyet\u00e7ili\u011fin \u201cmarka de\u011feri\u201dni MHP yoluyla alm\u0131\u015f ve pazarlama stratejisinde kullanmaktad\u0131r. Y\u0131llard\u0131r AKP havzas\u0131nda bulunan bir\u00e7ok ismin, yeni milliyet\u00e7i s\u00f6yleme kar\u015f\u0131 \u00e7\u0131kmas\u0131 da bunu ispatl\u0131yor. \u00d6zellikle Erdo\u011fan, kendisini \u00e7ok sorumluluk alt\u0131na sokacak beyan ve hareketlerden ka\u00e7\u0131n\u0131yor; k\u00fc\u00e7\u00fck ortak MHP\u2019nin milliyet\u00e7ili\u011fi, AKP\u2019nin FET\u00d6 ile ilk s\u00fcrt\u00fc\u015fmelerden sonra ihtiya\u00e7 duydu\u011fu milliyet\u00e7i s\u00f6ylemi ikame etmek \u00fczere kullan\u0131l\u0131yor. \u0130ki orta\u011f\u0131n da bu i\u015fbirli\u011finden kazan\u0131mlar\u0131 var. Bu s\u00f6ylemin ge\u00e7ici oldu\u011fu, daha \u00f6nce milliyet\u00e7ilik kar\u015f\u0131t\u0131 s\u00f6ylem ve eylemlerle tan\u0131nan iktidar partisinin ge\u00e7mi\u015fi g\u00f6z \u00f6n\u00fcne al\u0131n\u0131nca neredeyse kesindir. Yar\u0131n\u0131n siyasi konjonkt\u00fcr\u00fcnde iktidar partisinin kendisini milliyet\u00e7ilikten uzakla\u015ft\u0131rmas\u0131 gerekirse, k\u00fc\u00e7\u00fck ortakla yollar\u0131n ayr\u0131lmas\u0131 yeterli olacakt\u0131r; bu y\u00f6n\u00fcyle AKP stratejik bir zek\u00e2yla hareket etmektedir.<\/p>\n<p>Di\u011fer yandan, AKP\u2019nin milliyet\u00e7i sembol, ikon ve marka de\u011ferlerini alarak bu y\u00f6nde bir pazarlama stratejisine ihtiya\u00e7 duymas\u0131 d\u00fcnyadaki trendlerle de ili\u015fkili. Milliyet\u00e7ilik yaln\u0131zca T\u00fcrkiye\u2019de de\u011fil, b\u00fct\u00fcn d\u00fcnyada y\u00fckseliyor. D\u00fcnyan\u0131n \u00e7at\u0131\u015fmalarla dolu, tedirginliklerin ve \u015f\u00fcpheci yakla\u015f\u0131m\u0131n artt\u0131\u011f\u0131, bloklar\u0131n gev\u015feyip NATO gibi kurumlarda dahi \u00fcyelerin s\u00fcrekli kendi tehdit alg\u0131lar\u0131 ve stratejik hedefleri do\u011frultusunda tekil hareket etmeye ba\u015flad\u0131klar\u0131 bir faz\u0131nday\u0131z. NATO i\u00e7erisindeki tart\u0131\u015fmalar ve Brexit olay\u0131 bunun iki \u00f6nemli g\u00f6stergesidir.<\/p>\n<p>Son olarak; AKP\u2019nin b\u00fct\u00fcn kazan\u0131mlar\u0131na ra\u011fmen bir dezavantaj\u0131 var. Meclis \u00e7o\u011funlu\u011funun sa\u011flanamamas\u0131, MHP\u2019yi Bah\u00e7eli\u2019nin ifade etti\u011fi \u00fczere kilit parti haline getiriyor. Meclisin yetki ve etkisi her ne kadar azalm\u0131\u015f olsa da Cumhurba\u015fkan\u0131\u2019n\u0131n hala MHP\u2019ye ihtiyac\u0131 var. Bu Erdo\u011fan i\u00e7in \u00e7\u00f6z\u00fclmesi gereken ilk sorun olarak kar\u015f\u0131m\u0131za \u00e7\u0131k\u0131yor: Erdo\u011fan FET\u00d6 ile yollar\u0131n\u0131 ay\u0131rmas\u0131na ve sava\u015f ilan etmesine neden oldu\u011fu \u00fczere, iktidar payla\u015fmaktan hazzeden bir lider de\u011fil. \u00dcstelik sa\u011fda \u00e7\u0131kan b\u00fct\u00fcn alternatifleri bir \u015fekilde bertaraf etmesiyle biliniyor. Demokrat Parti hamlesinin engellenmesi, Numan Kurtulmu\u015f\u2019un o d\u00f6nem ses getiren HAS Parti\u2019den transfer edilmesi ve meydanlarda merkez sa\u011f bir fig\u00fcr olarak parlayan S\u00fcleyman Soylu\u2019nun transferi \u00fc\u00e7 \u00f6nemli vaka. Hatta bu \u00fc\u00e7 hamlenin \u201cmerkez sa\u011f se\u00e7men\u201d denen bir kitlenin art\u0131k mevcut olmamas\u0131na neden oldu\u011funu s\u00f6yleyebiliriz. \u0130Y\u0130 Parti cephesinden Mehmet Aslan\u2019\u0131n millet menfaatine olan konularda Erdo\u011fan\u2019\u0131 MHP\u2019ye mecbur b\u0131rakmay\u0131z mealindeki \u00e7\u0131k\u0131\u015f\u0131 da bu ba\u011flamda anlaml\u0131. Meral Ak\u015fener\u2019e Ba\u015fkan Yard\u0131mc\u0131l\u0131\u011f\u0131 teklif edildi\u011fi dedikodusu yalanland\u0131, ancak Erdo\u011fan\u2019\u0131n AKP\u2019ye kahir ekseriyeti sa\u011flatacak kadar milletvekili transferi operasyonu yapmas\u0131 gayet beklendiktir. Maalesef se\u00e7im sonras\u0131 yekpare, kararl\u0131 ve mesaj\u0131 al\u0131p \u00f6zele\u015ftiri yapm\u0131\u015f, se\u00e7menini teskin eden bir g\u00f6r\u00fcnt\u00fc vermekten uzak olan \u0130Y\u0130 Parti de buna te\u015fnedir.<\/p>\n<p>MHP cephesinde ise \u201csiyaset d\u0131\u015f\u0131\u201d bir durum var. \u00d6yle ya, siyaset konu\u015farak, vaat vererek, etkinlik yaparak ve kazan\u0131m hedefleyerek yap\u0131l\u0131r. MHP neredeyse hi\u00e7 miting yapmad\u0131\u011f\u0131 gibi b\u00fct\u00fcn mitinglerinde kat\u0131l\u0131m \u00e7ok azd\u0131. Hi\u00e7 miting yapmayan, etkinlik yapmayan, vaat vermeyen bir parti, yaln\u0131zca iktidara destek verince se\u00e7men taraf\u0131ndan \u00f6d\u00fcllendirildi. Bunda iktidar ortakl\u0131\u011f\u0131 beklentileri oldu\u011fu kadar, AKP\u2019ye oy veren muhafazak\u00e2r kanattaki MHP se\u00e7meninin ittifak nedeniyle rahat\u00e7a geri d\u00f6n\u00fc\u015f\u00fc de etkilidir. Fakat hala meseleyi \u201csiyaset d\u0131\u015f\u0131\u201d k\u0131lan durum, Bah\u00e7eli\u2019nin tutumudur. Bah\u00e7eli bir talepte bulunmayacaklar\u0131n\u0131 yineliyor. Bu olduk\u00e7a kafa kar\u0131\u015ft\u0131r\u0131c\u0131, zaten b\u00f6yle bir partinin \u00f6d\u00fcllendirilmesi siyaset a\u00e7\u0131s\u0131ndan d\u00fc\u015f\u00fcnd\u00fcr\u00fcc\u00fcyken, en \u00e7ok Erdo\u011fan i\u00e7in kafa kar\u0131\u015ft\u0131r\u0131c\u0131. Normal ve anla\u015f\u0131l\u0131r zeminde hareket edilemeyen bir ortak her zaman tehdit ve \u015f\u00fcphe kayna\u011f\u0131 olacakt\u0131r.<\/p>\n<p>Gelelim Millet \u0130ttifak\u0131\u2019na. Millet \u0130ttifak\u0131 elbette ba\u015far\u0131s\u0131zd\u0131r. Ancak ittifak i\u00e7erisinde %30 oy alarak \u201crasyonel beklentileri kar\u015f\u0131layan hatta a\u015fan\u201d isim \u0130nce, b\u00fcy\u00fck planda de\u011filse bile partisi g\u00f6z \u00f6n\u00fcne al\u0131n\u0131nca ba\u015far\u0131l\u0131d\u0131r. K\u00fcrt\u00e7\u00fc solun bile\u015fenlerinden bir k\u0131sm\u0131 da d\u00e2hil olmak \u00fczere T\u00fcrkiye\u2019de \u201csol\u201d kabul edilebilecek b\u00fct\u00fcn yap\u0131lar\u0131 birle\u015ftirip oyunu almay\u0131 ba\u015farm\u0131\u015ft\u0131r. Bu ba\u015far\u0131yla T\u00fcrkiye \u00e7ap\u0131nda bir etki ve yetkiye yani, ba\u015fkanl\u0131\u011fa ula\u015fmas\u0131 m\u00fcmk\u00fcn olmad\u0131; ancak bir s\u00fcredir memnuniyetsizli\u011fin tavan yapt\u0131\u011f\u0131 partisinde bu r\u00fczg\u00e2rla bir de\u011fi\u015fim talebinde bulunaca\u011f\u0131 a\u00e7\u0131k, g\u00fcncel restle\u015fmeler de art\u0131k ilk hamlelerin yap\u0131ld\u0131\u011f\u0131n\u0131 g\u00f6steriyor.<\/p>\n<p>\u0130ttifak bile\u015fenlerinden \u0130Y\u0130 Parti, olduk\u00e7a ba\u015far\u0131s\u0131z. %20 potansiyel band\u0131nda ba\u015flayarak parti oyunu %10, Ak\u015fener\u2019in daha \u00f6nce partinin \u00fczerinde olmas\u0131 beklenen oyunu da %7 band\u0131na getiren bir d\u00fc\u015f\u00fc\u015f trendiyle se\u00e7imi sonland\u0131rd\u0131. Bunda elbette \u0130nce\u2019nin ba\u015far\u0131s\u0131n\u0131n pay\u0131 var; ancak \u0130nce\u2019nin ba\u015far\u0131s\u0131n\u0131n bunda pay\u0131 varsa, bunun nedeni yine \u0130Y\u0130 Parti\u2019nin politikas\u0131d\u0131r. \u0130Y\u0130 Parti, h\u00e2l\u00e2 bir \u201cmerkez sa\u011f se\u00e7men\u201d bulundu\u011fu ill\u00fczyonuyla hareket etti ve K\u00fcrt\u00e7\u00fc sol se\u00e7meni rahats\u0131z edece\u011fini d\u00fc\u015f\u00fcnd\u00fc\u011f\u00fc hamlelerden s\u00fcrekli ka\u00e7\u0131nd\u0131. Hik\u00e2yesinin merkezinde yer alan \u201cyeni, demokrat, \u015fehirli milliyet\u00e7ilik\u201di, o kitleyi pe\u015finen elde sayarak \u00f6ne \u00e7\u0131karmad\u0131; ba\u015fka se\u00e7men gruplar\u0131n\u0131 kazanmaya y\u00f6neldi. Bu prensip olarak do\u011fru bir hamledir, ancak iki hususu g\u00f6zden ka\u00e7\u0131rd\u0131. Birincisi ve en \u00f6nemlisi, sonu\u00e7lardan g\u00f6r\u00fcld\u00fc\u011f\u00fc \u00fczere se\u00e7imin galibi milliyet\u00e7iliktir. Ben \u015fahsen onaylamasam ve aslen milliyet\u00e7ilik yapmad\u0131klar\u0131n\u0131 d\u00fc\u015f\u00fcnsem de Cumhur \u0130ttifak\u0131 \u00fcyeleri kendilerine has bir milliyet\u00e7ilik iddias\u0131yla ba\u015far\u0131l\u0131 oldular. T\u00fcrkiye\u2019de y\u00fckselen trend milliyet\u00e7ilikken ve kendini do\u011frudan-sadece milliyet\u00e7i tan\u0131mlayan se\u00e7men oran\u0131 %40\u2019lara dayanm\u0131\u015f, milliyet\u00e7ilik bir de\u011fer olarak %90\u2019lara varan oranlarda payla\u015f\u0131l\u0131yorken, \u00f6zellikle MHP milliyet\u00e7ili\u011fine dair memnuniyetsizli\u011fin \u00fczerine gitmeyen, milliyet\u00e7ilik yapmayan bir \u0130Y\u0130 Parti se\u00e7men taraf\u0131ndan cezaland\u0131r\u0131ld\u0131.<\/p>\n<p>\u0130kinci husus ise vahim bir stratejik hatad\u0131r. \u0130Y\u0130 Parti s\u00f6ylemleri, kampanyalar\u0131, pozisyon belirleyen, kendini \u00e7er\u00e7eveleyen hamleleri ile s\u00fcrekli olarak CHP kitlesi ve havzas\u0131na oynad\u0131. Bu \u201cklasik muhalefet\u201d alan\u0131n\u0131n oy hacmi belliyken ve bunun ba\u015fkanl\u0131k i\u00e7in yetmeyece\u011fi a\u015fik\u00e2rken olduk\u00e7a yanl\u0131\u015f bir hamleydi. CHP\u2019nin memnuniyetsizlerine oynamak, g\u00f6r\u00fcn\u00fc\u015fe g\u00f6re ulusal planda %3\u2019l\u00fck bir oy olarak partiye yans\u0131m\u0131\u015f, ancak Ak\u015fener\u2019e yans\u0131mam\u0131\u015f g\u00f6r\u00fcn\u00fcyor. Bunun nedeni de se\u00e7menin partiden memnuniyetsiz, ba\u015fkan aday\u0131ndan ise memnun olmas\u0131d\u0131r. \u0130Y\u0130 Parti, do\u011fu\u015funa neden olan saikleri ve \u201cdo\u011fal konumland\u0131rmas\u0131\u201dn\u0131 unutarak olduk\u00e7a yanl\u0131\u015f bir zeminde politika y\u00fcr\u00fctt\u00fc. Milliyet\u00e7i-muhafazak\u00e2r se\u00e7menin oylar\u0131na talip, bunun yan\u0131nda apolitikle\u015fmi\u015f, milliyet\u00e7i meyilleri olan, fakat \u00fcmitsiz ve se\u00e7eneksiz hisseden gen\u00e7, gen\u00e7-yeti\u015fkin, e\u011fitimli ve \u015fehirli kitleyi de siyasete getirdi\u011fi taze nefes olarak arkas\u0131na alm\u0131\u015f bir parti g\u00f6r\u00fcnt\u00fcs\u00fcnden, biraz daha sa\u011f ile bar\u0131\u015f\u0131k bir CHP g\u00f6r\u00fcnt\u00fcs\u00fcne girmeye \u00e7al\u0131\u015ft\u0131.<\/p>\n<p>\u0130Y\u0130 Parti\u2019nin bundan sonraki s\u00fcre\u00e7te ba\u015far\u0131l\u0131 olmas\u0131, se\u00e7ime dek ve \u00f6zellikle se\u00e7imden sonra tak\u0131n\u0131lan tavr\u0131n terkedilmesine ba\u011fl\u0131. Aidiyetin yeni kurulan bir parti olmas\u0131 dolay\u0131s\u0131yla zay\u0131f oldu\u011fu, farkl\u0131 geleneklerin bir araya gelip zaman zaman i\u00e7 s\u00fcrt\u00fc\u015fmeler ya\u015fad\u0131\u011f\u0131 ve birinci s\u0131ralar\u0131n genelde kontenjan ve maddi g\u00fc\u00e7 g\u00f6zetilerek belirlendi\u011fi bir partide, \u00f6zellikle maddi g\u00fcc\u00fc nedeniyle birinci s\u0131raya konulmu\u015f ve vekil olmu\u015f siyasileri, mevcut pozisyonundaki Ak\u015fener\u2019in sevk ve idare etmesi g\u00fc\u00e7le\u015fecektir.<\/p>\n<p>Gelelim se\u00e7imin en az ele\u015ftirilen ancak belki de en b\u00fcy\u00fck ele\u015ftiriyi hak eden bile\u015feni, Saadet Partisi\u2019ne. Se\u00e7im s\u00fcreci boyunca Saadet\u2019in kampanyas\u0131 olduk\u00e7a be\u011fenildi, alk\u0131\u015fland\u0131, fakat oya d\u00f6n\u00fc\u015fmedi. \u0130Y\u0130 Parti gibi Saadet de bir ill\u00fczyon ya\u015fad\u0131. CHP\u2019nin beslendi\u011fi geleneksel havza olan, \u015fehirli, y\u00fcksek e\u011fimli gen\u00e7 ve gen\u00e7 yeti\u015fkin grubunu hedef alan, mizahi unsurlar i\u00e7eren bir kampanya yapt\u0131. Oysaki \u0130Y\u0130 Parti\u2019de oldu\u011fu gibi ittifak i\u00e7erisinde bu havzay\u0131 dolduran ve oyunu h\u00e2lihaz\u0131rda alm\u0131\u015f bir parti zaten vard\u0131 ve unutuldu. \u00dcstelik, Saadet Partisi\u2019nin bu ittifakta i\u015flevi, defansif bir i\u015flevdi. Saadet\u2019in i\u00e7inde yer alaca\u011f\u0131 bir ittifaka kar\u015f\u0131 dini tandansl\u0131 sald\u0131r\u0131lar kolay olmayacakt\u0131. \u00d6zetlemek gerekirse Saadet Partisi, cumhuriyet tarihi boyunca ilk defa \u201c\u0130slamc\u0131l\u0131k yapmas\u0131 gereken\u201d bir ortamda \u0130slamc\u0131l\u0131k yapmad\u0131. Defansif i\u015flevini g\u00f6stermedi\u011fi gibi, kampanyas\u0131n\u0131n hedefine oturttu\u011fu kitleden oy alamad\u0131, kendi eski ve g\u00fc\u00e7l\u00fc k\u00fc\u00e7\u00fck esnaf te\u015fkilat\u0131n\u0131 da ittifak lehine seferber edemedi. \u015eov yapt\u0131\u011f\u0131yla kald\u0131 ki, profesyonel anlamda ileti\u015fim sekt\u00f6r\u00fc i\u00e7inde ciddi bir tuzakt\u0131r. Hedef kitlenizin de\u011fil, karar al\u0131c\u0131lar\u0131n\u0131z\u0131n yahut hayalinizin tatmin olmas\u0131n\u0131 ama\u00e7layan bir kampanya yaparsan\u0131z, en iyi reklam \u00f6d\u00fcl\u00fc alabilirsiniz, fakat bu \u00fcr\u00fcn sat\u0131\u015flar\u0131na yans\u0131maz.<\/p>\n<p>H\u00fclasa, kurgusunu T\u00fcrk-\u0130slam \u00fczerine yapan Cumhur \u0130ttifak\u0131, -\u015fahsen bu g\u00f6r\u00fc\u015f\u00fcn kar\u015f\u0131s\u0131nday\u0131m, belirtmek isterim- kurgunun bile\u015fenlerini, s\u00f6ylemlerini, tarihi birikimini ama\u00e7lar\u0131yla uyumlu, etkin ve do\u011fru bir \u015fekilde kulland\u0131. Millet \u0130ttifak\u0131 ise se\u00e7men segmentlerini d\u00fczg\u00fcn b\u00f6l\u00fc\u015ferek, bile\u015fenlerini \u00f6z kaynaklar\u0131, hik\u00e2yeleri ve konumland\u0131rmalar\u0131na uygun bir \u015fekilde seferber edemedi. Di\u011fer iki bile\u015fen de, CHP havzas\u0131na oynad\u0131 ve ittifak kaybetti.<\/p>\n<p>HDP\u2019ye gelince, HDP, Nassim Nicholas Taleb\u2019in \u201cuzla\u015fmaz az\u0131nl\u0131\u011f\u0131n tahakk\u00fcm\u00fc\u201d teorisine \u00e7ok uygun bir \u00f6rnek te\u015fkil ediyor. Taleb\u2019e g\u00f6re topluma homojen da\u011f\u0131lm\u0131\u015f ve uzla\u015fmaya yana\u015fmayan bir az\u0131nl\u0131k, tahakk\u00fcm kuracakt\u0131r. S\u00f6zgelimi, toplumda oran\u0131 %1\u2019i bile bulmayan Yahudiler, restoranlar\u0131n \u201cko\u015fer\u201d hizmet vermesine sebebiyet verecektir, zira Yahudiler ko\u015fer olmayan\u0131 yemez ama di\u011ferlerinin ko\u015fer yemekle ilgili bir sorunu yoktur. K\u00fcrt\u00e7\u00fc sol diye \u00f6zetleyebilece\u011fimiz HDP s\u00f6ylemi, kitlesini konsolide ediyor ve uzla\u015fmaya yana\u015fm\u0131yor, bu y\u00fczden oy oran\u0131 az olsa da siyasette belirleyicili\u011fi y\u00fcksek. Erdo\u011fan\u2019\u0131n bir alternatifi de HDP ile tekrar g\u00f6r\u00fc\u015fmelere ba\u015flama ihtimalidir; bu ihtimal ger\u00e7ekle\u015fmese bile varl\u0131\u011f\u0131yla Erdo\u011fan\u2019\u0131n g\u00f6zda\u011f\u0131 vermesine ve elinin g\u00fc\u00e7lenmesine neden olacakt\u0131r. HDP\u2019nin siyasetteki belirleyicili\u011fi, en b\u00fcy\u00fck zarar\u0131 ise \u0130Y\u0130 Parti\u2019ye verdi. Parti, nedendir bilinmez, HDP se\u00e7menini \u00fcrk\u00fctmeme hassasiyetini \u00e7ok abartarak, kendi hedef kitlesinden uzakla\u015ft\u0131 ve bir hayal k\u0131r\u0131kl\u0131\u011f\u0131 ya\u015fad\u0131.<\/p>\n<p>Bu se\u00e7imin g\u00fcndelik ve g\u00fcncel politikan\u0131n \u00f6tesindeki ideolojik d\u00fczlemde verdi\u011fi mesaj ve yapt\u0131rd\u0131\u011f\u0131 \u00e7\u0131kar\u0131m, milliyet\u00e7ili\u011fin zafer kazand\u0131\u011f\u0131 ve ayn\u0131 zamanda iki t\u00fcr millet ve milliyet\u00e7ilik tan\u0131m\u0131n\u0131n a\u015fa\u011f\u0131 yukar\u0131 e\u015fit g\u00fc\u00e7te iki \u00e7at\u0131\u015fan kampta yer ald\u0131\u011f\u0131d\u0131r. Art\u0131k \u201cT\u00fcrk\u201d\u00fcn ne, kim ve nas\u0131l oldu\u011funun kavgas\u0131 verilecek, bu kavgadan kazanarak \u00e7\u0131kan \u00f6n\u00fcm\u00fczdeki y\u0131llardaki T\u00fcrk insan\u0131n\u0131n asgari m\u00fc\u015ftere\u011fi ve \u201cortalamas\u0131\u201dn\u0131 belirleyecek. M\u00fcmk\u00fcn oldu\u011funca objektif kalmaya \u00e7al\u0131\u015ft\u0131\u011f\u0131m bu yaz\u0131da, hangi taraf\u0131n kazanmas\u0131n\u0131n \u00fclke ve T\u00fcrk\u2019\u00fcn hayr\u0131na oldu\u011funu belirtmekten ka\u00e7\u0131nmak zorunday\u0131m.<\/p>\n","protected":false},"excerpt":{"rendered":"<p>24 Haziran se\u00e7imlerinde kurulan Cumhur \u0130ttifak\u0131 ve Millet \u0130ttifak\u0131&#8217;n\u0131n ortak noktas\u0131 neydi? Bu ortak noktada ka\u00e7\u0131n\u0131lan ve kullan\u0131lan s\u00f6ylemlerin, partilere getirileri nas\u0131l \u015fekillendi? Bu se\u00e7imin, ideolojik d\u00fczlemde siyasete ve topluma mesaj\u0131 neydi?<\/p>\n","protected":false},"author":45,"featured_media":2733,"comment_status":"open","ping_status":"open","sticky":false,"template":"","format":"standard","meta":{"_links_to":"","_links_to_target":""},"categories":[2,66,68],"tags":[],"yoast_head":"<!-- This site is optimized with the Yoast SEO plugin v16.0.2 - https:\/\/yoast.com\/wordpress\/plugins\/seo\/ -->\n<title>\u0130ki ittifak aras\u0131nda payla\u015f\u0131lan milliyet\u00e7ilik: Se\u00e7imin ideolojik analizi - M\u0130SAK- Mill\u00ee Strateji Ara\u015ft\u0131rma Kurulu<\/title>\n<link rel=\"canonical\" href=\"https:\/\/millidusunce.com\/misak\/iki-ittifak-arasinda-paylasilan-milliyetcilik-secimin-ideolojik-analizi\/\" \/>\n<meta property=\"og:locale\" content=\"tr_TR\" \/>\n<meta property=\"og:type\" content=\"article\" \/>\n<meta property=\"og:title\" content=\"\u0130ki ittifak aras\u0131nda payla\u015f\u0131lan milliyet\u00e7ilik: Se\u00e7imin ideolojik analizi - M\u0130SAK- Mill\u00ee Strateji Ara\u015ft\u0131rma Kurulu\" \/>\n<meta property=\"og:description\" content=\"24 Haziran se\u00e7imlerinde kurulan Cumhur \u0130ttifak\u0131 ve Millet \u0130ttifak\u0131&#039;n\u0131n ortak noktas\u0131 neydi? Bu ortak noktada ka\u00e7\u0131n\u0131lan ve kullan\u0131lan s\u00f6ylemlerin, partilere getirileri nas\u0131l \u015fekillendi? Bu se\u00e7imin, ideolojik d\u00fczlemde siyasete ve topluma mesaj\u0131 neydi?\" \/>\n<meta property=\"og:url\" content=\"https:\/\/millidusunce.com\/misak\/iki-ittifak-arasinda-paylasilan-milliyetcilik-secimin-ideolojik-analizi\/\" \/>\n<meta property=\"og:site_name\" content=\"M\u0130SAK- Mill\u00ee Strateji Ara\u015ft\u0131rma Kurulu\" \/>\n<meta property=\"article:published_time\" content=\"2018-07-06T00:00:00+00:00\" \/>\n<meta property=\"article:modified_time\" content=\"2018-07-11T16:59:16+00:00\" \/>\n<meta property=\"og:image\" content=\"https:\/\/millidusunce.com\/misak\/wp-content\/uploads\/2018\/07\/secim-2018lf.png\" \/>\n\t<meta property=\"og:image:width\" content=\"1000\" \/>\n\t<meta property=\"og:image:height\" content=\"520\" \/>\n<meta name=\"twitter:card\" content=\"summary_large_image\" \/>\n<meta name=\"twitter:label1\" content=\"Tahmini okuma s\u00fcresi\">\n\t<meta name=\"twitter:data1\" content=\"11 dakika\">\n<script type=\"application\/ld+json\" class=\"yoast-schema-graph\">{\"@context\":\"https:\/\/schema.org\",\"@graph\":[{\"@type\":\"Organization\",\"@id\":\"https:\/\/millidusunce.com\/misak\/#organization\",\"name\":\"Mill\\u00ee D\\u00fc\\u015f\\u00fcnce Merkezi\",\"url\":\"https:\/\/millidusunce.com\/misak\/\",\"sameAs\":[],\"logo\":{\"@type\":\"ImageObject\",\"@id\":\"https:\/\/millidusunce.com\/misak\/#logo\",\"inLanguage\":\"tr\",\"url\":\"https:\/\/millidusunce.com\/misak\/wp-content\/uploads\/2018\/09\/mdmLogo-yazisiz.jpg\",\"width\":422,\"height\":422,\"caption\":\"Mill\\u00ee D\\u00fc\\u015f\\u00fcnce Merkezi\"},\"image\":{\"@id\":\"https:\/\/millidusunce.com\/misak\/#logo\"}},{\"@type\":\"WebSite\",\"@id\":\"https:\/\/millidusunce.com\/misak\/#website\",\"url\":\"https:\/\/millidusunce.com\/misak\/\",\"name\":\"M\\u0130SAK- Mill\\u00ee Strateji Ara\\u015ft\\u0131rma Kurulu\",\"description\":\"D\\u00fcnyaya T\\u00fcrk\\u00e7\\u00fc Bak\\u0131\\u015f\",\"publisher\":{\"@id\":\"https:\/\/millidusunce.com\/misak\/#organization\"},\"potentialAction\":[{\"@type\":\"SearchAction\",\"target\":\"https:\/\/millidusunce.com\/misak\/?s={search_term_string}\",\"query-input\":\"required name=search_term_string\"}],\"inLanguage\":\"tr\"},{\"@type\":\"ImageObject\",\"@id\":\"https:\/\/millidusunce.com\/misak\/iki-ittifak-arasinda-paylasilan-milliyetcilik-secimin-ideolojik-analizi\/#primaryimage\",\"inLanguage\":\"tr\",\"url\":\"https:\/\/millidusunce.com\/misak\/wp-content\/uploads\/2018\/07\/secim-2018lf.png\",\"width\":1000,\"height\":520},{\"@type\":\"WebPage\",\"@id\":\"https:\/\/millidusunce.com\/misak\/iki-ittifak-arasinda-paylasilan-milliyetcilik-secimin-ideolojik-analizi\/#webpage\",\"url\":\"https:\/\/millidusunce.com\/misak\/iki-ittifak-arasinda-paylasilan-milliyetcilik-secimin-ideolojik-analizi\/\",\"name\":\"\\u0130ki ittifak aras\\u0131nda payla\\u015f\\u0131lan milliyet\\u00e7ilik: Se\\u00e7imin ideolojik analizi - M\\u0130SAK- Mill\\u00ee Strateji Ara\\u015ft\\u0131rma Kurulu\",\"isPartOf\":{\"@id\":\"https:\/\/millidusunce.com\/misak\/#website\"},\"primaryImageOfPage\":{\"@id\":\"https:\/\/millidusunce.com\/misak\/iki-ittifak-arasinda-paylasilan-milliyetcilik-secimin-ideolojik-analizi\/#primaryimage\"},\"datePublished\":\"2018-07-06T00:00:00+00:00\",\"dateModified\":\"2018-07-11T16:59:16+00:00\",\"breadcrumb\":{\"@id\":\"https:\/\/millidusunce.com\/misak\/iki-ittifak-arasinda-paylasilan-milliyetcilik-secimin-ideolojik-analizi\/#breadcrumb\"},\"inLanguage\":\"tr\",\"potentialAction\":[{\"@type\":\"ReadAction\",\"target\":[\"https:\/\/millidusunce.com\/misak\/iki-ittifak-arasinda-paylasilan-milliyetcilik-secimin-ideolojik-analizi\/\"]}]},{\"@type\":\"BreadcrumbList\",\"@id\":\"https:\/\/millidusunce.com\/misak\/iki-ittifak-arasinda-paylasilan-milliyetcilik-secimin-ideolojik-analizi\/#breadcrumb\",\"itemListElement\":[{\"@type\":\"ListItem\",\"position\":1,\"item\":{\"@type\":\"WebPage\",\"@id\":\"https:\/\/millidusunce.com\/misak\/\",\"url\":\"https:\/\/millidusunce.com\/misak\/\",\"name\":\"Anasayfa\"}},{\"@type\":\"ListItem\",\"position\":2,\"item\":{\"@type\":\"WebPage\",\"@id\":\"https:\/\/millidusunce.com\/misak\/iki-ittifak-arasinda-paylasilan-milliyetcilik-secimin-ideolojik-analizi\/\",\"url\":\"https:\/\/millidusunce.com\/misak\/iki-ittifak-arasinda-paylasilan-milliyetcilik-secimin-ideolojik-analizi\/\",\"name\":\"\\u0130ki ittifak aras\\u0131nda payla\\u015f\\u0131lan milliyet\\u00e7ilik: Se\\u00e7imin ideolojik analizi\"}}]},{\"@type\":\"Article\",\"@id\":\"https:\/\/millidusunce.com\/misak\/iki-ittifak-arasinda-paylasilan-milliyetcilik-secimin-ideolojik-analizi\/#article\",\"isPartOf\":{\"@id\":\"https:\/\/millidusunce.com\/misak\/iki-ittifak-arasinda-paylasilan-milliyetcilik-secimin-ideolojik-analizi\/#webpage\"},\"author\":{\"@id\":\"https:\/\/millidusunce.com\/misak\/#\/schema\/person\/d3c948703e000cfab2e74b291f3e0d8b\"},\"headline\":\"\\u0130ki ittifak aras\\u0131nda payla\\u015f\\u0131lan milliyet\\u00e7ilik: Se\\u00e7imin ideolojik analizi\",\"datePublished\":\"2018-07-06T00:00:00+00:00\",\"dateModified\":\"2018-07-11T16:59:16+00:00\",\"mainEntityOfPage\":{\"@id\":\"https:\/\/millidusunce.com\/misak\/iki-ittifak-arasinda-paylasilan-milliyetcilik-secimin-ideolojik-analizi\/#webpage\"},\"commentCount\":0,\"publisher\":{\"@id\":\"https:\/\/millidusunce.com\/misak\/#organization\"},\"image\":{\"@id\":\"https:\/\/millidusunce.com\/misak\/iki-ittifak-arasinda-paylasilan-milliyetcilik-secimin-ideolojik-analizi\/#primaryimage\"},\"articleSection\":\"S\\u0130YASET-TAR\\u0130H,T\\u00dcRKL\\u00dcK-T\\u00dcRK\\u00c7\\u00dcL\\u00dcK\",\"inLanguage\":\"tr\",\"potentialAction\":[{\"@type\":\"CommentAction\",\"name\":\"Comment\",\"target\":[\"https:\/\/millidusunce.com\/misak\/iki-ittifak-arasinda-paylasilan-milliyetcilik-secimin-ideolojik-analizi\/#respond\"]}]},{\"@type\":\"Person\",\"@id\":\"https:\/\/millidusunce.com\/misak\/#\/schema\/person\/d3c948703e000cfab2e74b291f3e0d8b\",\"name\":\"M. Bahad\\u0131rhan Din\\u00e7aslan\",\"image\":{\"@type\":\"ImageObject\",\"@id\":\"https:\/\/millidusunce.com\/misak\/#personlogo\",\"inLanguage\":\"tr\",\"url\":\"https:\/\/secure.gravatar.com\/avatar\/06112e8d35cbbfb6eced7090f2d19df5?s=96&d=mm&r=g\",\"caption\":\"M. Bahad\\u0131rhan Din\\u00e7aslan\"},\"description\":\"2.8.1990\\u2019da Kayseri\\u2019de do\\u011fdu. Kayseri Sar\\u0131z il\\u00e7esinde meskun Av\\u015far T\\u00fcrkmenlerindendir. Liseyi Nev\\u015fehir Fen Lisesi\\u2019nde yat\\u0131l\\u0131 okudu. Y\\u0131ld\\u0131z Teknik \\u00dcniversitesi\\u2019nde Biyom\\u00fchendislik e\\u011fitimini yar\\u0131da b\\u0131rakarak derece bursuyla K\\u00fclt\\u00fcr \\u00dcniversitesi \\u0130leti\\u015fim Sanatlar\\u0131 b\\u00f6l\\u00fcm\\u00fcne ge\\u00e7ti. Bir s\\u00fcre e-learning sekt\\u00f6r\\u00fcnde metin yazar\\u0131 olarak \\u00e7al\\u0131\\u015ft\\u0131. Tarih, mitoloji, etimoloji, linguistik ve antropoloji ile ilgilenen Din\\u00e7aslan, Siyah Beyaz KSP Derne\\u011fi'nin kurucu ba\\u015fkanl\\u0131\\u011f\\u0131n\\u0131, dernek yay\\u0131n\\u0131 derginin edit\\u00f6rl\\u00fc\\u011f\\u00fcn\\u00fc ve Vaktiyle Bir Ats\\u0131z Varm\\u0131\\u015f isimli kitab\\u0131n yay\\u0131mc\\u0131l\\u0131\\u011f\\u0131n\\u0131 \\u00fcstlendi. Bir yay\\u0131nevinde kitap avc\\u0131s\\u0131, \\u00e7evirmen ve edit\\u00f6r; bir \\u0130ngilizce ekonomi dergisinde Yay\\u0131n Y\\u00f6netmeni s\\u0131fat\\u0131yla \\u00e7al\\u0131\\u015ft\\u0131. T\\u00fcrk D\\u00fcnyas\\u0131'ndan sanat\\u00e7\\u0131, siyaset\\u00e7i ve aktivistlerle s\\u00f6yle\\u015filer ger\\u00e7ekle\\u015ftirdi. 2016-2017 y\\u0131llar\\u0131 aras\\u0131nda K\\u0131r\\u0131m Haber Ajans\\u0131'n\\u0131n T\\u00fcrk\\u00e7e Yay\\u0131n Y\\u00f6netmeni g\\u00f6revini \\u00fcstlendi. Siyasal \\u0130leti\\u015fim alan\\u0131nda y\\u00fcksek lisans e\\u011fitimine devam eden Din\\u00e7aslan, 2017 y\\u0131l\\u0131nda kurdu\\u011fu BDM Medya Dan\\u0131\\u015fmanl\\u0131k A\\u015e ile \\u00f6zel sekt\\u00f6rdeki ilk m\\u00fcstakil te\\u015febb\\u00fcs\\u00fcn\\u00fc ger\\u00e7ekle\\u015ftirmi\\u015ftir. Cumartesi Sohbetleri ba\\u015fl\\u0131\\u011f\\u0131 alt\\u0131nda tarih, edebiyat, mitoloji ve siyaset konulu sohbetler organize etmekte, yurt i\\u00e7i ve d\\u0131\\u015f\\u0131nda \\u00e7e\\u015fitli mecralarda \\u201cba\\u015f\\u0131na buyruk gazeteci\\u201d format\\u0131yla k\\u00f6\\u015fe yaz\\u0131lar\\u0131 yazmaktad\\u0131r. Bir \\u00e7eviri roman\\u0131, bir \\u015fiir ve bir inceleme kitab\\u0131, \\u00e7e\\u015fitli edit\\u00f6ryal kitaplarda katk\\u0131lar\\u0131 bulunan Din\\u00e7aslan, \\u00e7e\\u015fitli belgesel ve etkinlik projelerine tarih&amp;konsept dan\\u0131\\u015fmanl\\u0131\\u011f\\u0131 yapmakta, g\\u00fcnde birka\\u00e7 paket sigara i\\u00e7mektedir. Yay\\u0131mlanan kitaplar\\u0131: \\u0130zmir \\u00c7\\u0131kmaz\\u0131, \\u00c7eviri Roman, Bilge K\\u00fclt\\u00fcr Sanat Yay. 2016 (Yazar: Charles Thoma) Albatros, \\u015eiir, Aygan Yay. 2016 Kar\\u015f\\u0131la\\u015ft\\u0131rmal\\u0131 Mitoloji: Tolkien Ne Yapt\\u0131?, \\u0130nceleme, Aygan Yay. 2017 Sek\\u00fcler Milliyet\\u00e7inin El Kitab\\u0131, Makaleler, Yenisey Kitap, 2018\",\"sameAs\":[\"http:\/\/mbdincaslan.com\/\"]}]}<\/script>\n<!-- \/ Yoast SEO plugin. -->","_links":{"self":[{"href":"https:\/\/millidusunce.com\/misak\/wp-json\/wp\/v2\/posts\/2731"}],"collection":[{"href":"https:\/\/millidusunce.com\/misak\/wp-json\/wp\/v2\/posts"}],"about":[{"href":"https:\/\/millidusunce.com\/misak\/wp-json\/wp\/v2\/types\/post"}],"author":[{"embeddable":true,"href":"https:\/\/millidusunce.com\/misak\/wp-json\/wp\/v2\/users\/45"}],"replies":[{"embeddable":true,"href":"https:\/\/millidusunce.com\/misak\/wp-json\/wp\/v2\/comments?post=2731"}],"version-history":[{"count":0,"href":"https:\/\/millidusunce.com\/misak\/wp-json\/wp\/v2\/posts\/2731\/revisions"}],"wp:featuredmedia":[{"embeddable":true,"href":"https:\/\/millidusunce.com\/misak\/wp-json\/wp\/v2\/media\/2733"}],"wp:attachment":[{"href":"https:\/\/millidusunce.com\/misak\/wp-json\/wp\/v2\/media?parent=2731"}],"wp:term":[{"taxonomy":"category","embeddable":true,"href":"https:\/\/millidusunce.com\/misak\/wp-json\/wp\/v2\/categories?post=2731"},{"taxonomy":"post_tag","embeddable":true,"href":"https:\/\/millidusunce.com\/misak\/wp-json\/wp\/v2\/tags?post=2731"}],"curies":[{"name":"wp","href":"https:\/\/api.w.org\/{rel}","templated":true}]}}