{"id":2841,"date":"2018-07-19T19:30:31","date_gmt":"2018-07-19T16:30:31","guid":{"rendered":"http:\/\/misak.millidusunce.com\/?p=2841"},"modified":"2018-07-20T13:30:55","modified_gmt":"2018-07-20T10:30:55","slug":"yeni-turkiye-yeni-bir-devlet-2","status":"publish","type":"post","link":"https:\/\/millidusunce.com\/misak\/yeni-turkiye-yeni-bir-devlet-2\/","title":{"rendered":"Yeni T\u00fcrkiye, yeni bir devlet II!.."},"content":{"rendered":"<p>&nbsp;<\/p>\n<p><img loading=\"lazy\" class=\"aligncenter wp-image-2849 size-large\" src=\"http:\/\/misak.millidusunce.com\/wp-content\/uploads\/2018\/07\/fors_7238-1024x682.jpg\" alt=\"\" width=\"1024\" height=\"682\" srcset=\"https:\/\/millidusunce.com\/misak\/wp-content\/uploads\/2018\/07\/fors_7238-1024x682.jpg 1024w, https:\/\/millidusunce.com\/misak\/wp-content\/uploads\/2018\/07\/fors_7238-150x100.jpg 150w, https:\/\/millidusunce.com\/misak\/wp-content\/uploads\/2018\/07\/fors_7238-300x200.jpg 300w, https:\/\/millidusunce.com\/misak\/wp-content\/uploads\/2018\/07\/fors_7238-768x512.jpg 768w, https:\/\/millidusunce.com\/misak\/wp-content\/uploads\/2018\/07\/fors_7238.jpg 1600w\" sizes=\"(max-width: 1024px) 100vw, 1024px\" \/><\/p>\n<p>Bu konuda ilk de\u011ferlendirme yapt\u0131\u011f\u0131m\u0131zda daha Ba\u015fbakanl\u0131\u011f\u0131n son kararnamesi ile Cumhurba\u015fkanl\u0131\u011f\u0131n\u0131n ilk kararnamesi yay\u0131nlanmam\u0131\u015f, sadece Cumhurba\u015fkan\u0131n\u0131n yapt\u0131\u011f\u0131 a\u00e7\u0131klamalardan hareket edilerek de\u011ferlendirme yap\u0131lm\u0131\u015ft\u0131. Yay\u0131nlanan kararnameler ile \u201cYeni Devlet\u201d yap\u0131lanmas\u0131 eti kemi\u011fe b\u00fcr\u00fcnmeye ba\u015flad\u0131.<\/p>\n<p>Bakanlar a\u00e7\u0131kland\u0131, g\u00f6revlerine ba\u015flad\u0131. Bu \u00e7al\u0131\u015fmalar devam ederken Cumhurba\u015fkan\u0131, t\u0131pk\u0131 23 Nisan 1920\u2019de oldu\u011fu gibi cuma namaz\u0131ndan sonra 1\u2019inci Meclis\u2019e giderek konu\u015fma yapt\u0131. Ard\u0131 ard\u0131na kararnameler yay\u0131nlanmaya ba\u015flad\u0131. B\u00fcy\u00fck bir de\u011fi\u015fim bir ka\u00e7 g\u00fcn i\u00e7inde hayata ge\u00e7irildi. Yasalar ya de\u011fi\u015ftirildi ya da iptal edildi, yerine yenileri yay\u0131mland\u0131. \u00c7ok k\u0131sa zamanda <em>yeni bir devlet yap\u0131lanmas\u0131 <\/em>ortaya \u00e7\u0131kmaya ba\u015flad\u0131.<\/p>\n<p>Bu kadar k\u0131sa bir s\u00fcrede bu nas\u0131l oldu sorusunun cevab\u0131 ise Cumhurba\u015fkan\u0131 Yard\u0131mc\u0131s\u0131yla yap\u0131lm\u0131\u015f olan s\u00f6yle\u015fiden anla\u015f\u0131ld\u0131: <em>\u201cBu \u00e7al\u0131\u015fmaya asl\u0131nda \u00e7ok uzun s\u00fcre \u00f6nce ba\u015flad\u0131k. Kimileri 15 Temmuz\u2019dan sonra diye d\u00fc\u015f\u00fcn\u00fcyor ama yap\u0131sal sorunlar\u0131n tespiti ve ortadan kald\u0131r\u0131lmas\u0131 i\u00e7in \u00e7al\u0131\u015fmaya 15 Temmuz\u2019dan 4 ay \u00f6nce ba\u015flad\u0131k. 2016 Mart\u2019\u0131nda yani<strong>.<\/strong><\/em><a href=\"#_edn1\" name=\"_ednref1\"><em>*<\/em><\/a><em>\u201d<\/em><\/p>\n<h2><strong><em>\u201cYeni Devlet\u201d<\/em>in i\u015faretleri\u2026<\/strong><\/h2>\n<p>Cumhurba\u015fkan\u0131 Yard\u0131mc\u0131s\u0131n\u0131n yapt\u0131\u011f\u0131 a\u00e7\u0131klamada ayr\u0131ca;<em> \u201cBa\u015fbakanl\u0131\u011f\u0131n kapat\u0131lmas\u0131yla bitmiyor. Yap\u0131sal sorunlar\u0131m\u0131z var. Daha kapsaml\u0131 bir anlay\u0131\u015fla yeni bir sistemsel tasar\u0131m gerekiyor. Bununla hedefimiz, 200 y\u0131ll\u0131k yap\u0131sal sorunlara cevap vermek olmal\u0131\u201d <\/em>demektedir. Bu s\u00f6ylenenler ile 16 Nisan 2017\u2019de yap\u0131lm\u0131\u015f olan referandumun sonu\u00e7lar\u0131 \u00fczerine Cumhurba\u015fkan\u0131 Erdo\u011fan\u2019\u0131n, <em>\u201cBug\u00fcn T\u00fcrkiye 200 y\u0131ll\u0131k kadim bir tart\u0131\u015fma konusu olan y\u00f6netim sistemi konusunda tarihi bir karar vermi\u015ftir. Bu karar s\u0131radan bir olay de\u011fildir.\u201d <\/em>a\u00e7\u0131klamalar\u0131 birebir ayn\u0131d\u0131r<a href=\"#_edn2\" name=\"_ednref2\">*<\/a>*.<\/p>\n<p>Sorular\u0131 arka arkaya sormaya ba\u015flayal\u0131m.<\/p>\n<p>\u0130lk soru; iki y\u00fcz y\u0131l \u00f6nce ne olmu\u015ftu ki <em>y\u00f6netim<\/em> <em>tart\u0131\u015fmalar\u0131<\/em> ba\u015flam\u0131\u015ft\u0131r? \u0130ki y\u00fcz y\u0131l \u00f6nce Sened-i \u0130ttifak\u2019la de\u011fi\u015fim s\u00fcreci ba\u015flam\u0131\u015f, Tanzimat Ferman\u0131 ile yeni bir d\u00f6neme girilmi\u015fti. Bu d\u00f6nem T\u00fcrk Cihan Devleti\u2019nin (Osmanl\u0131), \u00e7a\u011f\u0131 yakalama, y\u0131k\u0131lmay\u0131 \u00f6nleme \u00e7abalar\u0131yd\u0131.<\/p>\n<p>\u0130kinci soru: Tanzimat\u2019la ne de\u011fi\u015fmi\u015fti?\u00a0 De\u011fi\u015fen en \u00f6nemli husus Millet-i H\u00e2kime ve Millet-i Mahk\u00fbme ad\u0131yla iki unsurlu olan tebaan\u0131n birle\u015ferek tek unsurlu hale gelmesidir. Egemenli\u011fin T\u00fcrk milletinde oldu\u011fu devletimizde, M\u00fcsl\u00fcman olan\u0131n T\u00fcrk oldu\u011fu bir yap\u0131 mevcut iken, T\u00fcrk ve T\u00fcrk olmayan ya da o g\u00fcnk\u00fc anlay\u0131\u015f i\u00e7inde M\u00fcsl\u00fcman ve M\u00fcsl\u00fcman olmayan\u0131n e\u015fitli\u011fine ge\u00e7ilmi\u015ftir. 1876 Kanun-u Esasi\u2019si tebaan\u0131n e\u015fitli\u011fini vaz etmi\u015f, k\u00e2mil anlam\u0131yla vatanda\u015fl\u0131k ve bireyin e\u015fitli\u011fi hukukumuza Cumhuriyetle birlikte girmi\u015ftir.<\/p>\n<p>Peki, bug\u00fcn ile ba\u011flant\u0131s\u0131 ya da benzerli\u011fi nedir, nas\u0131l bir sonu\u00e7 do\u011furacakt\u0131r?\u00a0 Bug\u00fcn\u00fcm\u00fcz\u00fc ve dolay\u0131s\u0131yla yar\u0131n\u0131m\u0131z\u0131 ilgilendiren en \u00f6nemli cevap bu sorudad\u0131r. Bunun cevab\u0131 da bug\u00fcnk\u00fc siyasilerin m\u00fctemadiyen tekrar ettikleri, <em>\u201cT\u00fcrk, K\u00fcrt, \u00c7erkez, Laz, Bo\u015fnak\u2026 biri di\u011ferine \u00fcst\u00fcn de\u011fildirler, hepimiz M\u00fcsl\u00fcman\u0131z\u201d <\/em>ve <em>\u201cT\u00fcrk, K\u00fcrt, Arnavut, Bo\u015fnak\u2026 tek millet\u2026\u201d <\/em>s\u00f6ylemindedir. Fakat iki y\u00fcz y\u0131l \u00f6ncesinden farkl\u0131 olarak, buradaki M\u00fcsl\u00fcmanl\u0131k T\u00fcrk olmak anlam\u0131na gelmemektedir. \u00c7\u00fcnk\u00fc T\u00fcrk\u00e7\u00fcl\u00fck yapmak kavmiyet\u00e7ilik demektir ki o da zinhar yanl\u0131\u015ft\u0131r, zihniyeti h\u00e2kimdir. Ancak bu \u015fekilde e\u015fitlik; uyruk, birey ya da vatanda\u015f aras\u0131nda iken gruplar\u0131n e\u015fitli\u011fine kaymaktad\u0131r. <em>Etnisitelerin e\u015fitli\u011finden bahsedilmesi, bir ve tek olan T\u00fcrk milletinin, \u0131rk anlay\u0131\u015f\u0131 ile b\u00f6l\u00fcnmesi demektir. <\/em><\/p>\n<p>Anla\u015f\u0131laca\u011f\u0131 \u00fczere bug\u00fcnk\u00fc yap\u0131lanman\u0131n son kilit ta\u015f\u0131 vatanda\u015fl\u0131k tan\u0131m\u0131d\u0131r. Bu da kimliklerin ya da gruplar\u0131n tan\u0131nmas\u0131n\u0131 getirecektir.<\/p>\n<p>Ancak g\u00f6z ard\u0131 edilen bir husus vard\u0131r. Osmanl\u0131 hanedan\u0131 ve sultan T\u00fcrk\u2019t\u00fcr. Devlet 1839\u2019a kadar yaz\u0131l\u0131 olmayan kurallarla y\u00f6netilmi\u015ftir. Herkes, Kanun-u Kadim dedikleri bu kurallara riayet etmi\u015flerdir. Devaml\u0131 da iyile\u015ftirmeye gayret edilmi\u015f fakat nihayet, art\u0131k bir zorunluluk olan anayasa yaz\u0131lmas\u0131 1876\u2019da ger\u00e7ekle\u015fmi\u015ftir. O g\u00fcnden bu yana, b\u00fct\u00fcn anayasalarda T\u00fcrk Milletinin egemenli\u011fi ve<em> devletin dilinin T\u00fcrk\u00e7e olmas\u0131<\/em> hep vurgulanm\u0131\u015ft\u0131r.<\/p>\n<p>Anla\u015f\u0131laca\u011f\u0131 \u00fczere devletin kurucusu ve sahibi T\u00fcrklerdir. Tanzimat Ferman\u0131 \u00f6ncesinde de sonras\u0131nda da, yaz\u0131l\u0131 halde olsa da olmasa da egemenlik kay\u0131ts\u0131z \u015farts\u0131z T\u00fcrk Milletinindir, bu hi\u00e7 tart\u0131\u015f\u0131lmam\u0131\u015ft\u0131r.<\/p>\n<h2><strong>\u201cKararnameler\u201ddeki devlet\u2026<\/strong><\/h2>\n<p>Bir say\u0131l\u0131 Cumhurba\u015fkanl\u0131\u011f\u0131 Kararnamesinin 1\u2019inci maddesi Cumhurba\u015fkan\u0131; <em>\u201c(1) Devletin ba\u015f\u0131d\u0131r. Y\u00fcr\u00fctme yetkisi Cumhurba\u015fkan\u0131na aittir.\u201d <\/em>Ayr\u0131ca <em>\u201c(2)T\u00fcrkiye Cumhuriyeti ve T\u00fcrk Milletinin birli\u011fini temsil eder.\u201d Demektedir. <\/em>Bu tan\u0131mlaman\u0131n y\u00fcr\u00fctme d\u0131\u015f\u0131ndaki b\u00f6l\u00fcmleri egemenli\u011fi tan\u0131mlamaktad\u0131r. Devam\u0131nda da; <em>\u201c(3)\u2026yetkilerinden bir k\u0131sm\u0131n\u0131 gerekti\u011finde s\u0131n\u0131rlar\u0131n\u0131 yaz\u0131l\u0131 olarak belirterek astlar\u0131na devredebilir.\u201d <\/em>denilmektedir<em>. <\/em>Bu c\u00fcmlede devredilebilir yetkiler s\u0131n\u0131rland\u0131r\u0131lmam\u0131\u015ft\u0131r. Cumhurba\u015fkan\u0131 egemenli\u011fi kullanan organlardan birisidir ve <em>yeni d\u00fczenlemelerle de egemenli\u011fin kullan\u0131lmas\u0131ndan bahsedilmektedir. <\/em>\u00a0Dolay\u0131s\u0131yla yetki devri de bu anlamdad\u0131r yani egemenli\u011fin de devredilebilece\u011fi anlam\u0131na gelmektedir. H\u00e2lbuki Anayasan\u0131n 6\u2019\u0131nc\u0131 maddesi; <em>\u201cEgemenli\u011fin kullan\u0131lmas\u0131, hi\u00e7bir surette hi\u00e7bir ki\u015fiye, z\u00fcmreye veya s\u0131n\u0131fa b\u0131rak\u0131lamaz.\u201d <\/em>H\u00fckm\u00fcn\u00fc haizdir.<\/p>\n<p>Yeni T\u00fcrkiye\u2019nin \u015femas\u0131nda var olan b\u00fct\u00fcn bakanl\u0131klar, ofisler, ba\u015fkanl\u0131klar ve politika kurullar\u0131 ayr\u0131 ayr\u0131 Cumhurba\u015fkan\u0131na ba\u011fl\u0131 ve Cumhurba\u015fkan\u0131n\u0131n <em>\u201cgenel siyasetine, karar ve talimatlar\u0131na\u201d <\/em>g\u00f6re hareket etmek mecburiyeti vard\u0131r. Karar mercii tek ba\u015f\u0131na cumhurba\u015fkan\u0131d\u0131r.<\/p>\n<p>***<\/p>\n<p>Mill\u00ee G\u00fcvenlik Kurulu (MGK) Anayasan\u0131n 118\u2019inci maddesinde tan\u0131mlanm\u0131\u015ft\u0131r. 2017 Anayasa de\u011fi\u015fiklikleri ile <em>\u201cMADDE 118-\u00a0 Mill\u00ee G\u00fcvenlik Kurulu; Cumhurba\u015fkan\u0131n\u0131n ba\u015fkanl\u0131\u011f\u0131nda, Cumhurba\u015fkan\u0131 yard\u0131mc\u0131lar\u0131, Adalet, Mill\u00ee Savunma, \u0130\u00e7i\u015fleri, D\u0131\u015fi\u015fleri Bakanlar\u0131, Genelkurmay Ba\u015fkan\u0131, Kara, Deniz ve Hava kuvvetleri komutanlar\u0131ndan kurulur.\u201d <\/em>\u015eeklini alm\u0131\u015ft\u0131r.<\/p>\n<p>G\u00f6revi de<em> \u201cDevletin mill\u00ee g\u00fcvenlik siyasetinin tayini, tespiti ve uygulanmas\u0131 ile ilgili al\u0131nan tavsiye kararlar\u0131 ve gerekli koordinasyonun sa\u011flanmas\u0131 konusundaki g\u00f6r\u00fc\u015flerini Cumhurba\u015fkan\u0131na bildirir. Kurulun, Devletin varl\u0131\u011f\u0131 ve ba\u011f\u0131ms\u0131zl\u0131\u011f\u0131, \u00fclkenin b\u00fct\u00fcnl\u00fc\u011f\u00fc ve b\u00f6l\u00fcnmezli\u011fi, toplumun huzur ve g\u00fcvenli\u011finin korunmas\u0131 hususunda al\u0131nmas\u0131n\u0131 zorunlu g\u00f6rd\u00fc\u011f\u00fc tedbirlere ait kararlar Cumhurba\u015fkan\u0131nca de\u011ferlendirilir.\u201d <\/em>\u015eeklinde belirlenmi\u015ftir.<\/p>\n<p>Ancak \u00f6nce KHK ile eski yasas\u0131 kald\u0131r\u0131lm\u0131\u015f, Cumhurba\u015fkanl\u0131\u011f\u0131 Kararnamesi ile yerine MGK Genel Sekreterli\u011fi (MGKGS) ihdas edilmi\u015f, Kurul Sekreterli\u011fin Kanunu i\u00e7inde sadece <em>\u201cKurul\u201d<\/em> olarak an\u0131lmakta ve <em>\u201cKurul: Mill\u00ee G\u00fcvenlik Kurulu\u201d <\/em>ge\u00e7mektedir.<\/p>\n<p>Anayasada tam anlam\u0131yla tan\u0131mlanan ve g\u00f6revi belirlenmi\u015f bir kurulun, kurulu\u015f yasas\u0131 iptal edildikten sonra ni\u00e7in bir yasa \u00e7\u0131kar\u0131lmadan MGKSK yasas\u0131n\u0131n i\u00e7ine s\u0131k\u0131\u015ft\u0131r\u0131lmaktad\u0131r pek anla\u015f\u0131l\u0131r de\u011fildir.<\/p>\n<p>Eski yasada MGK \u00fcyelerinin kimler oldu\u011fu belirlenmi\u015f iken yeni yasada \u00fcyeler belli de\u011fildir.<\/p>\n<p>Yeni yasada <em>\u201cDevletin Mill\u00ee G\u00fcvenlik Siyaseti: <\/em>\u2026(MGK\u2019n\u0131n)<em> belirledi\u011fi g\u00f6r\u00fc\u015fler dahilinde Cumhurba\u015fkan\u0131 taraf\u0131ndan tespit edilen i\u00e7, d\u0131\u015f ve savunma hareket tarzlar\u0131na ait esaslar\u0131 kapsayan siyaseti\u201d <\/em>tan\u0131m\u0131 mevcuttur.<\/p>\n<p>Ayr\u0131ca Mill\u00ee G\u00fcvenlik Siyasetinin bir ki\u015fi taraf\u0131ndan belirlenmesi de anla\u015f\u0131l\u0131r de\u011fildir. Sonu\u00e7 itibar\u0131 ile Cumhurba\u015fkan\u0131 art\u0131k partilidir ve parti ba\u015fkan\u0131 olarak da siyaset yapabilmektedir. Elbette cumhurba\u015fkanl\u0131\u011f\u0131 belirleyici makamd\u0131r. Ancak milli siyaset T\u00fcrk Milletinin tamam\u0131m\u0131n \u00fczerinde mutabakat sa\u011flad\u0131\u011f\u0131 konulard\u0131r ve belki de birden fazla cumhurba\u015fkan\u0131n\u0131n d\u00f6neminde devam edecek konulard\u0131r. T\u0131pk\u0131 K\u0131br\u0131s meselesi ya da b\u00f6l\u00fcc\u00fc ter\u00f6r sorunu ya da Yunanistan\u2019la aram\u0131zdaki Ege Adalar\u0131 ve Bat\u0131 Trakya meselesi gibi. Dolay\u0131s\u0131yla toplumsal mutabakat \u00e7ok \u00f6nemlidir. Bunun i\u00e7indir ki mill\u00ee siyasetimizin sadece bir ki\u015fi taraf\u0131ndan tespit edilmesi hem g\u00fcc\u00fcn\u00fc zay\u0131flatacak hem de devletin devaml\u0131l\u0131\u011f\u0131nda s\u0131k\u0131nt\u0131 yaratacakt\u0131r.<\/p>\n<p>***<\/p>\n<p>Diyanet \u0130\u015fleri Ba\u015fkanl\u0131\u011f\u0131\u2019na (D\u0130B) y\u00fcklenen g\u00f6revler i\u00e7inde k\u00f6t\u00fcye kullan\u0131labilecek \u00f6nemli bir metin g\u00f6ze \u00e7arpmaktad\u0131r. Ba\u015fkanl\u0131k <em>\u201c\u2026 \u0130sl\u00e2m Dininin temel nitelikleri a\u00e7\u0131s\u0131ndan oldu\u011fu Kurul taraf\u0131ndan tespit edilen meallerin \u2026 yay\u0131m\u0131n\u0131n durdurulmas\u0131na, da\u011f\u0131t\u0131lm\u0131\u015f olanlar\u0131n toplat\u0131lmas\u0131na\u2026\u201d <\/em>yetkili k\u0131l\u0131nmaktad\u0131r. Bug\u00fcn bin bir par\u00e7a olmu\u015f M\u00fcsl\u00fcman d\u00fcnyas\u0131n\u0131n oldu\u011fu ger\u00e7e\u011fi ve <em>\u201cBenim \u0130slam anlay\u0131\u015f\u0131ma g\u00f6re\u201d <\/em>ya da <em>\u201c \u0130slam\u2019da bu yoktur dolay\u0131s\u0131yla\u2026\u201d <\/em>diye ba\u015flayacak c\u00fcmlelerle birlikte \u00fczerinde d\u00fc\u015f\u00fcn\u00fclmesi gereken \u00f6nemli bir husustur.<\/p>\n<p>***<\/p>\n<p>T\u00fcrk Silahl\u0131 Kuvvetlerinin b\u00fcy\u00fck tecr\u00fcbelerden sonra istikrar kazanm\u0131\u015f olan atama ve terfi y\u00f6ntemi tamamen de\u011fi\u015fmi\u015ftir. Her t\u00fcrl\u00fc atama zaman\u0131 ve bekleme s\u00fcreleri gerekli g\u00f6rd\u00fc\u011f\u00fc takdirde Cumhurba\u015fkan\u0131 taraf\u0131ndan de\u011fi\u015ftirilebilecek duruma getirilmi\u015ftir. G\u00f6rev s\u00fcresi uzatmas\u0131 da Cumhurba\u015fkan\u0131na b\u0131rak\u0131lmaktad\u0131r. Ya\u015f Karar\u0131 ile ili\u015fik kesme yerine Cumhurba\u015fkan\u0131na geni\u015f bir hareket alan\u0131 olu\u015fturulmu\u015ftur.<\/p>\n<p>Ordunun siyaset i\u00e7inde olmas\u0131n\u0131n bedeli Balkan Harbi ve sonras\u0131nda \u00e7ok a\u011f\u0131r bir \u015fekilde \u00f6denmi\u015ftir. Askerimizin siyaset d\u0131\u015f\u0131nda tutulmas\u0131 hayati \u00f6nemi haizdir.<\/p>\n<p>***<\/p>\n<p>Bu de\u011fi\u015fiklikler esnas\u0131nda sessiz ve sedas\u0131z bir \u015fekilde 6551 say\u0131l\u0131 Kanun y\u00fcr\u00fcrl\u00fckten kald\u0131r\u0131lm\u0131\u015ft\u0131r. T\u00fcrk kamuoyunun bir b\u00f6l\u00fcm\u00fcn\u00fcn A\u00e7\u0131l\u0131m Yasas\u0131 olarak da isimlendirdi\u011fi, tam ad\u0131; Ter\u00f6r\u00fcn Sona Erdirilmesi ve Toplumsal B\u00fct\u00fcnle\u015fmenin G\u00fc\u00e7lendirilmesine Dair Kanun olan metin kald\u0131r\u0131lm\u0131\u015ft\u0131r.<\/p>\n<p>2014 y\u0131l\u0131nda her t\u00fcrl\u00fc itiraza ra\u011fmen Meclis\u2019ten ge\u00e7irilen yasa, gerek\u00e7esinde ortaya konuldu\u011fu gibi <em>\u201c2009\u2019dan beri devam eden bir s\u00fcreci\u201d <\/em>yasal hale getirmek i\u00e7indi. Hatta, birinci maddesi, <em>Ama\u00e7 ve kapsam:<\/em> <em>\u201c<\/em> <em>Bu Kanunun amac\u0131, ter\u00f6r\u00fcn sona erdirilmesi ve toplumsal b\u00fct\u00fcnle\u015fmenin g\u00fc\u00e7lendirilmesi i\u00e7in Y\u00dcR\u00dcT\u00dcLEN \u00e7\u00f6z\u00fcm s\u00fcrecine ili\u015fkin usul ve esaslar\u0131 d\u00fczenlemektir.\u201d <\/em>Demekteydi. Beka meselesi bu ve benzeri s\u00fcre\u00e7ler y\u00fcz\u00fcnden miydi, bilinmiyor ama \u00e7ok b\u00fcy\u00fck katk\u0131s\u0131 oldu\u011fu ger\u00e7ek.<\/p>\n<p>Sadece bu s\u00fcre\u00e7(er)i y\u00f6netmek i\u00e7in kurulmu\u015f olan Kamu D\u00fczeni ve G\u00fcvenli\u011fi M\u00fcste\u015farl\u0131\u011f\u0131 da kapat\u0131larak, s\u0131rlar\u0131yla beraber tarihin ar\u015fivlerinde yerini ald\u0131. Bir g\u00fcn a\u00e7\u0131l\u0131r m\u0131? Kim bilir, belki\u2026<\/p>\n<h2><strong>T\u00fcrk Milliyet\u00e7ileri nerede duruyor?<\/strong><\/h2>\n<p>Olan bitenin en ilgin\u00e7 yan\u0131 T\u00fcrkiye Cumhuriyeti\u2019nin kurucusu T\u00fcrk Milliyet\u00e7ili\u011fi fikrinin bir kesimi, ba\u015fkanl\u0131k teklifini ilk ortaya atanlar oldular ve sonuna kadar da destek verdiler, <em>Yeni Devlet\u2019<\/em>in \u00f6n\u00fcn\u00fc a\u00e7t\u0131lar. Teklif ve destek verme gerek\u00e7esi de, \u201c<em>T\u00fcrkiye<\/em> <em>beka problemi ya\u015famaktad\u0131r, mecburiyet vard\u0131r\u201d<\/em> idi.<\/p>\n<p>T\u00fcrk milliyet\u00e7ilerinin ba\u015fka bir kesimi ise daha se\u00e7imden hemen sonra, ne yap\u0131ld\u0131\u011f\u0131na bile bakmadan, se\u00e7im sonucunu kutlad\u0131lar, hay\u0131rl\u0131 olsun temennisinde bulundular.<\/p>\n<p>Cumhurba\u015fkan\u0131 Yard\u0131mc\u0131s\u0131n\u0131n <em>\u201c15 Temmuz\u2019dan d\u00f6rt ay \u00f6nce ba\u015flad\u0131k yani Mart 2016\u2019da\u201d <\/em>s\u00f6zleri Ba\u015fkanl\u0131k teklifini ilk ortaya atanlar ve T\u00fcrk Milletinin g\u00fcndemine getirenler a\u00e7\u0131s\u0131ndan izaha muhta\u00e7t\u0131r. \u00c7\u00fcnk\u00fc beka problemi devaml\u0131 olarak 15 Temmuz\u2019la ili\u015fkilendirilerek a\u00e7\u0131klan\u0131yor.<\/p>\n<p>T\u00fcrkiye\u2019nin ve T\u00fcrk Milletinin beka problemi vard\u0131r ve ba\u015fkanl\u0131k bu problemi \u00e7\u00f6zmek i\u00e7in tek \u00e7aredir, dolay\u0131s\u0131yla desteklenmelidir diyenler, 15 Temmuz \u00f6ncesinde nelerin beka problemine yol a\u00e7t\u0131\u011f\u0131n\u0131 ve bunun boyutlar\u0131n\u0131 kamuoyunu ayd\u0131nlatmal\u0131d\u0131rlar.<\/p>\n<p>Cumhurba\u015fkan\u0131 ve Yard\u0131mc\u0131s\u0131n\u0131n de\u011fi\u015fik zamanlarda sarf ettikleri <em>\u201ciki y\u00fcz y\u0131ll\u0131k y\u00f6netim tart\u0131\u015fmas\u0131 bitti\u201d <\/em>ifadesi, s\u00f6yleyenler a\u00e7\u0131s\u0131ndan do\u011fru olabilir. Ama T\u00fcrkiye Cumhuriyetinin kurucu fikrinin bug\u00fcnk\u00fc temsilcisi olan T\u00fcrk Milliyet\u00e7ilerinin bu sistem de\u011fi\u015fikli\u011fini destekleyen, deste\u011fi ile ger\u00e7ekle\u015fmesini sa\u011flayan kesimi ile de\u011fi\u015fimi kutlayan, bu fikrin ete kemi\u011fe b\u00fcr\u00fcnd\u00fc\u011f\u00fc STK\u2019lar da, bu husustaki d\u00fc\u015f\u00fcncesi ve duru\u015funu izah etmelidir. Bu izah T\u00fcrk Milletini ikna etmelidir. Aksi takdirde tarih onlar\u0131 da kaydedecektir.<\/p>\n<p>***<\/p>\n<p>OHAL yerine teklif edilen ve ter\u00f6rle m\u00fccadele i\u00e7in denilen yasa teklifine de <em>Yeni Devlet <\/em>a\u00e7\u0131s\u0131ndan bakmak gerekir. G\u00f6r\u00fcnen o ki \u00fc\u00e7 y\u0131ll\u0131k s\u00fcre i\u00e7in ge\u00e7erli olaca\u011f\u0131 s\u00f6ylenen yasa ile b\u00fct\u00fcn kar\u015f\u0131 \u00e7\u0131k\u0131\u015flar \u00f6nce bask\u0131 alt\u0131na alacak, e\u011fer yine de rahats\u0131zl\u0131k olursa m\u0131nt\u0131ka temizli\u011fi kolayca yap\u0131lacakt\u0131r.<\/p>\n<p>Devlet y\u00fczlerce y\u0131ll\u0131k tecr\u00fcbenin sonucu olu\u015fmu\u015f bir nizamd\u0131r. Bir ki\u015finin iste\u011fi veya do\u011fru bulduklar\u0131 ile verece\u011fi kararlar ile yeni ya da yeniden kurulamaz. Bir insan i\u00e7in bu kadar y\u00fck ta\u015f\u0131namayacak kadar fazlad\u0131r ve T\u00fcrk tarihinin hi\u00e7bir d\u00f6neminde tek bir ki\u015fide bu kadar yetki toplanmam\u0131\u015ft\u0131r. E\u011fer d\u00f6n\u00fclmezse gidi\u015f karma\u015fa ve kaosa do\u011frudur.<\/p>\n<p><a href=\"#_ednref1\" name=\"_edn1\">*<\/a> http:\/\/www.gazetevatan.com\/murat-celik-1181441-yazar-yazisi-baskan-yardimcisi-nin-agzindan-yeni-sistemin-kodlari\/<\/p>\n<p><a href=\"#_ednref2\" name=\"_edn2\">*<\/a>* Bu hususta daha geni\u015f de\u011ferlendirme M\u0130SAK\u2019ta yay\u0131nlanm\u0131\u015f olan i\u00e7in \u00a0<a href=\"http:\/\/misak.millidusunce.com\/28-subat-kararlari-ya-da-hemserim-yolculuk-nereye\/\">http:\/\/misak.millidusunce.com\/28-subat-kararlari-ya-da-hemserim-yolculuk-nereye\/<\/a> yaz\u0131s\u0131na bak\u0131labilir.<\/p>\n","protected":false},"excerpt":{"rendered":"<p>Kararnameler nas\u0131l bir devleti getiriyor? T\u00fcrkiye nereye gidiyor? Bir s\u00fcre i\u00e7in \u00fclke y\u00f6netimine g\u00f6revlendirilen birisine bu kadar yetki niye? Cumhuriyeti kuran T\u00fcrk Milliyet\u00e7ileri ne yap\u0131yor? T\u00fcrk Milletinin egemenli\u011fi \u00fczerindeki kara bulutlar\u2026<\/p>\n","protected":false},"author":26,"featured_media":2850,"comment_status":"open","ping_status":"open","sticky":false,"template":"","format":"standard","meta":{"_links_to":"","_links_to_target":""},"categories":[2,66,68],"tags":[],"yoast_head":"<!-- This site is optimized with the Yoast SEO plugin v16.0.2 - https:\/\/yoast.com\/wordpress\/plugins\/seo\/ -->\n<title>Yeni T\u00fcrkiye, yeni bir devlet II!.. - M\u0130SAK- Mill\u00ee Strateji Ara\u015ft\u0131rma Kurulu<\/title>\n<link rel=\"canonical\" href=\"https:\/\/millidusunce.com\/misak\/yeni-turkiye-yeni-bir-devlet-2\/\" \/>\n<meta property=\"og:locale\" content=\"tr_TR\" \/>\n<meta property=\"og:type\" content=\"article\" \/>\n<meta property=\"og:title\" content=\"Yeni T\u00fcrkiye, yeni bir devlet II!.. - M\u0130SAK- Mill\u00ee Strateji Ara\u015ft\u0131rma Kurulu\" \/>\n<meta property=\"og:description\" content=\"Kararnameler nas\u0131l bir devleti getiriyor? T\u00fcrkiye nereye gidiyor? Bir s\u00fcre i\u00e7in \u00fclke y\u00f6netimine g\u00f6revlendirilen birisine bu kadar yetki niye? Cumhuriyeti kuran T\u00fcrk Milliyet\u00e7ileri ne yap\u0131yor? T\u00fcrk Milletinin egemenli\u011fi \u00fczerindeki kara bulutlar\u2026\" \/>\n<meta property=\"og:url\" content=\"https:\/\/millidusunce.com\/misak\/yeni-turkiye-yeni-bir-devlet-2\/\" \/>\n<meta property=\"og:site_name\" content=\"M\u0130SAK- Mill\u00ee Strateji Ara\u015ft\u0131rma Kurulu\" \/>\n<meta property=\"article:published_time\" content=\"2018-07-19T16:30:31+00:00\" \/>\n<meta property=\"article:modified_time\" content=\"2018-07-20T10:30:55+00:00\" \/>\n<meta property=\"og:image\" content=\"https:\/\/millidusunce.com\/misak\/wp-content\/uploads\/2018\/07\/fors_72382.png\" \/>\n\t<meta property=\"og:image:width\" content=\"1600\" \/>\n\t<meta property=\"og:image:height\" content=\"1066\" \/>\n<meta name=\"twitter:card\" content=\"summary_large_image\" \/>\n<meta name=\"twitter:label1\" content=\"Tahmini okuma s\u00fcresi\">\n\t<meta name=\"twitter:data1\" content=\"12 dakika\">\n<script type=\"application\/ld+json\" class=\"yoast-schema-graph\">{\"@context\":\"https:\/\/schema.org\",\"@graph\":[{\"@type\":\"Organization\",\"@id\":\"https:\/\/millidusunce.com\/misak\/#organization\",\"name\":\"Mill\\u00ee D\\u00fc\\u015f\\u00fcnce Merkezi\",\"url\":\"https:\/\/millidusunce.com\/misak\/\",\"sameAs\":[],\"logo\":{\"@type\":\"ImageObject\",\"@id\":\"https:\/\/millidusunce.com\/misak\/#logo\",\"inLanguage\":\"tr\",\"url\":\"https:\/\/millidusunce.com\/misak\/wp-content\/uploads\/2018\/09\/mdmLogo-yazisiz.jpg\",\"width\":422,\"height\":422,\"caption\":\"Mill\\u00ee D\\u00fc\\u015f\\u00fcnce Merkezi\"},\"image\":{\"@id\":\"https:\/\/millidusunce.com\/misak\/#logo\"}},{\"@type\":\"WebSite\",\"@id\":\"https:\/\/millidusunce.com\/misak\/#website\",\"url\":\"https:\/\/millidusunce.com\/misak\/\",\"name\":\"M\\u0130SAK- Mill\\u00ee Strateji Ara\\u015ft\\u0131rma Kurulu\",\"description\":\"D\\u00fcnyaya T\\u00fcrk\\u00e7\\u00fc Bak\\u0131\\u015f\",\"publisher\":{\"@id\":\"https:\/\/millidusunce.com\/misak\/#organization\"},\"potentialAction\":[{\"@type\":\"SearchAction\",\"target\":\"https:\/\/millidusunce.com\/misak\/?s={search_term_string}\",\"query-input\":\"required name=search_term_string\"}],\"inLanguage\":\"tr\"},{\"@type\":\"ImageObject\",\"@id\":\"https:\/\/millidusunce.com\/misak\/yeni-turkiye-yeni-bir-devlet-2\/#primaryimage\",\"inLanguage\":\"tr\",\"url\":\"https:\/\/millidusunce.com\/misak\/wp-content\/uploads\/2018\/07\/fors_72382.png\",\"width\":1600,\"height\":1066},{\"@type\":\"WebPage\",\"@id\":\"https:\/\/millidusunce.com\/misak\/yeni-turkiye-yeni-bir-devlet-2\/#webpage\",\"url\":\"https:\/\/millidusunce.com\/misak\/yeni-turkiye-yeni-bir-devlet-2\/\",\"name\":\"Yeni T\\u00fcrkiye, yeni bir devlet II!.. - M\\u0130SAK- Mill\\u00ee Strateji Ara\\u015ft\\u0131rma Kurulu\",\"isPartOf\":{\"@id\":\"https:\/\/millidusunce.com\/misak\/#website\"},\"primaryImageOfPage\":{\"@id\":\"https:\/\/millidusunce.com\/misak\/yeni-turkiye-yeni-bir-devlet-2\/#primaryimage\"},\"datePublished\":\"2018-07-19T16:30:31+00:00\",\"dateModified\":\"2018-07-20T10:30:55+00:00\",\"breadcrumb\":{\"@id\":\"https:\/\/millidusunce.com\/misak\/yeni-turkiye-yeni-bir-devlet-2\/#breadcrumb\"},\"inLanguage\":\"tr\",\"potentialAction\":[{\"@type\":\"ReadAction\",\"target\":[\"https:\/\/millidusunce.com\/misak\/yeni-turkiye-yeni-bir-devlet-2\/\"]}]},{\"@type\":\"BreadcrumbList\",\"@id\":\"https:\/\/millidusunce.com\/misak\/yeni-turkiye-yeni-bir-devlet-2\/#breadcrumb\",\"itemListElement\":[{\"@type\":\"ListItem\",\"position\":1,\"item\":{\"@type\":\"WebPage\",\"@id\":\"https:\/\/millidusunce.com\/misak\/\",\"url\":\"https:\/\/millidusunce.com\/misak\/\",\"name\":\"Anasayfa\"}},{\"@type\":\"ListItem\",\"position\":2,\"item\":{\"@type\":\"WebPage\",\"@id\":\"https:\/\/millidusunce.com\/misak\/yeni-turkiye-yeni-bir-devlet-2\/\",\"url\":\"https:\/\/millidusunce.com\/misak\/yeni-turkiye-yeni-bir-devlet-2\/\",\"name\":\"Yeni T\\u00fcrkiye, yeni bir devlet II!..\"}}]},{\"@type\":\"Article\",\"@id\":\"https:\/\/millidusunce.com\/misak\/yeni-turkiye-yeni-bir-devlet-2\/#article\",\"isPartOf\":{\"@id\":\"https:\/\/millidusunce.com\/misak\/yeni-turkiye-yeni-bir-devlet-2\/#webpage\"},\"author\":{\"@id\":\"https:\/\/millidusunce.com\/misak\/#\/schema\/person\/3ab4cf19eb1b7f72b4d39104dc2d599b\"},\"headline\":\"Yeni T\\u00fcrkiye, yeni bir devlet II!..\",\"datePublished\":\"2018-07-19T16:30:31+00:00\",\"dateModified\":\"2018-07-20T10:30:55+00:00\",\"mainEntityOfPage\":{\"@id\":\"https:\/\/millidusunce.com\/misak\/yeni-turkiye-yeni-bir-devlet-2\/#webpage\"},\"commentCount\":0,\"publisher\":{\"@id\":\"https:\/\/millidusunce.com\/misak\/#organization\"},\"image\":{\"@id\":\"https:\/\/millidusunce.com\/misak\/yeni-turkiye-yeni-bir-devlet-2\/#primaryimage\"},\"articleSection\":\"S\\u0130YASET-TAR\\u0130H,T\\u00dcRKL\\u00dcK-T\\u00dcRK\\u00c7\\u00dcL\\u00dcK\",\"inLanguage\":\"tr\",\"potentialAction\":[{\"@type\":\"CommentAction\",\"name\":\"Comment\",\"target\":[\"https:\/\/millidusunce.com\/misak\/yeni-turkiye-yeni-bir-devlet-2\/#respond\"]}]},{\"@type\":\"Person\",\"@id\":\"https:\/\/millidusunce.com\/misak\/#\/schema\/person\/3ab4cf19eb1b7f72b4d39104dc2d599b\",\"name\":\"Hakan Paksoy\",\"image\":{\"@type\":\"ImageObject\",\"@id\":\"https:\/\/millidusunce.com\/misak\/#personlogo\",\"inLanguage\":\"tr\",\"url\":\"https:\/\/secure.gravatar.com\/avatar\/b57d69fc35f9a591489f2791830a0011?s=96&d=mm&r=g\",\"caption\":\"Hakan Paksoy\"},\"description\":\"1960 y\\u0131l\\u0131nda Isparta\\u2019da do\\u011fdu. \\u0130lk, orta ve lise \\u00f6\\u011frenimini memleketi olan Kahramanmara\\u015f\\u2019ta, y\\u00fcksek \\u00f6\\u011frenimini Ankara\\u2019da, Gazi \\u00dcniversitesi M\\u00fchendislik Mimarl\\u0131k Fak\\u00fcltesi Elektrik B\\u00f6l\\u00fcm\\u00fcnde yapt\\u0131. O zamanki ad\\u0131 T\\u00fcrkiye Elektrik Kurumu (TEK) K. Mara\\u015f \\u0130l M\\u00fcd\\u00fcrl\\u00fc\\u011f\\u00fc\\u2019nde m\\u00fchendis olarak g\\u00f6reve ba\\u015flad\\u0131. M\\u00fchendis, ba\\u015fm\\u00fchendis ve m\\u00fcessese m\\u00fcd\\u00fcr yard\\u0131mc\\u0131l\\u0131\\u011f\\u0131 g\\u00f6revlerini yapt\\u0131. 1999 y\\u0131l\\u0131nda TEDA\\u015e Genel M\\u00fcd\\u00fcrl\\u00fc\\u011f\\u00fcnde \\u015eube M\\u00fcd\\u00fcrl\\u00fc\\u011f\\u00fc yapt\\u0131. Temmuz 2017\\u2019de emekli oldu. Kahramanmara\\u015f T\\u00fcrk Oca\\u011f\\u0131 \\u015eubesinin kurulu\\u015fundan itibaren; y\\u00f6netim kurulu \\u00fcyeli\\u011fi, sekreterlik, ba\\u015fkan yard\\u0131mc\\u0131l\\u0131\\u011f\\u0131 ve iki d\\u00f6nem ba\\u015fkanl\\u0131k yapm\\u0131\\u015ft\\u0131r. 1995 Genel se\\u00e7imlerinde MHP\\u2019den milletvekili aday\\u0131 olmu\\u015ftur. T\\u00fcrkiye Kamu Sen\\u2019in kurulu\\u015funda ilk \\u015fube ba\\u015fkanlar\\u0131ndand\\u0131r. Ankara\\u2019da \\u00e7al\\u0131\\u015fmaya ba\\u015flad\\u0131ktan sonra T\\u00fcrk Enerji Sen Genel Merkez Y\\u00f6netim Kurulunda \\u00e7al\\u0131\\u015fm\\u0131\\u015ft\\u0131r. 1985-87 aras\\u0131nda askerlik g\\u00f6revini yapm\\u0131\\u015ft\\u0131r. Mill\\u00ee D\\u00fc\\u015f\\u00fcnce Merkezi (MDM) Y\\u00f6netim Kurulu \\u00fcyesidir ve internet sitesinde yaz\\u0131lar\\u0131 yay\\u0131nlanmaktad\\u0131r. Evlidir. Biri k\\u0131z di\\u011feri erkek iki \\u00e7ocu\\u011fu vard\\u0131r.\"}]}<\/script>\n<!-- \/ Yoast SEO plugin. -->","_links":{"self":[{"href":"https:\/\/millidusunce.com\/misak\/wp-json\/wp\/v2\/posts\/2841"}],"collection":[{"href":"https:\/\/millidusunce.com\/misak\/wp-json\/wp\/v2\/posts"}],"about":[{"href":"https:\/\/millidusunce.com\/misak\/wp-json\/wp\/v2\/types\/post"}],"author":[{"embeddable":true,"href":"https:\/\/millidusunce.com\/misak\/wp-json\/wp\/v2\/users\/26"}],"replies":[{"embeddable":true,"href":"https:\/\/millidusunce.com\/misak\/wp-json\/wp\/v2\/comments?post=2841"}],"version-history":[{"count":0,"href":"https:\/\/millidusunce.com\/misak\/wp-json\/wp\/v2\/posts\/2841\/revisions"}],"wp:featuredmedia":[{"embeddable":true,"href":"https:\/\/millidusunce.com\/misak\/wp-json\/wp\/v2\/media\/2850"}],"wp:attachment":[{"href":"https:\/\/millidusunce.com\/misak\/wp-json\/wp\/v2\/media?parent=2841"}],"wp:term":[{"taxonomy":"category","embeddable":true,"href":"https:\/\/millidusunce.com\/misak\/wp-json\/wp\/v2\/categories?post=2841"},{"taxonomy":"post_tag","embeddable":true,"href":"https:\/\/millidusunce.com\/misak\/wp-json\/wp\/v2\/tags?post=2841"}],"curies":[{"name":"wp","href":"https:\/\/api.w.org\/{rel}","templated":true}]}}