{"id":3228,"date":"2018-09-13T19:30:13","date_gmt":"2018-09-13T16:30:13","guid":{"rendered":"http:\/\/misak.millidusunce.com\/?p=3228"},"modified":"2018-09-14T17:20:21","modified_gmt":"2018-09-14T14:20:21","slug":"turkiye-turklerinin-etnografik-tasnifi-yazan-ziya-gokalp","status":"publish","type":"post","link":"https:\/\/millidusunce.com\/misak\/turkiye-turklerinin-etnografik-tasnifi-yazan-ziya-gokalp\/","title":{"rendered":"T\u00fcrkiye T\u00fcrkleri&#8217;nin etnografik tasnifi- Yazan: Ziya G\u00f6kalp"},"content":{"rendered":"<p style=\"padding-left: 150px;\"><span style=\"margin: 0px; color: black; font-family: 'Book Antiqua','serif'; font-size: 12pt;\"><img loading=\"lazy\" class=\"size-full wp-image-3229 aligncenter\" src=\"http:\/\/misak.millidusunce.com\/wp-content\/uploads\/2018\/09\/GokalpDergisi.jpg\" alt=\"\" width=\"800\" height=\"602\" srcset=\"https:\/\/millidusunce.com\/misak\/wp-content\/uploads\/2018\/09\/GokalpDergisi.jpg 800w, https:\/\/millidusunce.com\/misak\/wp-content\/uploads\/2018\/09\/GokalpDergisi-150x113.jpg 150w, https:\/\/millidusunce.com\/misak\/wp-content\/uploads\/2018\/09\/GokalpDergisi-300x226.jpg 300w, https:\/\/millidusunce.com\/misak\/wp-content\/uploads\/2018\/09\/GokalpDergisi-768x578.jpg 768w\" sizes=\"(max-width: 800px) 100vw, 800px\" \/>Ziya G\u00f6kalp&#8217;in bu unutulmu\u015f makalesini T\u00fcrkolog Dr. Ferhat Tamir, yazar\u0131m\u0131z Prof. Dr. Ahmet Bican Ercilasun&#8217;a, o da bize g\u00f6nderdi. Makale 1923&#8217;teki ilk yay\u0131n\u0131ndan sonra 1974&#8217;te Ziya G\u00f6kalp Derne\u011fi taraf\u0131ndan \u015fu notla tekrar yay\u0131nlanm\u0131\u015f: <em>&#8220;<\/em><\/span><span style=\"margin: 0px; color: black; font-family: 'Book Antiqua','serif'; font-size: 12pt;\"><em>Not : Bu makale Antep\u2019i ziyaretlerinde Ziya G\u00f6kalp merhum taraf\u0131ndan Gazisancak gazetesi i\u00e7in yaz\u0131lm\u0131\u015f ve bu gazetenin 2 Nisan 1923 tarih ve 118 say\u0131l\u0131 n\u00fcsha\u00ads\u0131nda ne\u015fredilmi\u015ftir.&#8221;<\/em> 1974 tarihli yay\u0131n\u0131 resimde g\u00f6r\u00fcyorsunuz. G\u00f6kalp&#8217;in kulland\u0131\u011f\u0131 yaz\u0131m kurallar\u0131n\u0131 m\u00fcmk\u00fcn mertebe aksettirme\u011fe \u00e7al\u0131\u015ft\u0131k. <\/span><span style=\"margin: 0px; color: black; font-family: 'Book Antiqua','serif'; font-size: 12pt;\">\u00a0<\/span><\/p>\n<p><span style=\"margin: 0px; color: black; font-family: 'Book Antiqua','serif'; font-size: 12pt;\">T\u00fcrkiye\u2019deki T\u00fcrklerin hepsi O\u011fuz uru\u011fundand\u0131r. O\u011fuzlar T\u00fcr\u00adkiye\u2019ye muhtelif zamanlarda \u00fc\u00e7 b\u00fcy\u00fck g\u00f6\u00e7 halinde geldiler. Birinci g\u00f6\u00e7, Sel\u00e7uk\u00eelerle beraber gelen O\u011fuzlard\u0131r. Bunlara, K\u0131n\u0131k O\u011fuzlar\u0131 diyebiliriz; \u00e7\u00fcnk\u00fc Sel\u00e7uk\u00ee hanedan\u0131 K\u0131n\u0131k boyundand\u0131. Bu O\u011fuzlar saltanattan ba\u015fka, Artuk\u00eeler, Atabekler, Yenalo\u011fullan, Dani\u015fmendliler, Meng\u00fc\u00e7o\u011fullan gibi bir\u00e7ok h\u00fck\u00fcmetler kurdular.\u00a0<\/span><span style=\"margin: 0px; font-family: 'Times New Roman','serif'; font-size: 12pt;\"><span style=\"color: #000000;\">\u00a0<\/span><\/span><\/p>\n<p><span style=\"margin: 0px; color: black; font-family: 'Book Antiqua','serif'; font-size: 12pt;\">\u0130kinci g\u00f6\u00e7, Cel\u00e2leddin Harzem\u015fahla beraber gelen Salur O\u011fuzlar\u0131\u2019d\u0131r. Salur hanedan\u0131 K\u00e2\u015fgar&#8217;da Hakaniye Devleti&#8217;ni tesis<\/span><span lang=\"EN-US\" style=\"margin: 0px; color: black; font-family: 'Book Antiqua','serif'; font-size: 12pt;\"> e<\/span><span style=\"margin: 0px; color: black; font-family: 'Book Antiqua','serif'; font-size: 12pt;\">tmi\u015flerdi. Sel\u00e7uk<\/span> <span style=\"margin: 0px; color: black; font-family: 'Book Antiqua','serif'; font-size: 12pt;\">bu h\u00fck\u00fcmetin suba\u015f\u0131s\u0131 iken ba\u015f\u0131ndaki \u00abYabgu\u00bb yani \u00ab\u0130lbeyi\u00bb ile bozu\u015ftu\u011fundan, O\u011fuzlar\u0131n bir k\u0131smile Salur O\u011fuzlar\u0131ndan ayr\u0131l\u00adm\u0131\u015ft\u0131. Kara Hataylar\u0131n K\u00e2\u015f\u011far\u0131 istil\u00e2 etmeleri \u00fczerine, Salur O\u011fuzla\u00adr\u0131,<\/span> <span style=\"margin: 0px; color: black; font-family: 'Book Antiqua','serif'; font-size: 12pt;\">Harzem \u00fclkesine g\u00f6\u00e7<\/span> <span style=\"margin: 0px; color: black; font-family: 'Book Antiqua','serif'; font-size: 12pt;\">ettiler. Cengiz istil\u00e2s\u0131 ba\u015flay\u0131nca, Cel\u00e2leddin Harzem\u015fahla beraber garba geldiler. Cel\u00e2l\u2019in \u015fehadetinden sonra her tarafa da\u011f\u0131ld\u0131lar.<\/span><span style=\"margin: 0px; font-family: 'Times New Roman','serif'; font-size: 12pt;\"><span style=\"color: #000000;\">\u00a0<\/span><\/span><\/p>\n<p><span style=\"margin: 0px; color: black; font-family: 'Book Antiqua','serif'; font-size: 12pt;\">Kan\u0131kl\u0131lar, Kala\u00e7lar, Karake\u00e7i, Bucak, Bay\u0131r, \u0130lbeyi, Sar\u0131lar, Te\u00adkeler, \u00c7avdarlar, Karamanlar, Karakalpaklar ve hatta Osmanl\u0131lar\u0131n ecdad\u0131 olan Kay\u0131lar bu g\u00f6\u00e7e mensupturlar. Bunlar da Osmanl\u0131 Dev\u00adleti&#8217;nden ba\u015fka, Ayd\u0131no\u011fullar\u0131, Ramazano\u011fullar\u0131, Hamido\u011fullar\u0131, Dulkadirler gibi m\u00fcteaddit h\u00fck\u00fcmetler v\u00fccuda getirdiler. Harzem \u00fclkesinde h\u00e2l\u00e2 Kay\u0131, Salur, \u00c7avdar, Teke, Sanlar, Karamanlar, Kar\u00e2kalpaklardan iller ve boylar mevcuttur.<\/span><span style=\"margin: 0px; font-family: 'Times New Roman','serif'; font-size: 12pt;\"><span style=\"color: #000000;\">\u00a0<\/span><\/span><\/p>\n<p><span style=\"margin: 0px; color: black; font-family: 'Book Antiqua','serif'; font-size: 12pt;\">\u00dc\u00e7\u00fcnc\u00fc g\u00f6\u00e7, \u015earki \u0130ran\u2019\u0131n Farap k\u0131\u015fla\u011f\u0131nda ve Karacuk yayla\u011f\u0131nda ya\u015fayan O\u011fuzlard\u0131r. Bunlar da \u0130lhaniler devrinde garbe g\u00f6\u00e7 ettiler. <\/span><i><span style=\"margin: 0px; color: black; letter-spacing: -0.5pt; font-family: 'Century Schoolbook','serif'; font-size: 12pt;\">Korkut Ata Kitab\u0131<\/span><\/i><span style=\"margin: 0px; color: black; font-family: 'Book Antiqua','serif'; font-size: 12pt;\"> bu ile mensuptur. Bu O\u011fuzlar\u0131n ba\u015f\u0131nda, Bay\u0131nd\u0131r boyuna mensup bir han vard\u0131. Bu hanlardan Akkoyunlu Devleti do\u011fdu. T\u00e2bilerinden de Karakoyunlu Devleti v\u00fbcud\u00e2<\/span> <span style=\"margin: 0px; color: black; font-family: 'Book Antiqua','serif'; font-size: 12pt;\">geldi. <\/span><i><span style=\"margin: 0px; color: black; letter-spacing: -0.5pt; font-family: 'Century Schoolbook','serif'; font-size: 12pt;\">Korkut Ata Kitab\u0131\u2019n\u0131n<\/span><\/i><span style=\"margin: 0px; color: black; font-family: 'Book Antiqua','serif'; font-size: 12pt;\"> son O\u011fuznamesi, bu O\u011fuzlar\u0131n iki kolunu te\u015f\u00adkil eden<\/span><span lang=\"EN-US\" style=\"margin: 0px; color: black; font-family: 'Book Antiqua','serif'; font-size: 12pt;\"> \u00dc<\/span><span style=\"margin: 0px; color: black; font-family: 'Book Antiqua','serif'; font-size: 12pt;\">\u00e7oklar\u2019la Bozoklar\u2019\u0131n m\u00fcnazaas\u0131n\u0131 g\u00f6steriyor. Bu vaka \u00fcze\u00adrine Bozoklar&#8217;\u0131n Bay\u0131nd\u0131r hanedan\u0131ndan uzak ya\u015fad\u0131\u011f\u0131 baz\u0131 izlerden anla\u015f\u0131l\u0131yor.<\/span><span style=\"margin: 0px; font-family: 'Times New Roman','serif'; font-size: 12pt;\"><span style=\"color: #000000;\">\u00a0<\/span><\/span><\/p>\n<p><span style=\"margin: 0px; color: black; font-family: 'Book Antiqua','serif'; font-size: 12pt;\">Bug\u00fcn memleketimizde T\u00fcrkmen ad\u0131n\u0131 ta\u015f\u0131yanlar, bilhassa bu Bay\u0131nd\u0131r O\u011fuzlar\u0131&#8217;n\u0131n Bozoklar\u0131d\u0131r. \u00c7\u00fcnk\u00fc bunlar h\u00fck\u00fcmet te\u015fkil etmeyerek \u015fimdiye kadar hep \u00abil\u00bb hayat\u0131 ya\u015fad\u0131lar. H\u00fck\u00fcmet te\u015fkil edip \u015fehirlerde oturanlar \u00abT\u00fcrk\u00bb ad\u0131n\u0131 ald\u0131klar\u0131 halde, bunlar eski \u00abT\u00fcrkmen\u00bb unvanlar\u0131n\u0131 muhafaza<\/span><span lang=\"EN-US\" style=\"margin: 0px; color: black; font-family: 'Book Antiqua','serif'; font-size: 12pt;\"> ettiler. An<\/span><span style=\"margin: 0px; color: black; font-family: 'Book Antiqua','serif'; font-size: 12pt;\">\u00e2dolu\u2019daki Salur O\u011fuzlar\u0131n\u0131n g\u00f6\u00e7ebeleri \u00abY\u00fcr\u00fck\u00bb unvanile bunlardan tefrik olunmaktad\u0131r.<\/span><span style=\"margin: 0px; color: black; font-family: 'Book Antiqua','serif'; font-size: 12pt;\">\u00a0<\/span><\/p>\n<p><span style=\"margin: 0px; color: black; font-family: 'Book Antiqua','serif'; font-size: 12pt;\">Bu \u00fc\u00e7\u00fcnc\u00fc g\u00f6\u00e7e ait Bozoklar, Yozgat, sanca\u011f\u0131na \u00abBozok\u00bb unvan\u0131n\u0131 veren O\u011fuzlard\u0131r. Bunlardan Af\u015far boyu Aziziye ve Konya taraflar\u0131nda otururlar (\u0130ran&#8217;daki Af\u015farlar Nadir \u015eah zaman\u0131nda bir h\u00fck\u00fcmet de te\u015fkil etmi\u015flerdi).<\/span><span style=\"margin: 0px; color: black; font-family: 'Book Antiqua','serif'; font-size: 12pt;\">\u00a0<\/span><\/p>\n<p><span style=\"margin: 0px; color: black; font-family: 'Book Antiqua','serif'; font-size: 12pt;\">D\u00f6\u011fer boyu Rakka\u2018da ya\u015far. Urfa&#8217;daki D\u00f6\u011ferler, T\u00fcrk\u00e7eyi unutmu\u015flard\u0131r. Be\u011fdili boyu, Bozok T\u00fcrkmenlerinin en \u00e7ok olan k\u0131sm\u0131d\u0131r. T\u00fcrkmen Culab\u0131\u2019nda, Carabulus&#8217;ta bulunduklar\u0131 gibi, Urfa\u2019daki Bad\u0131ll\u0131lar da bunlar\u0131n birer \u015fubesidir. Diyarbekir\u2019in Karacada\u011f\u0131\u2019nda ya\u015fayan Terkan a\u015fireti, T\u00fcrk\u00e7eyi unutmas\u0131na ra\u011fmen, Be\u011fdili boyundan olduklar\u0131n\u0131 h\u00e2l\u00e2 unutmam\u0131\u015flard\u0131r. Diyarbekir civar\u0131nda bir T\u00fcrk\u00admen nahiyesi vard\u0131r ki k\u00f6ylerinden yaln\u0131z on kadar\u0131 T\u00fcrk\u00e7eyi mu\u00adhafaza etmi\u015ftir. Bunlar da Be\u011fdili boyundan olduklar\u0131n\u0131 iddia ediyorlar.<\/span><\/p>\n<p><span style=\"margin: 0px; color: black; font-family: 'Book Antiqua','serif'; font-size: 12pt;\">Suru\u00e7&#8217;taki Barazan ve Mardin &#8216;deki Dahilcan (Kala\u00e7lar) a\u015firet\u00adlerinde de \u00abBadilli\u00bb nam\u0131n\u0131 ta\u015f\u0131yan oymaklar mevcuttur.<\/span><span style=\"margin: 0px; color: black; font-family: 'Book Antiqua','serif'; font-size: 12pt;\">\u00a0<\/span><\/p>\n<p><span style=\"margin: 0px; color: black; font-family: 'Book Antiqua','serif'; font-size: 12pt;\">Be\u011fdili boyu m\u00fcteaddit oymaklara ayr\u0131lm\u0131\u015ft\u0131r. Carabulus&#8217;t\u00e2ki oymaklardan biri Kark\u0131n ismini ta\u015f\u0131yor.<\/span><span style=\"margin: 0px; color: black; font-family: 'Book Antiqua','serif'; font-size: 12pt;\">\u00a0<\/span><\/p>\n<p><span style=\"margin: 0px; color: black; font-family: 'Book Antiqua','serif'; font-size: 12pt;\">K\u00f6ylerden biri \u00abKayan: Kay\u0131\u00bb ve ikisi \u00abBaz\u0131r\u00bb isimlerini ta\u015f\u0131mak\u00adtad\u0131r. Bu \u00fc\u00e7 isim, O\u011fuz\u2019un Bozok boylar\u0131ndan \u00fc\u00e7\u00fcn\u00fcn adlar\u0131d\u0131r. T\u00fcrkmen Culab\u0131&#8217;nda Be\u011fdililerin mukaddes tan\u0131d\u0131klar\u0131 bir aile var\u00add\u0131r. Bu ailenin reisine \u00abBudak Beyi\u00bb ve \u00abTurhan Beyi\u00bb unvanlar\u0131 verilir.<\/span><span style=\"margin: 0px; color: black; font-family: 'Book Antiqua','serif'; font-size: 12pt;\">\u00a0<\/span><\/p>\n<p><span style=\"margin: 0px; color: black; font-family: 'Book Antiqua','serif'; font-size: 12pt;\">Be\u011fdililerin m\u00fc\u015fterek reisi bu ocaktan ibarettir. Be\u011fdililerin umumuna beylik eden ba\u015fka bir hanedan daha varsa da \u015fimdi m\u00fcnkariz olmu\u015f, bug\u00fcn hi\u00e7 bir kudreti olmayan yaln\u0131z bir ferdi kalm\u0131\u015ft\u0131r. Birecik\u2019in Baraklar\u0131, Musul\u2019un Tela\u2019fer T\u00fcrkmenlerile Bayat T\u00fcrkmenleri, \u0130ran\u2019\u0131n Ka\u015fkay\u0131tlarile Ka\u00e7arlar\u0131, Akdeniz sahilinin Varsaklar\u0131 da bu \u00fc\u00e7\u00fcnc\u00fc g\u00f6\u00e7e mensuptur. Maamafih bu \u00fc\u00e7 il, vaktiyle tek\u00a0 O\u011fuz ilinden ayr\u0131ld\u0131klar\u0131 i\u00e7in aralar\u0131nda hi\u00e7 bir fark yoktur. <\/span><\/p>\n","protected":false},"excerpt":{"rendered":"<p>Antep\u2019i ziyaretlerinde Ziya G\u00f6kalp merhum taraf\u0131ndan Gazisancak gazetesi i\u00e7in yaz\u0131lm\u0131\u015f ve bu gazetenin 2 Nisan 1923 tarih ve 118 say\u0131l\u0131 n\u00fcsha\u00ads\u0131nda ne\u015fredilen makaledeki ana tema, T\u00fcrkiye s\u0131n\u0131rlar\u0131 i\u00e7indeki t\u00fcm T\u00fcrklerin, O\u011fuz boyundan oldu\u011fudur. <\/p>\n","protected":false},"author":2,"featured_media":3230,"comment_status":"open","ping_status":"open","sticky":false,"template":"","format":"standard","meta":{"_links_to":"","_links_to_target":""},"categories":[62,66,68],"tags":[],"yoast_head":"<!-- This site is optimized with the Yoast SEO plugin v16.0.2 - https:\/\/yoast.com\/wordpress\/plugins\/seo\/ -->\n<title>T\u00fcrkiye T\u00fcrkleri&#039;nin etnografik tasnifi- Yazan: Ziya G\u00f6kalp - M\u0130SAK- Mill\u00ee Strateji Ara\u015ft\u0131rma Kurulu<\/title>\n<link rel=\"canonical\" href=\"https:\/\/millidusunce.com\/misak\/turkiye-turklerinin-etnografik-tasnifi-yazan-ziya-gokalp\/\" \/>\n<meta property=\"og:locale\" content=\"tr_TR\" \/>\n<meta property=\"og:type\" content=\"article\" \/>\n<meta property=\"og:title\" content=\"T\u00fcrkiye T\u00fcrkleri&#039;nin etnografik tasnifi- Yazan: Ziya G\u00f6kalp - M\u0130SAK- Mill\u00ee Strateji Ara\u015ft\u0131rma Kurulu\" \/>\n<meta property=\"og:description\" content=\"Antep\u2019i ziyaretlerinde Ziya G\u00f6kalp merhum taraf\u0131ndan Gazisancak gazetesi i\u00e7in yaz\u0131lm\u0131\u015f ve bu gazetenin 2 Nisan 1923 tarih ve 118 say\u0131l\u0131 n\u00fcsha\u00ads\u0131nda ne\u015fredilen makaledeki ana tema, T\u00fcrkiye s\u0131n\u0131rlar\u0131 i\u00e7indeki t\u00fcm T\u00fcrklerin, O\u011fuz boyundan oldu\u011fudur.\" \/>\n<meta property=\"og:url\" content=\"https:\/\/millidusunce.com\/misak\/turkiye-turklerinin-etnografik-tasnifi-yazan-ziya-gokalp\/\" \/>\n<meta property=\"og:site_name\" content=\"M\u0130SAK- Mill\u00ee Strateji Ara\u015ft\u0131rma Kurulu\" \/>\n<meta property=\"article:published_time\" content=\"2018-09-13T16:30:13+00:00\" \/>\n<meta property=\"article:modified_time\" content=\"2018-09-14T14:20:21+00:00\" \/>\n<meta property=\"og:image\" content=\"https:\/\/millidusunce.com\/misak\/wp-content\/uploads\/2018\/09\/GokalpDergisiGri.jpg\" \/>\n\t<meta property=\"og:image:width\" content=\"800\" \/>\n\t<meta property=\"og:image:height\" content=\"602\" \/>\n<meta name=\"twitter:card\" content=\"summary_large_image\" \/>\n<meta name=\"twitter:label1\" content=\"Tahmini okuma s\u00fcresi\">\n\t<meta name=\"twitter:data1\" content=\"4 dakika\">\n<script type=\"application\/ld+json\" class=\"yoast-schema-graph\">{\"@context\":\"https:\/\/schema.org\",\"@graph\":[{\"@type\":\"Organization\",\"@id\":\"https:\/\/millidusunce.com\/misak\/#organization\",\"name\":\"Mill\\u00ee D\\u00fc\\u015f\\u00fcnce Merkezi\",\"url\":\"https:\/\/millidusunce.com\/misak\/\",\"sameAs\":[],\"logo\":{\"@type\":\"ImageObject\",\"@id\":\"https:\/\/millidusunce.com\/misak\/#logo\",\"inLanguage\":\"tr\",\"url\":\"https:\/\/millidusunce.com\/misak\/wp-content\/uploads\/2018\/09\/mdmLogo-yazisiz.jpg\",\"width\":422,\"height\":422,\"caption\":\"Mill\\u00ee D\\u00fc\\u015f\\u00fcnce Merkezi\"},\"image\":{\"@id\":\"https:\/\/millidusunce.com\/misak\/#logo\"}},{\"@type\":\"WebSite\",\"@id\":\"https:\/\/millidusunce.com\/misak\/#website\",\"url\":\"https:\/\/millidusunce.com\/misak\/\",\"name\":\"M\\u0130SAK- Mill\\u00ee Strateji Ara\\u015ft\\u0131rma Kurulu\",\"description\":\"D\\u00fcnyaya T\\u00fcrk\\u00e7\\u00fc Bak\\u0131\\u015f\",\"publisher\":{\"@id\":\"https:\/\/millidusunce.com\/misak\/#organization\"},\"potentialAction\":[{\"@type\":\"SearchAction\",\"target\":\"https:\/\/millidusunce.com\/misak\/?s={search_term_string}\",\"query-input\":\"required name=search_term_string\"}],\"inLanguage\":\"tr\"},{\"@type\":\"ImageObject\",\"@id\":\"https:\/\/millidusunce.com\/misak\/turkiye-turklerinin-etnografik-tasnifi-yazan-ziya-gokalp\/#primaryimage\",\"inLanguage\":\"tr\",\"url\":\"https:\/\/millidusunce.com\/misak\/wp-content\/uploads\/2018\/09\/GokalpDergisiGri.jpg\",\"width\":800,\"height\":602},{\"@type\":\"WebPage\",\"@id\":\"https:\/\/millidusunce.com\/misak\/turkiye-turklerinin-etnografik-tasnifi-yazan-ziya-gokalp\/#webpage\",\"url\":\"https:\/\/millidusunce.com\/misak\/turkiye-turklerinin-etnografik-tasnifi-yazan-ziya-gokalp\/\",\"name\":\"T\\u00fcrkiye T\\u00fcrkleri'nin etnografik tasnifi- Yazan: Ziya G\\u00f6kalp - M\\u0130SAK- Mill\\u00ee Strateji Ara\\u015ft\\u0131rma Kurulu\",\"isPartOf\":{\"@id\":\"https:\/\/millidusunce.com\/misak\/#website\"},\"primaryImageOfPage\":{\"@id\":\"https:\/\/millidusunce.com\/misak\/turkiye-turklerinin-etnografik-tasnifi-yazan-ziya-gokalp\/#primaryimage\"},\"datePublished\":\"2018-09-13T16:30:13+00:00\",\"dateModified\":\"2018-09-14T14:20:21+00:00\",\"breadcrumb\":{\"@id\":\"https:\/\/millidusunce.com\/misak\/turkiye-turklerinin-etnografik-tasnifi-yazan-ziya-gokalp\/#breadcrumb\"},\"inLanguage\":\"tr\",\"potentialAction\":[{\"@type\":\"ReadAction\",\"target\":[\"https:\/\/millidusunce.com\/misak\/turkiye-turklerinin-etnografik-tasnifi-yazan-ziya-gokalp\/\"]}]},{\"@type\":\"BreadcrumbList\",\"@id\":\"https:\/\/millidusunce.com\/misak\/turkiye-turklerinin-etnografik-tasnifi-yazan-ziya-gokalp\/#breadcrumb\",\"itemListElement\":[{\"@type\":\"ListItem\",\"position\":1,\"item\":{\"@type\":\"WebPage\",\"@id\":\"https:\/\/millidusunce.com\/misak\/\",\"url\":\"https:\/\/millidusunce.com\/misak\/\",\"name\":\"Anasayfa\"}},{\"@type\":\"ListItem\",\"position\":2,\"item\":{\"@type\":\"WebPage\",\"@id\":\"https:\/\/millidusunce.com\/misak\/turkiye-turklerinin-etnografik-tasnifi-yazan-ziya-gokalp\/\",\"url\":\"https:\/\/millidusunce.com\/misak\/turkiye-turklerinin-etnografik-tasnifi-yazan-ziya-gokalp\/\",\"name\":\"T\\u00fcrkiye T\\u00fcrkleri&#8217;nin etnografik tasnifi- Yazan: Ziya G\\u00f6kalp\"}}]},{\"@type\":\"Article\",\"@id\":\"https:\/\/millidusunce.com\/misak\/turkiye-turklerinin-etnografik-tasnifi-yazan-ziya-gokalp\/#article\",\"isPartOf\":{\"@id\":\"https:\/\/millidusunce.com\/misak\/turkiye-turklerinin-etnografik-tasnifi-yazan-ziya-gokalp\/#webpage\"},\"author\":{\"@id\":\"https:\/\/millidusunce.com\/misak\/#\/schema\/person\/9ce405000a2c62211e5997aa871b1d93\"},\"headline\":\"T\\u00fcrkiye T\\u00fcrkleri&#8217;nin etnografik tasnifi- Yazan: Ziya G\\u00f6kalp\",\"datePublished\":\"2018-09-13T16:30:13+00:00\",\"dateModified\":\"2018-09-14T14:20:21+00:00\",\"mainEntityOfPage\":{\"@id\":\"https:\/\/millidusunce.com\/misak\/turkiye-turklerinin-etnografik-tasnifi-yazan-ziya-gokalp\/#webpage\"},\"commentCount\":0,\"publisher\":{\"@id\":\"https:\/\/millidusunce.com\/misak\/#organization\"},\"image\":{\"@id\":\"https:\/\/millidusunce.com\/misak\/turkiye-turklerinin-etnografik-tasnifi-yazan-ziya-gokalp\/#primaryimage\"},\"articleSection\":\"E\\u011e\\u0130T\\u0130M-K\\u00dcLT\\u00dcR,S\\u0130YASET-TAR\\u0130H,T\\u00dcRKL\\u00dcK-T\\u00dcRK\\u00c7\\u00dcL\\u00dcK\",\"inLanguage\":\"tr\",\"potentialAction\":[{\"@type\":\"CommentAction\",\"name\":\"Comment\",\"target\":[\"https:\/\/millidusunce.com\/misak\/turkiye-turklerinin-etnografik-tasnifi-yazan-ziya-gokalp\/#respond\"]}]},{\"@type\":\"Person\",\"@id\":\"https:\/\/millidusunce.com\/misak\/#\/schema\/person\/9ce405000a2c62211e5997aa871b1d93\",\"name\":\"M\\u0130SAK Edit\\u00f6r\\u00fc\",\"image\":{\"@type\":\"ImageObject\",\"@id\":\"https:\/\/millidusunce.com\/misak\/#personlogo\",\"inLanguage\":\"tr\",\"url\":\"https:\/\/secure.gravatar.com\/avatar\/f2b86778d5b968dcd1ecf223ac7e8366?s=96&d=mm&r=g\",\"caption\":\"M\\u0130SAK Edit\\u00f6r\\u00fc\"},\"sameAs\":[\"http:\/\/misak.millidusunce.com\"]}]}<\/script>\n<!-- \/ Yoast SEO plugin. -->","_links":{"self":[{"href":"https:\/\/millidusunce.com\/misak\/wp-json\/wp\/v2\/posts\/3228"}],"collection":[{"href":"https:\/\/millidusunce.com\/misak\/wp-json\/wp\/v2\/posts"}],"about":[{"href":"https:\/\/millidusunce.com\/misak\/wp-json\/wp\/v2\/types\/post"}],"author":[{"embeddable":true,"href":"https:\/\/millidusunce.com\/misak\/wp-json\/wp\/v2\/users\/2"}],"replies":[{"embeddable":true,"href":"https:\/\/millidusunce.com\/misak\/wp-json\/wp\/v2\/comments?post=3228"}],"version-history":[{"count":0,"href":"https:\/\/millidusunce.com\/misak\/wp-json\/wp\/v2\/posts\/3228\/revisions"}],"wp:featuredmedia":[{"embeddable":true,"href":"https:\/\/millidusunce.com\/misak\/wp-json\/wp\/v2\/media\/3230"}],"wp:attachment":[{"href":"https:\/\/millidusunce.com\/misak\/wp-json\/wp\/v2\/media?parent=3228"}],"wp:term":[{"taxonomy":"category","embeddable":true,"href":"https:\/\/millidusunce.com\/misak\/wp-json\/wp\/v2\/categories?post=3228"},{"taxonomy":"post_tag","embeddable":true,"href":"https:\/\/millidusunce.com\/misak\/wp-json\/wp\/v2\/tags?post=3228"}],"curies":[{"name":"wp","href":"https:\/\/api.w.org\/{rel}","templated":true}]}}