{"id":3314,"date":"2018-09-26T19:30:27","date_gmt":"2018-09-26T16:30:27","guid":{"rendered":"http:\/\/misak.millidusunce.com\/?p=3314"},"modified":"2018-09-26T14:53:41","modified_gmt":"2018-09-26T11:53:41","slug":"turk-kuruluslarinin-abdde-ermeni-yanlisi-wsj-gazetesine-ilan-vererek-destek-olmasinin-anlami-nedir","status":"publish","type":"post","link":"https:\/\/millidusunce.com\/misak\/turk-kuruluslarinin-abdde-ermeni-yanlisi-wsj-gazetesine-ilan-vererek-destek-olmasinin-anlami-nedir\/","title":{"rendered":"T\u00fcrk kurulu\u015flar\u0131n\u0131n ABD\u2019de Ermeni yanl\u0131s\u0131 WSJ Gazetesi\u2019ne ilan vererek destek olmas\u0131n\u0131n anlam\u0131 nedir?"},"content":{"rendered":"<p>&nbsp;<\/p>\n<div id=\"attachment_3315\" style=\"width: 850px\" class=\"wp-caption aligncenter\"><img aria-describedby=\"caption-attachment-3315\" loading=\"lazy\" class=\"wp-image-3315 size-full\" src=\"http:\/\/misak.millidusunce.com\/wp-content\/uploads\/2018\/09\/wsj-son.jpeg\" alt=\"Wall Street Journal gazetesi\" width=\"840\" height=\"594\" srcset=\"https:\/\/millidusunce.com\/misak\/wp-content\/uploads\/2018\/09\/wsj-son.jpeg 840w, https:\/\/millidusunce.com\/misak\/wp-content\/uploads\/2018\/09\/wsj-son-150x106.jpeg 150w, https:\/\/millidusunce.com\/misak\/wp-content\/uploads\/2018\/09\/wsj-son-300x212.jpeg 300w, https:\/\/millidusunce.com\/misak\/wp-content\/uploads\/2018\/09\/wsj-son-768x543.jpeg 768w\" sizes=\"(max-width: 840px) 100vw, 840px\" \/><p id=\"caption-attachment-3315\" class=\"wp-caption-text\">Wall Street Journal gazetesi<\/p><\/div>\n<p>ABD\u2019de yay\u0131n yapan ve daha \u00e7ok Ermeni tezlerini destekleyen <em>The Wall Sreet Journal (WSJ)<\/em> gazetesine T\u00fcrkiye\u2019nin \u00f6nemli ekonomi kurulu\u015flar\u0131n\u0131n ilan vermesine bir anlam veremedim. Bu gazete T\u00fcrkiye\u2019ye has\u0131m bir yay\u0131n organ\u0131d\u0131r. <em>17 Eyl\u00fcl 2018<\/em> tarihinde T\u00fcrkiye aleyhine a\u015fa\u011f\u0131daki yorumu yapm\u0131\u015ft\u0131r: <em>\u201cFinansal krizden sonra, yat\u0131r\u0131mc\u0131lar riskli geli\u015fmekte olan piyasalarda daha y\u00fcksek getiri talep etti\u2026 Ancak pek \u00e7ok yat\u0131r\u0131mc\u0131, tek ba\u015f\u0131na daha y\u00fcksek faiz oranlar\u0131n\u0131n yeterli olmayaca\u011f\u0131na, T\u00fcrk \u015firketleri ile b\u00fcy\u00fck miktardaki bor\u00e7lar\u0131 \u00a0finanse etmeye \u00e7al\u0131\u015fan bankalar i\u00e7in sorun yaratabileceklerine inanmaktad\u0131r\u2026<\/em> <em>T\u00fcrkiye Merkez Bankas\u0131, Per\u015fembe g\u00fcn\u00fc enflasyonda ana faiz oran\u0131n\u0131 % 17,75&#8217;ten % 24&#8217;e y\u00fckseltti ve bankan\u0131n ba\u011f\u0131ms\u0131zl\u0131\u011f\u0131yla alakal\u0131 olan ilgili sorunlara cevap verdi ama Cumhurba\u015fkan\u0131 Recep Tayyip Erdo\u011fan\u00a0 bir g\u00fcn sonra y\u00fcksek faizlerden\u00a0 ho\u015fnutsuzlu\u011funu yineledi.\u201d <\/em>(<a href=\"https:\/\/www.wsj.com\/articles\/some-investors-want-a-recession-in-turkey-1537178401\">\u0130lan i\u00e7in t\u0131klay\u0131n\u0131z\u00a0<\/a>)<\/p>\n<p>Ermeni yanl\u0131s\u0131 WSJ gazetesine <em>MUS\u0130AD, TOBB, T\u00fcrk-Amerikan \u0130\u015f Konseyi<\/em> gibi\u00a0 T\u00fcrk-Amerikan kurulu\u015flar\u0131n\u0131n\u00a0 ilan vermesi\u00a0 do\u011fru bir tercih de\u011fildir. <em>ATAA (Assembly of Turkish American Associations) ve FTAA (<a href=\"https:\/\/en.wikipedia.org\/wiki\/Federation_of_Turkish_American_Associations\">Federation of Turkish American Associations) ilana kat\u0131lmam\u0131\u015ft\u0131r.<\/a><\/em><\/p>\n<p>\u00c7\u00fcnk\u00fc, WSJ\u00a0 <em>25 Ocak 2018<\/em> \u00a0tarihinde ABD\u2019nin eski \u0130stanbul \u00a0B\u00fcy\u00fckel\u00e7isi <em>Henry Morgenthau Sr.\u2019 nin<\/em> (<a href=\"http:\/\/www.armenian-genocide.org\/morgenthau.html\" target=\"_blank\" rel=\"noopener\">\u0130lgili yaz\u0131 i\u00e7in t\u0131klay\u0131n\u0131z<\/a>) torunu <em>Robert M. Morgenthau\u2019 nun<\/em> kaleme ald\u0131\u011f\u0131 bir yaz\u0131 yay\u0131nlam\u0131\u015ft\u0131r. Yaz\u0131da Hitler\u2019in sahte evraklara dayanan s\u00f6zde\u00a0 Ermeni\u00a0 soyk\u0131r\u0131m\u0131\u00a0 g\u00fcndeme\u00a0 getirilmi\u015f ve Ba\u015fkan Trump\u2019\u0131n s\u00f6zde Ermeni soyk\u0131r\u0131m\u0131n\u0131 tan\u0131mas\u0131 gerekti\u011fi savunulmu\u015ftur.<\/p>\n<p>Yaz\u0131n\u0131n yay\u0131mlanmas\u0131ndan sonra <em>\u015e\u00fckr\u00fc Server Aya <\/em>ve<em> Ferruh Demirmen<\/em> gibi vatansever ki\u015filer WSJ\u2019ye T\u00fcrkiye\u2019nin g\u00f6r\u00fc\u015flerini a\u00e7\u0131klayan bir mektup g\u00f6ndererek bunlar\u0131n da yay\u0131mlamas\u0131n\u0131 istemi\u015flerdir. WSJ\u2019nin, bu mektuplar\u0131 yay\u0131mlamamas\u0131 \u00fczerine Demirmen gazetenin tutumunu k\u0131nayan, ifade \u00f6zg\u00fcrl\u00fc\u011f\u00fc hususunda <em>hipokrasi (ikiy\u00fczl\u00fcl\u00fck)<\/em> yapt\u0131\u011f\u0131n\u0131 dile getiren kinayeli ikinci bir mektubu baz\u0131 di\u011fer yay\u0131n organlar\u0131na g\u00f6ndermi\u015ftir.<\/p>\n<p>Demirmen hakl\u0131 olarak \u015fu ele\u015ftirilerde bulunmaktad\u0131r:<em> \u201cErmeni sorununda T\u00fcrk kar\u015f\u0131tl\u0131\u011f\u0131 ile bilinen ve boykot edilmesi gereken b\u00f6yle bir gazete \u015fimdi ne yaz\u0131k ki birtak\u0131m T\u00fcrk-Amerikan dernekleri taraf\u0131ndan verilen bir sayfal\u0131k ilan ile ticari bak\u0131mdan taltiflenmi\u015ftir. Bizim makaleleri yay\u0131mlamay\u0131 reddeden WJS edit\u00f6rleri \u015fimdi acaba ne d\u00fc\u015f\u00fcnmektedir? Demek ki T\u00fcrk taraf\u0131ndan herhangi bir yapt\u0131r\u0131m, boykot, rahats\u0131zl\u0131k s\u00f6z konusu de\u011filmi\u015f! Ve ilan veren T\u00fcrk-Amerikan derneklerinin bu hassasiyetine ne denir?\u201d<\/em><\/p>\n<h2><strong>Ermeni sorununda T\u00fcrk kar\u015f\u0131tl\u0131\u011f\u0131 ile bilinen bir gazete baz\u0131 T\u00fcrk-Amerikan dernekleri taraf\u0131ndan\u00a0 bir sayfal\u0131k ilan\u00a0 verilerek \u00f6d\u00fcllendirilmi\u015ftir<\/strong><\/h2>\n<p>ABD Ba\u015fkan\u0131 hakl\u0131 gerek\u00e7elerle ele\u015ftirilirken T\u00fcrk d\u00fc\u015fman\u0131 olan ve s\u00f6zde Ermeni soyk\u0131r\u0131m\u0131n\u0131 destekleyen bir ABD gazetesine ilan verilmesi do\u011fru de\u011fildir. Bu kapsamda bilgi sahibi olunmadan fikir sahibi olunmu\u015f ve hata yap\u0131lm\u0131\u015ft\u0131r. <em>Anadolu esnaf ve t\u00fcccar\u0131n\u0131n katk\u0131lar\u0131 bilinmeyerek T\u00fcrk ve T\u00fcrkiye d\u00fc\u015fmanl\u0131\u011f\u0131 yapan, s\u00f6zde Ermeni soyk\u0131r\u0131m\u0131na destek veren, Ermeni muhibi WSJ gazetesi ise \u00f6d\u00fcllendirilmi\u015ftir.<\/em> Ermeni ter\u00f6r \u00f6rg\u00fct\u00fc <em>ASALA<\/em>\u2019n\u0131n Paris\u2019te g\u00f6rev yapt\u0131\u011f\u0131m 1985-1990 y\u0131llar\u0131nda tehdidine maruz kalm\u0131\u015f birisi olarak bu konuya de\u011finme ihtiyac\u0131n\u0131 hissettim. Ayr\u0131ca <em>\u201c<a href=\"https:\/\/www.researchgate.net\/publication\/325157544_ARMENIAN_DEPORTATION_IS_NOT_A_GENOCIDE;https:\/\/www.academia.edu\/31604811\/ARMENIAN_DEPORTATION_IS_NOT_A_GENOCIDE\">ARMENIAN DEPORTATION IS NOT A GENOCIDE<\/a> \u201d <\/em>ba\u015fl\u0131kl\u0131 makalem;\u00a0<a href=\"https:\/\/independent.academia.edu\/r%C4%B1dvankarluk\" target=\"_blank\" rel=\"noopener\">Independent Academia<\/a>\u00a0ve\u00a0<a href=\"https:\/\/en.azvision.az\/news\/63760\/armenian-deportation-is-not-a-genocide%E2%80%A6!!!.html\" target=\"_blank\" rel=\"noopener\">Azvision.news&#8217;de<\/a>\u00a0\u00a0en \u00e7ok okunan (<em>4883<\/em>, 24 April 2017 ) makaleler aras\u0131nda yer alm\u0131\u015ft\u0131r.<\/p>\n<p>A\u00e7\u0131k\u00e7a s\u00f6ylemek gerekirse ilan verilen gazetenin yay\u0131n politikas\u0131 T\u00fcrk devletinin temel politikas\u0131 ile ba\u011fda\u015fmamaktad\u0131r. Bir taraftan ABD\u2019ye yapt\u0131r\u0131m uygulayaca\u011f\u0131z diyorsunuz, di\u011fer taraftan s\u00f6zde Ermeni soyk\u0131r\u0131m\u0131 konusunda T\u00fcrkiye kar\u015f\u0131t\u0131 yay\u0131n yapan bir gazeteye ilan vererek maddi destekte bulunuyorsunuz. <em>Ermeni diasporas\u0131 ve devleti b\u00f6yle bir ilan\u0131 \u201cs\u00f6zde Ermeni soyk\u0131r\u0131m\u0131 yoktur\u201d tezini savunan bir gazeteye kesinlikle vermez.<\/em> \u0130lana T\u00dcS\u0130AD ve \u0130KV gibi \u00f6zel sekt\u00f6r kurulu\u015flar\u0131n\u0131n kat\u0131lmamas\u0131 dikkatimi \u00e7ekmi\u015ftir.<\/p>\n<h2><strong>\u0130lan yerindedir ve bir ger\u00e7e\u011fi a\u00e7\u0131klamaktad\u0131r ama yanl\u0131\u015f olan gazete se\u00e7imidir<\/strong><\/h2>\n<p>\u00dcstelik Amerika Ermeni Ulusal Komitesi (ANCA), ABD Temsilciler Meclisi Ba\u015fkan\u0131 Paul Ryan (R-WI), \u00c7o\u011funluk Lideri Kevin McCarthy (R-CA) ve Az\u0131nl\u0131k Lideri Nancy Pelosi (D-CA)\u2019 nin iki partili bir soyk\u0131r\u0131m \u00f6nleme tedbiri olan H.Res.220 hakk\u0131nda bir oylama planlamak \u00fczere kampanya ba\u015flatt\u0131\u011f\u0131 bir d\u00f6nemde Ermeni yanl\u0131s\u0131 bir gazeteye ilan vererek destek olmak nedense hi\u00e7 sorgulanmam\u0131\u015ft\u0131r.<\/p>\n<p>Bu kampanya ile Osmanl\u0131 Devleti\u2019nde Ermeni, Rum, S\u00fcryani, Keldani ve di\u011fer Hristiyan milletlere kar\u015f\u0131 yap\u0131lan s\u00f6zde soyk\u0131r\u0131m\u0131n\u0131n onaylanmas\u0131 talep edilmektedir. Ger\u00e7eklerden habersiz Kongre \u00fcyelerini protesto etmek ve bilgilendirilmek \u00fczere mutlaka a\u00e7\u0131klama g\u00f6nderilmelidir. (<a href=\"http:\/\/www.armradio.am\/en\/2018\/09\/14\/u-s-house-leadership-urged-to-allow-a-vote-on-armenian-genocide-resolution\/\" target=\"_blank\" rel=\"noopener\">U.S. House leadership urged to allow a vote on Armenian Genocide Resolution,14 Sep 2018 Siranush Ghazanchyan<\/a>)<\/p>\n<h2><strong>WSJ gazetesine verilen ilan\u0131n T\u00fcrk\u00e7e \u00f6zeti:<\/strong><\/h2>\n<p><em>\u201cT\u00fcrk Amerikan Toplulu\u011fu, ABD-T\u00fcrkiye ili\u015fkilerinin canl\u0131l\u0131\u011f\u0131n\u0131 vurgular ve mevcut \u00e7\u0131kmaz\u0131n \u00fcstesinden gelmek i\u00e7in s\u00fcrekli diyalog \u00e7a\u011fr\u0131s\u0131nda bulunur\u201d<\/em> <em>(<\/em><em>THE TURKISH AMERICAN COMMUNITY UNDERLINES THE VITALITY OF US-TURKEY RELATIONS AND CALLS FOR CONTINUED DIALOGUE TO OVERCOME CURRENT IMPASSE) <\/em>ba\u015fl\u0131\u011f\u0131 ile verilen ilan\u0131n \u00f6zeti a\u015fa\u011f\u0131dad\u0131r.<\/p>\n<p><strong><em>\u201c<\/em><\/strong><em>T\u00fcrk-Amerikan Toplulu\u011funun temsilcileri, ABD-T\u00fcrkiye ili\u015fkilerinde ya\u015fanan son geli\u015fmelerle derinden endi\u015fe duyuyor ve \u00fcz\u00fcl\u00fcyor. ABD y\u00f6netiminin T\u00fcrkiye&#8217;ye kar\u015f\u0131 uygulanan \u00e7elik ve al\u00fcminyum tarifeleri art\u0131rmaya y\u00f6nelik son karar\u0131, \u00f6zellikle de Amerikan ve T\u00fcrk \u00e7\u0131karlar\u0131na hizmet etmeyece\u011fine inan\u0131yoruz. Bu sebeple ABD y\u00f6netiminden karar\u0131n\u0131 yeniden de\u011ferlendirmesini istiyoruz.<\/em><\/p>\n<p><em>ABD ve T\u00fcrkiye, NATO m\u00fcttefikleri olarak, d\u00fcnyan\u0131n farkl\u0131 b\u00f6lgelerinde bar\u0131\u015f, demokrasi ve refah\u0131 te\u015fvik etmek ve y\u0131llarca birlikte \u00e7abalamak i\u00e7in ortak bir vizyona sahipler. \u0130li\u015fkiler zor zamanlar i\u00e7inde en iyi anlam ifade ediyordu. Bu kesinlikle bu zamanlardan biridir.<\/em><\/p>\n<p><em>T\u00fcrk Amerikal\u0131lar, ya\u015fam\u0131n ekonomik, sosyal ve k\u00fclt\u00fcrel alanlar\u0131ndaki \u00f6nemli katk\u0131lar\u0131yla, tarihsel olarak ABD ile T\u00fcrkiye aras\u0131nda daha iyi ili\u015fkiler i\u00e7in uygun bir k\u00f6pr\u00fc olmu\u015ftur. T\u00fcrkiye ile ABD aras\u0131ndaki iyi ili\u015fkilerin korunmas\u0131n\u0131n sadece ortak hedeflerin pe\u015finde ko\u015fmak i\u00e7in de\u011fil, hem Amerikal\u0131lar hem de T\u00fcrkler i\u00e7in daha iyi bir gelece\u011fin ger\u00e7ekle\u015fmesi i\u00e7in hayati \u00f6neme sahip oldu\u011funa ili\u015fkin ger\u00e7ek inanc\u0131m\u0131z\u0131 dile getiriyoruz.<\/em><\/p>\n<p><em>T\u00fcrk Amerikal\u0131lar\u0131, ticaret sava\u015f\u0131n\u0131n tehdidi ve t\u0131rman\u0131\u015f\u0131 s\u00f6yleminin sadece durumu daha da k\u00f6t\u00fcle\u015ftirdi\u011fine ve eldeki sorunlar\u0131n kal\u0131c\u0131 bi\u00e7imde \u00e7\u00f6z\u00fclme ihtimalini azaltt\u0131\u011f\u0131na inanmaktad\u0131r. Uzun vadeli \u00e7\u0131karlar i\u00e7in ihtiyat ve yeniden odaklanma \u00e7a\u011fr\u0131s\u0131nda bulunuyoruz. S\u00fcrd\u00fcr\u00fclebilir bir \u00e7\u00f6z\u00fcm\u00fcn kar\u015f\u0131l\u0131kl\u0131 sayg\u0131 ve hukukun \u00fcst\u00fcnl\u00fc\u011f\u00fc ilkelerine dayanan s\u00fcrekli diyalog gerektirdi\u011fini hat\u0131rlat\u0131r\u0131z.<\/em><\/p>\n<p><em>ABD ve T\u00fcrkiye aras\u0131ndaki sa\u011flam kazan\u0131lm\u0131\u015f dayan\u0131\u015fma ve dostluk k\u0131sa vadeli hedefler i\u00e7in feda edilmemelidir. Tarih bize siyasi zorluklar\u0131n zamanla a\u015f\u0131labilece\u011fini s\u00f6yler. Ancak, ivme ve i\u015fbirli\u011fi ruhu ortadan kalkt\u0131\u011f\u0131nda ekonomik ba\u011flar\u0131 yeniden kurmak \u00e7ok daha zor olur.<strong>\u201d<\/strong> (Yet it would be much more difficult to restore economic ties once the momentum and the spirit of cooperation is lost.)<\/em><\/p>\n<p><em>\u00a0T\u00fcrk-Amerikan Toplulu\u011fu ad\u0131na <\/em><em>\u00a0Turkish Union of Chambers and Commodity Exchanges (TOBB USA), Foreign Economic Relations Board of Turkey (DEIK),Turkey-U.S. Business Council (TAIK), Independent Industrialists and Businessmen Association (MUSIAD USA), Turkish American National Steering Committee (TASC), Nimeks Organics, The Foundation for Political, Economic and Social Research (SETA DC), Turkish-American Chamber of Commerce &amp; Industry (TACCI), Turkish Anti-Defamation Alliance (TADA),Turkish Heritage Organization (THO).\u201d<\/em><\/p>\n<p>\u0130lan verilmeden \u00f6nce yetkililer Frans\u0131z avukat Georges de Maleville\u2019 nin <em>1915 Osmanl\u0131-Rus Ermeni Trajedisi <\/em><strong>(<\/strong>La Tragedie Armenienne de 1915, Lanore, Paris, 1988<strong> (<\/strong>Toplumsal D\u00f6n\u00fc\u015f\u00fcm Yay\u0131nlar\u0131, Temmuz 1998)) \u00a0kitab\u0131n\u0131 okumu\u015f olsalard\u0131, bu \u00f6nemli ilan\u0131 di\u011fer bir gazeteye verirlerdi.<\/p>\n<p>Georges, Osmanl\u0131 vatanda\u015f\u0131 Ermenilerin Birinci D\u00fcnya Sava\u015f\u0131 ba\u015flar ba\u015flamaz \u00c7arl\u0131k Rusyas\u0131\u2019na kar\u015f\u0131 sava\u015fan Osmanl\u0131 ordusunu arkadan vurduklar\u0131n\u0131 belirtiyor ve bu b\u00f6lgelerdeki Ermenilerin bu \u00a0sebeple \u00a0Osmanl\u0131 s\u0131n\u0131rlan i\u00e7inde g\u00fcneye, Suriye&#8217;ye g\u00f6\u00e7 ettirildiklerini, bunun ka\u00e7\u0131n\u0131lmaz bir \u00f6nlem oldu\u011funu a\u00e7\u0131klamaktad\u0131r.<\/p>\n<p>Benzer \u00f6nlemlere b\u00f6yle silahl\u0131 bir ihanet olmamas\u0131na kar\u015f\u0131l\u0131k ba\u015fta Fransa olmak \u00fczere Avrupa devletlerinin de ba\u015fvurmu\u015f olduklar\u0131na de\u011finmekte<strong>, <\/strong><em>bunun asla bir soyk\u0131r\u0131m olarak nitelendirilemeyece\u011fi \u00fczerinde durmaktad\u0131r.<\/em> Bu yer de\u011fi\u015ftirme s\u0131ras\u0131nda bir\u00e7ok Ermeni\u2019nin, e\u015fk\u0131ya Ermenilerce \u00f6ld\u00fcr\u00fclen yak\u0131nlar\u0131n\u0131n \u00f6c\u00fcn\u00fc almak isteyenler ve hatta onlar\u0131 \u00a0korumakla y\u00fck\u00fcml\u00fc olanlarca \u00f6ld\u00fcr\u00fcld\u00fc\u011f\u00fcn\u00fc belirtmektedir.<\/p>\n<p>Georges de Maleville&#8217;nin de\u011findi\u011fi bir di\u011fer ger\u00e7ek ise, <em>bu olaylar\u0131n Osmanl\u0131 merkezi y\u00f6netiminin bilgisi ve denetimi d\u0131\u015f\u0131nda oldu\u011fudur.<\/em> Osmanl\u0131 Devleti&#8217;nin bu gibi olaylar\u0131 \u00f6nlemek i\u00e7in elinden geleni yapt\u0131\u011f\u0131, yakalanabilen sorumlular\u0131n yarg\u0131lan\u0131p cezaland\u0131r\u0131ld\u0131\u011f\u0131 ve bu y\u00fczden bir\u00e7ok g\u00f6revlinin idam edildi\u011fini belgelemektedir ki\u00a0<em>bu ger\u00e7ekler soyk\u0131r\u0131m iddialar\u0131n\u0131 temelden \u00e7\u00fcr\u00fcten olgulard\u0131r.<\/em><\/p>\n<p><em>B\u00fcy\u00fckel\u00e7i Henry Morgenthau Sr.\u2019 nin torunu Robert M. Morgenthau\u2019 nun A\u0130HM\u2019 nin Perin\u00e7ek <\/em>ve <em>28 Kas\u0131m 2017<\/em> tarihli <em>Mercan ve di\u011ferleri kararlar\u0131na<\/em><strong> (<\/strong>Affaire Mercan et Autres C. Suisse, Requ\u00eate No 18411\/11) ra\u011fmen s\u00f6zde Ermeni soyk\u0131r\u0131mdan s\u00f6z etmesi ve i\u015fe Adolf Hitler\u2019i de kar\u0131\u015ft\u0131rmas\u0131, a\u015f\u0131r\u0131 Ermeniler ile Ermeni sevenlerin iddias\u0131ndan ba\u015fka bir \u015fey de\u011fildir. Aradan y\u00fczy\u0131l ge\u00e7tikten sonra torun Morgenthau, <em>25 Ocak 2018<\/em> tarihinde <em>The Wall Street Journal\u2019 da \u201cTrump,\u00a0 Ermeni soyk\u0131r\u0131m\u0131 hakk\u0131nda ger\u00e7e\u011fi s\u00f6yleyecek mi?\u201d <\/em>ba\u015fl\u0131\u011f\u0131 ile yaz\u0131 yay\u0131nlamas\u0131 bir provakasyondur. (<em>Will Trump Tell the Truth About the Armenian Genocide?<\/em> He recognized the reality that Jerusalem is the capital of Israel. Such daring is needed again. By Robert M. Morgenthau Jan. 25, 2018)<\/p>\n<p>\u0130svi\u00e7re Federal Mahkemesi\u2019nin Perin\u00e7ek lehine verdi\u011fi <em>25 A\u011fustos 2016<\/em> tarihli bozma karar\u0131, Avrupa \u0130nsan Haklar\u0131 Mahkemesi 2. Dairesi\u2019nin <em>16 Aral\u0131k 2013<\/em> tarihli ve A\u0130HM B\u00fcy\u00fck Dairesi\u2019nin <em>15 Ekim 2015<\/em> tarihli kararlar\u0131na ra\u011fmen bu yaz\u0131n\u0131n WSJ\u2019de yay\u0131mlanmas\u0131, gazetenin kimli\u011fi a\u00e7\u0131s\u0131ndan \u00f6nemlidir.<\/p>\n<p>Bilindi\u011fi gibi \u0130svi\u00e7re\u2019 de bir konferansta <em>\u201cErmeni soyk\u0131r\u0131m\u0131 emperyalist bir yaland\u0131r\u201d <\/em>s\u00f6z\u00fcyle \u0130svi\u00e7re taraf\u0131ndan cezaya \u00e7arpt\u0131r\u0131lan Vatan Partisi Genel Ba\u015fkan\u0131 Do\u011fu Perin\u00e7ek davan\u0131n karar\u0131n\u0131 Avrupa \u0130nsan Haklar\u0131 Mahkemesi\u2019ne ta\u015f\u0131nm\u0131\u015ft\u0131. <em>28 Ocak 2015<\/em> tarihindeki A\u0130HM temyiz duru\u015fmas\u0131ndan sonra karar yakla\u015f\u0131k 9 ay sonra <em>15 Ekim 2015<\/em> Per\u015fembe g\u00fcn\u00fc verilmi\u015ftir. A\u0130HM verdi\u011fi kararda Vatan Partisi Ba\u015fkan\u0131 Do\u011fu Perin\u00e7ek\u2019i ifade \u00f6zg\u00fcrl\u00fc\u011f\u00fc noktas\u0131nda hakl\u0131 bulmu\u015ftur.<\/p>\n<p>A\u0130HM, Perin\u00e7ek\u2019in <em>\u201cErmeni soyk\u0131r\u0131m\u0131 emperyalist bir yaland\u0131r\u201d<\/em> s\u00f6zlerinin d\u00fc\u015f\u00fcnceyi a\u00e7\u0131klama \u00f6zg\u00fcrl\u00fc\u011f\u00fc kapsam\u0131nda oldu\u011funu \u00a0tespit etmi\u015ftir. Avrupa \u00fclkeleri,\u00a0 bu karar\u0131n d\u00fc\u015f\u00fcnceyi a\u00e7\u0131klama \u00f6zg\u00fcrl\u00fc\u011f\u00fcn\u00fcn \u00f6tesindeki gerek\u00e7esini de kabul etmeye ba\u015flam\u0131\u015flard\u0131r. Almanya Ba\u015fbakan\u0131 Merkel\u2019in<em> \u201cAlman Meclisi\u2019nin Ermeni soyk\u0131r\u0131m\u0131n\u0131 tan\u0131ma karar\u0131n\u0131n hukuk\u00ee de\u011feri olmad\u0131\u011f\u0131\u201d<\/em> yolundaki a\u00e7\u0131klamas\u0131, \u0130svi\u00e7re yarg\u0131s\u0131 ve siyasetinde de kabul edilmektedir.<\/p>\n<p>A\u0130HM kararlar\u0131n\u0131n gerek\u00e7elerinde 1915 olaylar\u0131n\u0131n Yahudi Soyk\u0131r\u0131m\u0131 ile ayn\u0131 s\u0131n\u0131flama i\u00e7inde olmad\u0131\u011f\u0131, <em>1915 olaylar\u0131nda soyk\u0131r\u0131m su\u00e7unun i\u015flendi\u011fi konusunda bir mahkeme karar\u0131 bulunmad\u0131\u011f\u0131 da belirtilmi\u015ftir.<\/em> Kararlar, 1948 BM S\u00f6zle\u015fmesi&#8217;ne g\u00f6re, soyk\u0131r\u0131m su\u00e7una h\u00fckmetme yetkisinin sadece su\u00e7un i\u015flendi\u011fi \u00fclke mahkemesinde ve Uluslararas\u0131 Ceza Mahkemesi\u2019nde oldu\u011funu vurgulam\u0131\u015ft\u0131r. \u0130svi\u00e7re Federal Mahkemesi A\u0130HM&#8217;nin Perin\u00e7ek Karar\u0131&#8217; na uyarak, BM 1948 Soyk\u0131r\u0131m\u0131n Cezaland\u0131r\u0131lmas\u0131 ve \u00d6nlenmesi S\u00f6zle\u015fmesi uyar\u0131nca ancak yetkili mahkemelerin soyk\u0131r\u0131m konusunda karar alabilece\u011fini kabul etmesine ra\u011fmen <em>torun Morgenthau\u2019nun konuyu WSJ\u2019 e yay\u0131nlamas\u0131, T\u00fcrkiye\u2019 ye y\u00f6nelik karalama kampanyas\u0131ndan ba\u015fka bir \u015fey de\u011fildir.<\/em><\/p>\n<p>Bu yay\u0131n, s\u00f6zde Ermeni soyk\u0131r\u0131m\u0131 konusunda <em>24 Nisan 2018\u2019<\/em>de ABD Ba\u015fkan\u0131 Trump\u2019\u0131n <em>\u201csoyk\u0131r\u0131m\u201d (genocide)<\/em> kelimesini kullanmas\u0131 i\u00e7in ABD\u2019de ortam haz\u0131rlamaya y\u00f6nelik bir \u00a0giri\u015fimdir. Buna ra\u011fmen Trump soyk\u0131r\u0131m dememi\u015f, di\u011fer ba\u015fkanlar gibi <em>\u201cb\u00fcy\u00fck felaket\u201d<\/em> <em>(meds yaghern) <\/em>ifadesini kullanm\u0131\u015ft\u0131r. Gerginle\u015fen ili\u015fkiler kapsam\u0131nda <em>24 Nisan 2019\u2019da<\/em> Ba\u015fkan Trump\u2019\u0131n <em>\u201csoyk\u0131r\u0131m\u201d<\/em> demeyece\u011finin garantisi yoktur. Nede olsa T\u00fcrk\u00e7edeki <em>\u201cDelidir ne yapsa yeridir.\u201d <\/em>\u00f6zdeyi\u015fini unutmayal\u0131m.<\/p>\n<p>ABD B\u00fcy\u00fckel\u00e7isi olarak 1915-1916 y\u0131llar\u0131nda \u0130stanbul\u2019 da g\u00f6rev yapm\u0131\u015f olan <em>Henry Morgenthau<\/em>, (Morgenthau, T\u00fcrkiye&#8217;deki A\u015fkinaz Yahudilerinin Hahamba\u015f\u0131s\u0131 Dr. Markus&#8217;a\u00a0 yard\u0131mda bulunmu\u015ftur) yalanlarla dolu hat\u0131ralar\u0131n\u0131 ABD\u2019 ye d\u00f6nd\u00fckten sonra <em>B\u00fcy\u00fckel\u00e7i Morgenthau\u2019 nun Hat\u0131ralar\u0131<\/em> <a href=\"http:\/\/www.raoulwallenberg.net\/wp-content\/files_mf\/1439907848HenryMorgenthauAmbassador.pdf\">(Ambassador Morgenthau\u00b4s Story)<\/a>\u00a0ad\u0131 alt\u0131nda yay\u0131nlam\u0131\u015ft\u0131r. (B\u00fcy\u00fckel\u00e7i Morgenthau\u2019nun \u00d6yk\u00fcs\u00fc, Belge Yay\u0131nlar\u0131, 2015)<\/p>\n<p>Henry Morgenthau (1856-1946) New York&#8217;ta emlak komisyoncusu iken 1912 se\u00e7imlerinde Ba\u015fkan aday\u0131 Wilson&#8217;u desteklemi\u015f, Wilson se\u00e7imleri kazan\u0131nca \u0130stanbul\u2019a B\u00fcy\u00fckel\u00e7i atanm\u0131\u015ft\u0131r<em>. 27 Kas\u0131m 1913<\/em> tarihinde \u0130stanbul&#8217; a gelmi\u015f, 26 ay g\u00f6rev yapt\u0131ktan sonra 1916&#8242; da ABD\u2019ye d\u00f6nm\u00fc\u015f, Ba\u015fkan Wilson&#8217;a <em>&#8220;H\u00fck\u00fcmetin sava\u015f politikas\u0131 ad\u0131na bir zafer kazanmam\u0131z ve bunun i\u00e7in de her t\u00fcrl\u00fc yasal yol ve imk\u00e2na ba\u015fvurmam\u0131z gerekmektedir&#8221; <\/em>diyerek uydurma hik\u00e2yesini yazm\u0131\u015ft\u0131r. Kitab\u0131n\u0131 yazarken el\u00e7ilik sekreteri <em>Hagop S. Andonian<\/em> ile hukuk dan\u0131\u015fman\u0131 <em>Arshag K. Schmavonian\u2019dan \u00a0<\/em>yard\u0131m alm\u0131\u015ft\u0131r. Gazeteci Burton J. Hendrick, B\u00fcy\u00fckel\u00e7i Morgenthau&#8217;nun anlatt\u0131klar\u0131n\u0131 yeniden d\u00fczenlemi\u015f, ABD D\u0131\u015fi\u015fleri Bakan\u0131 <em>Robert Lansing<\/em> kitab\u0131n provalar\u0131n\u0131 okuyup eklemelerde bulunmu\u015ftur.<\/p>\n<p>O d\u00f6nem 120 bin tirajl\u0131 ayl\u0131k dergi olan <em>The World&#8217;s Work\u2019<\/em>ta (1900\u20131932) ger\u00e7ek d\u0131\u015f\u0131 hik\u00e2ye tefrika edilmi\u015ftir. Uydurma hikayeler tiraj\u0131 y\u00fcksek \u00e7e\u015fitli gazetelerde de yay\u0131nlanm\u0131\u015ft\u0131r. Morgenthau\u2019nun kitab\u0131n yay\u0131mlanmas\u0131ndan \u00f6nce Ermeni soyk\u0131r\u0131m\u0131 iddias\u0131n\u0131 ara\u015ft\u0131ran Alman <em>Johannes Lepsius,<\/em> \u0130ngiliz <em>Lord Bryce <\/em>ve<em> Arnold Toynbee\u2019ye<\/em> belge sa\u011flad\u0131\u011f\u0131 da s\u00f6z konusudur.<\/p>\n<p><em>Dr. Johanhes Lepsius<\/em> (1858-1926). Alman din adam\u0131 ve politikac\u0131s\u0131d\u0131r. Ermenilere y\u00f6nelik yard\u0131m kurulu\u015flar\u0131 aras\u0131nda ilk s\u0131ray\u0131 alan, <em>Alman<\/em> <em>Do\u011fu Misyonu ile Alman Ermeni Cemiyeti\u2019nin<\/em> y\u00f6neticisidir. Ermeni dostu olarak tan\u0131nan Lepsius, Alman misyoneri s\u0131fat\u0131yla ba\u015fta Ermeniler olmak \u00fczere Do\u011fudaki Hristiyanlara yap\u0131lan yard\u0131m \u00e7al\u0131\u015fmalar\u0131n\u0131 y\u00fcr\u00fctm\u00fc\u015ft\u00fcr. Johannes papaz\u0131n\u0131n Ermeniler hakk\u0131nda yazd\u0131\u011f\u0131 kitaplar\u0131 (Almanya ve Ermeniler-Deutchland und Armenien) bug\u00fcn Bat\u0131 kamuoyunda s\u00f6zde soyk\u0131r\u0131m\u0131n ispat\u0131nda vazge\u00e7ilmez \u00f6neme sahip kaynaklar aras\u0131nda yer almaktad\u0131r.<\/p>\n<p><em>Mavi Kitap<\/em> olarak bilinen ilk bask\u0131s\u0131 1916 y\u0131l\u0131nda Londra\u2019da yap\u0131lan <em>The Treatment of Armenians in the Ottoman Empire 1915-16<\/em> <em>(Osmanl\u0131 \u0130mparatorlu\u011fu\u2019nda Ermenilere Y\u00f6nelik \u0130\u015flemler 1915-16)<\/em> isimli kitap bir Ermeni propaganda arac\u0131d\u0131r. Kitab\u0131n \u00f6zg\u00fcn bask\u0131s\u0131nda yer alan, <em>\u201cDocuments presented to Viscount Grey of Fallodon Secretary of State for Foreign Affairs by Viscount Bryce with a preface by Viscount Bryce\u2019\u2019<\/em> (Viscount Bryce\u2019 \u0131n \u00d6ns\u00f6z\u00fcyle Viscount Bryce Taraf\u0131ndan Devlet D\u0131\u015fi\u015fleri Sekreteri Fallodon Viscount Grey\u2019 e Sunulan Belgeler) a\u00e7\u0131klamas\u0131 \u00f6nemlidir.<\/p>\n<p>Kitap, 2005 y\u0131l\u0131nda T\u00fcrk\u00e7eye de \u00e7evrilmi\u015ftir. <em>Mavi Kitap, 1916\u2019 da \u0130ngiliz Parlamentosu\u2019nun onay\u0131yla, sava\u015f propaganda b\u00fcrosu durumundaki Wellington House taraf\u0131ndan haz\u0131rlat\u0131lm\u0131\u015ft\u0131r<\/em><em>.<\/em> Mavi Kitap\u2019\u0131n i\u00e7eri\u011fi Amerikan misyoner raporlar\u0131na dayanmaktad\u0131r. Kitap, Lord Bryce\u2019\u0131n de\u011fi\u015fik makamlarla yapt\u0131\u011f\u0131 birka\u00e7 yaz\u0131\u015fma, bir harita, \u00f6ns\u00f6z ve edit\u00f6rden muht\u0131ra b\u00f6l\u00fcmlerinin bulundu\u011fu 8 k\u0131s\u0131mdan olu\u015fmaktad\u0131r. Kitap, 150 adet mektup i\u00e7ermektedir ve son k\u0131s\u0131mdaki 7 ek ile zenginle\u015ftirilmi\u015ftir.<\/p>\n<p>Osmanl\u0131\u2019y\u0131 (T\u00fcrkiye\u2019yi) su\u00e7lama g\u00f6revi, hukuk profes\u00f6r\u00fc olan <em>Lord Bryce <\/em>ba\u015fkanl\u0131\u011f\u0131ndaki bir heyete verilmi\u015ftir. Bryce sonraki y\u0131llarda B\u00fcy\u00fck Britanya\u2019n\u0131n Washington B\u00fcy\u00fckel\u00e7ili\u011fi\u2019ne getirilmi\u015ftir. Tan\u0131nm\u0131\u015f tarih\u00e7i Arnold J. Toynbee, \u00a0Lord Bryce\u2019\u0131n sekreterli\u011fini yapm\u0131\u015ft\u0131r. Toynbee (1889-1975) uzun y\u0131llar \u0130ngiltere Kraliyet Enstit\u00fcs\u00fc Uluslararas\u0131 \u0130li\u015fkiler b\u00f6l\u00fcm\u00fcnde y\u00f6neticilik yapm\u0131\u015f, Birinci ve \u0130kinci D\u00fcnya Sava\u015f\u0131\u2019nda \u0130ngiltere D\u0131\u015fi\u015fleri Bakanl\u0131\u011f\u0131 \u0130stihbarat Dairesi&#8217;nde g\u00f6rev alm\u0131\u015f bir akademisyendir. Toynbee daha sonra bunun bir propaganda kitab\u0131 oldu\u011funu anlay\u0131nca pi\u015fmanl\u0131\u011f\u0131n\u0131 dile getirmi\u015f ve <em>\u201cfark etseydim, bu projede yer almazd\u0131m\u201d<\/em> demi\u015ftir. Hat\u0131ralar\u0131nda, Mavi Kitap\u2019\u0131n do\u011frulu\u011fu konusunda \u015f\u00fcpheli a\u00e7\u0131klamalarda bulunmu\u015ftur. T\u00fcrk\u00e7e\u2019ye <em>Hat\u0131ralar: Tan\u0131d\u0131klar\u0131m <\/em>ba\u015fl\u0131\u011f\u0131yla \u00e7evrilen eserinde konuya a\u00e7\u0131kl\u0131k getirmi\u015ftir.<\/p>\n<p>Birinci D\u00fcnya Sava\u015f\u0131\u2019nda \u0130ttifak Devletleri, Almanya\u2019n\u0131n Rusya aleyhinde ba\u015flatt\u0131\u011f\u0131 propaganda silah\u0131 ile vurulacakt\u0131. Almanya\u2019 ya davet edilen Amerikal\u0131 gazetecilerin verdikleri bilgiler, Rus barbarl\u0131\u011f\u0131n\u0131 ortaya \u00e7\u0131karmaya y\u00f6nelikti. Ruslar\u0131n Yahudilere y\u00f6nelik bu \u015fiddet uygulamalar\u0131, \u0130ngiltere ve Fransa\u2019y\u0131 zor durumda b\u0131rakm\u0131\u015ft\u0131r. T\u00fcrklerin yapacaklar\u0131 yanl\u0131\u015flar da Almanya ve Avusturya-Macaristan aleyhine olacakt\u0131. \u0130ngiltere T\u00fcrkleri Ermenilere soyk\u0131r\u0131m yapt\u0131 \u015feklinde a\u00e7\u0131klayarak T\u00fcrkiye\u2019nin m\u00fcttefiklerini zor durumda b\u0131rakacakt\u0131. Osmanl\u0131\u2019n\u0131n uygulamaya koydu\u011fu <em>\u201cSevk ve \u0130sk\u00e2n Kanunu\u201d<\/em> \u0130ngiltere\u2019ye bu f\u0131rsat\u0131 vermi\u015ftir.<\/p>\n<p>Rusya&#8217;n\u0131n destek ve k\u0131\u015fk\u0131rtmalar\u0131yla \u00f6rg\u00fctlenen baz\u0131 Ermeni gruplar\u0131, 1890 y\u0131l\u0131ndan itibaren ba\u011f\u0131ms\u0131z bir Ermeni devleti kurmak amac\u0131yla Osmanl\u0131 y\u00f6netimine kar\u015f\u0131 ayaklanm\u0131\u015flard\u0131r. Ermenilerin ya\u015fad\u0131\u011f\u0131 yerlerde isyan hareketlerinin artmas\u0131yla g\u00fcvenlik sorunlar\u0131 ortaya \u00e7\u0131km\u0131\u015ft\u0131r. Osmanl\u0131 H\u00fck\u00fcmeti, g\u00fcvenli\u011fi sa\u011flamak amac\u0131yla <em>27 May\u0131s 1915<\/em> tarihinde Sevk ve \u0130sk\u00e2n Kanunu \u00e7\u0131kartm\u0131\u015ft\u0131r.<\/p>\n<p>Osmanl\u0131 ordusunun ve b\u00f6lge halk\u0131n\u0131n g\u00fcvenli\u011fi i\u00e7in baz\u0131 Ermenilerin Osmanl\u0131 Devleti&#8217;nin g\u00fcvenli b\u00f6lgeleri olan Suriye ve Irak&#8217;\u0131n kuzey vilayetlerine g\u00f6\u00e7 ettirilmesine karar verilmi\u015ftir. Bu proje, \u0130ngiliz siyasi manevras\u0131 olup, Osmanl\u0131 Devleti (T\u00fcrkiye) d\u00fcnya kamuoyunun g\u00f6z\u00fcnde su\u00e7lu duruma d\u00fc\u015f\u00fcr\u00fclecekti. <em>Toynbee hat\u0131ralar\u0131n\u0131n son k\u0131sm\u0131nda T\u00fcrklerin masumiyetine inand\u0131\u011f\u0131n\u0131 ve yapt\u0131\u011f\u0131ndan pi\u015fman oldu\u011funu vefat\u0131ndan \u00f6nce dile getirmi\u015ftir.<\/em> <em>Mavi Kitap,<\/em> g\u00fcn\u00fcm\u00fczde Ermeni sorununda T\u00fcrkiye aleyhine kullan\u0131lmaktad\u0131r.<\/p>\n<p>Ermeni yalanlar\u0131na \u00e7ok say\u0131da T\u00fcrk ve yabanc\u0131 ara\u015ft\u0131rmac\u0131 kar\u015f\u0131 \u00e7\u0131km\u0131\u015flard\u0131r. <a href=\"http:\/\/www.turkla.com\/2009\/07\/10\/many-scholars-challenge-the-allegations-of-genocide-part-iii\/\">(Many Scholars Challenge The Allegations Of Genocide: Part III, Ergun Kirlikovali on July 10, 2009)<\/a><\/p>\n<p>Torun Morgenthau\u2019nun <em>25 Ocak 2018<\/em> tarihli yaz\u0131s\u0131ndan 1,5 ay \u00f6nce <em>9 Aral\u0131k 2017<\/em> tarihinde Turkish Forum\u2019daki <em>\u201cDonald Trump Kud\u00fcs A\u00e7\u0131klamas\u0131n\u0131n Ard\u0131ndan 24 Nisan\u2019da \u2018T\u00fcrkler Ermenilere Soyk\u0131r\u0131m\u0131 Yapt\u0131\u2019 Derse Ne Olur?\u201d <\/em>ba\u015fl\u0131kl\u0131 yaz\u0131mda bu konuya dikkat \u00e7ekmi\u015ftim:<\/p>\n<p><em>\u201cABD Ba\u015fkan\u0131 Donald Trump\u2019\u0131n Kud\u00fcs\u2019\u00fc \u0130srail\u2019in ba\u015fkenti olarak tan\u0131mas\u0131yla ilgili a\u00e7\u0131klamas\u0131, Birle\u015fmi\u015f Milletler kararlar\u0131n\u0131 a\u00e7\u0131k\u00e7a ihlal eden ve bar\u0131\u015f\u0131 dinamitleyen bir geli\u015fmedir. Trump T\u00fcrkiye\u2019nin bu konuda g\u00f6sterdi\u011fi sert tepki ve Ermeni lobilerinin bask\u0131s\u0131yla 24 Nisan\u2019da s\u00f6zde Ermeni soyk\u0131r\u0131m\u0131n\u0131 \u2018genocide\u2019 kelimesini kullanarak tan\u0131yabilir. ABD\u2019de g\u00fc\u00e7l\u00fc bir Ermeni diasporas\u0131 ve lobisi vard\u0131r. Son olarak 6 Kas\u0131m\u2019da ABD\u2019nin Indiana Eyaleti Birinci D\u00fcnya Sava\u015f\u0131\u2019nda Osmanl\u0131\u2019n\u0131n Ermenilere soyk\u0131r\u0131m yapt\u0131\u011f\u0131n\u0131 kabul eden tasar\u0131y\u0131 onaylam\u0131\u015ft\u0131r. B\u00f6ylece ABD\u2019 de s\u00f6zde Ermeni soyk\u0131r\u0131m\u0131n\u0131 kabul eden eyalet say\u0131s\u0131 48\u2019e y\u00fckselmi\u015ftir. Bu sebeple yumurta kap\u0131ya gelmeden, i\u015f i\u015ften ge\u00e7meden \u015fimdiden tedbir al\u0131nmas\u0131nda yarar vard\u0131r. T\u00fcrk\u00e7ede bir deyim vard\u0131r: Delidir, ne yapsa yeridir. Bir insan\u0131n deli oldu\u011fu i\u00e7in beklenmeyecek \u015feyler yapabilece\u011fini, dolay\u0131s\u0131yla kendisinden sak\u0131n\u0131lmas\u0131 gerekti\u011fini bildiren s\u00f6zd\u00fcr.\u201d<\/em> (<a href=\"http:\/\/ankaenstitusu.com\/sozde-ermeni-soykirimini-tanima-sirasinda-hollandadan-sonra-misir-yeni-zelanda-ve-abd-var\/\" target=\"_blank\" rel=\"noopener\">\u0130lgili not i\u00e7in t\u0131klay\u0131n\u0131z.<\/a>)<\/p>\n<div id=\"attachment_3317\" style=\"width: 1033px\" class=\"wp-caption aligncenter\"><img aria-describedby=\"caption-attachment-3317\" loading=\"lazy\" class=\"wp-image-3317 size-full\" src=\"http:\/\/misak.millidusunce.com\/wp-content\/uploads\/2018\/09\/trump-sonn.jpg\" alt=\"Donald Trump ve Robert Morgenthau, 1987, New York.\" width=\"1023\" height=\"467\" srcset=\"https:\/\/millidusunce.com\/misak\/wp-content\/uploads\/2018\/09\/trump-sonn.jpg 1023w, https:\/\/millidusunce.com\/misak\/wp-content\/uploads\/2018\/09\/trump-sonn-150x68.jpg 150w, https:\/\/millidusunce.com\/misak\/wp-content\/uploads\/2018\/09\/trump-sonn-300x137.jpg 300w, https:\/\/millidusunce.com\/misak\/wp-content\/uploads\/2018\/09\/trump-sonn-768x351.jpg 768w\" sizes=\"(max-width: 1023px) 100vw, 1023px\" \/><p id=\"caption-attachment-3317\" class=\"wp-caption-text\">Donald Trump ve Robert Morgenthau, 1987, New York.<\/p><\/div>\n<h2><strong>Torun Henry Morgenthau\u2019nun 25 Ocak 2018 tarihinde WSJ\u2019de yay\u0131nlanan yaz\u0131s\u0131n\u0131n T\u00fcrk\u00e7e \u00f6zeti \u015f\u00f6yledir<\/strong><\/h2>\n<p>\u201cHitler Polonya&#8217;y\u0131 1939&#8242; da i\u015fgal etmeye ba\u015flad\u0131\u011f\u0131nda komutanlar\u0131na \u2018Merhametsizce Yahudi erkek, kad\u0131n ve onlar\u0131n \u00e7ocuklar\u0131na \u00f6l\u00fcm emri verdi: <em>Kim bug\u00fcn Ermenilerin yok edilmesinden s\u00f6z ediyor?<\/em><\/p>\n<p><em>ABD\u2019nin m\u00fcttefiki olan T\u00fcrkiye, tarihiyle y\u00fczle\u015fmeyi hala reddediyor. <\/em>ABD h\u00fck\u00fcmeti de, Ermenilerin haklar\u0131n\u0131 savunamad\u0131. Amerikan y\u00f6netimleri T\u00fcrk bask\u0131s\u0131na boyun e\u011fdi ve s\u00fcrekli olarak basit bir ger\u00e7e\u011fi teyit edemedi. Ermenilerin katledilmesi, sadece tarihin bir talihsizli\u011fi de\u011fil, sistematik bir soyk\u0131r\u0131md\u0131.<\/p>\n<p>Diplomatlar\u0131n ihtiyatl\u0131 tutumu g\u00f6z \u00f6n\u00fcnde bulunduruldu\u011funda bu t\u00fcr bir davran\u0131\u015f \u015fa\u015f\u0131rt\u0131c\u0131 de\u011fildi. <em>Ancak Cumhurba\u015fkan\u0131 Trump, Kud\u00fcs&#8217;\u00fc \u0130srail&#8217;in ba\u015fkenti olarak kabul ederken, yeni bir d\u00f6neme i\u015faret ediyor gibi g\u00f6r\u00fcn\u00fcyor.<\/em> 1995 y\u0131l\u0131nda Kongre, D\u0131\u015fi\u015fleri Bakanl\u0131\u011f\u0131n\u0131 Kud\u00fcs&#8217;\u00fc \u0130srail&#8217;in ba\u015fkenti olarak tan\u0131maya ve ABD B\u00fcy\u00fckel\u00e7ili\u011fi&#8217;ni buraya ta\u015f\u0131maya y\u00f6nlendiren yasay\u0131 kabul etti Adaylar Bill Clinton ve George W. Bush el\u00e7ili\u011fi ta\u015f\u0131ma s\u00f6z\u00fc verdiler. Barack Obama 2008&#8217;de Kud\u00fcs&#8217;\u00fcn \u0130srail&#8217;in ba\u015fkenti olaca\u011f\u0131n\u0131 s\u00f6yledi. Cumhurba\u015fkan\u0131 se\u00e7ildikten sonra, her \u00fc\u00e7\u00fc de s\u00f6zlerinden d\u00f6nd\u00fcler. \u015eimdi, Amerika\u2019n\u0131n Kud\u00fcs politikas\u0131 tarihsel olgularla tutarl\u0131d\u0131r.<\/p>\n<p>Bu, Amerika&#8217;n\u0131n Ermeni soyk\u0131r\u0131m ger\u00e7e\u011fini de ayn\u0131 \u015fekilde kabul edebilece\u011fi hususunda beni iyimser k\u0131l\u0131yor. Ger\u00e7ekler zorlay\u0131c\u0131d\u0131r. Binlerce y\u0131ld\u0131r Ermeniler, \u015fu anda T\u00fcrkiye&#8217;nin do\u011fusundaki A\u011fr\u0131 Da\u011f\u0131&#8217;n\u0131n g\u00f6lgesinde ya\u015f\u0131yorlard\u0131. Tarihte bu Hristiyan az\u0131nl\u0131k M\u00fcsl\u00fcman kom\u015fular\u0131yla bar\u0131\u015f i\u00e7inde ya\u015fad\u0131. Ancak Osmanl\u0131 \u0130mparatorlu\u011fu, 19. y\u00fczy\u0131l\u0131n sonlar\u0131nda ve 20. y\u00fczy\u0131l\u0131n ba\u015flar\u0131nda par\u00e7alanmaya ba\u015flay\u0131nca Ermenilere bask\u0131lar ba\u015flad\u0131. Birinci D\u00fcnya Sava\u015f\u0131\u2019nda T\u00fcrkler Ermeni sorununu \u00e7\u00f6zme f\u0131rsat\u0131n\u0131 yakalad\u0131lar.<\/p>\n<p><em>\u0130lk \u00f6nce toplum liderleri ve ayd\u0131nlar\u0131 tutuklad\u0131lar ve idam ettiler.<\/em> Daha sonra Suriye \u00e7\u00f6llerine <em>\u00f6l\u00fcm y\u00fcr\u00fcy\u00fc\u015fleri<\/em> ile sivilleri s\u00fcrd\u00fcler. <em>1,5 milyon kadar Ermeni katledildi.<\/em> Benim i\u00e7in bu tarih, tarih kitaplar\u0131yla s\u0131n\u0131rl\u0131 de\u011fil. <em>B\u00fcy\u00fck babam Henry Morgenthau, katliam ba\u015flad\u0131\u011f\u0131nda Ba\u015fkan Wilson\u2019un Osmanl\u0131 \u0130mparatorlu\u011fu\u2019nun b\u00fcy\u00fckel\u00e7isiydi.<\/em> Modern d\u00fcnyan\u0131n hi\u00e7 g\u00f6rmedi\u011fi bir \u00f6l\u00e7\u00fcde Ermeniler katledildi ve b\u00fct\u00fcn d\u00fcnya bunu g\u00f6rd\u00fc.\u00a0 T\u00fcrk liderleri, Ermenilerin Amerikan vatanda\u015f\u0131 olmad\u0131klar\u0131n\u0131 s\u00f6yleyip b\u00fcy\u00fckel\u00e7inin endi\u015felerinin hi\u00e7birine cevap vermediler. B\u00fcy\u00fckel\u00e7i Morgenthau&#8217;nun Yahudi, Ermenilerin Hristiyan oldu\u011funu s\u00f6ylediler.<\/p>\n<p>T\u00fcrkler b\u00fcy\u00fckel\u00e7iyi Washington&#8217;a geri g\u00f6ndermek i\u00e7in ABD\u2019 ye bask\u0131 yapt\u0131lar. B\u00fcy\u00fckbabam\u0131n cevab\u0131 \u00e7ok a\u00e7\u0131kt\u0131: <em>Hat\u0131rlanmamdan daha b\u00fcy\u00fck bir onur d\u00fc\u015f\u00fcnemedim<\/em> <em>\u00e7\u00fcnk\u00fc bir Yahudi olarak y\u00fcz binlerce H\u0131ristiyan\u0131n hayat\u0131n\u0131 kurtarmak i\u00e7in elimden geleni yapt\u0131m.\u201d<\/em><\/p>\n<p>T\u00fcrklerin bask\u0131s\u0131 sonucunda dedem ABD\u2019ye d\u00f6nd\u00fc. Washington&#8217;a diplomatik bir telgraf g\u00f6nderdi: Bir \u0131rk\u0131n imhas\u0131 devam ediyor. Birinci D\u00fcnya Sava\u015f\u0131 ile me\u015fgul olan D\u0131\u015fi\u015fleri Bakanl\u0131\u011f\u0131 telgrafa kay\u0131ts\u0131z kald\u0131. Sonunda b\u00fcy\u00fckbabam bir dizi konferanslarla d\u00fcnyan\u0131n vicdan\u0131na hitap etmeye karar verdi.<\/p>\n<p>B\u00fcy\u00fck bir yard\u0131m kampanyas\u0131 sonucunda hayatta kalanlar\u0131 yeniden yerle\u015ftirmeye yard\u0131mc\u0131 oldu. Ancak (s\u00f6zde) soyk\u0131r\u0131m, Ermeni halk\u0131na ve b\u00fcy\u00fckbabam\u0131n ruhuna kar\u015f\u0131 b\u00fcy\u00fck bir sayg\u0131s\u0131zl\u0131k yaratm\u0131\u015ft\u0131r. B\u00fcy\u00fck babam ABD&#8217;ye geri d\u00f6nerek hayatta kalanlara yard\u0131m etmek i\u00e7in karar verdi. Ellis Adas\u0131\u2019nda m\u00fcltecilere sponsor oldu. Ve ba\u015fka bir \u015fey daha yapt\u0131. \u00c7ocuklar\u0131na ve torunlar\u0131na tan\u0131k oldu\u011fu tarihi \u00f6\u011fretti.<\/p>\n<p><em>Bu kehanet, Hitler&#8217;in Polonya&#8217;y\u0131 i\u015fgal etti\u011fi ve d\u00fcnyan\u0131n Ermenilerle ilgili amnezi (ge\u00e7irilen \u015fiddetli bir \u015fok sonucu ge\u00e7mi\u015fe ait haf\u0131zan\u0131n bir k\u0131sminin kaybedilmesi) s\u00f6z konusunu oldu\u011funda ger\u00e7ekle\u015fti. Amerika&#8217;n\u0131n bu amneziden \u00e7\u0131kmas\u0131 i\u00e7in \u00e7ok zaman var.<\/em><\/p>\n<p>Her Nisan ay\u0131nda Ba\u015fkan Ermeni halk\u0131na y\u00f6nelik vah\u015feti tan\u0131yan bir bildiri yay\u0131nlad\u0131. T\u00fcrk bask\u0131s\u0131na boyun e\u011fildi\u011fi i\u00e7in bildiride hi\u00e7bir zaman <em>\u201csoyk\u0131r\u0131m\u201d<\/em> kelimesini kullanmad\u0131. Bu de\u011fi\u015fmeli.<\/p>\n<p>T\u00fcrkiye&#8217;nin tepkisinin ABD&#8217;nin \u00e7\u0131karlar\u0131na kar\u015f\u0131 gelebilece\u011fini s\u00f6yleyenlerin kayg\u0131lar\u0131n\u0131 k\u00fc\u00e7\u00fcmsemiyorum. Kud\u00fcs&#8217;e el\u00e7ili\u011fi ta\u015f\u0131man\u0131n bar\u0131\u015f g\u00f6r\u00fc\u015fmelerini zorla\u015ft\u0131rabilece\u011fini s\u00f6yleyenleri reddetmiyorum. Ancak, adil ve kal\u0131c\u0131 bir d\u00fcnya d\u00fczeni, yalanlar \u00fczerine in\u015fa edilemez. <em>Ba\u015fkan Trump, Ermeni soyk\u0131r\u0131m\u0131 ger\u00e7e\u011fini ilan ederek bu taahh\u00fcd\u00fcn\u00fc yerine getirmelidir.<\/em> Bu iktidardaki <em>haydutlara<\/em> su\u00e7lar\u0131n\u0131z\u0131n \u00fcst\u00fc \u00f6rt\u00fclmeyecek mesaj\u0131 verecek.\u201d (<a href=\"https:\/\/www.wsj.com\/articles\/will-trump-tell-the-truth-about-the-armenian-genocide-1516925489\">https:\/\/www.wsj.com\/articles\/will-trump-tell-the-truth-about-the-armenian-genocide-1516925489<\/a>; <a href=\"https:\/\/www.wsj.com\/articles\/will-trump-tell-the-truth-about-the-armenian-genocide-151692548\">https:\/\/www.wsj.com\/articles\/will-trump-tell-the-truth-about-the-armenian-genocide-151692548<\/a> )<\/p>\n<p><em>Torun Morgenthau\u2019nun\u00a0 yaz\u0131s\u0131ndaki 1,5 milyon Ermeni rakam\u0131, Auschwitz- Birkenau toplama kamp\u0131n\u0131n \u00f6n\u00fcnde de vard\u0131r. Bir farkla: 1,5 milyon Yahudi 1,5 milyon Ermeni olarak de\u011fi\u015ftirilmi\u015ftir. <\/em><\/p>\n<p><em>Bu, uluslararas\u0131 intihaldir<\/em><em>.<\/em> Sevr (Sevres) Anla\u015fmas\u0131, Birinci D\u00fcnya Sava\u015f\u0131 sonras\u0131nda \u0130tilaf Devletleri ile Osmanl\u0131 \u0130mparatorlu\u011fu aras\u0131nda <em>10 A\u011fustos 1920<\/em> tarihinde Paris&#8217;in bat\u0131 banliy\u00f6s\u00fc Sevr kasabas\u0131ndaki Seramik M\u00fczesi&#8217;nde (Mus\u00e9e National de C\u00e9ramique) imzalanm\u0131\u015ft\u0131r. Bu m\u00fcze, T\u00fcrkiye i\u00e7in Anla\u015fma\u2019n\u0131n imzaland\u0131\u011f\u0131 yer olmas\u0131 bak\u0131m\u0131ndan \u00f6nemlidir. Bir di\u011fer \u00f6nemi de Ermenilerin m\u00fczenin \u00f6n\u00fcne <em>8 Mart 2001<\/em> tarihinde s\u00f6zde Ermeni Soyk\u0131r\u0131m An\u0131t\u0131 dikmesidir. An\u0131t\u0131n \u00fczerinde <em>taraf\u0131mdan \u00e7ekilen<\/em> foto\u011frafta da g\u00f6r\u00fclebilece\u011fi gibi <em>\u201c1915\u2019te J\u00f6n T\u00fcrk H\u00fck\u00fcmeti taraf\u0131ndan katledilen 1,5 milyon Ermenin an\u0131s\u0131na\u201d<strong> \u00a0<\/strong><\/em>yaz\u0131l\u0131d\u0131r. A\u00e7\u0131k\u00e7as\u0131 1,5 milyon rakam\u0131 Auschwitz-Birkenau toplama kamp\u0131n\u0131n \u00f6n\u00fcndeki an\u0131tta yaz\u0131l\u0131d\u0131r: <em>\u201c\u2026ABOUT ONE AND A HALF MILLION MEN, WOMEN AND CHLDREN MAINLY JEWS FROM VARIOUS COUNTRIES OF EUROPE\u201d<\/em><\/p>\n<div id=\"attachment_3320\" style=\"width: 715px\" class=\"wp-caption aligncenter\"><img aria-describedby=\"caption-attachment-3320\" loading=\"lazy\" class=\"wp-image-3320 size-full\" src=\"http:\/\/misak.millidusunce.com\/wp-content\/uploads\/2018\/09\/an\u0131tt-son.png\" alt=\"\u00dcst solda Auschwitz-Birkenau toplama kamp\u0131n\u0131n \u00f6n\u00fcndeki an\u0131t, \u00fcst sa\u011fda Sevr kasabas\u0131ndaki seramik m\u00fczesi \u00f6n\u00fcne dikilen an\u0131t ve altta ABD Soyk\u0131r\u0131m An\u0131t-M\u00fczesi' nde T\u00fcrkiye'yi su\u00e7layan sahte Hitler Yaz\u0131t\u0131 g\u00f6r\u00fcn\u00fcyor.\" width=\"705\" height=\"720\" srcset=\"https:\/\/millidusunce.com\/misak\/wp-content\/uploads\/2018\/09\/an\u0131tt-son.png 705w, https:\/\/millidusunce.com\/misak\/wp-content\/uploads\/2018\/09\/an\u0131tt-son-147x150.png 147w, https:\/\/millidusunce.com\/misak\/wp-content\/uploads\/2018\/09\/an\u0131tt-son-294x300.png 294w\" sizes=\"(max-width: 705px) 100vw, 705px\" \/><p id=\"caption-attachment-3320\" class=\"wp-caption-text\">\u00dcst solda Auschwitz-Birkenau toplama kamp\u0131n\u0131n \u00f6n\u00fcndeki an\u0131t, \u00fcst sa\u011fda Sevr kasabas\u0131ndaki seramik m\u00fczesi \u00f6n\u00fcne dikilen an\u0131t ve altta ABD Soyk\u0131r\u0131m An\u0131t-M\u00fczesi&#8217; nde T\u00fcrkiye&#8217;yi su\u00e7layan sahte Hitler Yaz\u0131t\u0131 g\u00f6r\u00fcn\u00fcyor.<\/p><\/div>\n<p>Kaynak: (<a href=\"http:\/\/www.butundunya.com\/pdfs\/2018\/03\/022-028.pdf\" target=\"_blank\" rel=\"noopener\">Cengiz \u00d6zak\u0131nc\u0131, ABD Soyk\u0131r\u0131m An\u0131t-M\u00fczesi&#8217;nde T\u00fcrkiye&#8217;yi Su\u00e7layan Sahte Hitler Yaz\u0131t\u0131 <\/a> )<\/p>\n<p>D\u00f6nemin Ermenistan Cumhurba\u015fkan\u0131 Serge Sarkisian, t\u00fcm Ermenilerin Ba\u015f Patri\u011fi II. Karekin, Ermenistan D\u0131\u015fi\u015fleri Bakan\u0131 ve ABD Soyk\u0131r\u0131m An\u0131t\u0131 M\u00fczesi k\u0131demli dan\u0131\u015fman\u0131 Arthur Berger ve di\u011ferleri Hitler&#8217;in Ermeni Soyk\u0131r\u0131m\u0131na g\u00f6nderme yapt\u0131\u011f\u0131 s\u00f6zlerinin \u00f6n\u00fcnde inceleme yapmaktalar. 6 May\u0131s 2015 tarihinde \u00e7ekilen foto\u011fraf, Ermeni soyk\u0131r\u0131m propagandas\u0131nda kullan\u0131lan sahte Hitler yaz\u0131t\u0131na, m\u00fczenin 1993&#8217;teki a\u00e7\u0131l\u0131\u015ftan sonra yer verildi\u011fini g\u00f6stermektedir.<\/p>\n<p><em>25 Ocak 2018<\/em> g\u00fcnl\u00fc <em>Wall Street Journal<\/em> gazetesinde torun Robert M. Morgenthau imzas\u0131 ile yay\u0131nlanan <em>\u201cBa\u015fkan Trump Ermeni Soyk\u0131r\u0131m\u0131 Hakk\u0131nda Ger\u00e7e\u011fi S\u00f6yleyecek mi?\u201d<\/em> ba\u015fl\u0131kl\u0131 makalede ger\u00e7ekmi\u015f gibi tekrarlanan s\u00f6z Hitlere ait de\u011fildir. Hitler&#8217;in <em>22 A\u011fustos 1939<\/em> tarihindeki konu\u015fmas\u0131nda Ermenilerden s\u00f6z etti\u011fi ileri s\u00fcr\u00fclen paragraf\u0131n m\u00fczeye\u00a0 konmas\u0131n\u0131n do\u011fru olmad\u0131\u011f\u0131n\u0131 SBF\u2019den hocam <em>Prof. Dr. T\u00fcrkkaya Ata\u00f6v<\/em>, 1984 y\u0131l\u0131nda \u00a0\u0130ngilizce ve Frans\u0131zca olarak\u00a0 yay\u0131nlanan \u00a0<em>Hitler and the Armenian Question \/ Hitler et la Question Armenienne (Hitler ve Ermeni Sorunu)<\/em> kitap\u00e7\u0131\u011f\u0131nda a\u00e7\u0131klam\u0131\u015f, Hitler&#8217;in Ermeniler&#8217;e ili\u015fkin b\u00f6yle bir s\u00f6z\u00fcn\u00fcn bulunmad\u0131\u011f\u0131n\u0131 N\u00fcremberg yarg\u0131lama dosyalar\u0131ndan ilgili belgelerle kan\u0131tlam\u0131\u015ft\u0131r.<\/p>\n<p>Ata\u00f6v&#8217;den bir y\u0131l sonra, 1985 y\u0131l\u0131nda <em>Prof.Dr. Heath W. Lowry, Ermeniler \u00dczerine ABD Kongresi ve Adolf Hitler<\/em> (The U.S. Congress and Adolf Hitler on the Armenians) ba\u015fl\u0131kl\u0131 makalesinde, m\u00fczeye konulmak istenen s\u00f6z\u00fcn Hitler&#8217;e ait olmad\u0131\u011f\u0131n\u0131, uydurma (spurious) oldu\u011funu g\u00f6stermi\u015ftir. Lowry (Mustafa Kemal Ataturk Professor of Ottoman and Modern Turkish Studies, Princeton University) bu konuda \u015fu\u00a0 ele\u015ftiride bulunmu\u015ftur: <em>\u201cSava\u015f d\u00f6neminde T\u00fcrkler aleyhinde yap\u0131lan propagandan\u0131n en etkili \u00f6rneklerinden birinin esas\u0131n\u0131 te\u015fkil eden bu belgelerin \u0130ngiliz haber alma \u00f6rg\u00fct\u00fcne tarafs\u0131z Amerika Birle\u015fik Devletleri&#8217; nin bir B\u00fcy\u00fckel\u00e7isi taraf\u0131ndan sa\u011fland\u0131\u011f\u0131 ve bunlar\u0131n Amerikan kamuoyunu T\u00fcrkler ve Almanlar aleyhine k\u0131\u015fk\u0131rtarak \u00fclkeyi sava\u015fa sokma amac\u0131n\u0131 g\u00fcden \u0130ngiliz \u00e7abalar\u0131n\u0131n bir par\u00e7as\u0131 olarak yay\u0131mland\u0131\u011f\u0131 anla\u015f\u0131l\u0131nca, Morgenthau&#8217; nun kulland\u0131\u011f\u0131 &#8216;yetki&#8217; konusunda insan meraka d\u00fc\u015f\u00fcyor.\u201d <\/em>(The Story Behind Ambassador Morgenthau&#8217;s Story,\u00a0 Istanbul, Isis Press, 1990)\u00a0 Bu ara\u015ft\u0131rma kamuoyunda de\u011filse bile Amerikan diplomatik \u00e7evrelerinde etkili olmu\u015ftur.<\/p>\n<p>Prof. Lowry\u2019a g\u00f6re<em> \u201cB\u00fcy\u00fckel\u00e7i Morghentau\u2019 n\u0131n hikayesinde yer alan t\u00fcm yorumlar, Eyl\u00fcl 1915\u2019 in sonlar\u0131na do\u011fru Morghentau\u2019 nun, Ermenilerin, Gen\u00e7 T\u00fcrk liderli\u011fi taraf\u0131ndan imha edilmeye maruz kald\u0131\u011f\u0131 konusunda kesin bir sonuca varmam\u0131\u015flard\u0131r.\u201d<\/em> (All comments in Ambassador Morghentau\u2019s Story notwithstanding, as late as September 1915, Morghentau had not firmly concluded that the Armenians were the subject of an attempted \u2018extermination\u2019 by the Young Turk leadership, s. 51)<\/p>\n<p>Ermeni soyk\u0131r\u0131m propagandas\u0131nda kullan\u0131lan yalanlar\u0131 kitaplar\u0131nda belgelerle \u00e7\u00fcr\u00fcten bir di\u011fer \u00f6nemli ara\u015ft\u0131rmac\u0131 ise de\u011ferli b\u00fcy\u00fc\u011f\u00fcm <em>\u015e\u00fckr\u00fc Server Aya<\/em>\u2019d\u0131r. Hitler&#8217;e atfedilen <em>&#8220;B\u00fct\u00fcn olanlardan sonra, kim bug\u00fcn Ermenilerin yok edilmesinden s\u00f6z ediyor?&#8221;<\/em> s\u00f6zlerinin uydurma oldu\u011funu <em>The Genocide of Truth<\/em> (\u0130stanbul Ticaret \u00dcniversitesi yay\u0131nlar\u0131, 2008, s.366), <em>Soyk\u0131r\u0131m Tacirleri<\/em> (Derin Yay\u0131nlar\u0131, Ocak 2009, s.205-206)\u00a0 <em>The Genocide of Truth Continues,<\/em> (Derin Yay\u0131nlar\u0131, Aral\u0131k 2010, s.249-270) ile a\u00e7\u0131klam\u0131\u015ft\u0131r.<\/p>\n<p>Say\u0131n Aya, The Wall Street Journal gazetesi edit\u00f6rlerine, Washington Soyk\u0131r\u0131m M\u00fcze \u0130daresi ve M\u00fctevelli Heyeti&#8217;ne (28.03. 2018) ve m\u00fczenin ba\u011fl\u0131 oldu\u011fu \u00fcst makam olarak ABD Ba\u015fkanl\u0131k Ofisi&#8217;ne g\u00f6nderdi\u011fi (13.02.2018) yaz\u0131larda tepkisini \u015fu s\u00f6zlerle dile getirmi\u015ftir:<\/p>\n<p><em>&#8220;Muhterem Beyefendiler. Birinci ve \u0130kinci D\u00fcnya sava\u015flar\u0131 ve \u201csoyk\u0131r\u0131m mito-manisi\u201d (Erich Feigl) ile ilgili tarih hakk\u0131nda m\u00fcstakil ara\u015ft\u0131rmac\u0131 ve yazarlar olarak, makale yazar\u0131n\u0131n dominant bir eda yazd\u0131\u011f\u0131 makale i\u00e7eri\u011finden fevkalade rahats\u0131zl\u0131k duydu\u011fumuzdan bunu ret etmek mecburiyetini duyduk; zira daha \u00f6nce New York B\u00f6lge Savc\u0131s\u0131 olan Bay Robert M. Morgenthau\u2019 un bu yaz\u0131 i\u00e7eri\u011fi, neredeyse A\u2019 dan Z\u2019 ye kadar ger\u00e7ek de\u011fildir, kan\u0131tlanmam\u0131\u015ft\u0131r ve ayr\u0131ca d\u00fcnk\u00fc ve bug\u00fcnk\u00fc tarih hakk\u0131nda devasa bilgi eksikli\u011fi ile maluld\u00fcr. <\/em><\/p>\n<p><em>M\u00fczenin duvar\u0131nda durmakta olan ve Hitler\u2019 e atfedilen c\u00fcmle tamamen yaland\u0131r ve ihtimal yirmi y\u0131ldan fazlad\u0131r oradad\u0131r<\/em><em>. Maalesef M\u00fcze kendisine yap\u0131lan talepler ve sunulan belgesel kan\u0131tlara suskun kalmay\u0131 ye\u011flemi\u015f veya sessiz kalarak bu tarihsel yalan\u0131 halktan saklanmas\u0131 s\u00f6ylenmi\u015ftir. Avrupa\u2019 daki yetkili muhtelif mahkeme kararlar\u0131na ve hukuki mevzuata ra\u011fmen, M\u00fcze bu soyk\u0131r\u0131m yalan\u0131n\u0131n propaganda edilmesine alet olmu\u015ftur. \u00a0ABD ar\u015fivleri, Kongre veya Senato referansl\u0131 ve Bay Morgenthau\u2019 un makalesini nakzeden belgelerle doludur; h\u00e2lbuki hukuk ve kanun aleminde \u00fcn sahibi Bay Morgenthau kurallar\u0131 ihmal veya g\u00f6rmezden gelmi\u015f ve konuda savc\u0131 olarak davran\u0131rken savunmaya ve kan\u0131tlara gerek g\u00f6rmemi\u015f ve \u00fclke yasalar\u0131na uymayarak ayn\u0131 olayda bir h\u00e2kim veya ebed\u00ee bir tanr\u0131 tutumu i\u00e7inde olmu\u015ftur. Bu yap\u0131lanlar\u0131n kabul g\u00f6remeyece\u011fi anlam\u0131nda ara\u015ft\u0131rmam\u0131z\u0131 sunarken Wall Street Journal gazetesinin Bay Morgenthau\u2019 un Ermeni Soyk\u0131r\u0131m\u0131 hakk\u0131ndaki isteklerine kat\u0131l\u0131p<\/em> <em>kat\u0131lmad\u0131\u011f\u0131n\u0131 da a\u00e7\u0131klamas\u0131n\u0131 sayg\u0131lar\u0131m\u0131zla talep ederiz.&#8221;<\/em><\/p>\n<p>Mark Twain\u2019in<em> &#8220;Ger\u00e7ek, ayakkab\u0131s\u0131n\u0131 giyene kadar yalan d\u00fcnyay\u0131 dola\u015f\u0131r&#8221; <\/em>tespitinin ne kadar do\u011fru oldu\u011fu say\u0131n Aya\u2019n\u0131n yaz\u0131s\u0131ndan da bellidir. (<a href=\"http:\/\/www.butundunya.com\/pdfs\/2018\/03\/022-028.pdf\" target=\"_blank\" rel=\"noopener\">ilgili not i\u00e7in t\u0131klay\u0131n\u0131z.<\/a> )<\/p>\n<p>ABD, \u0130ngiltere ve Sovyet Rusya 1945&#8217;te Almanya&#8217;y\u0131 yenmi\u015f, esir ald\u0131klar\u0131 y\u00fcksek r\u00fctbeli Alman subaylar\u0131n\u0131 N\u00fcremberg&#8217;te uluslararas\u0131 askeri mahkemede yarg\u0131lamak \u00fczere su\u00e7 delillerini toplamaya ba\u015flam\u0131\u015ft\u0131r. ABD askerlerinin 1945 y\u0131l\u0131nda Avusturya&#8217; da Saalfelden&#8217;de ele ge\u00e7irdikleri belgeler aras\u0131nda, Hitler&#8217;in d\u00fcnya sava\u015f\u0131n\u0131 ba\u015flatan, Polonya&#8217;y\u0131 i\u015fgal emrini verdi\u011fi 22.08.1939 g\u00fcnl\u00fc konu\u015fmas\u0131na ili\u015fkin notlar da bulunuyordu.<\/p>\n<p>AP ajans\u0131n\u0131n Berlin muhabiri Amerikal\u0131 gazeteci <em>Louis P. Lochner<\/em>, 1942&#8242; de ABD&#8217;de yay\u0131mlanan <em>What About Germany<\/em> adl\u0131 kitab\u0131nda, bir muhbirden ald\u0131m dedi\u011fi Hitler konu\u015fmas\u0131n\u0131n metnini de aktarm\u0131\u015ft\u0131. Ancak konu\u015fman\u0131n Lochner&#8217;in 1942&#8217;de aktard\u0131\u011f\u0131 1945&#8217;te Saalfelden&#8217;de ele ge\u00e7irdi\u011fi aras\u0131nda uyu\u015fmazl\u0131klar bulunuyordu. Hitler&#8217;e atfedilen s\u00f6zler Louis Lochner&#8217;in 1942&#8217;de yay\u0131nlanan kitab\u0131nda yer alm\u0131\u015ft\u0131r.<\/p>\n<p>Fakat Lochner&#8217;in kitab\u0131ndaki metnin i\u00e7eri\u011fini ve kayna\u011f\u0131n\u0131 savc\u0131l\u0131k \u015f\u00fcpheli buldu\u011fu i\u00e7in kan\u0131t olarak kullanmam\u0131\u015ft\u0131. \u00c7\u00fcnk\u00fc, Lochner&#8217;in <em>&#8220;muhbirden ald\u0131\u011f\u0131m Almanca konu\u015fma metnini 1939&#8242; da derhal Amerikan B\u00fcy\u00fckel\u00e7ili\u011fine teslim ettim&#8221;<\/em> dedi\u011fi \u00fc\u00e7 sayfay\u0131 inceleyen \u00e7evirmen Carlos Porter, yaz\u0131n\u0131n Alman klavyeli bir daktilodan \u00e7\u0131kmad\u0131\u011f\u0131n\u0131 ve bozuk bir Almanca ile yaz\u0131lm\u0131\u015f oldu\u011funu belirlemi\u015fti.<\/p>\n<p>Lochner&#8217;in kitab\u0131nda, Hitler&#8217;in\u00a0 <em>\u201cG\u00fcc\u00fcm\u00fcz, h\u0131z\u0131m\u0131z ve ac\u0131mas\u0131zl\u0131\u011f\u0131m\u0131zdad\u0131r. Cengiz Han, milyonlarca kad\u0131n ve \u00e7ocu\u011fu \u00f6nceden tasarlayarak ve i\u00e7 huzuruyla katliama s\u00fcr\u00fckledi. Bug\u00fcn tarih onu yaln\u0131zca b\u00fcy\u00fck bir devlet kurucu olarak g\u00f6r\u00fcyor. Zay\u0131f Avrupa uygarl\u0131\u011f\u0131n\u0131n benim i\u00e7in ne diyece\u011fi umurumda de\u011fil. Ele\u015ftiri i\u00e7in tek s\u00f6z edeni bile infaz etmeleri i\u00e7in idam mangas\u0131na emir verdim. Sava\u015f hedefimiz belirli hatlara ula\u015fmak de\u011fil, d\u00fc\u015fman\u0131n fiziksel olarak yok edilmesidir. Polonya dili t\u00fcrevi konu\u015fan her \u00e7ocuk, kad\u0131n ve erke\u011fi ac\u0131maks\u0131z\u0131n \u00f6ld\u00fcrme emrini uygulamak \u00fczere Do\u011fu\u2019 ya \u00f6l\u00fcm mangalar\u0131m\u0131n gitmesini ben emrettim. Bize gerek duydu\u011fumuz ya\u015fam alan\u0131n\u0131 (lebensraum) kazand\u0131racak olan yaln\u0131zca budur. \u201cB\u00fct\u00fcn olanlardan sonra, kim bug\u00fcn Ermenilerin yok edilmesinden s\u00f6z<\/em> <em>ediyor?&#8221; <\/em>dedi\u011fi yaz\u0131l\u0131yd\u0131. Fakat ayn\u0131 konu\u015fman\u0131n Amerikan askerlerince Nazi belgeleri aras\u0131nda ele ge\u00e7irilen metninde ve savunma kan\u0131t\u0131 olarak sunulan di\u011fer belgelerde Ermenilerden hi\u00e7 s\u00f6z edilmemi\u015ftir.<\/p>\n<p><em>WSJ sab\u0131kal\u0131 bir gazetedir.<\/em> \u00c7\u00fcnk\u00fc, \u00a0<em>L. Gordon Crovitz<\/em> isimli yazar da gazetenin <em>3 May\u0131s 2015<\/em> tarihli yaz\u0131s\u0131nda <em>T\u00fcrkiye&#8217;yi bir milyondan fazla Ermeni vatanda\u015f\u0131 katletmekle su\u00e7lam\u0131\u015ft\u0131r.<\/em> (Turkey\u2019s massacre of more than one million of its Armenian citizens) <em>\u201cAnkara, olanlar\u0131 badanalamak i\u00e7in elinden gelenin en iyisini yap\u0131yor. Sosyal medya ve \u00e7evrimi\u00e7i videodan \u00e7ok \u00f6nce ABD&#8217; li diplomat sayesinde bu imk\u00e2ns\u0131z. 1915 y\u0131l\u0131nda Henry Morgenthau Sr., Osmanl\u0131 \u0130mparatorlu\u011fu&#8217;nun ABD B\u00fcy\u00fckel\u00e7isi idi.\u201d<\/em> (Opinion\u00a0 Informat\u0131on Age The Diplomat Who Called Out Mass Murder Using just a pen and a phone, Henry Morgenthau exposed Ottoman atrocities)<\/p>\n<h2><strong>9 \u015eubat 2018 tarihinde torun Robert \u00a0Morris Morgenthau&#8217;nun\u00a0 makalesini yay\u0131nlayan Wall Street Journal edit\u00f6r\u00fcne a\u015fa\u011f\u0131daki ayd\u0131nlat\u0131c\u0131 mektup g\u00f6nderilmi\u015ftir:<\/strong><\/h2>\n<p><em>(Open Letter To Wall Street Journal To Correct Morgenthau Falsehoods About Armen\u0131an Claims<\/em> &#8211; 09.02.2018 https:\/\/www.ata-a.org.au\/morgenthaus-hate-and-lies-still-haunt-history\/.BLOG NO : 2018 \/ 16, TASC 06.03.2018, 9 February 2018,The letter below was sent on February 9, 2018 to Wall Street Journal (WSJ) which published an earlier article by R. M. Morgenthau, grandson of Henry Morgenthau, former U.S. Ambassador to the Ottoman Empire)<\/p>\n<p><em>Edit\u00f6re:<\/em><\/p>\n<p>1915&#8217;ten bu yana B\u00fcy\u00fckel\u00e7i Morgenthau, 1915&#8217;teki T\u00fcrk Ermeni ihtilaf\u0131 hakk\u0131nda yalan s\u00f6yleme propagandas\u0131n\u0131 ger\u00e7ekle\u015ftirenlerden herkesten daha fazlas\u0131n\u0131 yapm\u0131\u015ft\u0131r. Son zamanlardaki ara\u015ft\u0131rmalar, <em>Henry Morgenthau&#8217;nun<\/em> iddialar\u0131n\u0131n yanl\u0131\u015f bilgilere dayand\u0131\u011f\u0131n\u0131, iddialar\u0131n ger\u00e7ek de\u011fil propaganda niteli\u011fi oldu\u011funu g\u00f6stermi\u015ftir. K\u0131saca bu iddialar reddedilmi\u015f ve 1915 tehciri hakk\u0131nda ciddi ara\u015ft\u0131rmalarda kullan\u0131lmam\u0131\u015ft\u0131r.<\/p>\n<p>B\u00f6lge Savc\u0131l\u0131\u011f\u0131 g\u00f6revinde bulunan emekli Robert Morris Morgenthau&#8217;nun <em>\u201cTrump, Ermeni Soyk\u0131r\u0131m\u0131 Hakk\u0131nda Ger\u00e7e\u011fi S\u00f6yleyecek mi?\u201d<\/em> yaz\u0131s\u0131 (25 Ocak 2018) bizleri rahats\u0131z etmi\u015ftir. Trump \u00a0bu yalan\u0131 \u00a0s\u00f6ylerse, bay Morgenthau ile ayn\u0131 fikirde olmak zorunda kalacakt\u0131r.<\/p>\n<p>Osmanl\u0131 \u0130mparatorlu\u011fu B\u00fcy\u00fckel\u00e7isi Henry Morgenthau&#8217;nun (1913-16) Osmanl\u0131-Ermeni ihtilaf\u0131 ile ilgili raporlar\u0131, (1885-1919), iki Ermeni k\u00f6kenli diplomat olan Arshag Schmavonian ve Hagop Andonian&#8217;a g\u00fcvendikleri i\u00e7in son derece ku\u015fkuluydu. \u00a0Onlar, Osmanl\u0131 \u0130mparatorlu\u011fu&#8217; na kar\u015f\u0131 sava\u015fan Ermeni Devrimci Federasyonu (ARF) \u00fcyesiydi. Ne Morgenthau ne de Ermeni personel bildirdikleri olaylara tan\u0131k olmad\u0131. Daha da k\u00f6t\u00fcs\u00fc, Morgenthau T\u00fcrk ve M\u00fcsl\u00fcmanlara <em>\u201ca\u015fa\u011f\u0131l\u0131k bir \u0131rk\u201d<\/em> \u00a0diyerek at\u0131fta bulundu. Ger\u00e7ek \u015fu ki, cehalet ve \u00f6n yarg\u0131 B\u00fcy\u00fckel\u00e7i Morgenthau&#8217;nun Osmanl\u0131-Ermeni ihtilaf\u0131 konusundaki perspektifini tan\u0131mlamaktad\u0131r.<\/p>\n<p>Bay Morgenthau, bu yanl\u0131l\u0131\u011f\u0131 kendi bak\u0131\u015f a\u00e7\u0131s\u0131yla ele al\u0131yor ve Adolf Hitler&#8217;e uzman tan\u0131kl\u0131\u011f\u0131 olarak g\u00fcveniyor. Robert Morgenthau&#8217;nun dayand\u0131\u011f\u0131 Ermeni katliamlar\u0131ndan s\u00f6z eden Hitler, Kas\u0131m 1945&#8217;te N\u00fcrnberg Mahkemesi taraf\u0131ndan g\u00fcvenilmez olarak reddedilmi\u015ftir.<\/p>\n<p>Yanl\u0131\u015f al\u0131nt\u0131, ilk defa 24 Kas\u0131m 1945&#8217;te, <em>\u201cNazi Almanya&#8217;n\u0131n Sava\u015fa Giden Yol\u201d<\/em> adl\u0131 London Times&#8217;deki bir makalede, Hitler ve onun komutanlar\u0131 aras\u0131nda, i\u015fgalden \u00f6nce <em>22 A\u011fustos 1939&#8217;da<\/em> yap\u0131lan bir konu\u015fmayla ilgili olarak yaz\u0131lm\u0131\u015ft\u0131r. Bu konu\u015fman\u0131n birden \u00e7ok versiyonu a\u00e7\u0131klanm\u0131\u015ft\u0131r. Ancak sadece biri cahillik ve \u00f6n yarg\u0131 ile harekete ge\u00e7en, ne yaz\u0131k ki\u00a0 k\u0131\u015fk\u0131rt\u0131c\u0131 al\u0131nt\u0131y\u0131 i\u00e7ermektedir.<\/p>\n<p>\u015ea\u015f\u0131rt\u0131c\u0131 olmayan bir \u015fekilde, dede <em>Morgenthau<\/em> hukuki \u00f6rnekleri g\u00f6rmezden geldi. 2015 y\u0131l\u0131nda, Avrupa \u0130nsan Haklar\u0131 Mahkemesi, Ermeni soyk\u0131r\u0131m\u0131 iddialar\u0131n\u0131n hukuki olarak kan\u0131tlanmam\u0131\u015f oldu\u011funa karar vermi\u015ftir. 2016 y\u0131l\u0131nda, Frans\u0131z Anayasa Konseyi ayn\u0131 karar\u0131 alm\u0131\u015ft\u0131r. 2012 y\u0131l\u0131nda, <em>ABD Y\u00fcsek Mahkemesi, 9. Devreye ili\u015fkin 11-0&#8217;luk bir kararla Ermeni davas\u0131n\u0131 soyk\u0131r\u0131m olarak nitelendirmemi\u015f ve bu konunun ABD d\u0131\u015f politikas\u0131 olmad\u0131\u011f\u0131na karar vermi\u015ftir.<\/em> 1920&#8217;li y\u0131llara gelindi\u011finde, \u0130ngiliz liderli\u011findeki Malta Mahkemeleri 144 Osmanl\u0131 memuruna kar\u015f\u0131 su\u00e7lamada bulunmu\u015ftur. \u00c7\u00fcnk\u00fc \u0130ngiliz, Frans\u0131z ve ABD&#8217;deki ar\u015fivlerde Ermenilere kar\u015f\u0131 bir zul\u00fcm ve imha politikas\u0131n\u0131n hi\u00e7bir kan\u0131t\u0131 yoktur.<\/p>\n<p>Ger\u00e7ekten <em>Morgenthau<\/em>, hukukun \u00fcst\u00fcnl\u00fc\u011f\u00fcn\u00fc yok say\u0131yor, 1948 Birle\u015fmi\u015f Milletler Soyk\u0131r\u0131m S\u00f6zle\u015fmesi&#8217;ni kabul eden Birle\u015fmi\u015f Milletleri de g\u00f6rmezden geliyor. BM s\u00f6zde Ermeni soyk\u0131r\u0131m\u0131n\u0131 1985 y\u0131l\u0131nda reddetti, <em>2000, 2007 ve 2015 y\u0131llar\u0131nda da benzer kararlar ald\u0131.<\/em><\/p>\n<p>Sevgin Oktay, Ba\u015fkan,T\u00fcrk \u0130ftira \u00d6nleme \u0130ttifak\u0131 ( www.TADAlliance.org )<\/p>\n<p>PO Box 2586, Poughkeepsie, NY 12603-2397, Halil Mutlu, E\u015f Ba\u015fkan T\u00fcrk Amerikan Ulusal Y\u00f6nlendirme Komitesi, Washington T\u00fcrk Evi, 1526 18th Street NW Ste 200, Washington DC 20036, \u00a0David Saltzman, Dan\u0131\u015fman, T\u00fcrk Amerikan Yasal Savunma Fonu, Amerika T\u00fcrk Koalisyonu, 1510 H Sokak NW Ste 900 Washington DC 20005.<\/p>\n<p>\u015eimdi, Ferruh Demirmen\u2019in \u00a0a\u015fa\u011f\u0131daki \u00a0ele\u015ftirisine hak vermemek m\u00fcmk\u00fcn m\u00fc? <em>\u201cErmeni sorununda T\u00fcrk kar\u015f\u0131tl\u0131\u011f\u0131 ile bilinen ve boykot edilmesi gereken b\u00f6yle bir gazete \u015fimdi ne yaz\u0131k ki birtak\u0131m T\u00fcrk-Amerikan dernekleri taraf\u0131ndan verilen bir sayfal\u0131k ilan ile ticari bak\u0131mdan taltiflenmi\u015ftir. Bizim makaleleri yay\u0131mlamay\u0131 reddeden WJS edit\u00f6rleri \u015fimdi acaba ne d\u00fc\u015f\u00fcnmektedir? Demek ki T\u00fcrk taraf\u0131ndan herhangi bir yapt\u0131r\u0131m, boykot, rahats\u0131zl\u0131k s\u00f6z konusu de\u011filmi\u015f! Ve ilan veren T\u00fcrk-Amerikan derneklerinin bu hassasiyetine ne denir?\u201d<\/em><\/p>\n<p><em>Yukar\u0131daki belge ve a\u00e7\u0131klamalardan sonra Ermeni muhibi WSJ gazetesine ilan verilmesi bir ak\u0131l tutulmas\u0131 de\u011filse nedir?<\/em><\/p>\n<p><em>\u00a0<\/em><\/p>\n<p><em>\u00a0<\/em><\/p>\n","protected":false},"excerpt":{"rendered":"<p>T\u00fcrkiye aleyhinde yaz\u0131larla g\u00fcndeme gelen daha \u00e7ok Ermeni tezlerini destekleyen WSJ gazetesi, baz\u0131 T\u00fcrk-Amerikan dernekleri taraf\u0131ndan  bir sayfal\u0131k ilan verilerek \u00f6d\u00fcllendirilmi\u015ftir. Verilen ilan yerinde midir? Peki, ya gazete se\u00e7imi?..<\/p>\n","protected":false},"author":3,"featured_media":3325,"comment_status":"open","ping_status":"open","sticky":false,"template":"","format":"standard","meta":{"_links_to":"","_links_to_target":""},"categories":[2,64,66,67,68],"tags":[],"yoast_head":"<!-- This site is optimized with the Yoast SEO plugin v16.0.2 - https:\/\/yoast.com\/wordpress\/plugins\/seo\/ -->\n<title>T\u00fcrk kurulu\u015flar\u0131n\u0131n ABD\u2019de Ermeni yanl\u0131s\u0131 WSJ Gazetesi\u2019ne ilan vererek destek olmas\u0131n\u0131n anlam\u0131 nedir? - M\u0130SAK- Mill\u00ee Strateji Ara\u015ft\u0131rma Kurulu<\/title>\n<link rel=\"canonical\" href=\"https:\/\/millidusunce.com\/misak\/turk-kuruluslarinin-abdde-ermeni-yanlisi-wsj-gazetesine-ilan-vererek-destek-olmasinin-anlami-nedir\/\" \/>\n<meta property=\"og:locale\" content=\"tr_TR\" \/>\n<meta property=\"og:type\" content=\"article\" \/>\n<meta property=\"og:title\" content=\"T\u00fcrk kurulu\u015flar\u0131n\u0131n ABD\u2019de Ermeni yanl\u0131s\u0131 WSJ Gazetesi\u2019ne ilan vererek destek olmas\u0131n\u0131n anlam\u0131 nedir? - M\u0130SAK- Mill\u00ee Strateji Ara\u015ft\u0131rma Kurulu\" \/>\n<meta property=\"og:description\" content=\"T\u00fcrkiye aleyhinde yaz\u0131larla g\u00fcndeme gelen daha \u00e7ok Ermeni tezlerini destekleyen WSJ gazetesi, baz\u0131 T\u00fcrk-Amerikan dernekleri taraf\u0131ndan bir sayfal\u0131k ilan verilerek \u00f6d\u00fcllendirilmi\u015ftir. Verilen ilan yerinde midir? Peki, ya gazete se\u00e7imi?..\" \/>\n<meta property=\"og:url\" content=\"https:\/\/millidusunce.com\/misak\/turk-kuruluslarinin-abdde-ermeni-yanlisi-wsj-gazetesine-ilan-vererek-destek-olmasinin-anlami-nedir\/\" \/>\n<meta property=\"og:site_name\" content=\"M\u0130SAK- Mill\u00ee Strateji Ara\u015ft\u0131rma Kurulu\" \/>\n<meta property=\"article:published_time\" content=\"2018-09-26T16:30:27+00:00\" \/>\n<meta property=\"article:modified_time\" content=\"2018-09-26T11:53:41+00:00\" \/>\n<meta property=\"og:image\" content=\"https:\/\/millidusunce.com\/misak\/wp-content\/uploads\/2018\/09\/wsj-.png\" \/>\n\t<meta property=\"og:image:width\" content=\"840\" \/>\n\t<meta property=\"og:image:height\" content=\"594\" \/>\n<meta name=\"twitter:card\" content=\"summary_large_image\" \/>\n<meta name=\"twitter:label1\" content=\"Tahmini okuma s\u00fcresi\">\n\t<meta name=\"twitter:data1\" content=\"34 dakika\">\n<script type=\"application\/ld+json\" class=\"yoast-schema-graph\">{\"@context\":\"https:\/\/schema.org\",\"@graph\":[{\"@type\":\"Organization\",\"@id\":\"https:\/\/millidusunce.com\/misak\/#organization\",\"name\":\"Mill\\u00ee D\\u00fc\\u015f\\u00fcnce Merkezi\",\"url\":\"https:\/\/millidusunce.com\/misak\/\",\"sameAs\":[],\"logo\":{\"@type\":\"ImageObject\",\"@id\":\"https:\/\/millidusunce.com\/misak\/#logo\",\"inLanguage\":\"tr\",\"url\":\"https:\/\/millidusunce.com\/misak\/wp-content\/uploads\/2018\/09\/mdmLogo-yazisiz.jpg\",\"width\":422,\"height\":422,\"caption\":\"Mill\\u00ee D\\u00fc\\u015f\\u00fcnce Merkezi\"},\"image\":{\"@id\":\"https:\/\/millidusunce.com\/misak\/#logo\"}},{\"@type\":\"WebSite\",\"@id\":\"https:\/\/millidusunce.com\/misak\/#website\",\"url\":\"https:\/\/millidusunce.com\/misak\/\",\"name\":\"M\\u0130SAK- Mill\\u00ee Strateji Ara\\u015ft\\u0131rma Kurulu\",\"description\":\"D\\u00fcnyaya T\\u00fcrk\\u00e7\\u00fc Bak\\u0131\\u015f\",\"publisher\":{\"@id\":\"https:\/\/millidusunce.com\/misak\/#organization\"},\"potentialAction\":[{\"@type\":\"SearchAction\",\"target\":\"https:\/\/millidusunce.com\/misak\/?s={search_term_string}\",\"query-input\":\"required name=search_term_string\"}],\"inLanguage\":\"tr\"},{\"@type\":\"ImageObject\",\"@id\":\"https:\/\/millidusunce.com\/misak\/turk-kuruluslarinin-abdde-ermeni-yanlisi-wsj-gazetesine-ilan-vererek-destek-olmasinin-anlami-nedir\/#primaryimage\",\"inLanguage\":\"tr\",\"url\":\"https:\/\/millidusunce.com\/misak\/wp-content\/uploads\/2018\/09\/wsj-.png\",\"width\":840,\"height\":594},{\"@type\":\"WebPage\",\"@id\":\"https:\/\/millidusunce.com\/misak\/turk-kuruluslarinin-abdde-ermeni-yanlisi-wsj-gazetesine-ilan-vererek-destek-olmasinin-anlami-nedir\/#webpage\",\"url\":\"https:\/\/millidusunce.com\/misak\/turk-kuruluslarinin-abdde-ermeni-yanlisi-wsj-gazetesine-ilan-vererek-destek-olmasinin-anlami-nedir\/\",\"name\":\"T\\u00fcrk kurulu\\u015flar\\u0131n\\u0131n ABD\\u2019de Ermeni yanl\\u0131s\\u0131 WSJ Gazetesi\\u2019ne ilan vererek destek olmas\\u0131n\\u0131n anlam\\u0131 nedir? - M\\u0130SAK- Mill\\u00ee Strateji Ara\\u015ft\\u0131rma Kurulu\",\"isPartOf\":{\"@id\":\"https:\/\/millidusunce.com\/misak\/#website\"},\"primaryImageOfPage\":{\"@id\":\"https:\/\/millidusunce.com\/misak\/turk-kuruluslarinin-abdde-ermeni-yanlisi-wsj-gazetesine-ilan-vererek-destek-olmasinin-anlami-nedir\/#primaryimage\"},\"datePublished\":\"2018-09-26T16:30:27+00:00\",\"dateModified\":\"2018-09-26T11:53:41+00:00\",\"breadcrumb\":{\"@id\":\"https:\/\/millidusunce.com\/misak\/turk-kuruluslarinin-abdde-ermeni-yanlisi-wsj-gazetesine-ilan-vererek-destek-olmasinin-anlami-nedir\/#breadcrumb\"},\"inLanguage\":\"tr\",\"potentialAction\":[{\"@type\":\"ReadAction\",\"target\":[\"https:\/\/millidusunce.com\/misak\/turk-kuruluslarinin-abdde-ermeni-yanlisi-wsj-gazetesine-ilan-vererek-destek-olmasinin-anlami-nedir\/\"]}]},{\"@type\":\"BreadcrumbList\",\"@id\":\"https:\/\/millidusunce.com\/misak\/turk-kuruluslarinin-abdde-ermeni-yanlisi-wsj-gazetesine-ilan-vererek-destek-olmasinin-anlami-nedir\/#breadcrumb\",\"itemListElement\":[{\"@type\":\"ListItem\",\"position\":1,\"item\":{\"@type\":\"WebPage\",\"@id\":\"https:\/\/millidusunce.com\/misak\/\",\"url\":\"https:\/\/millidusunce.com\/misak\/\",\"name\":\"Anasayfa\"}},{\"@type\":\"ListItem\",\"position\":2,\"item\":{\"@type\":\"WebPage\",\"@id\":\"https:\/\/millidusunce.com\/misak\/turk-kuruluslarinin-abdde-ermeni-yanlisi-wsj-gazetesine-ilan-vererek-destek-olmasinin-anlami-nedir\/\",\"url\":\"https:\/\/millidusunce.com\/misak\/turk-kuruluslarinin-abdde-ermeni-yanlisi-wsj-gazetesine-ilan-vererek-destek-olmasinin-anlami-nedir\/\",\"name\":\"T\\u00fcrk kurulu\\u015flar\\u0131n\\u0131n ABD\\u2019de Ermeni yanl\\u0131s\\u0131 WSJ Gazetesi\\u2019ne ilan vererek destek olmas\\u0131n\\u0131n anlam\\u0131 nedir?\"}}]},{\"@type\":\"Article\",\"@id\":\"https:\/\/millidusunce.com\/misak\/turk-kuruluslarinin-abdde-ermeni-yanlisi-wsj-gazetesine-ilan-vererek-destek-olmasinin-anlami-nedir\/#article\",\"isPartOf\":{\"@id\":\"https:\/\/millidusunce.com\/misak\/turk-kuruluslarinin-abdde-ermeni-yanlisi-wsj-gazetesine-ilan-vererek-destek-olmasinin-anlami-nedir\/#webpage\"},\"author\":{\"@id\":\"https:\/\/millidusunce.com\/misak\/#\/schema\/person\/dceabd91d5707fd0a1f581be62144940\"},\"headline\":\"T\\u00fcrk kurulu\\u015flar\\u0131n\\u0131n ABD\\u2019de Ermeni yanl\\u0131s\\u0131 WSJ Gazetesi\\u2019ne ilan vererek destek olmas\\u0131n\\u0131n anlam\\u0131 nedir?\",\"datePublished\":\"2018-09-26T16:30:27+00:00\",\"dateModified\":\"2018-09-26T11:53:41+00:00\",\"mainEntityOfPage\":{\"@id\":\"https:\/\/millidusunce.com\/misak\/turk-kuruluslarinin-abdde-ermeni-yanlisi-wsj-gazetesine-ilan-vererek-destek-olmasinin-anlami-nedir\/#webpage\"},\"commentCount\":0,\"publisher\":{\"@id\":\"https:\/\/millidusunce.com\/misak\/#organization\"},\"image\":{\"@id\":\"https:\/\/millidusunce.com\/misak\/turk-kuruluslarinin-abdde-ermeni-yanlisi-wsj-gazetesine-ilan-vererek-destek-olmasinin-anlami-nedir\/#primaryimage\"},\"articleSection\":\"KURUMLAR,S\\u0130YASET-TAR\\u0130H,TEHD\\u0130TLER,T\\u00dcRKL\\u00dcK-T\\u00dcRK\\u00c7\\u00dcL\\u00dcK\",\"inLanguage\":\"tr\",\"potentialAction\":[{\"@type\":\"CommentAction\",\"name\":\"Comment\",\"target\":[\"https:\/\/millidusunce.com\/misak\/turk-kuruluslarinin-abdde-ermeni-yanlisi-wsj-gazetesine-ilan-vererek-destek-olmasinin-anlami-nedir\/#respond\"]}]},{\"@type\":\"Person\",\"@id\":\"https:\/\/millidusunce.com\/misak\/#\/schema\/person\/dceabd91d5707fd0a1f581be62144940\",\"name\":\"Sad\\u0131k R\\u0131dvan Karluk\",\"image\":{\"@type\":\"ImageObject\",\"@id\":\"https:\/\/millidusunce.com\/misak\/#personlogo\",\"inLanguage\":\"tr\",\"url\":\"https:\/\/secure.gravatar.com\/avatar\/0ac86ba3095525619627cdd0589c5b8c?s=96&d=mm&r=g\",\"caption\":\"Sad\\u0131k R\\u0131dvan Karluk\"},\"description\":\"Prof. Dr. S. R\\u0131dvan Karluk, 1970\\u2019de Ankara \\u00dcniversitesi Siyasal Bilgiler Fak\\u00fcltesi\\u2019ni bitirdi. 1975\\u2019te doktor, 1979\\u2019da do\\u00e7ent oldu. 1975 \\u2013 1976\\u2019da Sussex \\u00dcniversitesi\\u2019nde doktora \\u00fcst\\u00fc ara\\u015ft\\u0131rma yapt\\u0131. 1982 y\\u0131l\\u0131nda Devlet Planlama Te\\u015fkilat\\u0131 AET Dairesini (Genel M\\u00fcd\\u00fcrl\\u00fck) kurdu. 1985-1990 y\\u0131llar\\u0131nda Paris\\u2019te, OECD T\\u00fcrkiye B\\u00fcy\\u00fckel\\u00e7ili\\u011fi\\u2019nde Planlama M\\u00fc\\u015faviri olarak \\u00e7al\\u0131\\u015ft\\u0131. 1990-1992 y\\u0131llar\\u0131nda Ba\\u015fbakanl\\u0131k Ba\\u015fm\\u00fc\\u015favirli\\u011fi\\u2019ne atand\\u0131. 1991 y\\u0131l\\u0131nda Anadolu \\u00dcniversitesi\\u2019ne ge\\u00e7mi\\u015f, 2014 y\\u0131l\\u0131nda emekli olmu\\u015ftur. Bu s\\u00fcre i\\u00e7inde \\u0130ktisadi Geli\\u015fme ve Uluslararas\\u0131 Geli\\u015fme Anabilim Dal\\u0131 Ba\\u015fkanl\\u0131\\u011f\\u0131, 2010-2013 d\\u00f6neminde \\u0130ktisat Fak\\u00fcltesi Dekanl\\u0131\\u011f\\u0131 yapm\\u0131\\u015ft\\u0131r. Uluslararas\\u0131 Ekonomi, T\\u00fcrkiye Ekonomisi, Avrupa Birli\\u011fi ve Uluslararas\\u0131 Ekonomik \\u0130li\\u015fkiler konular\\u0131nda 24 kitab\\u0131, 12 ortak ve 3 \\u00e7eviri eseri vard\\u0131r. Ortak yazarl\\u0131 bir ders kitab\\u0131 T\\u00dcBA \\u00fcniversite ders kitaplar\\u0131 2012 y\\u0131l\\u0131 telif ve \\u00e7eviri eser \\u00f6d\\u00fcl\\u00fc olmak \\u00fczere 6 bilimsel ara\\u015ft\\u0131rma \\u00f6d\\u00fcl\\u00fcne sahiptir. Eski\\u015fehir Sakarya gazetesi ile Turkish Forum\\u2019da (ABD) haftal\\u0131k g\\u00fcncel yaz\\u0131lar\\u0131 yay\\u0131nlanmaktad\\u0131r. \\u00d6zge\\u00e7mi\\u015fi WHO\\u2019s WHO D\\u00fcnya, Asya ve T\\u00fcrkiye bask\\u0131lar\\u0131nda yer alm\\u0131\\u015ft\\u0131r.\"}]}<\/script>\n<!-- \/ Yoast SEO plugin. -->","_links":{"self":[{"href":"https:\/\/millidusunce.com\/misak\/wp-json\/wp\/v2\/posts\/3314"}],"collection":[{"href":"https:\/\/millidusunce.com\/misak\/wp-json\/wp\/v2\/posts"}],"about":[{"href":"https:\/\/millidusunce.com\/misak\/wp-json\/wp\/v2\/types\/post"}],"author":[{"embeddable":true,"href":"https:\/\/millidusunce.com\/misak\/wp-json\/wp\/v2\/users\/3"}],"replies":[{"embeddable":true,"href":"https:\/\/millidusunce.com\/misak\/wp-json\/wp\/v2\/comments?post=3314"}],"version-history":[{"count":0,"href":"https:\/\/millidusunce.com\/misak\/wp-json\/wp\/v2\/posts\/3314\/revisions"}],"wp:featuredmedia":[{"embeddable":true,"href":"https:\/\/millidusunce.com\/misak\/wp-json\/wp\/v2\/media\/3325"}],"wp:attachment":[{"href":"https:\/\/millidusunce.com\/misak\/wp-json\/wp\/v2\/media?parent=3314"}],"wp:term":[{"taxonomy":"category","embeddable":true,"href":"https:\/\/millidusunce.com\/misak\/wp-json\/wp\/v2\/categories?post=3314"},{"taxonomy":"post_tag","embeddable":true,"href":"https:\/\/millidusunce.com\/misak\/wp-json\/wp\/v2\/tags?post=3314"}],"curies":[{"name":"wp","href":"https:\/\/api.w.org\/{rel}","templated":true}]}}