{"id":3481,"date":"2018-10-07T00:00:18","date_gmt":"2018-10-06T21:00:18","guid":{"rendered":"http:\/\/misak.millidusunce.com\/?p=3481"},"modified":"2018-10-07T21:30:16","modified_gmt":"2018-10-07T18:30:16","slug":"bir-inanc-sistemi-olarak-kuresellesme-ve-milli-iktisadin-gerekliligi","status":"publish","type":"post","link":"https:\/\/millidusunce.com\/misak\/bir-inanc-sistemi-olarak-kuresellesme-ve-milli-iktisadin-gerekliligi\/","title":{"rendered":"Bir inan\u00e7 sistemi olarak k\u00fcreselle\u015fme ve milli iktisad\u0131n gereklili\u011fi"},"content":{"rendered":"<p>&nbsp;<\/p>\n<p><img loading=\"lazy\" decoding=\"async\" class=\"aligncenter wp-image-3482 size-large\" src=\"http:\/\/misak.millidusunce.com\/wp-content\/uploads\/2018\/10\/k\u00fcreselle\u015fme-1024x512.jpg\" alt=\"\" width=\"1024\" height=\"512\" srcset=\"https:\/\/millidusunce.com\/misak\/wp-content\/uploads\/2018\/10\/k\u00fcreselle\u015fme-1024x512.jpg 1024w, https:\/\/millidusunce.com\/misak\/wp-content\/uploads\/2018\/10\/k\u00fcreselle\u015fme-150x75.jpg 150w, https:\/\/millidusunce.com\/misak\/wp-content\/uploads\/2018\/10\/k\u00fcreselle\u015fme-300x150.jpg 300w, https:\/\/millidusunce.com\/misak\/wp-content\/uploads\/2018\/10\/k\u00fcreselle\u015fme-768x384.jpg 768w, https:\/\/millidusunce.com\/misak\/wp-content\/uploads\/2018\/10\/k\u00fcreselle\u015fme.jpg 2000w\" sizes=\"auto, (max-width: 1024px) 100vw, 1024px\" \/><\/p>\n<p>\u0130ktisat biliminin zaviyesinden bak\u0131ld\u0131\u011f\u0131nda, ge\u00e7en y\u00fczy\u0131l\u0131n en belirgin ve onulmaz ideolojik hastal\u0131klar\u0131n\u0131n ba\u015f\u0131nda; belli \u00e7evrelerin bir t\u00fcrl\u00fc yakalar\u0131n\u0131 kurtaramad\u0131klar\u0131 Marksizm\u2019e olan ate\u015fli tutkunun geldi\u011fi g\u00f6r\u00fcl\u00fcr. Oysa olmas\u0131 gereken; bu ideolojinin de insano\u011flunun ortalama \u00f6mr\u00fcn\u00fcn s\u0131n\u0131rlar\u0131 i\u00e7erisinde, eldeki k\u0131s\u0131tl\u0131 kaynaklar\u0131n etkin kullan\u0131m\u0131na ili\u015fkin sorunlara \u00f6zg\u00fcn yan\u0131tlar \u00fcretme iddias\u0131ndaki pek \u00e7ok farkl\u0131 teoriden birisi olarak, tavizsiz bir bilimsellikle ele al\u0131nmas\u0131yd\u0131. Maalesef bunun yerine, kom\u00fcnist perspektif zaman i\u00e7erisinde alt perdeden telaffuz edilip saklanmaya gerek g\u00f6r\u00fclmeyen yo\u011fun bir nefret s\u00f6yleminin e\u015flik etti\u011fi, kendi i\u00e7erisinde inananlar\u0131, \u015f\u00fcphecileri ve hatta \u201caforoz edilenleri\u201d olan adeta bir inan\u00e7 sistemine d\u00f6n\u00fc\u015ft\u00fc. Tam da \u015fairin \u201c<em>Haf\u0131z-\u0131 Kapital Olmak \u0130stiyorum!<\/em>\u201d dizesinde, istemeden de olsa, \u00f6zetledi\u011fi \u00e7arp\u0131k bir bak\u0131\u015f a\u00e7\u0131s\u0131yla\u2026<\/p>\n<p>\u0130\u015fte bu &#8211; \u201cSovyet Deneyi\u201dnin insanl\u0131k su\u00e7lar\u0131na var\u0131ncaya de\u011fin faili oldu\u011fu say\u0131s\u0131z hata ve eksiklerini bile g\u00f6z ard\u0131 ettiren &#8211; tarafl\u0131 k\u00f6rl\u00fc\u011f\u00fcn bir benzeri de g\u00fcn\u00fcm\u00fczde ayn\u0131 yo\u011funlukla, k\u00fcreselle\u015fme denilen olgu etraf\u0131nda sergilenmekte. Bir y\u00fczy\u0131ldan \u00f6tekine, ayn\u0131 a\u015f\u0131r\u0131l\u0131\u011f\u0131n bu kez tam tersi kutup ad\u0131na ve fakat ayn\u0131 sabit fikirlilikle savunuluyor olmas\u0131ysa ba\u015fl\u0131 ba\u015f\u0131na apayr\u0131 bir ironi; sanki Francis Fukuyama\u2019n\u0131n \u201cTarihin Sonu\u201d tezine kar\u015f\u0131n onlarca farkl\u0131 ve tutarl\u0131 g\u00f6r\u00fc\u015f ortaya konulmam\u0131\u015f gibi\u2026<\/p>\n<p>G\u00fcn\u00fcm\u00fczde, yery\u00fcz\u00fcn\u00fcn b\u00fct\u00fcn siyasi ve ekonomik s\u0131n\u0131rlar\u0131n eriyip yok oldu\u011fu, kontrols\u00fcz bir kapitalizmin egemenli\u011fi alt\u0131ndaki tekil bir \u201cliberal k\u00f6y\u201d haline geldi\u011fi g\u00f6r\u00fc\u015f\u00fc, de\u011fi\u015ftirilemez bir bilimsel ger\u00e7ekmi\u015f\u00e7esine s\u00fcrekli g\u00fcndemde tutulup sun\u00ee bir dayatmayla kabul ettirilmeye \u00e7al\u0131\u015f\u0131lmakta. H\u00e2lbuki teorik \u00e7er\u00e7evede getirilen ele\u015ftiriler \u015f\u00f6yle dursun, bu hususta bizzat hayat\u0131n kendisi ve olaylar\u0131n ak\u0131\u015f\u0131, aksi y\u00f6nde say\u0131s\u0131z kan\u0131tlar sunuyor. Bunlardan sadece baz\u0131lar\u0131n\u0131n m\u00fctevaz\u0131 bir derlemesine yer vermek bile asl\u0131nda kaz\u0131n aya\u011f\u0131n\u0131n hi\u00e7 de iddia edildi\u011fi gibi olmad\u0131\u011f\u0131n\u0131 ortaya koyar mahiyette:<\/p>\n<ul>\n<li>\u00d6ncelikle bu hususta zihnen de fiziken de \u00e7ok uza\u011fa gitmem gerekmiyor. Zira iddia edilen galebe \u00e7alm\u0131\u015f, rakipsiz k\u00fcreselle\u015fme r\u00fczg\u00e2r\u0131n\u0131n hen\u00fcz yerinde yeller esmese de ters y\u00f6nde esmeye ba\u015flad\u0131\u011f\u0131n\u0131n, en bilinen ve g\u00fcndemde yer i\u015fgal eden \u00f6rne\u011fini, bu sat\u0131rlar\u0131 yazd\u0131\u011f\u0131m \u0130ngiltere\u2019den vermem m\u00fcmk\u00fcn: Tabi ki AB i\u00e7in oldu\u011fu kadar Birle\u015fik Krall\u0131k i\u00e7in de bir t\u00fcr Gordion D\u00fc\u011f\u00fcm\u00fc\u2019ne d\u00f6n\u00fc\u015fen Brexit\u2019ten bahsediyorum. Para (Euro) ve vize (Schengen) birli\u011finin hi\u00e7bir zaman bir par\u00e7as\u0131 haline gelmemesine ra\u011fmen, \u00fcstelik 2008 Krizi sonras\u0131nda daha da belirginle\u015fen bi\u00e7imde -\u00f6zellikle Kuzey Galler benzeri b\u00f6lgeler i\u00e7in bizdeki \u201cKalk\u0131nmada \u00d6ncelikli Y\u00f6re\u201dlerde oldu\u011fu \u00f6l\u00e7\u00fcde- AB fonlar\u0131na itiraf etmekten ka\u00e7\u0131nmad\u0131klar\u0131 bir gereksinimleri varken, hatta AB yanl\u0131s\u0131 \u0130sko\u00e7ya\u2019n\u0131n ayr\u0131l\u0131k\u00e7\u0131 politikalar\u0131n\u0131 besleyece\u011fini bilmelerine kar\u015f\u0131n, \u201c<em>\u00fczerinde g\u00fcne\u015f batmayan imparatorluk<\/em>\u201dun halefi olan kozmopolit bir \u00fclke bile, k\u00fcresel \u015f\u00f6yle dursun b\u00f6lgesel bir ekonomik birlikten \u00e7\u0131kma karar\u0131 ald\u0131. Bu ilk ba\u015fta yad\u0131rganan ve bile bile lades izlenimi veren karar\u0131n alt\u0131nda yatan temel nedenin, K\u0131ta Avrupa\u2019s\u0131 ve \u00f6zellikle Almanya\u2019n\u0131n ekonomik karar al\u0131c\u0131 konumundan duyulan rahats\u0131zl\u0131k oldu\u011fu hususunda konunun uzmanlar\u0131 aras\u0131nda fikir birli\u011fi s\u00f6z konusu. ABD ile olan ciddi \u00f6l\u00e7\u00fcdeki Anglosakson ortak paydas\u0131na ra\u011fmen Birle\u015fik Krall\u0131k, ABD ile olan ili\u015fkilerini dahi \u201c\u00f6zel ortakl\u0131k\u201d ad\u0131 alt\u0131nda, NAFTA ya da kendisinin ba\u015fat g\u00fcc\u00fc oldu\u011fu Commonwealth birli\u011fi gibi ba\u011flay\u0131c\u0131 y\u00f6nleri de olan yap\u0131sal birlikteliklerin bir benzerini olu\u015fturmaktan titizlikle ka\u00e7\u0131narak tan\u0131mlamaya devam ediyor. Dolay\u0131s\u0131yla; Adam Smith\u2019in, daha sonra \u201cB\u0131rak\u0131n\u0131z Yaps\u0131nlar\u201d (\u201c<em>Laissez Faire<\/em>\u201d) bak\u0131\u015f a\u00e7\u0131s\u0131yla evirilip kontrols\u00fcz, liberal bir d\u00fczenin \u015f\u0131mar\u0131kl\u0131klar\u0131na katlanman\u0131n temel mazereti olacak \u201c<em>g\u00f6r\u00fcnmez el<\/em>\u201dinin memleketinde bile ekonomik anlamda son derece milliyet\u00e7i r\u00fczg\u00e2rlar esmekte.<\/li>\n<\/ul>\n<p>&nbsp;<\/p>\n<div id=\"attachment_3514\" style=\"width: 1034px\" class=\"wp-caption aligncenter\"><img loading=\"lazy\" decoding=\"async\" aria-describedby=\"caption-attachment-3514\" class=\"wp-image-3514 size-large\" src=\"http:\/\/misak.millidusunce.com\/wp-content\/uploads\/2018\/10\/Milli-iktisat-2-1024x410.png\" alt=\"Milli \u0130ktisat\" width=\"1024\" height=\"410\" srcset=\"https:\/\/millidusunce.com\/misak\/wp-content\/uploads\/2018\/10\/Milli-iktisat-2-1024x410.png 1024w, https:\/\/millidusunce.com\/misak\/wp-content\/uploads\/2018\/10\/Milli-iktisat-2-150x60.png 150w, https:\/\/millidusunce.com\/misak\/wp-content\/uploads\/2018\/10\/Milli-iktisat-2-300x120.png 300w, https:\/\/millidusunce.com\/misak\/wp-content\/uploads\/2018\/10\/Milli-iktisat-2-768x307.png 768w, https:\/\/millidusunce.com\/misak\/wp-content\/uploads\/2018\/10\/Milli-iktisat-2.png 1200w\" sizes=\"auto, (max-width: 1024px) 100vw, 1024px\" \/><p id=\"caption-attachment-3514\" class=\"wp-caption-text\">Birle\u015fik Krall\u0131k\u2019\u0131n, AB\u2019den ayr\u0131lmas\u0131 i\u00e7in yap\u0131lan oldu\u011fu referandumun (BREXIT) sonucu. %72.2 oran\u0131nda kat\u0131l\u0131m olan referandumda AB\u2019den ayr\u0131lmaya; %51.9 evet, %48.1 ise hay\u0131r demi\u015ftir. (Kaynak: The World Economic Forum)<\/p><\/div>\n<p>&nbsp;<\/p>\n<ul>\n<li>K\u00fcreselle\u015fme kar\u015f\u0131tl\u0131\u011f\u0131 denilince yirmi sene \u00f6ncesinden g\u00fcn\u00fcm\u00fcze gelen ilk sembol eylemler 1999 Seattle Olaylar\u0131 olarak kabul ediliyor. Bahsi ge\u00e7en eylemlerin kendisini, kapitalizm kar\u015f\u0131s\u0131nda ideolojik konumland\u0131rma bak\u0131m\u0131ndan, \u00e7ok farkl\u0131 gruplar\u0131n ortak kat\u0131l\u0131m\u0131yla ger\u00e7ekle\u015ftirilmi\u015f olmas\u0131n\u0131 bir yana b\u0131rak\u0131rsak, \u00f6z\u00fcnde uluslararas\u0131 sermayenin geli\u015fmekte olan \u00fclkelere y\u00f6nelik \u00e7ifte standard\u0131na ve \u00e7\u00f6z\u00fcms\u00fczl\u00fck \u00fcreten bor\u00e7lanma sistemine y\u00f6nelik ortak bir tepki oldu\u011funu s\u00f6ylemek m\u00fcmk\u00fcn. Ge\u00e7ti\u011fimiz yirmi y\u0131l i\u00e7erisinde, pek \u00e7ok farkl\u0131 mek\u00e2n ve toplant\u0131da da dile getirilen ve \u201cdaha milli\u201d ve ba\u011f\u0131ms\u0131z hareket edebilen \u00fclkeler anlam\u0131nda, daha \u00e2demi merkeziyet\u00e7i bu bak\u0131\u015f a\u00e7\u0131s\u0131n\u0131n \u00f6nerdi\u011fi \u00e7\u00f6z\u00fcm ve tedbirlerin ba\u015fl\u0131calar\u0131 ise \u015f\u00f6yle s\u0131ralanabilir: Spek\u00fclatif sermayeye y\u00f6nelik Tobin Vergisi; ATTAC benzeri geli\u015fmekte olan \u00fclkelerin \u00fcye olaca\u011f\u0131, alternatif ve daha e\u015fitlik\u00e7i ticaret birlikleri; s\u00fcrd\u00fcr\u00fclebilir ve d\u00fc\u015f\u00fck faizli, mikro kredi sistemleri ve uluslararas\u0131 para fonlar\u0131n\u0131n hareketlerine ili\u015fkin \u00e7ok daha s\u0131k\u0131 bir mevzuat\u0131n geli\u015ftirilip y\u00fcr\u00fcrl\u00fc\u011fe konulmas\u0131 vb. Dolay\u0131s\u0131yla, Birle\u015fik Krall\u0131k \u00f6rne\u011findeki gibi tekil \u00fclkelerin, kendi milli iktisatlar\u0131n\u0131 \u00f6ne \u00e7\u0131karma ve koruma y\u00f6n\u00fcndeki talebi, kendisine pek \u00e7ok \u00fclkenin toplu tepkisinin bir ifadesi olarak uluslararas\u0131 ortamda da yer buluyor.<\/li>\n<\/ul>\n<div id=\"attachment_3515\" style=\"width: 310px\" class=\"wp-caption aligncenter\"><img loading=\"lazy\" decoding=\"async\" aria-describedby=\"caption-attachment-3515\" class=\"wp-image-3515 size-medium\" src=\"http:\/\/misak.millidusunce.com\/wp-content\/uploads\/2018\/10\/Milli-\u0130ktisat-3-300x182.jpg\" alt=\"Bir inan\u00e7 sistemi olarak k\u00fcreselle\u015fme ya da milli iktisad\u0131n gereklili\u011fi\" width=\"300\" height=\"182\" srcset=\"https:\/\/millidusunce.com\/misak\/wp-content\/uploads\/2018\/10\/Milli-\u0130ktisat-3-300x182.jpg 300w, https:\/\/millidusunce.com\/misak\/wp-content\/uploads\/2018\/10\/Milli-\u0130ktisat-3-150x91.jpg 150w, https:\/\/millidusunce.com\/misak\/wp-content\/uploads\/2018\/10\/Milli-\u0130ktisat-3-768x467.jpg 768w, https:\/\/millidusunce.com\/misak\/wp-content\/uploads\/2018\/10\/Milli-\u0130ktisat-3-1024x622.jpg 1024w, https:\/\/millidusunce.com\/misak\/wp-content\/uploads\/2018\/10\/Milli-\u0130ktisat-3.jpg 1200w\" sizes=\"auto, (max-width: 300px) 100vw, 300px\" \/><p id=\"caption-attachment-3515\" class=\"wp-caption-text\">1999 Seattle Eylemlerinden bir g\u00f6r\u00fcnt\u00fc.<\/p><\/div>\n<ul>\n<li>Bu hususta verilebilecek \u00f6rneklerin say\u0131s\u0131, bu t\u00fcr bir yaz\u0131n\u0131n m\u00fctevaz\u0131 boyutlar\u0131na s\u0131\u011fmayacak kadar \u00e7ok. O halde her anlamda (n\u00fcfus, toprak, yat\u0131r\u0131m, birikim, vb) bir \u00fclkeyi misal g\u00f6stererek konuyu \u015fimdilik kayd\u0131yla ba\u011flamak yerinde olacak. \u201c\u00c7in uyan\u0131nca yer yerinden oynar.\u201d diyen Frans\u0131z diplomat Alain Peyrefitte\u2019in \u00e7ok da abartmad\u0131\u011f\u0131n\u0131, ge\u00e7ti\u011fimiz \u00e7eyrek y\u00fczy\u0131lda b\u00fct\u00fcn d\u00fcnya belli \u00f6l\u00e7\u00fcde g\u00f6rm\u00fc\u015f oldu. Yaz\u0131n\u0131n ba\u015f\u0131nda da de\u011finilen ironiye, farkl\u0131 bir boyut daha kazand\u0131ran bir ba\u015fka ironik durumsa i\u015fbu uyan\u0131\u015f\u0131n, ge\u00e7en y\u00fczy\u0131l\u0131n ideolojik dokunulmazl\u0131\u011fa sahip kabul edilen, sol doktrinlerin en tutucular\u0131ndan Maoizm\u2019den vazge\u00e7erek sa\u011flanabilmesi. \u00c7in\u2019de ya\u015fayan b\u00fct\u00fcn toplumlara \u00e7ok derin ac\u0131lar ya\u015fatan ve on milyonlarca insan\u0131n \u00f6l\u00fcm\u00fcne neden olan 1947-1977 aras\u0131ndaki \u00e7alkant\u0131l\u0131 d\u00f6nemin ard\u0131ndan, \u00c7in Kom\u00fcnist Partisi Genel Sekreteri Deng Xiaoping \u00f6nc\u00fcl\u00fc\u011f\u00fcndeki yenilik\u00e7i ekibin ba\u015f\u0131n\u0131 \u00e7ekti\u011fi bir d\u0131\u015far\u0131ya a\u00e7\u0131lma politikas\u0131n\u0131n sonucunda \u00c7in Halk Cumhuriyeti, bug\u00fcn bulundu\u011fu noktaya b\u00fcy\u00fcme rekorlar\u0131 k\u0131rarak geldi. G\u00fcn\u00fcm\u00fczde art\u0131k Atlantik\u2019ten ziyade Pasifik\u2019in iki yakas\u0131 aras\u0131ndaki gerilimin, ticaret sava\u015flar\u0131ndan s\u0131cak \u00e7at\u0131\u015fmaya d\u00f6n\u00fcp d\u00f6nmeyece\u011fi tart\u0131\u015f\u0131lan bir konu haline gelmi\u015f durumda. \u0130lgin\u00e7 olansa \u015fu; \u00c7in art\u0131k t\u0131pk\u0131 ABD gibi d\u00fcnyan\u0131n en kat\u0131 ve tavizsiz ulus devletlerinden birisi konumunda. Her iki \u00fclke de, kar\u015f\u0131l\u0131kl\u0131 menfaatlerinin uyu\u015ftu\u011fu noktalarda yekdi\u011ferini destekleyerek, uluslararas\u0131 ticaretin her t\u00fcrl\u00fc k\u0131s\u0131tlay\u0131c\u0131 d\u00fczenlemeden ar\u0131nd\u0131r\u0131lmas\u0131n\u0131 savunurken \u00f6te yandan son derece korumac\u0131 politikalarla kendi milli markalar\u0131 s\u00f6z konusu oldu\u011funda -asl\u0131na bakarsan\u0131z her akl\u0131 ba\u015f\u0131nda ulus devlet taraf\u0131ndan yap\u0131lmas\u0131 gerekti\u011fi gibi- kat\u0131ks\u0131z devlet\u00e7i politikalarla hareket etmekten kesinlikle \u00e7ekinmiyorlar. T\u0131pk\u0131 Ha-Joon Chang\u2019\u0131n \u201c<em>Serbest Ticaret Efsanesi ve Kapitalizmin Gizli Tarihi<\/em>\u201d kitab\u0131nda serg\u00fcze\u015ftlerini bir g\u00fczel \u00f6zetledi\u011fi 19. Y\u00fczy\u0131l\u2019\u0131n emperyalist g\u00fc\u00e7lerinin, yeri geldi\u011finde milli s\u0131n\u0131rlar\u0131n\u0131n d\u0131\u015f\u0131na dokuma tezg\u00e2h\u0131 \u00e7\u0131kar\u0131lmas\u0131n\u0131 yasaklayacak kadar ileri giden, yerli sanayi olu\u015fturup milli pazar\u0131n\u0131 yabanc\u0131 etkisinden kendi ulusal \u00e7\u0131karlar\u0131 ve uzun vadeli hedefleri do\u011frultusunda korumaya y\u00f6nelik politikalar\u0131 gibi\u2026<\/li>\n<\/ul>\n<p>S\u00f6z\u00fcn \u00f6z\u00fc; bu y\u00fczy\u0131l\u0131n Z\u00fcmr\u00fcd\u00fcanka\u2019s\u0131 k\u00fcreselle\u015fme de (\u201cHerkes ondan bahseder ama onu g\u00f6ren yoktur\u201d fehvas\u0131 uyar\u0131nca) ge\u00e7en y\u00fczy\u0131l\u0131nkiyle ayn\u0131 kaderi payla\u015facak gibi g\u00f6r\u00fcn\u00fcyor. \u00d6nce birka\u00e7 ku\u015fa\u011fa heyecan veren bir d\u00fc\u015f\u00fcnce f\u0131rt\u0131nas\u0131, sonras\u0131nda insan topluluklar\u0131n\u0131n sosyolojik ve ekonomik anlamda de\u011fi\u015fmesi, \u00e7ok g\u00fc\u00e7 ger\u00e7ekleriyle y\u00fczle\u015fmek zorunda kalma, sonras\u0131ndaysa vakti zaman\u0131nda modas\u0131 ge\u00e7ti\u011fi gerek\u00e7esiyle burun k\u0131vr\u0131lan kendi \u00f6z\u00fcne utana s\u0131k\u0131la d\u00f6n\u00fc\u015f.<\/p>\n<p>&nbsp;<\/p>\n","protected":false},"excerpt":{"rendered":"<p>Devletler, milli iktisatlar\u0131n\u0131 b\u0131rak\u0131p her \u00e7a\u011fda bir &#8220;ekonomik ak\u0131m\u0131n&#8221; pe\u015fine tak\u0131ld\u0131. D\u00fcn kom\u00fcnizm, kapitalizm olarak adland\u0131rd\u0131lar; bug\u00fcnse k\u00fcreselle\u015fme. K\u00fcreselle\u015fme, \u00f6ncekilerin kaderini payla\u015f\u0131nca devletler de \u00f6zlerine d\u00f6nmek zorunda kalacakt\u0131r.<\/p>\n","protected":false},"author":76,"featured_media":3516,"comment_status":"closed","ping_status":"closed","sticky":false,"template":"","format":"standard","meta":{"_ef_editorial_meta_date_first-draft-date":"","_ef_editorial_meta_paragraph_assignment":"","footnotes":"","_links_to":"","_links_to_target":""},"categories":[58,59,63,66],"tags":[254,253,252,251],"coauthors":[248],"class_list":["post-3481","post","type-post","status-publish","format-standard","has-post-thumbnail","hentry","category-ab","category-abd","category-ekonomi","category-siyaset-tarih","tag-brexit","tag-dunya-ticaret-orgutu","tag-kuresel-ekonomi","tag-milli-iktisat"],"_links":{"self":[{"href":"https:\/\/millidusunce.com\/misak\/wp-json\/wp\/v2\/posts\/3481","targetHints":{"allow":["GET"]}}],"collection":[{"href":"https:\/\/millidusunce.com\/misak\/wp-json\/wp\/v2\/posts"}],"about":[{"href":"https:\/\/millidusunce.com\/misak\/wp-json\/wp\/v2\/types\/post"}],"author":[{"embeddable":true,"href":"https:\/\/millidusunce.com\/misak\/wp-json\/wp\/v2\/users\/76"}],"replies":[{"embeddable":true,"href":"https:\/\/millidusunce.com\/misak\/wp-json\/wp\/v2\/comments?post=3481"}],"version-history":[{"count":0,"href":"https:\/\/millidusunce.com\/misak\/wp-json\/wp\/v2\/posts\/3481\/revisions"}],"wp:featuredmedia":[{"embeddable":true,"href":"https:\/\/millidusunce.com\/misak\/wp-json\/wp\/v2\/media\/3516"}],"wp:attachment":[{"href":"https:\/\/millidusunce.com\/misak\/wp-json\/wp\/v2\/media?parent=3481"}],"wp:term":[{"taxonomy":"category","embeddable":true,"href":"https:\/\/millidusunce.com\/misak\/wp-json\/wp\/v2\/categories?post=3481"},{"taxonomy":"post_tag","embeddable":true,"href":"https:\/\/millidusunce.com\/misak\/wp-json\/wp\/v2\/tags?post=3481"},{"taxonomy":"author","embeddable":true,"href":"https:\/\/millidusunce.com\/misak\/wp-json\/wp\/v2\/coauthors?post=3481"}],"curies":[{"name":"wp","href":"https:\/\/api.w.org\/{rel}","templated":true}]}}