{"id":3519,"date":"2018-10-10T19:30:00","date_gmt":"2018-10-10T16:30:00","guid":{"rendered":"http:\/\/misak.millidusunce.com?p=3519&#038;preview=true&#038;preview_id=3519"},"modified":"2018-10-08T13:05:06","modified_gmt":"2018-10-08T10:05:06","slug":"deger-yaratan-bir-deger-turan-yazgan","status":"publish","type":"post","link":"https:\/\/millidusunce.com\/misak\/deger-yaratan-bir-deger-turan-yazgan\/","title":{"rendered":"De\u011fer yaratan bir de\u011fer: Turan Yazgan"},"content":{"rendered":"<div id=\"attachment_3385\" style=\"width: 650px\" class=\"wp-caption aligncenter\"><img aria-describedby=\"caption-attachment-3385\" loading=\"lazy\" class=\"wp-image-3385 size-full\" src=\"http:\/\/misak.millidusunce.com\/wp-content\/uploads\/2018\/09\/prof-dr-turan-yazgan-anildi-9024726_738_o.png\" alt=\"\" width=\"640\" height=\"360\" srcset=\"https:\/\/millidusunce.com\/misak\/wp-content\/uploads\/2018\/09\/prof-dr-turan-yazgan-anildi-9024726_738_o.png 640w, https:\/\/millidusunce.com\/misak\/wp-content\/uploads\/2018\/09\/prof-dr-turan-yazgan-anildi-9024726_738_o-150x84.png 150w, https:\/\/millidusunce.com\/misak\/wp-content\/uploads\/2018\/09\/prof-dr-turan-yazgan-anildi-9024726_738_o-300x169.png 300w\" sizes=\"(max-width: 640px) 100vw, 640px\" \/><p id=\"caption-attachment-3385\" class=\"wp-caption-text\">Soldan sa\u011fa: T\u00fcmen Somuncuo\u011flu, Abdullah G\u00fcndo\u011fdu, Ya\u011fmur Tunal\u0131, Konuralp Ercilasun<\/p><\/div>\n<p style=\"text-align: right;\"><em>29 Kas\u0131m 2016\u2019da T\u00fcrk Ocaklar\u0131 Ankara \u015eubesi\u2019nin d\u00fczenledi\u011fi<br \/>\n\u201cProf. Dr. Turan Yazgan\u2019\u0131n An\u0131s\u0131na&#8230; Ba\u011f\u0131ms\u0131zl\u0131klar\u0131n\u0131n 25. Y\u0131l\u0131nda T\u00fcrk Cumhuriyetleri\u201d<br \/>\nba\u015fl\u0131kl\u0131 toplant\u0131da A. Ya\u011fmur Tunal\u0131\u2019n\u0131n konu\u015fmas\u0131n\u0131n \u00e7\u00f6z\u00fcm\u00fcd\u00fcr.<br \/>\nPanelde yap\u0131lan konu\u015fmalar, rahmetli Y\u00fccel Hacalo\u011flu taraf\u0131ndan<br \/>\n\u201cD\u00f6rt T\u00fcrk B\u00fcy\u00fc\u011f\u00fc\u201d ba\u015fl\u0131kl\u0131 bir kitap h\u00e2line getirilmi\u015ftir.<br \/>\nBu \u00e7al\u0131\u015fman\u0131n M\u0130SAK\u2019ta yay\u0131nlanmas\u0131nda b\u00fcy\u00fck katk\u0131s\u0131 olan<br \/>\nT\u00fcrk\u00e2n Hacalo\u011flu\u2019na te\u015fekk\u00fcrlerimizle\u2026 <\/em><\/p>\n<p>Birlikte T\u00fcrk d\u00fcnyas\u0131n\u0131 dola\u015ft\u0131\u011f\u0131m\u0131z Turan Yazgan bir de\u011ferdir. Bir de\u011fer yaratan ve zaman i\u00e7erisinde kendileri de bir de\u011fer olan insanlar\u0131 anlamak i\u00e7in onlar\u0131n \u00e7ocukluklar\u0131na gitmek epeyce gerekli bir i\u015ftir. Bu gibi insanlar \u00e7ocukluklar\u0131nda o fevkaladeliklerinin bize epeyce \u00f6rne\u011fini verirler.<\/p>\n<p>Turan Yazgan\u2019\u0131n \u00e7ocuklu\u011fu ve ilk gen\u00e7lik y\u0131llar\u0131 fevkaladeliklerle doludur. <em>\u0130nsanlar \u015fair, m\u00fczisyen ve bir ilim ate\u015fiyle, bir y\u00fcksek marangozluk \u015fevki ve heyecan\u0131yla, beceresiyle do\u011fduklar\u0131 gibi bir idealizm geniyle de do\u011farlar. Turan Yazgan da onlardand\u0131r.<\/em><\/p>\n<h2><strong>Turan Yazgan\u2019\u0131n \u00e7ocuklu\u011fu ve gen\u00e7li\u011fi: bir Turanc\u0131 yeti\u015fiyor<\/strong><\/h2>\n<p>Turan Yazgan, fakir bir ailenin \u00e7ocu\u011fudur. Fakir bir T\u00fcrkiye\u2019de do\u011fmu\u015ftur. \u00c7ocukluk y\u0131llar\u0131 II. D\u00fcnya Harbi y\u0131llar\u0131na denk d\u00fc\u015fm\u00fc\u015ft\u00fcr. O y\u0131llar, k\u0131tl\u0131k y\u0131llar\u0131d\u0131r da. Turan Hoca orada \u00e7al\u0131\u015fma gayretindedir. Sanki ailenin b\u00fct\u00fcn y\u00fck\u00fcn\u00fc \u00fczerine alm\u0131\u015f, aileyi ge\u00e7indirmek mecburiyetinde olan bir b\u00fcy\u00fck insan karekterinin izlerini, o s\u0131rada biz Turan Yazgan\u2019da g\u00f6r\u00fcr\u00fcz. O \u015fartlarda yap\u0131labilecek her i\u015fi denemi\u015ftir. O k\u00fc\u00e7\u00fck kasabada yap\u0131labilecek i\u015flerden baz\u0131lar\u0131 tezg\u00e2htarl\u0131k veya sat\u0131c\u0131l\u0131kt\u0131r. Bu i\u015flerde \u00e7al\u0131\u015f\u0131rken g\u00f6sterdi\u011fi tav\u0131r bir b\u00fcy\u00fck adam tavr\u0131d\u0131r.<\/p>\n<p>Ortaokul ve lise y\u0131llar\u0131nda idealizminin ana \u00e7izgileri belirmeye ba\u015flayacakt\u0131r. Ortaokulda Turan Yazgan\u2019\u0131n <em>Turanc\u0131l\u0131\u011f\u0131<\/em> belirmi\u015ftir. \u0130sminin Turan olmas\u0131 da ayr\u0131ca b\u00fcy\u00fck bir tesad\u00fcft\u00fcr. T\u00fcrkl\u00fck a\u015fk\u0131n\u0131n nas\u0131l olup da k\u00fc\u00e7\u00fck bir kasabada g\u00f6nl\u00fcne d\u00fc\u015ft\u00fc\u011f\u00fc ise ayr\u0131 bir hik\u00e2yedir. Paras\u0131z yat\u0131l\u0131l\u0131k o devrin Cumhuriyet y\u0131llar\u0131nda m\u00fchim bir imk\u00e2nd\u0131r. Devletin yapt\u0131\u011f\u0131 muazzam bir i\u015ftir. Zeki ve imk\u00e2n\u0131 olmayan ailelerin \u00e7ocuklar\u0131n\u0131n okumas\u0131 i\u00e7in b\u00fcy\u00fck bir f\u0131rsatt\u0131r. Turan Yazgan, bu f\u0131rsattan faydalanarak birincilikle kazand\u0131\u011f\u0131 paras\u0131z yat\u0131l\u0131 imtihan\u0131ndan sonra Kastamonu\u2019ya gitmi\u015f; Kastamonu\u2019da lisede \u00e2deta fikirlerinin tohumlar\u0131 topra\u011fa ekilmi\u015f ve orada ye\u015fermeye ve meyve vermeye ba\u015flam\u0131\u015ft\u0131r.<\/p>\n<p>Fikirleri Kastamonu\u2019da netle\u015fen Turan Yazgan, <em>Turanc\u0131l\u0131k<\/em> ve <em>T\u00fcrk d\u00fcnyas\u0131<\/em>n\u0131n ana \u00e7izgilerini benimsemi\u015f b\u00fcy\u00fck bir zek\u00e2ya sahiptir. Yine o y\u0131llarda, hayat\u0131n\u0131n \u00e7izgilerini kafas\u0131nda belirlemi\u015f; \u00e7izdi\u011fi yolda ilerlemeye kendini haz\u0131rlam\u0131\u015f bir Turan Yazgan vard\u0131r. Mesela, do\u011facak \u00fc\u00e7 \u00e7ocu\u011funun isimleri lise y\u0131llar\u0131nda bellidir: <em>Korhan, Karahan ve K\u00f6zhan<\/em>. Bu isimler, o tarihte yaz\u0131lm\u0131\u015f ve bir kenara kaydedilmi\u015ftir. Hayat\u0131n\u0131 bu \u015fekilde planlayan bir y\u00fcksek idealistin hayat\u0131 ile kar\u015f\u0131 kar\u015f\u0131yay\u0131z.<\/p>\n<h2><strong>\u201cNe olursan ol, her \u015feyde en iyi ol!\u201d<\/strong><\/h2>\n<p>Turan Yazgan\u2019\u0131n idealizminin \u00fcniversite y\u0131llar\u0131nda ve akademisyenlik hayat\u0131nda da devam etti\u011fini g\u00f6r\u00fcyoruz. Bu idealizmin ana \u00e7er\u00e7evesi \u201c<em>Ne olursan ol, her \u015feyde en iyi ol!<\/em>\u201d esas\u0131na dayan\u0131r. Turan Yazgan, mesle\u011finde birinci s\u0131n\u0131f bir insand\u0131. Karakteri ve y\u00fcksek idealleri bak\u0131m\u0131ndan oldu\u011fu kadar, meslek\u00ee bak\u0131mdan da herkesin \u00f6n\u00fcn\u00fc ilikledi\u011fi bir insand\u0131. Buna \u00e7ok defa \u015fahit oldum; insan tan\u0131mak ve meslek\u00ee dikkatler bak\u0131m\u0131ndan pek \u00e7ok toplant\u0131da, pek \u00e7ok kar\u015f\u0131la\u015fmada g\u00f6rd\u00fc\u011f\u00fcm\u00fc ifade etmeliyim.<\/p>\n<p><strong>\u00a0T\u00fcrk d\u00fcnyas\u0131 ve T\u00fcrk cihan h\u00e2kimiyeti mefk\u00fbresi<\/strong><\/p>\n<p><em>\u00a0T\u00fcrk d\u00fcnyas\u0131<\/em> kavram\u0131 denilince ne anlamak gerekir? <em>T\u00fcrk d\u00fcnyas\u0131<\/em> denince kastedilen ilk anlam, T\u00fcrklerin ya\u015fad\u0131\u011f\u0131 b\u00f6lgeleri i\u00e7ine alan bir co\u011frafyad\u0131r; fakat Turan Yazgan karakterindeki bir idealist i\u00e7in bu, \u00e7ok yeterli bir \u015fey de\u011fildir; dahas\u0131 vard\u0131r: T\u00fcrk idaresinde olmasa da T\u00fcrklerin ya\u015fad\u0131\u011f\u0131 yerler de T\u00fcrk d\u00fcnyas\u0131na d\u00e2hildir. Bu da yetmez; bir vakitler T\u00fcrklerin idare etti\u011fi, T\u00fcrk co\u011frafyas\u0131 ve vatan\u0131 olan yerler; yani \u201c<em>Adriyatik\u2019ten \u00c7in Seddi\u2019ne<\/em>\u201d ifadesindeki co\u011frafyay\u0131 biraz daha geni\u015fletirsek o co\u011frafyadaki T\u00fcrk d\u00fcnyas\u0131 asgari vatan hudutlar\u0131d\u0131r. Turan Yazgan\u2019\u0131n <em>T\u00fcrk d\u00fcnyas\u0131<\/em> idealinin i\u00e7inde ve merkezinde bulunan fikir, <em>T\u00fcrk d\u00fcnyas\u0131<\/em> ve <em>T\u00fcrk cihan hakimiyeti mefk\u00fbresi<\/em>dir. T\u00fcrk\u2019\u00fcn cihana h\u00fckmetme tarihini Osman Turan yazm\u0131\u015ft\u0131r. Bu, tarih i\u00e7inde ger\u00e7ekle\u015fmi\u015f bir hadisedir. Bin y\u0131la yak\u0131n bir s\u00fcre, d\u00fcnyay\u0131 T\u00fcrkler y\u00f6netmi\u015ftir.<\/p>\n<h2><strong>Sonu bulunamayacak ve var\u0131lacak menzili olmayan hedef: K\u0131z\u0131l Elma<\/strong><\/h2>\n<p>Biz, d\u00fcnyan\u0131n hem birinci devleti hem ikinci devleti hem de \u00fc\u00e7\u00fcnc\u00fc devleti oldu\u011fumuz zamanlar\u0131 biliyoruz. Bunun i\u00e7in de belirtilmi\u015f olan hedef gayet tabi\u00ee \u201c<em>k\u0131z\u0131l elma<\/em>\u201d hedefidir. O <em>k\u0131z\u0131l elma<\/em>, bir t\u00fcrl\u00fc sonu bulunamayacak ve var\u0131lacak menzili belli olmayan bir uzak hedeftir. Bunun k\u00fc\u00e7\u00fck \u00f6rnekleri baz\u0131 k\u00fc\u00e7\u00fck milletlerde de g\u00f6r\u00fcl\u00fcyor. Yunanistan ve \u0130srail gibi 200 y\u0131l vatans\u0131z ya\u015fam\u0131\u015f olan Yahudilerin 2000 y\u0131l i\u00e7inde o vaat edilmi\u015f toprak ideali ile 2000 y\u0131l sonra vatana sahip olmalar\u0131 muazzam bir \u00f6rnektir. T\u00fcrk\u00fcn cihan h\u00e2kimiyeti ise bu k\u00fc\u00e7\u00fck milletlerin ideallerine g\u00f6re ger\u00e7ekle\u015fmeye \u00e7ok yakla\u015fm\u0131\u015f olan muazzam bir idealdir. Turan Yazgan, b\u00f6yle bir realiteden de hareket ediyordu; \u00e7\u00fcnk\u00fc \u00e7ok realist bir adamd\u0131.<\/p>\n<h2><strong>Biz nerede bir T\u00fcrk varsa ona mutlaka ula\u015faca\u011f\u0131z ve onun bizi bekledi\u011fini bilece\u011fiz!<\/strong><\/h2>\n<p>Bir ideal \u00fczerine hayat\u0131n\u0131 bina eden, ana ekseni bu olan Turan Yazgan\u2019\u0131n zirve noktada yapaca\u011f\u0131 i\u015f bellidir: Ad\u0131n\u0131 koydu\u011fu <em>T\u00fcrk D\u00fcnyas\u0131 Ara\u015ft\u0131rmalar\u0131 Vakf\u0131<\/em>\u2019n\u0131n kurmak. Vak\u0131f 1980\u2019de kurulmu\u015ftur; ama vak\u0131f d\u00fc\u015f\u00fcncesi ve \u00e7al\u0131\u015fmalar\u0131 1980\u2019den \u00f6ncesine dayan\u0131r.<\/p>\n<p><em>\u00a0\u201cT\u00fcrkl\u00fck \u00c2lemi\u201d<\/em> veya \u201c<em>T\u00fcrk \u00c2lemi\u201d<\/em> gibi tabirler H\u00fcseyinzade Ali Bey ve ba\u015fka T\u00fcrk\u00e7\u00fcler taraf\u0131ndan daha evvel kullan\u0131lm\u0131\u015ft\u0131r; ama <em>T\u00fcrk D\u00fcnyas\u0131<\/em> tabiri bir kurumun ad\u0131nda ilk defa Turan Yazgan taraf\u0131ndan kullan\u0131lm\u0131\u015ft\u0131r.<\/p>\n<p><em>\u00a0T\u00fcrk D\u00fcnyas\u0131 Ara\u015ft\u0131rmalar\u0131 Vakf\u0131<\/em>\u2019n\u0131n di\u011fer <em>T\u00fcrk d\u00fcnyas\u0131<\/em> ile ilgili \u00e7al\u0131\u015fmalar\u0131 ve faaliyetleri bir hakk\u0131nda \u015funu s\u00f6ylemek gerekir: Vak\u0131f kurulal\u0131 36 y\u0131l olmu\u015ftur ve bu 36 y\u0131l i\u00e7inde Turan Yazgan\u2019\u0131n ve vakf\u0131n\u0131n yapm\u0131\u015f oldu\u011fu hi\u00e7bir i\u015fin yanl\u0131\u015f oldu\u011fu s\u00f6ylenemez. Eksiklikleri olabilir; ama yap\u0131lan her i\u015f mutlaka do\u011frudur. Turan Yazgan\u2019\u0131n fark\u0131 buradad\u0131r. Yapt\u0131\u011f\u0131 i\u015flerin toplam\u0131, T\u00fcrkiye\u2019de devletin ve \u00f6zel sekt\u00f6r\u00fcn yapt\u0131\u011f\u0131 i\u015flerin tamam\u0131n\u0131n kat be kat \u00fcst\u00fcndedir. Bunu bir iftihar duygusu olarak s\u00f6yl\u00fcyorum; A\u015fa\u011f\u0131 yukar\u0131 25 y\u0131l T\u00fcrk d\u00fcnyas\u0131 ile ilgilenen ve \u015fu anda <em>Avrasya TV<\/em> kanal\u0131n\u0131 kuran, 5 y\u0131l bu kanal\u0131 y\u00f6netmi\u015f ve 20 y\u0131l da o co\u011frafyada dola\u015fm\u0131\u015f biri olarak bunu s\u00f6yl\u00fcyorum; \u00e7\u00fcnk\u00fc kimin ne yapt\u0131\u011f\u0131n\u0131 biliyorum. Mesela devletimizin yapt\u0131\u011f\u0131 i\u015flerin aras\u0131nda do\u011fru diye bildi\u011fimiz i\u015fler pek azd\u0131r. Yesevi \u00dcniversitesi bir felakettir. K\u0131rg\u0131zistan\u2019daki Manas \u00dcniversitesi ona g\u00f6re nispeten d\u00fczg\u00fcn say\u0131lsa bile o da bir y\u00fcksek ba\u015far\u0131s\u0131zl\u0131k \u00f6rne\u011fidir. Bunu yapanlar da devletimizde \u00e7al\u0131\u015fan isimlerdir. Bunlara \u00f6ncelik edenler de y\u00fcksek ba\u015far\u0131s\u0131zl\u0131k \u00f6rne\u011fi sergileyen Fetullah G\u00fclen gibi \u00f6rg\u00fctlenmi\u015fledir.<\/p>\n<p>Bug\u00fcn bunlar\u0131n baz\u0131lar\u0131 kahraman olarak ortada dola\u015fmaktalar. Onlar konu\u015fuluyor ve bunlar i\u00e7erisinde firesiz tek i\u015f yapan da <em>Turan Yazgan Hoca<\/em>\u2019d\u0131r. <em>Turan Yazgan Hoca<\/em>\u2019n\u0131n vakf\u0131d\u0131r. Bir\u00e7ok okul a\u00e7\u0131lm\u0131\u015ft\u0131r. Vakf\u0131n kurdu\u011fu bu lise ve \u00fcniversite d\u00fczeyindeki okullarda binlerce insan yeti\u015ftirilmi\u015ftir. Her y\u0131l muhtelif kurslarla insanlar yeti\u015ftirilmi\u015ftir. Her g\u00fcn T\u00fcrk D\u00fcnyas\u0131\u2019n\u0131n neresinde ne olmu\u015fsa onlar kaydedilmi\u015f, iki mecmua ve geni\u015f \u00e7apl\u0131 bir k\u00fct\u00fcphane olu\u015fturulmu\u015ftur. 36 y\u0131lda bin kitap bas\u0131lm\u0131\u015f ve da\u011f\u0131t\u0131lm\u0131\u015ft\u0131r. Turan Yazgan\u2019\u0131n \u201c<em>Biz nerede bir T\u00fcrk varsa ona mutlaka ula\u015faca\u011f\u0131z ve onun bizi bekledi\u011fini bilece\u011fiz!<\/em>\u201d s\u00f6zleri vakf\u0131n ana gayesi olmu\u015ftur. Nerede bir T\u00fcrk varsa hakikaten ula\u015f\u0131lm\u0131\u015ft\u0131r.<\/p>\n<p>Turan Yazgan\u2019\u0131n \u00e7ekim ekibinde bulundu\u011fum s\u00fcrece, Amerika\u2019dan Yakutistan\u2019a kadar dola\u015ft\u0131k. Bununla da yetinmeyen Turan Yazgan, ba\u015fka \u00fclkelerde ya\u015fayan T\u00fcrk gruplar\u0131yla da temas etmi\u015f, g\u00f6r\u00fc\u015fm\u00fc\u015ft\u00fcr. Onlara gidilmi\u015f ve m\u00fcmk\u00fcnse onlar da buraya getirilmi\u015ftir.<\/p>\n<h2><strong>Y\u00fcksek bir diplomat: Turan Yazgan<\/strong><\/h2>\n<p>Ayn\u0131 zamanda y\u00fcksek bir diplomat olan Turan Yazgan, nerede nas\u0131l davran\u0131laca\u011f\u0131n\u0131 da bilirdi. Kasabadan \u00e7\u0131km\u0131\u015f bir insan\u0131n d\u00fcnyan\u0131n her taraf\u0131nda birinci s\u0131n\u0131f bir temsil kabiliyetinde boy g\u00f6sterece\u011fini ve o temsil kabiliyeti ile bizim g\u00f6\u011fs\u00fcm\u00fcz\u00fc kabartaca\u011f\u0131na dikkat edilmelidir. Turan Hoca\u2019n\u0131n yapt\u0131\u011f\u0131 i\u015flerin en m\u00fchimlerinden biri de nerede T\u00fcrk varsa ona ula\u015fmak.<\/p>\n<p>Kat\u0131ld\u0131\u011f\u0131 protokollerde s\u0131k\u0131lan ve \u00e7ok fazla kalmak istemeyen, s\u0131k\u0131lan Turan Yazgan; bir an \u00f6nce gitti\u011fimiz o yerlerdeki T\u00fcrklerle g\u00f6r\u00fc\u015fmek ve kucakla\u015fmak isterdi. Turan Yazgan\u2019\u0131n o T\u00fcrklerle kucakla\u015fmas\u0131 g\u00f6r\u00fclmeye de\u011ferdi. Benim, hayat\u0131mda kazand\u0131\u011f\u0131m en y\u00fcksek derinliklerden birisidir budur.<\/p>\n<h2><strong>Y\u0131lmaz \u00d6ztuna: \u201cBen Ats\u0131z\u2019dan sonra tek idealist adam tan\u0131d\u0131m o da Turan Yazgan Hoca\u2019d\u0131r.\u201d<\/strong><\/h2>\n<p>Nihal Ats\u0131z Bey\u2019in \u00e7ok yak\u0131nlar\u0131ndan biri rahmetli Y\u0131lmaz \u00d6ztuna\u2019d\u0131r. \u00d6ztuna\u2019n\u0131n Ats\u0131z\u2019la yak\u0131nl\u0131\u011f\u0131 pek bilinmez. Y\u0131lmaz Bey\u2019in Sirkeci\u2019de, babas\u0131ndan kalma iki han\u0131 vard\u0131, daha sonra onlar\u0131 1960\u2019da kaybetmi\u015fti. Ats\u0131z\u2019\u0131n Sirkeci\u2019deki kulland\u0131\u011f\u0131 yaz\u0131hane Y\u0131lmaz \u00d6ztuna\u2019n\u0131n hediyesiymi\u015f. Y\u0131lmaz \u00d6ztuna, \u201cYaz\u0131haneyi ben verdim.\u201d derdi. Y\u00fcksek ve idealist karakterlere bay\u0131lan Y\u0131lmaz Bey, Turan Hoca ile yak\u0131ndan ilgilenirdi ve derdi ki \u201cBen Ats\u0131z\u2019dan sonra tek idealist adam tan\u0131d\u0131m; o da Turan Yazgan Hoca\u2019d\u0131r.\u201d 1991\u2019de 6 ki\u015filik bir ekiple Azerbaycan\u2019dayd\u0131k. El\u00e7i Bey 1990 y\u0131l\u0131nda gitti\u011fimizde yasakl\u0131 durumdayd\u0131; 1991\u2019de gitti\u011fimizde ise yasa\u011f\u0131 kald\u0131r\u0131lm\u0131\u015ft\u0131. Dolay\u0131s\u0131yla Halk Cephesi\u2019nde bizi misafir etmek istedi. Biz de heyet olarak gittik. Orada gece bir bu\u00e7u\u011fa kadar sohbet ettik. \u201cHazar Denizi y\u00fckseldi\u011finde T\u00fcrkler de y\u00fckselir.\u201d dedi ve bunun \u00fczerine kalkt\u0131k, Hazar Denizi\u2019ne gittik. Tepemizde ay \u0131\u015f\u0131\u011f\u0131 vard\u0131. Orada, \u201cHazar y\u00fckseliyor mu?\u201d diye \u00f6l\u00e7\u00fcmler yap\u0131ld\u0131 ve Hazar\u2019\u0131n y\u00fckseldi\u011fine kanaat getirildi. Turan Hoca ile El\u00e7i Bey\u2019in sevinci g\u00f6r\u00fclmeye de\u011ferdi. El\u00e7i Bey hastayd\u0131 ve dalgalar boyumuzu a\u015f\u0131yordu, insanlar kenardayd\u0131 ve ben de mesle\u011fim gere\u011fi yanlar\u0131nday\u0131m. Orada 45 dakika kadar dualar edildi. Bu kadar g\u00f6zya\u015f\u0131n\u0131 ben hayat\u0131mda g\u00f6rmemi\u015ftim. Orada Hazar\u2019\u0131 g\u00f6zya\u015f\u0131 ile sulad\u0131k. Dua ediyorlar, \u201cYarabbi, T\u00fcrk\u2019\u00fc y\u00fccelt!\u201d mealinde. Arkas\u0131ndan \u015fiirler ba\u015fl\u0131yor. Turan Yazgan Hoca\u2019da da \u015fiir okumaya ba\u015fl\u0131yor. El\u00e7i Bey\u2019le kar\u015f\u0131l\u0131kl\u0131 at\u0131\u015fma yap\u0131yorlar. Her ikisinin de haf\u0131zas\u0131nda, bu kadar \u00e7ok \u015fiir oldu\u011funu ben orada g\u00f6rd\u00fcm. Teybimi a\u00e7m\u0131\u015f ve kaydetmi\u015ftim; ama bu kaset \u00fcz\u00fclerek belirtmeliyim ki kayboldu. Orada ya\u015fad\u0131\u011f\u0131m duyguyu ve y\u00fckseli\u015f heyecan\u0131n\u0131 hi\u00e7 unutmad\u0131m ve sizin de ayn\u0131 heyecan\u0131 ya\u015fad\u0131\u011f\u0131n\u0131z\u0131 d\u00fc\u015f\u00fcn\u00fcyorum.<\/p>\n","protected":false},"excerpt":{"rendered":"<p>Turan Yazgan kimdir? Bir idealist nas\u0131l yeti\u015fir? T\u00fcrk D\u00fcnyas\u0131 Ara\u015ft\u0131rmalar\u0131 Vakf\u0131 ne zaman ve nas\u0131l kuruldu? Nihal Ats\u0131z\u2019dan sonraki tek idealist kimdir? El\u00e7ibey ve Turan Yazgan g\u00f6z ya\u015flar\u0131 i\u00e7inde ne i\u00e7in dua ettiler?<\/p>\n","protected":false},"author":8,"featured_media":3423,"comment_status":"open","ping_status":"open","sticky":false,"template":"","format":"standard","meta":{"_links_to":"","_links_to_target":""},"categories":[62,2,66,68],"tags":[],"yoast_head":"<!-- This site is optimized with the Yoast SEO plugin v16.0.2 - https:\/\/yoast.com\/wordpress\/plugins\/seo\/ -->\n<title>De\u011fer yaratan bir de\u011fer: Turan Yazgan - M\u0130SAK- Mill\u00ee Strateji Ara\u015ft\u0131rma Kurulu<\/title>\n<link rel=\"canonical\" href=\"https:\/\/millidusunce.com\/misak\/deger-yaratan-bir-deger-turan-yazgan\/\" \/>\n<meta property=\"og:locale\" content=\"tr_TR\" \/>\n<meta property=\"og:type\" content=\"article\" \/>\n<meta property=\"og:title\" content=\"De\u011fer yaratan bir de\u011fer: Turan Yazgan - M\u0130SAK- Mill\u00ee Strateji Ara\u015ft\u0131rma Kurulu\" \/>\n<meta property=\"og:description\" content=\"Turan Yazgan kimdir? Bir idealist nas\u0131l yeti\u015fir? T\u00fcrk D\u00fcnyas\u0131 Ara\u015ft\u0131rmalar\u0131 Vakf\u0131 ne zaman ve nas\u0131l kuruldu? Nihal Ats\u0131z\u2019dan sonraki tek idealist kimdir? El\u00e7ibey ve Turan Yazgan g\u00f6z ya\u015flar\u0131 i\u00e7inde ne i\u00e7in dua ettiler?\" \/>\n<meta property=\"og:url\" content=\"https:\/\/millidusunce.com\/misak\/deger-yaratan-bir-deger-turan-yazgan\/\" \/>\n<meta property=\"og:site_name\" content=\"M\u0130SAK- Mill\u00ee Strateji Ara\u015ft\u0131rma Kurulu\" \/>\n<meta property=\"article:published_time\" content=\"2018-10-10T16:30:00+00:00\" \/>\n<meta property=\"article:modified_time\" content=\"2018-10-08T10:05:06+00:00\" \/>\n<meta property=\"og:image\" content=\"https:\/\/millidusunce.com\/misak\/wp-content\/uploads\/2018\/09\/prof-dr-turan-yazgan-anildi-9024726_738.png\" \/>\n\t<meta property=\"og:image:width\" content=\"640\" \/>\n\t<meta property=\"og:image:height\" content=\"360\" \/>\n<meta name=\"twitter:card\" content=\"summary_large_image\" \/>\n<meta name=\"twitter:label1\" content=\"Tahmini okuma s\u00fcresi\">\n\t<meta name=\"twitter:data1\" content=\"10 dakika\">\n<script type=\"application\/ld+json\" class=\"yoast-schema-graph\">{\"@context\":\"https:\/\/schema.org\",\"@graph\":[{\"@type\":\"Organization\",\"@id\":\"https:\/\/millidusunce.com\/misak\/#organization\",\"name\":\"Mill\\u00ee D\\u00fc\\u015f\\u00fcnce Merkezi\",\"url\":\"https:\/\/millidusunce.com\/misak\/\",\"sameAs\":[],\"logo\":{\"@type\":\"ImageObject\",\"@id\":\"https:\/\/millidusunce.com\/misak\/#logo\",\"inLanguage\":\"tr\",\"url\":\"https:\/\/millidusunce.com\/misak\/wp-content\/uploads\/2018\/09\/mdmLogo-yazisiz.jpg\",\"width\":422,\"height\":422,\"caption\":\"Mill\\u00ee D\\u00fc\\u015f\\u00fcnce Merkezi\"},\"image\":{\"@id\":\"https:\/\/millidusunce.com\/misak\/#logo\"}},{\"@type\":\"WebSite\",\"@id\":\"https:\/\/millidusunce.com\/misak\/#website\",\"url\":\"https:\/\/millidusunce.com\/misak\/\",\"name\":\"M\\u0130SAK- Mill\\u00ee Strateji Ara\\u015ft\\u0131rma Kurulu\",\"description\":\"D\\u00fcnyaya T\\u00fcrk\\u00e7\\u00fc Bak\\u0131\\u015f\",\"publisher\":{\"@id\":\"https:\/\/millidusunce.com\/misak\/#organization\"},\"potentialAction\":[{\"@type\":\"SearchAction\",\"target\":\"https:\/\/millidusunce.com\/misak\/?s={search_term_string}\",\"query-input\":\"required name=search_term_string\"}],\"inLanguage\":\"tr\"},{\"@type\":\"ImageObject\",\"@id\":\"https:\/\/millidusunce.com\/misak\/deger-yaratan-bir-deger-turan-yazgan\/#primaryimage\",\"inLanguage\":\"tr\",\"url\":\"https:\/\/millidusunce.com\/misak\/wp-content\/uploads\/2018\/09\/prof-dr-turan-yazgan-anildi-9024726_738.png\",\"width\":640,\"height\":360},{\"@type\":\"WebPage\",\"@id\":\"https:\/\/millidusunce.com\/misak\/deger-yaratan-bir-deger-turan-yazgan\/#webpage\",\"url\":\"https:\/\/millidusunce.com\/misak\/deger-yaratan-bir-deger-turan-yazgan\/\",\"name\":\"De\\u011fer yaratan bir de\\u011fer: Turan Yazgan - M\\u0130SAK- Mill\\u00ee Strateji Ara\\u015ft\\u0131rma Kurulu\",\"isPartOf\":{\"@id\":\"https:\/\/millidusunce.com\/misak\/#website\"},\"primaryImageOfPage\":{\"@id\":\"https:\/\/millidusunce.com\/misak\/deger-yaratan-bir-deger-turan-yazgan\/#primaryimage\"},\"datePublished\":\"2018-10-10T16:30:00+00:00\",\"dateModified\":\"2018-10-08T10:05:06+00:00\",\"breadcrumb\":{\"@id\":\"https:\/\/millidusunce.com\/misak\/deger-yaratan-bir-deger-turan-yazgan\/#breadcrumb\"},\"inLanguage\":\"tr\",\"potentialAction\":[{\"@type\":\"ReadAction\",\"target\":[\"https:\/\/millidusunce.com\/misak\/deger-yaratan-bir-deger-turan-yazgan\/\"]}]},{\"@type\":\"BreadcrumbList\",\"@id\":\"https:\/\/millidusunce.com\/misak\/deger-yaratan-bir-deger-turan-yazgan\/#breadcrumb\",\"itemListElement\":[{\"@type\":\"ListItem\",\"position\":1,\"item\":{\"@type\":\"WebPage\",\"@id\":\"https:\/\/millidusunce.com\/misak\/\",\"url\":\"https:\/\/millidusunce.com\/misak\/\",\"name\":\"Anasayfa\"}},{\"@type\":\"ListItem\",\"position\":2,\"item\":{\"@type\":\"WebPage\",\"@id\":\"https:\/\/millidusunce.com\/misak\/deger-yaratan-bir-deger-turan-yazgan\/\",\"url\":\"https:\/\/millidusunce.com\/misak\/deger-yaratan-bir-deger-turan-yazgan\/\",\"name\":\"De\\u011fer yaratan bir de\\u011fer: Turan Yazgan\"}}]},{\"@type\":\"Article\",\"@id\":\"https:\/\/millidusunce.com\/misak\/deger-yaratan-bir-deger-turan-yazgan\/#article\",\"isPartOf\":{\"@id\":\"https:\/\/millidusunce.com\/misak\/deger-yaratan-bir-deger-turan-yazgan\/#webpage\"},\"author\":{\"@id\":\"https:\/\/millidusunce.com\/misak\/#\/schema\/person\/c01eb7f1d1259e4d6ec191ffadabf61c\"},\"headline\":\"De\\u011fer yaratan bir de\\u011fer: Turan Yazgan\",\"datePublished\":\"2018-10-10T16:30:00+00:00\",\"dateModified\":\"2018-10-08T10:05:06+00:00\",\"mainEntityOfPage\":{\"@id\":\"https:\/\/millidusunce.com\/misak\/deger-yaratan-bir-deger-turan-yazgan\/#webpage\"},\"commentCount\":0,\"publisher\":{\"@id\":\"https:\/\/millidusunce.com\/misak\/#organization\"},\"image\":{\"@id\":\"https:\/\/millidusunce.com\/misak\/deger-yaratan-bir-deger-turan-yazgan\/#primaryimage\"},\"articleSection\":\"E\\u011e\\u0130T\\u0130M-K\\u00dcLT\\u00dcR,S\\u0130YASET-TAR\\u0130H,T\\u00dcRKL\\u00dcK-T\\u00dcRK\\u00c7\\u00dcL\\u00dcK\",\"inLanguage\":\"tr\",\"potentialAction\":[{\"@type\":\"CommentAction\",\"name\":\"Comment\",\"target\":[\"https:\/\/millidusunce.com\/misak\/deger-yaratan-bir-deger-turan-yazgan\/#respond\"]}]},{\"@type\":\"Person\",\"@id\":\"https:\/\/millidusunce.com\/misak\/#\/schema\/person\/c01eb7f1d1259e4d6ec191ffadabf61c\",\"name\":\"Ya\\u011fmur Tunal\\u0131\",\"image\":{\"@type\":\"ImageObject\",\"@id\":\"https:\/\/millidusunce.com\/misak\/#personlogo\",\"inLanguage\":\"tr\",\"url\":\"https:\/\/secure.gravatar.com\/avatar\/33d459622937c0b0193b18dab3f8e520?s=96&d=mm&r=g\",\"caption\":\"Ya\\u011fmur Tunal\\u0131\"},\"description\":\"Yazar ve edit\\u00f6r\\u00fcm\\u00fcz A. Ya\\u011fmur Tunal\\u0131, orta \\u00f6\\u011frenimini Ni\\u011fde, Kayseri ve Samsun'da; Erzurum Atat\\u00fcrk \\u00dcniversitesi'nde ba\\u015flad\\u0131\\u011f\\u0131 y\\u00fcksek \\u00f6\\u011frenimini Ankara \\u00dcniversitesi Dil ve Tarih-Co\\u011frafya Fak\\u00fcltesi Frans\\u0131z Filolojisi'nde tamamlad\\u0131. Yaz\\u0131 ve sanat hayat\\u0131na \\u015fiirle ba\\u015flad\\u0131. \\u015eiirin yan\\u0131nda, deneme, tenkid, tan\\u0131tma ve mensur \\u015fiirler yay\\u0131nlad\\u0131. Yazd\\u0131klar\\u0131, T\\u00fcrk Edebiyat\\u0131, Hisar, T\\u00f6re, Divan, T\\u00fcrk Dili, Do\\u011fu\\u015f, Milli K\\u00fclt\\u00fcr, Mill\\u00ee E\\u011fitim ve K\\u00fclt\\u00fcr, \\u00dclk\\u00fc P\\u0131nar\\u0131, Erguvan, S\\u00f6zc\\u00fc, Hamle ve benzeri pek \\u00e7ok dergi ile Herg\\u00fcn ve Terc\\u00fcman ba\\u015fta olmak \\u00fczere \\u00e7e\\u015fitli gazetelerde yay\\u0131nland\\u0131. \\u00dcniversite y\\u0131llar\\u0131ndan itibaren, baz\\u0131 dergilerin kurucu ve yay\\u0131nlay\\u0131c\\u0131lar\\u0131 aras\\u0131nda yer ald\\u0131. \\u0130lesam ve T\\u00fcrkiye Yazarlar Birli\\u011fi ba\\u015fta olmak \\u00fczere, yazar kurum ve kurulu\\u015flar\\u0131nda y\\u00f6netim kurullar\\u0131nda bulundu. 1980 y\\u0131l\\u0131nda Vak\\u0131flar Genel M\\u00fcd\\u00fcrl\\u00fc\\u011f\\u00fc\\u2019nde ba\\u015flad\\u0131\\u011f\\u0131 memuriyetini, 1986\\u2019dan itibaren TRT\\u2019de devam ettirdi. Sunucu, metin yazar\\u0131, senarist, yap\\u0131mc\\u0131-y\\u00f6netmen olarak 2000 den fazla programa imza att\\u0131. TRT Avrasya kanal\\u0131n\\u0131n kurulu\\u015funda g\\u00f6rev ald\\u0131. 1999-2002 d\\u00f6neminde kanal\\u0131n (2001\\u2019de ad\\u0131 TRT T\\u00dcRK oldu) sorumlu\\u011funu \\u00fcstlendi. 2002\\u2019de TRT A\\u015fkabad Temsilcisi (T\\u00fcrkmenistan) olarak tayin edildi ve iki y\\u0131l i\\u00e7inde, temsilcili\\u011fi yeniden yap\\u0131land\\u0131rd\\u0131. 7 y\\u0131l a\\u00e7\\u0131lmas\\u0131 i\\u00e7in gayret g\\u00f6sterdi\\u011fi TRT Ta\\u015fkent Temsilcili\\u011fi\\u2019ni (\\u00d6zbekistan) kurmak i\\u00e7in g\\u00f6revlendirildi. B\\u00fcy\\u00fck bir \\u201cProd\\u00fcksiyon Merkezi\\u201d olarak d\\u00fc\\u015f\\u00fcnd\\u00fc\\u011f\\u00fc Temsilcili\\u011fi a\\u00e7arak, bir y\\u0131l y\\u00f6netti. \\u015eiir, deneme, hat\\u0131ra ve biyografi ba\\u015fta olmak \\u00fczere \\u00e7e\\u015fitli k\\u00fclt\\u00fcr alanlar\\u0131nda yazmaya devam etmektedir. Bas\\u0131lm\\u0131\\u015f eserleri: Bilge Tonyukuk-1 Haz\\u0131r Olun Yi\\u011fitler (\\u00c7izgi roman) Bilge Tonyukuk-2 G\\u00fcn Bug\\u00fcnd\\u00fcr (\\u00c7izgi roman) Mevl\\u00e2n\\u00e2 Mesnev\\u00ee-1 Aslan Asland\\u0131r (\\u00c7izgi roman) Mevl\\u00e2n\\u00e2 Mesnev\\u00ee-2 Akl\\u0131 Se\\u00e7 (\\u00c7izgi roman) Mel\\u00e2l Burcu (2011) (\\u015eiir) Kavga G\\u00fcnleri (H\\u00e2t\\u0131ra-biyografi- deneme) Bitti\\u011fi Yerde Ba\\u015flar (Nehir r\\u00f6portaj- biyografi) Gittiler (Biyografi- deneme-h\\u00e2t\\u0131ra)\"}]}<\/script>\n<!-- \/ Yoast SEO plugin. -->","_links":{"self":[{"href":"https:\/\/millidusunce.com\/misak\/wp-json\/wp\/v2\/posts\/3519"}],"collection":[{"href":"https:\/\/millidusunce.com\/misak\/wp-json\/wp\/v2\/posts"}],"about":[{"href":"https:\/\/millidusunce.com\/misak\/wp-json\/wp\/v2\/types\/post"}],"author":[{"embeddable":true,"href":"https:\/\/millidusunce.com\/misak\/wp-json\/wp\/v2\/users\/8"}],"replies":[{"embeddable":true,"href":"https:\/\/millidusunce.com\/misak\/wp-json\/wp\/v2\/comments?post=3519"}],"version-history":[{"count":0,"href":"https:\/\/millidusunce.com\/misak\/wp-json\/wp\/v2\/posts\/3519\/revisions"}],"wp:featuredmedia":[{"embeddable":true,"href":"https:\/\/millidusunce.com\/misak\/wp-json\/wp\/v2\/media\/3423"}],"wp:attachment":[{"href":"https:\/\/millidusunce.com\/misak\/wp-json\/wp\/v2\/media?parent=3519"}],"wp:term":[{"taxonomy":"category","embeddable":true,"href":"https:\/\/millidusunce.com\/misak\/wp-json\/wp\/v2\/categories?post=3519"},{"taxonomy":"post_tag","embeddable":true,"href":"https:\/\/millidusunce.com\/misak\/wp-json\/wp\/v2\/tags?post=3519"}],"curies":[{"name":"wp","href":"https:\/\/api.w.org\/{rel}","templated":true}]}}