{"id":3968,"date":"2018-11-07T19:30:10","date_gmt":"2018-11-07T16:30:10","guid":{"rendered":"http:\/\/misak.millidusunce.com\/?p=3968"},"modified":"2018-11-07T18:18:47","modified_gmt":"2018-11-07T15:18:47","slug":"universite-norm-yonetmeliginin-ihtisaslasmaya-getirdigi-engel","status":"publish","type":"post","link":"https:\/\/millidusunce.com\/misak\/universite-norm-yonetmeliginin-ihtisaslasmaya-getirdigi-engel\/","title":{"rendered":"\u00dcniversite norm y\u00f6netmeli\u011finin ihtisasla\u015fmaya getirdi\u011fi engel"},"content":{"rendered":"<p><img loading=\"lazy\" class=\"alignnone size-full wp-image-3979\" src=\"http:\/\/misak.millidusunce.com\/wp-content\/uploads\/2018\/11\/Canons_of_medicine.jpg\" alt=\"\" width=\"1272\" height=\"890\" srcset=\"https:\/\/millidusunce.com\/misak\/wp-content\/uploads\/2018\/11\/Canons_of_medicine.jpg 1272w, https:\/\/millidusunce.com\/misak\/wp-content\/uploads\/2018\/11\/Canons_of_medicine-150x105.jpg 150w, https:\/\/millidusunce.com\/misak\/wp-content\/uploads\/2018\/11\/Canons_of_medicine-300x210.jpg 300w, https:\/\/millidusunce.com\/misak\/wp-content\/uploads\/2018\/11\/Canons_of_medicine-768x537.jpg 768w, https:\/\/millidusunce.com\/misak\/wp-content\/uploads\/2018\/11\/Canons_of_medicine-1024x716.jpg 1024w\" sizes=\"(max-width: 1272px) 100vw, 1272px\" \/><\/p>\n<p>Bilindi\u011fi \u00fczere ge\u00e7ti\u011fimiz g\u00fcnlerde \u00fcniversitelerdeki asgari ve azami (norm) kadrolar\u0131 belirleyen bir y\u00f6netmelik <a href=\"http:\/\/www.resmigazete.gov.tr\/main.aspx?home=http:\/\/www.resmigazete.gov.tr\/eskiler\/2018\/11\/20181102.htm&amp;main=http:\/\/www.resmigazete.gov.tr\/eskiler\/2018\/11\/20181102.htm\">Resm\u00ee Gazete\u2019de<\/a> yay\u0131mlanarak y\u00fcr\u00fcrl\u00fc\u011fe girdi.<\/p>\n<p>S\u00f6z konusu y\u00f6netmelik, \u00fcniversite kadrolar\u0131n\u0131 asgari, norm ve norm d\u0131\u015f\u0131 olarak s\u0131n\u0131fland\u0131r\u0131yor.<a href=\"#_ftn1\" name=\"_ftnref1\">[1]<\/a> Y\u00f6netmelik, \u00fcniversite kadrolar\u0131n\u0131n say\u0131sal tabanda belirlenmesine bir zemin olu\u015fturuyor. Di\u011fer bir deyi\u015fle norm kadroyu baz\u0131 h\u00e2llerde asgari kadronun katlar\u0131yla, baz\u0131 h\u00e2llerde de daha kesin bir say\u0131 belirleyerek belli bir s\u0131n\u0131r\u0131n \u00fczerine \u00e7\u0131k\u0131lmamas\u0131n\u0131 hedefliyor. Yani kadro s\u0131n\u0131rland\u0131rmas\u0131 getiriyor.<\/p>\n<p>Kadro s\u0131n\u0131rland\u0131rmas\u0131 baz\u0131 \u00fcniversitelerde y\u0131\u011f\u0131lmay\u0131 engellemek ve yeni a\u00e7\u0131lan \u00fcniversitelere kadro sa\u011flamak a\u00e7\u0131s\u0131ndan makul g\u00f6r\u00fclebilir. Ancak y\u00f6netmeli\u011fin bu s\u0131n\u0131rland\u0131rmay\u0131 fazlas\u0131yla keskin bir \u015fekilde yapt\u0131\u011f\u0131, bunun da \u00f6zellikle \u00fcniversitelerdeki y\u00fcksek lisans ve doktora programlar\u0131na ciddi bir darbe vuraca\u011f\u0131 g\u00f6r\u00fcl\u00fcyor.<\/p>\n<p>Konuyu somut olarak ele almak gerekirse 4. maddenin (4) numaral\u0131 paragraf\u0131nda \u015f\u00f6yle deniyor:<\/p>\n<p><em>\u201c(4) Fak\u00fclte veya b\u00f6l\u00fcm lisans program\u0131 i\u00e7in norm kadrolar, \u00fcniversiteler taraf\u0131ndan anabilim\/anasanat dal\u0131 \u00e7e\u015fitlili\u011fi g\u00f6z \u00f6n\u00fcnde bulundurularak fak\u00fclte veya b\u00f6l\u00fcm\u00fc olu\u015fturan anabilim\/anasanat dallar\u0131n\u0131n her birine bir \u00f6\u011fretim \u00fcyesi d\u00fc\u015fecek \u015fekilde planlan\u0131r. Anabilim\/anasanat dallar\u0131 dikkate al\u0131narak belirlenen norm kadro say\u0131s\u0131, anabilim\/anasanat dal\u0131 ve b\u00f6l\u00fcm kurulunun uygun g\u00f6r\u00fc\u015f\u00fc \u00fczerine ilgili fak\u00fclte ve \u00fcniversite y\u00f6netim kurulunun gerek\u00e7eli karar\u0131yla b\u00f6l\u00fcm veya fak\u00fclte d\u00fczeyinde iki kat\u0131na kadar art\u0131r\u0131labilir.\u201d<\/em><\/p>\n<p>G\u00f6r\u00fcld\u00fc\u011f\u00fc gibi paragraf, norm kadrolar\u0131n her bir anabilim dal\u0131nda bir \u00f6\u011fretim \u00fcyesi olarak belirlenmesi esas\u0131ndan hareket ediyor. Y\u00f6netmelik, asgari kadro i\u00e7in ayr\u0131ca bir say\u0131 vermiyor. Di\u011fer yandan al\u0131nt\u0131lanan paragrafta da g\u00f6r\u00fcld\u00fc\u011f\u00fc gibi lisans program\u0131n\u0131 esas al\u0131yor. Lisans\u00fcst\u00fc programlarla ilgili bir ibare yok.<\/p>\n<p>\u00dcniversitelerimizde istisnalar hari\u00e7 lisans d\u00fczeyindeki programlar genellikle b\u00f6l\u00fcmler baz\u0131nda, lisans\u00fcst\u00fc programlar ise anabilim dallar\u0131 baz\u0131nda y\u00fcr\u00fct\u00fclmektedir. S\u00f6z konusu paragraf\u0131 somut ifadelerle anlatabilmek i\u00e7in A alan\u0131nda bir b\u00f6l\u00fcm\u00fcm\u00fcz oldu\u011funu d\u00fc\u015f\u00fcnelim. Bu A b\u00f6l\u00fcm\u00fcnde alt\u0131 anabilim dal\u0131 bulunsun. A b\u00f6l\u00fcm\u00fc lisans d\u00fczeyindeki program\u0131 y\u00fcr\u00fctmekte, bu b\u00f6l\u00fcmdeki anabilim dallar\u0131 da kendi ihtisas alanlar\u0131nda y\u00fcksek lisans ve doktora programlar\u0131n\u0131 y\u00fcr\u00fctmektedirler.<\/p>\n<p><img loading=\"lazy\" class=\"alignnone size-full wp-image-3973\" src=\"http:\/\/misak.millidusunce.com\/wp-content\/uploads\/2018\/11\/Ogruyesay2.png\" alt=\"\" width=\"538\" height=\"606\" srcset=\"https:\/\/millidusunce.com\/misak\/wp-content\/uploads\/2018\/11\/Ogruyesay2.png 538w, https:\/\/millidusunce.com\/misak\/wp-content\/uploads\/2018\/11\/Ogruyesay2-133x150.png 133w, https:\/\/millidusunce.com\/misak\/wp-content\/uploads\/2018\/11\/Ogruyesay2-266x300.png 266w\" sizes=\"(max-width: 538px) 100vw, 538px\" \/><\/p>\n<p>\u015eimdi y\u00f6netmeli\u011fe g\u00f6re olu\u015fan A b\u00f6l\u00fcm\u00fcndeki norm kadrolara bakal\u0131m. Her bir anabilim dal\u0131na bir \u00f6\u011fretim \u00fcyesi dendi\u011fine g\u00f6re s\u00f6z konusu b\u00f6l\u00fcmde, her biri bir anabilim dal\u0131nda olmak \u00fczere, 6 \u00f6\u011fretim \u00fcyesi bulunmas\u0131 \u00f6ng\u00f6r\u00fclmektedir. Bu y\u00f6netmelikte olmasa da Y\u00d6K\u2019\u00fcn lisans program\u0131na \u00f6\u011frenci alma izni i\u00e7in uygulad\u0131\u011f\u0131 \u00f6l\u00e7\u00fct asgari 3 \u00f6\u011fretim \u00fcyesidir. Dolay\u0131s\u0131yla b\u00f6l\u00fcm\u00fcm\u00fcz bu asgari \u015fart\u0131 yerine getirerek lisans d\u00fczeyinde \u00f6\u011frenci al\u0131m\u0131 yapabilir.<a href=\"#_ftn2\" name=\"_ftnref2\">[2]<\/a> Burada kalite tart\u0131\u015fmas\u0131na girmeden lisans\u00fcst\u00fc konusuna ge\u00e7iyorum. \u00c7\u00fcnk\u00fc lisans\u00fcst\u00fcnde programlar\u0131n varl\u0131\u011f\u0131 matematik olarak imk\u00e2ns\u0131zla\u015f\u0131yor.<\/p>\n<p>Gerekli altyap\u0131s\u0131n\u0131n oldu\u011funu farz ederek diyelim ki A b\u00f6l\u00fcm\u00fcm\u00fczdeki alt\u0131 anabilim dal\u0131n\u0131n hepsi birer y\u00fcksek lisans program\u0131 y\u00fcr\u00fct\u00fcyor. T\u0131pk\u0131 lisans program\u0131 gibi y\u00fcksek lisans program\u0131 i\u00e7in de asgari 3 \u00f6\u011fretim \u00fcyesi \u015fart\u0131 var ve bunlar\u0131n ba\u015fka y\u00fcksek lisans program\u0131n\u0131n a\u00e7\u0131l\u0131\u015f\u0131nda bulunmam\u0131\u015f olmalar\u0131 laz\u0131m. H\u00e2lbuki norm kadroya g\u00f6re bizim her bir anabilim dal\u0131nda sadece bir \u00f6\u011fretim \u00fcyemiz olmal\u0131. Bu durumda 6 y\u00fcksek lisans program\u0131n\u0131n zaman i\u00e7inde kapat\u0131laca\u011f\u0131n\u0131 \u00f6ng\u00f6rebiliriz. Burada denilebilir ki \u201cmevcut kadrolar devam ediyor, hi\u00e7bir kapanma olmayacak. \u00c7\u00fcnk\u00fc y\u00f6netmelik mevcut kadrolara uygulanm\u0131yor.\u201d Biz de zaten \u201czaman i\u00e7inde\u201d ifadesini bu y\u00fczden kulland\u0131k. E\u011fer \u00f6rne\u011fimizdeki b\u00f6l\u00fcm, 6 y\u00fcksek lisans program\u0131 y\u00fcr\u00fctebiliyorsa en az 18 \u00f6\u011fretim \u00fcyesi var demektir. Y\u00f6netmeli\u011fe g\u00f6re ise en \u00e7ok 6 \u00f6\u011fretim \u00fcyesi olabilir. Paragraf\u0131n ikinci c\u00fcmlesi dikkate al\u0131n\u0131rsa istisnai olarak 12 \u00f6\u011fretim \u00fcyesine kadar kadro hakk\u0131 olabilir.<a href=\"#_ftn3\" name=\"_ftnref3\">[3]<\/a> Bu da demektir ki bu say\u0131n\u0131n \u00fcst\u00fcndeki say\u0131 norm d\u0131\u015f\u0131 kadro say\u0131lacak ve mevcut \u00f6\u011fretim \u00fcyeleri y\u0131llar ge\u00e7ip emekli olduk\u00e7a b\u00f6l\u00fcm \u00f6\u011fretim \u00fcyesi say\u0131s\u0131- istisnai h\u00e2li bir kenara b\u0131rak\u0131rsak- 6\u2019ya d\u00fc\u015fecek. Bunlar\u0131n her biri bir anabilim dal\u0131nda olacak. Y\u00fcksek lisans program\u0131 y\u00fcr\u00fctmek i\u00e7in ise anabilim dal\u0131nda asgari 3 \u00f6\u011fretim \u00fcyesi ihtiyac\u0131m\u0131z var ve bu b\u00f6l\u00fcm\u00fcm\u00fcz bug\u00fcn itibar\u0131yla 6 y\u00fcksek lisans program\u0131 y\u00fcr\u00fct\u00fcyor. G\u00f6r\u00fcld\u00fc\u011f\u00fc \u00fczere gelecekte bu m\u00fcmk\u00fcn de\u011fildir ve b\u00f6l\u00fcm en fazla iki y\u00fcksek lisans program\u0131 y\u00fcr\u00fctebilir. \u015eansl\u0131 olup istisnai kadrolar\u0131 a\u00e7arak 12 \u00f6\u011fretim \u00fcyesine ula\u015fabilirse de 4 y\u00fcksek lisans program\u0131 y\u00fcr\u00fctebilir. Bu da 2, 3 veya 4 tane y\u00fcksek lisans program\u0131n\u0131n kapat\u0131lmas\u0131 anlam\u0131na gelecektir. Bu ise ilmin gerektirdi\u011fi ihtisasla\u015fmaya b\u00fcy\u00fck bir darbe vuracak. Bu y\u00f6netmelik \u00e7\u0131kt\u0131\u011f\u0131 h\u00e2liyle uygulan\u0131rsa ilerleyen y\u0131llarda birbiri ard\u0131nca bir\u00e7ok y\u00fcksek lisans program\u0131 kapanacakt\u0131r.<\/p>\n<p>Bu yaz\u0131da hesab\u0131 karma\u015f\u0131kla\u015ft\u0131rmamak i\u00e7in doktora programlar\u0131na hi\u00e7 girilmedi. Ancak k\u0131saca \u015fu denebilir. Doktora programlar\u0131n\u0131n \u00f6l\u00e7\u00fctleri daha y\u00fcksek oldu\u011fu i\u00e7in onlar y\u00fcksek lisans programlar\u0131na g\u00f6re daha erken ve daha \u00e7ok kapanacakt\u0131r.<\/p>\n<p>Sonu\u00e7 olarak, y\u00f6netmelikteki bu ifadeler ilimdeki ihtisasla\u015fmaya b\u00fcy\u00fck darbe vuracak ve bu sebeple \u00fclkemizdeki bilim d\u00fczeyini geriye g\u00f6t\u00fcrecek d\u00fczenlemelerdir. Bunlar, bir hata sonucu yap\u0131ld\u0131ysa yeniden g\u00f6zden ge\u00e7irilerek d\u00fczeltilmesinde fayda vard\u0131r.<\/p>\n<p><a href=\"#_ftnref1\" name=\"_ftn1\">[1]<\/a> Asgari kadro bir programa \u00f6\u011frenci al\u0131nabilmesi i\u00e7in gerekli asgari \u00f6\u011fretim \u00fcyesi say\u0131s\u0131n\u0131, norm kadro da o programda bulunabilecek azami say\u0131y\u0131 ifade ediyor. Norm d\u0131\u015f\u0131 kadro ise istisnai olarak bu say\u0131ya ek bir kadroyu belirtiyor. Mesela y\u00f6netmeli\u011fin yay\u0131mlanmas\u0131yla norm kadrodan fazla \u00f6\u011fretim \u00fcyesine sahip b\u00f6l\u00fcmlerdeki fazla kadrolar norm d\u0131\u015f\u0131 kadro durumuna d\u00fc\u015f\u00fcyor. Bu da norm d\u0131\u015f\u0131 kadrolardaki \u00f6\u011fretim \u00fcyeleri emekli olunca yerlerine yeni \u00f6\u011fretim \u00fcyesi al\u0131nmayacak demek. Bir ba\u015fka \u00f6rnekte b\u00f6l\u00fcm gerek\u00e7elendirerek norm d\u0131\u015f\u0131 kadro i\u00e7in ba\u015fvurabiliyor. Ancak norm kadro say\u0131lar\u0131n\u0131n \u00e7ok s\u0131n\u0131rl\u0131 tutulup norm d\u0131\u015f\u0131 kadro taleplerinin ise \u00e7er\u00e7evesi net belirlenmi\u015f ve \u015feffaf kurallardan ziyade Y\u00d6K\u2019\u00fcn inisiyatifine b\u0131rak\u0131lmas\u0131 teorik olarak e\u015fitlik ve adalet prensipleri d\u0131\u015f\u0131na \u00e7\u0131k\u0131lm\u0131\u015f izlenimi do\u011furuyor.<\/p>\n<p><a href=\"#_ftnref2\" name=\"_ftn2\">[2]<\/a> Bu asgari \u015fart vakti zaman\u0131nda b\u00f6l\u00fcmler haz\u0131r olmadan a\u00e7\u0131lmas\u0131n diye getirilmi\u015f bir \u015fart idi ve zaman i\u00e7erisinde \u00f6\u011fretim \u00fcyesi kadrosunun artmas\u0131 hedefleniyordu. \u00c7\u00fcnk\u00fc siz b\u00f6l\u00fcm\u00fc ilk a\u00e7t\u0131\u011f\u0131n\u0131zda sadece birinci s\u0131n\u0131f \u00f6\u011frencileriniz olur. Ancak d\u00f6rt y\u0131lda \u00f6\u011frenci say\u0131n\u0131z d\u00f6rt kat\u0131na \u00e7\u0131kar. Alt\u0131 \u00f6\u011fretim \u00fcyesinin d\u00f6rt s\u0131n\u0131f\u0131 birden ne kadar kaliteli g\u00f6t\u00fcrebileceklerini belirlemek i\u00e7in daha detayl\u0131 bir analize ihtiya\u00e7 vard\u0131r.<\/p>\n<p><a href=\"#_ftnref3\" name=\"_ftn3\">[3]<\/a> Y\u00f6netmeli\u011fin ba\u015fka bir yerinde \u00fcniversiteler \u00fc\u00e7 kategoriye ayr\u0131l\u0131yor. Birinci kategorideki \u00fcniversiteler asgari kadronun iki kat\u0131na kadar norm kadro planlayabiliyor. Di\u011fer \u00fcniversiteler s\u0131ras\u0131yla asgari kadronun \u00fc\u00e7 veya d\u00f6rt kat\u0131na kadar norm kadro planlamas\u0131 yapabiliyor. Ancak yukarda ele al\u0131nan 4. maddenin 4. paragraf\u0131, do\u011frudan norm kadro belirlemesi yap\u0131yor ve kesin bir \u015fekilde bir anabilim dal\u0131na bir \u00f6\u011fretim \u00fcyesi diyor. \u00dcniversite ayr\u0131m\u0131 da yapmaks\u0131z\u0131n bu say\u0131n\u0131n iki kat artt\u0131r\u0131labilece\u011fini s\u00f6yl\u00fcyor. Asl\u0131nda burada y\u00f6netmelik i\u00e7erisindeki bir \u00e7eli\u015fkiden bahsedilebilir. E\u011fer bizim inceledi\u011fimiz paragrafta \u201cnorm kadrolar\u201d yerine \u201casgari kadrolar\u201d ifadesi kullan\u0131lm\u0131\u015f olsayd\u0131, o zaman daha az say\u0131da lisans\u00fcst\u00fc program\u0131 kapanacakt\u0131.<\/p>\n","protected":false},"excerpt":{"rendered":"<p>\u00dcniversitelerde kadro y\u00f6netmeli\u011fi yay\u0131mland\u0131. Yeni y\u00f6netmelikte \u00fcniversite kadrolar\u0131na belli s\u0131n\u0131rland\u0131rmalar getiriliyor. Bu durumun bilim adam\u0131 yeti\u015ftirmeye olumlu veya olumsuz etkisi nedir? Konuralp Ercilasun yazd\u0131. <\/p>\n","protected":false},"author":9,"featured_media":3979,"comment_status":"closed","ping_status":"closed","sticky":false,"template":"","format":"standard","meta":{"_links_to":"","_links_to_target":""},"categories":[60,62,2],"tags":[],"yoast_head":"<!-- This site is optimized with the Yoast SEO plugin v16.0.2 - https:\/\/yoast.com\/wordpress\/plugins\/seo\/ -->\n<title>\u00dcniversite norm y\u00f6netmeli\u011finin ihtisasla\u015fmaya getirdi\u011fi engel - M\u0130SAK- Mill\u00ee Strateji Ara\u015ft\u0131rma Kurulu<\/title>\n<link rel=\"canonical\" href=\"https:\/\/millidusunce.com\/misak\/universite-norm-yonetmeliginin-ihtisaslasmaya-getirdigi-engel\/\" \/>\n<meta property=\"og:locale\" content=\"tr_TR\" \/>\n<meta property=\"og:type\" content=\"article\" \/>\n<meta property=\"og:title\" content=\"\u00dcniversite norm y\u00f6netmeli\u011finin ihtisasla\u015fmaya getirdi\u011fi engel - M\u0130SAK- Mill\u00ee Strateji Ara\u015ft\u0131rma Kurulu\" \/>\n<meta property=\"og:description\" content=\"\u00dcniversitelerde kadro y\u00f6netmeli\u011fi yay\u0131mland\u0131. Yeni y\u00f6netmelikte \u00fcniversite kadrolar\u0131na belli s\u0131n\u0131rland\u0131rmalar getiriliyor. Bu durumun bilim adam\u0131 yeti\u015ftirmeye olumlu veya olumsuz etkisi nedir? Konuralp Ercilasun yazd\u0131.\" \/>\n<meta property=\"og:url\" content=\"https:\/\/millidusunce.com\/misak\/universite-norm-yonetmeliginin-ihtisaslasmaya-getirdigi-engel\/\" \/>\n<meta property=\"og:site_name\" content=\"M\u0130SAK- Mill\u00ee Strateji Ara\u015ft\u0131rma Kurulu\" \/>\n<meta property=\"article:published_time\" content=\"2018-11-07T16:30:10+00:00\" \/>\n<meta property=\"article:modified_time\" content=\"2018-11-07T15:18:47+00:00\" \/>\n<meta property=\"og:image\" content=\"https:\/\/millidusunce.com\/misak\/wp-content\/uploads\/2018\/11\/Canons_of_medicine.jpg\" \/>\n\t<meta property=\"og:image:width\" content=\"1272\" \/>\n\t<meta property=\"og:image:height\" content=\"890\" \/>\n<meta name=\"twitter:card\" content=\"summary_large_image\" \/>\n<meta name=\"twitter:label1\" content=\"Tahmini okuma s\u00fcresi\">\n\t<meta name=\"twitter:data1\" content=\"7 dakika\">\n<script type=\"application\/ld+json\" class=\"yoast-schema-graph\">{\"@context\":\"https:\/\/schema.org\",\"@graph\":[{\"@type\":\"Organization\",\"@id\":\"https:\/\/millidusunce.com\/misak\/#organization\",\"name\":\"Mill\\u00ee D\\u00fc\\u015f\\u00fcnce Merkezi\",\"url\":\"https:\/\/millidusunce.com\/misak\/\",\"sameAs\":[],\"logo\":{\"@type\":\"ImageObject\",\"@id\":\"https:\/\/millidusunce.com\/misak\/#logo\",\"inLanguage\":\"tr\",\"url\":\"https:\/\/millidusunce.com\/misak\/wp-content\/uploads\/2018\/09\/mdmLogo-yazisiz.jpg\",\"width\":422,\"height\":422,\"caption\":\"Mill\\u00ee D\\u00fc\\u015f\\u00fcnce Merkezi\"},\"image\":{\"@id\":\"https:\/\/millidusunce.com\/misak\/#logo\"}},{\"@type\":\"WebSite\",\"@id\":\"https:\/\/millidusunce.com\/misak\/#website\",\"url\":\"https:\/\/millidusunce.com\/misak\/\",\"name\":\"M\\u0130SAK- Mill\\u00ee Strateji Ara\\u015ft\\u0131rma Kurulu\",\"description\":\"D\\u00fcnyaya T\\u00fcrk\\u00e7\\u00fc Bak\\u0131\\u015f\",\"publisher\":{\"@id\":\"https:\/\/millidusunce.com\/misak\/#organization\"},\"potentialAction\":[{\"@type\":\"SearchAction\",\"target\":\"https:\/\/millidusunce.com\/misak\/?s={search_term_string}\",\"query-input\":\"required name=search_term_string\"}],\"inLanguage\":\"tr\"},{\"@type\":\"ImageObject\",\"@id\":\"https:\/\/millidusunce.com\/misak\/universite-norm-yonetmeliginin-ihtisaslasmaya-getirdigi-engel\/#primaryimage\",\"inLanguage\":\"tr\",\"url\":\"https:\/\/millidusunce.com\/misak\/wp-content\/uploads\/2018\/11\/Canons_of_medicine.jpg\",\"width\":1272,\"height\":890},{\"@type\":\"WebPage\",\"@id\":\"https:\/\/millidusunce.com\/misak\/universite-norm-yonetmeliginin-ihtisaslasmaya-getirdigi-engel\/#webpage\",\"url\":\"https:\/\/millidusunce.com\/misak\/universite-norm-yonetmeliginin-ihtisaslasmaya-getirdigi-engel\/\",\"name\":\"\\u00dcniversite norm y\\u00f6netmeli\\u011finin ihtisasla\\u015fmaya getirdi\\u011fi engel - M\\u0130SAK- Mill\\u00ee Strateji Ara\\u015ft\\u0131rma Kurulu\",\"isPartOf\":{\"@id\":\"https:\/\/millidusunce.com\/misak\/#website\"},\"primaryImageOfPage\":{\"@id\":\"https:\/\/millidusunce.com\/misak\/universite-norm-yonetmeliginin-ihtisaslasmaya-getirdigi-engel\/#primaryimage\"},\"datePublished\":\"2018-11-07T16:30:10+00:00\",\"dateModified\":\"2018-11-07T15:18:47+00:00\",\"breadcrumb\":{\"@id\":\"https:\/\/millidusunce.com\/misak\/universite-norm-yonetmeliginin-ihtisaslasmaya-getirdigi-engel\/#breadcrumb\"},\"inLanguage\":\"tr\",\"potentialAction\":[{\"@type\":\"ReadAction\",\"target\":[\"https:\/\/millidusunce.com\/misak\/universite-norm-yonetmeliginin-ihtisaslasmaya-getirdigi-engel\/\"]}]},{\"@type\":\"BreadcrumbList\",\"@id\":\"https:\/\/millidusunce.com\/misak\/universite-norm-yonetmeliginin-ihtisaslasmaya-getirdigi-engel\/#breadcrumb\",\"itemListElement\":[{\"@type\":\"ListItem\",\"position\":1,\"item\":{\"@type\":\"WebPage\",\"@id\":\"https:\/\/millidusunce.com\/misak\/\",\"url\":\"https:\/\/millidusunce.com\/misak\/\",\"name\":\"Anasayfa\"}},{\"@type\":\"ListItem\",\"position\":2,\"item\":{\"@type\":\"WebPage\",\"@id\":\"https:\/\/millidusunce.com\/misak\/universite-norm-yonetmeliginin-ihtisaslasmaya-getirdigi-engel\/\",\"url\":\"https:\/\/millidusunce.com\/misak\/universite-norm-yonetmeliginin-ihtisaslasmaya-getirdigi-engel\/\",\"name\":\"\\u00dcniversite norm y\\u00f6netmeli\\u011finin ihtisasla\\u015fmaya getirdi\\u011fi engel\"}}]},{\"@type\":\"Article\",\"@id\":\"https:\/\/millidusunce.com\/misak\/universite-norm-yonetmeliginin-ihtisaslasmaya-getirdigi-engel\/#article\",\"isPartOf\":{\"@id\":\"https:\/\/millidusunce.com\/misak\/universite-norm-yonetmeliginin-ihtisaslasmaya-getirdigi-engel\/#webpage\"},\"author\":{\"@id\":\"https:\/\/millidusunce.com\/misak\/#\/schema\/person\/b6929c066ce74c1acc0c42c9d99de522\"},\"headline\":\"\\u00dcniversite norm y\\u00f6netmeli\\u011finin ihtisasla\\u015fmaya getirdi\\u011fi engel\",\"datePublished\":\"2018-11-07T16:30:10+00:00\",\"dateModified\":\"2018-11-07T15:18:47+00:00\",\"mainEntityOfPage\":{\"@id\":\"https:\/\/millidusunce.com\/misak\/universite-norm-yonetmeliginin-ihtisaslasmaya-getirdigi-engel\/#webpage\"},\"publisher\":{\"@id\":\"https:\/\/millidusunce.com\/misak\/#organization\"},\"image\":{\"@id\":\"https:\/\/millidusunce.com\/misak\/universite-norm-yonetmeliginin-ihtisaslasmaya-getirdigi-engel\/#primaryimage\"},\"articleSection\":\"B\\u0130L\\u0130M-TEKNOLOJ\\u0130,E\\u011e\\u0130T\\u0130M-K\\u00dcLT\\u00dcR\",\"inLanguage\":\"tr\"},{\"@type\":\"Person\",\"@id\":\"https:\/\/millidusunce.com\/misak\/#\/schema\/person\/b6929c066ce74c1acc0c42c9d99de522\",\"name\":\"Konuralp Ercilasun\",\"image\":{\"@type\":\"ImageObject\",\"@id\":\"https:\/\/millidusunce.com\/misak\/#personlogo\",\"inLanguage\":\"tr\",\"url\":\"https:\/\/secure.gravatar.com\/avatar\/b6078b7db60c1668c05fc7cf87880a5e?s=96&d=mm&r=g\",\"caption\":\"Konuralp Ercilasun\"},\"description\":\"Yazar ve edit\\u00f6r\\u00fcm\\u00fcz Prof. Dr. Konurap Ercilasun, ilk ve orta \\u00f6\\u011fretimini Ankara\\u2019da tamamlad\\u0131. 1989\\u2019da girdi\\u011fi Dil ve Tarih-Co\\u011frafya Fak\\u00fcltesi (DTCF) Tarih B\\u00f6l\\u00fcm\\u00fcnden 1993\\u2019te mezun oldu. 1999\\u2019da Mo\\u011follar\\u0131n G\\u00f6\\u00e7ebe Ekonomisi adl\\u0131 teziyle Tayvan\\u2019daki Ulusal Chengchi \\u00dcniversitesinde y\\u00fcksek lisans derecesini ald\\u0131. DTCF\\u2019de 2003\\u2019te \\u00c7ing Hanedan\\u0131 devrinde K\\u00e2\\u015fgar teziyle doktor oldu. Bug\\u00fcne kadar DTCF, Manas \\u00dcniversitesi ve Maltepe \\u00dcniversitesinde \\u00e7al\\u0131\\u015ft\\u0131. Bu arada G\\u00fcney Kore\\u2019deki Kwangwoon \\u00dcniversitesinde bir y\\u0131l misafir \\u00f6\\u011fretim \\u00fcyesi olarak bulunup, bu \\u00fcniversitede ve Hankuk Yabanc\\u0131 Diller \\u00dcniversitesinde dersler verdi. Halen Gazi \\u00dcniversitesi Tarih B\\u00f6l\\u00fcm\\u00fcnde \\u00e7al\\u0131\\u015fmaktad\\u0131r. \\u00dcniversite \\u00f6\\u011frencilik y\\u0131llar\\u0131ndan itibaren T\\u00fcrk Ocaklar\\u0131 m\\u00fcdavimi olarak D\\u00fcnya T\\u00fcrk Gen\\u00e7leri Birli\\u011fi\\u2019nin kurucu gen\\u00e7leri aras\\u0131nda yer ald\\u0131. Akademik hayata at\\u0131lmas\\u0131ndan itibaren de Avrasya Stratejik Ara\\u015ft\\u0131rmalar Birli\\u011fi ve 21. Y\\u00fczy\\u0131l T\\u00fcrkiye Enstit\\u00fcs\\u00fc gibi ara\\u015ft\\u0131rma kurulu\\u015flar\\u0131na g\\u00f6n\\u00fcll\\u00fc destek verdi. Ayr\\u0131ca Mill\\u00ee D\\u00fc\\u015f\\u00fcnce Merkezi ve T\\u00fcrk Ocaklar\\u0131 gibi fikr\\u00ee kurulu\\u015flar\\u0131n faaliyetlerine kat\\u0131ld\\u0131. Gerek akademik gerekse g\\u00f6n\\u00fcll\\u00fc faaliyetleri vesilesiyle geni\\u015f bir co\\u011frafyaya yay\\u0131lm\\u0131\\u015f T\\u00fcrk d\\u00fcnyas\\u0131n\\u0131n Gagauzeli, K\\u0131r\\u0131m, Kazan, Ufa, Bi\\u015fkek, Almat\\u0131, Ta\\u015fkent ve K\\u00e2\\u015fgar gibi \\u00f6nemli merkezlerini g\\u00f6rme ve bu birbirinden farkl\\u0131 co\\u011frafyalarda ya\\u015fama tecr\\u00fcbesi kazand\\u0131. Eserleri aras\\u0131nda Ay\\u015fe Onat ve Sema Orsoy\\u2019la birlikte haz\\u0131rlad\\u0131klar\\u0131 \\u00c7in Kaynaklar\\u0131nda T\\u00fcrkler: Han Hanedanl\\u0131\\u011f\\u0131 Tarihi Hsiung-nu (Hun) Monografisi adl\\u0131 metin ne\\u015fri bulunmaktad\\u0131r. Bunun d\\u0131\\u015f\\u0131nda \\u00fc\\u00e7 kitab\\u0131 vard\\u0131r. Birinci kitab\\u0131 Tarihin Derinliklerinden 19. Y\\u00fczy\\u0131la K\\u00e2\\u015fgar ad\\u0131n\\u0131 ta\\u015f\\u0131r. \\u0130kinci kitab\\u0131 T\\u00fcrk Tarihinde Asya Hunlar\\u0131 \\u00fczerinedir. \\u00dc\\u00e7\\u00fcnc\\u00fc kitab\\u0131 da T\\u00fcrk Tarihinin \\u00c7a\\u011flar\\u0131d\\u0131r. Ulusal ve uluslararas\\u0131 bir\\u00e7ok kongreye kat\\u0131lan Konuralp Ercilasun\\u2019un \\u00e7e\\u015fitli dergilerde makaleleri yay\\u0131mlanm\\u0131\\u015ft\\u0131r. Makalelerinde Hunlardan Tem\\u00fcrl\\u00fclere, Do\\u011fu T\\u00fcrkistan\\u2019dan Osmanl\\u0131lara kadar T\\u00fcrk Tarihinin \\u00e7e\\u015fitli konular\\u0131ndaki meselelere e\\u011filmi\\u015ftir. Bunun yan\\u0131nda \\u00f6zellikle \\u00c7in ve Do\\u011fu Asya\\u2019n\\u0131n g\\u00fcn\\u00fcm\\u00fczdeki durumu ile gelecekteki yeri \\u00fczerine bir\\u00e7ok makalesi de bulunmaktad\\u0131r.\"}]}<\/script>\n<!-- \/ Yoast SEO plugin. -->","_links":{"self":[{"href":"https:\/\/millidusunce.com\/misak\/wp-json\/wp\/v2\/posts\/3968"}],"collection":[{"href":"https:\/\/millidusunce.com\/misak\/wp-json\/wp\/v2\/posts"}],"about":[{"href":"https:\/\/millidusunce.com\/misak\/wp-json\/wp\/v2\/types\/post"}],"author":[{"embeddable":true,"href":"https:\/\/millidusunce.com\/misak\/wp-json\/wp\/v2\/users\/9"}],"replies":[{"embeddable":true,"href":"https:\/\/millidusunce.com\/misak\/wp-json\/wp\/v2\/comments?post=3968"}],"version-history":[{"count":0,"href":"https:\/\/millidusunce.com\/misak\/wp-json\/wp\/v2\/posts\/3968\/revisions"}],"wp:featuredmedia":[{"embeddable":true,"href":"https:\/\/millidusunce.com\/misak\/wp-json\/wp\/v2\/media\/3979"}],"wp:attachment":[{"href":"https:\/\/millidusunce.com\/misak\/wp-json\/wp\/v2\/media?parent=3968"}],"wp:term":[{"taxonomy":"category","embeddable":true,"href":"https:\/\/millidusunce.com\/misak\/wp-json\/wp\/v2\/categories?post=3968"},{"taxonomy":"post_tag","embeddable":true,"href":"https:\/\/millidusunce.com\/misak\/wp-json\/wp\/v2\/tags?post=3968"}],"curies":[{"name":"wp","href":"https:\/\/api.w.org\/{rel}","templated":true}]}}