{"id":4025,"date":"2018-11-11T19:30:49","date_gmt":"2018-11-11T16:30:49","guid":{"rendered":"http:\/\/misak.millidusunce.com\/?p=4025"},"modified":"2018-11-11T22:34:53","modified_gmt":"2018-11-11T19:34:53","slug":"semdinli-davasi-turk-kimligi-ve-egemenlik","status":"publish","type":"post","link":"https:\/\/millidusunce.com\/misak\/semdinli-davasi-turk-kimligi-ve-egemenlik\/","title":{"rendered":"\u015eemdinli Davas\u0131, T\u00fcrk kimli\u011fi ve egemenlik"},"content":{"rendered":"<p><img loading=\"lazy\" class=\"aligncenter wp-image-4030 size-medium_large\" src=\"http:\/\/misak.millidusunce.com\/wp-content\/uploads\/2018\/11\/justitie2-768x512.jpg\" alt=\"\" width=\"768\" height=\"512\" srcset=\"https:\/\/millidusunce.com\/misak\/wp-content\/uploads\/2018\/11\/justitie2-768x512.jpg 768w, https:\/\/millidusunce.com\/misak\/wp-content\/uploads\/2018\/11\/justitie2-150x100.jpg 150w, https:\/\/millidusunce.com\/misak\/wp-content\/uploads\/2018\/11\/justitie2-300x200.jpg 300w, https:\/\/millidusunce.com\/misak\/wp-content\/uploads\/2018\/11\/justitie2.jpg 800w\" sizes=\"(max-width: 768px) 100vw, 768px\" \/><\/p>\n<p>Dan\u0131\u015ftay\u2019\u0131n And\u0131m\u0131z&#8217;\u0131n okunmas\u0131n\u0131n kald\u0131r\u0131lmas\u0131 karar\u0131n\u0131 iptali \u00fczerine, And\u0131m\u0131z \u00fczerinden <em>\u201cT\u00fcrk\u00e7\u00fcl\u00fck \u0131rk\u00e7\u0131l\u0131kt\u0131r\u201d <\/em>ve <em>\u201cAnd\u0131 yazanlar ezan\u0131 T\u00fcrk\u00e7e okutanlard\u0131r\u201d <\/em>tart\u0131\u015fmalar\u0131 en \u00fcst d\u00fczeyde, Cumhurba\u015fkan\u0131 ve AKP Genel Ba\u015fkan\u0131 taraf\u0131ndan dillendirildi.<\/p>\n<p>Cumhurba\u015fkan\u0131n\u0131n \u00e7al\u0131\u015fkanl\u0131k, do\u011fruluk, ilerleme ya da y\u00fckselme gibi genel insanl\u0131k de\u011ferlerine itiraz\u0131 olmayaca\u011f\u0131na g\u00f6re tart\u0131\u015fma iki temel konu \u00fczerinedir. Birincisi kendisinin de \u00f6ne \u00e7\u0131kard\u0131\u011f\u0131 gibi T\u00fcrk kimli\u011fi \u00fczerindedir. \u0130kincisi de <em>\u201cEzan\u0131 T\u00fcrk\u00e7e okutanlar\u201d <\/em>diyerek, isim belirtmeden, bir d\u00f6nemi, Atat\u00fcrk d\u00f6nemini belirtmektedir. \u00d6zellikle s\u0131k s\u0131k kulland\u0131\u011f\u0131 <em>\u201c23 Nisan ruhu\u201d<\/em> \u00a0kavram\u0131 ile de 1923 \u00f6ncesine vurgu yapmaktad\u0131r. 1923\u2019te ise Cumhuriyet ile birlikte 24 Anayasas\u0131 devreye girmi\u015f ve T\u00fcrkiye Cumhuriyeti&#8217;nin, T\u00fcrklerin devleti oldu\u011fu ilan edilmi\u015ftir.<\/p>\n<p><em>\u201cH\u00e2kimiyet bila kayd-u \u015fart milletindir.\u201d <\/em>ifadesindeki millet T\u00fcrk milletidir. O g\u00fcn milletin kimli\u011fi \u00fczerinde b\u00f6yle bir tart\u0131\u015fma olmad\u0131\u011f\u0131 i\u00e7in bu \u015fekilde s\u00f6ylenmi\u015ftir. Asl\u0131 <em>\u201cH\u00e2kimiyet bila kayd-u \u015fart T\u00fcrk milletinindir.\u201d<\/em>\u00a0olmal\u0131yd\u0131. Bug\u00fcnk\u00fc tart\u0131\u015fma da bu d\u00f6rt harfli, k\u00fc\u00e7\u00fck g\u00f6r\u00fcnen ama mana ve kapsam itibar\u0131 ile insanl\u0131k tarihine e\u015f de\u011fer b\u00fcy\u00fckl\u00fckteki isim \u00fczerindedir.<\/p>\n<h2><strong>\u0130lgisiz gibi g\u00f6r\u00fcnen bir haber: \u015eemdinli savc\u0131s\u0131 g\u00f6zalt\u0131nda<\/strong><\/h2>\n<p>Bu tart\u0131\u015fmalar h\u0131z kesmeden devam ederken, g\u00fcndeme \u015eemdinli Davas\u0131 savc\u0131s\u0131n\u0131n \u00f6nce memuriyetten ihra\u00e7 edildi\u011fi, ard\u0131ndan da g\u00f6zalt\u0131na al\u0131nd\u0131\u011f\u0131 ve sonra tutukland\u0131\u011f\u0131 haberi d\u00fc\u015ft\u00fc. Hemen \u201cNe ilgisi var T\u00fcrk\u00e7\u00fcl\u00fck tart\u0131\u015fmalar\u0131 ile?\u201d denilebilir ama az\u0131c\u0131k sab\u0131r rica edece\u011fim. \u0130lgiyi ortaya koymadan \u00f6nce k\u0131sac\u0131k bir ge\u00e7mi\u015f hat\u0131rlanmal\u0131.<\/p>\n<p>\u015eemdinli Davas\u0131 diye bilinen dava, 9 Kas\u0131m 2005 g\u00fcn\u00fc bir kitap\u00e7\u0131ya bomba at\u0131lmas\u0131 sonucu \u00f6l\u00fcm ve yaralanman\u0131n oldu\u011fu adli bir vakan\u0131n davas\u0131d\u0131r.<\/p>\n<p>Soru\u015fturma, olay\u0131 ilk soru\u015fturan yerel savc\u0131dan al\u0131narak Van \u00d6zel Yetkili Mahkeme Savc\u0131s\u0131 Ferhat Sar\u0131kaya taraf\u0131ndan y\u00fcr\u00fct\u00fclm\u00fc\u015f, dava da 2006 y\u0131l\u0131nda onun taraf\u0131ndan a\u00e7\u0131lm\u0131\u015ft\u0131. \u0130ddianame tarihi 3 Mart 2006.<\/p>\n<p>Soru\u015fturma a\u015famas\u0131nda Kara Kuvvetleri Komutan\u0131 Orgeneral\u00a0Ya\u015far B\u00fcy\u00fckan\u0131t ve k\u0131rka yak\u0131n komutan su\u00e7a ortak edilmeye \u00e7al\u0131\u015f\u0131ld\u0131. Savc\u0131, iddianamesi mahkeme taraf\u0131ndan kabul edildikten hemen sonraki ayda meslekten ihra\u00e7 edildi. Yani, soru\u015fturma esnas\u0131nda meslekten ihra\u00e7 edilmeyi gerektiren su\u00e7 i\u015flemi\u015fti ama soru\u015fturma neticesinde alt\u0131nda imzas\u0131 olan iddianame ile de dava devam etti.<\/p>\n<p>Ancak 18 Aral\u0131k 2010\u2019da, 12 Eyl\u00fcl 2010 referandumundan hemen sonra, neredeyse ki\u015fiye \u00f6zel bir yasa ile yeniden mesle\u011fe d\u00f6nd\u00fc. Fakat bu sefer de 15 Temmuz kara gecesinden sonra hapse girmekten itiraf\u00e7\u0131 olarak kurtuldu. Ne hikmetse 26 ay s\u00fcren soru\u015fturma sonras\u0131nda yeniden meslekten at\u0131ld\u0131 ve g\u00f6zalt\u0131na al\u0131n\u0131p tutukland\u0131. Bas\u0131na yans\u0131yan su\u00e7lama, <em>\u201cResmi belgede sahtecilik, g\u00f6revi k\u00f6t\u00fcye kullanma, iftira, ter\u00f6r \u00f6rg\u00fct\u00fc \u00fcyeli\u011fi\u201d<\/em> ama ne olaca\u011f\u0131n\u0131 ilerleyen zamanda g\u00f6rece\u011fiz.<\/p>\n<p><img loading=\"lazy\" class=\"aligncenter wp-image-4028 size-medium_large\" src=\"http:\/\/misak.millidusunce.com\/wp-content\/uploads\/2018\/11\/59de361761361f167cff0756-768x432.jpg\" alt=\"\" width=\"768\" height=\"432\" srcset=\"https:\/\/millidusunce.com\/misak\/wp-content\/uploads\/2018\/11\/59de361761361f167cff0756-768x432.jpg 768w, https:\/\/millidusunce.com\/misak\/wp-content\/uploads\/2018\/11\/59de361761361f167cff0756-150x84.jpg 150w, https:\/\/millidusunce.com\/misak\/wp-content\/uploads\/2018\/11\/59de361761361f167cff0756-300x169.jpg 300w, https:\/\/millidusunce.com\/misak\/wp-content\/uploads\/2018\/11\/59de361761361f167cff0756-1024x576.jpg 1024w, https:\/\/millidusunce.com\/misak\/wp-content\/uploads\/2018\/11\/59de361761361f167cff0756.jpg 1280w\" sizes=\"(max-width: 768px) 100vw, 768px\" \/><\/p>\n<h2><strong>\u0130ddianame mi siyasetname mi?<\/strong><\/h2>\n<p>Davada, ba\u015fta da belirtti\u011fimiz gibi adli bir vaka gitmi\u015f, yerine iki astsubay ve bir sivil tutuklu \u00fczerinden hareket edilerek do\u011frudan ter\u00f6r kar\u015f\u0131s\u0131nda su\u00e7lu ilan edilen bir devlet felsefesi oturtulmu\u015f iddianame \u00e7\u0131km\u0131\u015ft\u0131. \u0130lk sayfada su\u00e7 olarak <em>\u201cDevletin birli\u011fini ve \u00fclke b\u00fct\u00fcnl\u00fc\u011f\u00fcn\u00fc bozmaya y\u00f6nelik eylemde bulunmak\u201d <\/em>yaz\u0131l\u0131yd\u0131. Peki, bu su\u00e7u ter\u00f6r \u00f6rg\u00fct\u00fc m\u00fc i\u015flemi\u015fti? Hay\u0131r, su\u00e7lu g\u00f6sterilen tutuklu \u00fc\u00e7 ki\u015fi idi ancak sorgulanan ve su\u00e7lu ilan edilen devletin i\u015fleyi\u015fiydi.<\/p>\n<p><em>\u201cAsker\u00ee hiyerar\u015finin yap\u0131s\u0131 gere\u011fi ve EMASYA direktifleri gere\u011fince ast\u0131n \u00fcstten habersizce, onun bilgisi, izni veya emri olmad\u0131k\u00e7a her hangi bir i\u015f ve i\u015flem yapamayaca\u011f\u0131 genel bir kural oldu\u011fu d\u00fc\u015f\u00fcn\u00fcl\u00fcrse h\u00e2len Hakk\u00e2ri \u2026 Komutan\u0131 \u2026\u00a0 ile Van Asayi\u015f Kolordu Komutan\u0131 olarak g\u00f6rev yapan \u2026 bu t\u00fcr yasaya ayk\u0131r\u0131 olarak yap\u0131lan istihbarat \u00e7al\u0131\u015fmalar\u0131ndan bilgisinin olmad\u0131\u011f\u0131 d\u00fc\u015f\u00fcn\u00fclemez. Yasaya ayk\u0131r\u0131 olarak yap\u0131lan istihbarat faaliyetleri ile ilgili \u2026, \u2026 ve \u2026 hakk\u0131nda G\u00f6revi K\u00f6t\u00fcye Kullanmak su\u00e7undan G\u00f6revsizlik verilece\u011finden, soru\u015fturma evrak\u0131 Genel Kurmay Ba\u015fkanl\u0131\u011f\u0131 Asker\u00ee Savc\u0131l\u0131\u011f\u0131\u2019na g\u00f6nderilmek \u00fczere tefrik edilerek Cumhuriyet Ba\u015fsavc\u0131 Vekilli\u011fimiz soru\u015fturma defterinin 2006\/152 s\u0131ras\u0131na kayd\u0131 yap\u0131lm\u0131\u015ft\u0131r.\u201d<\/em><\/p>\n<p>\u0130ddianamenin daha ba\u015f\u0131nda olay anlat\u0131l\u0131rken, d\u00f6rt sayfaya yak\u0131n tutan dipnot ile devletin i\u015fleyi\u015fi i\u00e7inde \u00f6nemli bir yeri olan EMASYA (Emniyet Asayi\u015f Yard\u0131mla\u015fma) genelgesi ve g\u00f6revliler sorumlu ve su\u00e7lu ilan ediliyor, ayr\u0131ca soru\u015fturma ba\u015flat\u0131l\u0131yordu.<\/p>\n<p>\u0130snat edilen su\u00e7, <em>\u201cDevletin birli\u011fini ve \u00fclke b\u00fct\u00fcnl\u00fc\u011f\u00fcn\u00fc bozmaya y\u00f6nelik eylemde bulunmak\u201d<\/em>t\u0131.<\/p>\n<p>\u0130lk b\u00f6l\u00fcmde olay hakk\u0131nda bilgi, ifade tutanaklar\u0131ndan sonra, <em>\u201cPKK\/ KONGRA- GEL Ter\u00f6r \u00d6rg\u00fct\u00fcne \u0130li\u015fkin A\u00e7\u0131klamalar\u201d<\/em> ana ba\u015fl\u0131\u011f\u0131 alt\u0131nda, b\u00f6l\u00fcc\u00fc ter\u00f6r \u00f6rg\u00fct\u00fcn\u00fcn tarihi ile maksat, hedef ve stratejileri hakk\u0131nda bilgilerin oldu\u011fu b\u00f6l\u00fcm yer al\u0131r. Giri\u015fte 1999-2004 aras\u0131, b\u00f6l\u00fcc\u00fc ba\u015f\u0131n\u0131n <em>yakalanmas\u0131 sonucu zorunlu olarak ortaya konulan g\u00f6rece eylemsizlik d\u00f6nemi <\/em>olarak tan\u0131mlanmaktad\u0131r.<\/p>\n<p>Bu b\u00f6l\u00fcmde <em>\u201cTer\u00f6r \u00d6rg\u00fct\u00fc PKK\/KONGRA-GEL ile B\u00f6lgenin Sosyo-Ekonomik Yap\u0131s\u0131 \u00dczerine ve Ter\u00f6r\u00fcn Sebeplerine \u0130li\u015fkin De\u011ferlendirmeler\u201d <\/em>ara ba\u015fl\u0131\u011f\u0131 ile b\u00f6l\u00fcc\u00fc ter\u00f6r\u00fcn tarihi verilmektedir.<\/p>\n<p>Bir ter\u00f6r \u00f6rg\u00fct\u00fc ba\u015fka nas\u0131l olacak bilinmez ama, <em>\u201cTer\u00f6r \u00f6rg\u00fct\u00fc kuruldu\u011fu g\u00fcnden beri gerek siyas\u00ee gerekse sil\u00e2hl\u0131 olarak devlet otoritesini sorgulayan faaliyetler i\u00e7erisinde olmu\u015ftur.\u201d\u00a0 <\/em>c\u00fcmlesi iddianameye aittir.<\/p>\n<p>\u00d6zellikle kulland\u0131\u011f\u0131 \u00fcslup a\u00e7\u0131s\u0131ndan bir istihbarat ya da stratejik rapor gibidir. Mesela:<\/p>\n<p><em>\u201c\u00d6rg\u00fct\u00fcn bu karar\u0131 almas\u0131nda b\u00f6lgedeki dengelerin yan\u0131 s\u0131ra sil\u00e2hl\u0131 faaliyetler ile AB s\u00fcrecinde siyas\u00ee otorite \u00fczerinde bask\u0131 olu\u015fturmak ve i\u00e7erisindeki hizipleri bast\u0131rma kayg\u0131s\u0131n\u0131n etkin oldu\u011fu de\u011ferlendirilmektedir. (\u2026)AB s\u00fcrecinde hedeflerini g\u00fcncelle\u015ftiren \u00f6rg\u00fct\u00fcn s\u00fcre\u00e7ten arad\u0131\u011f\u0131n\u0131 bulamamas\u0131 ve asl\u0131nda \u00f6rg\u00fct\u00fcn y\u00f6netimine hakim olan sil\u00e2hl\u0131 faaliyetler yanl\u0131s\u0131 radikal \u015fah\u0131slar\u0131n demokrasinin de\u011ferlerine ve kurumlar\u0131na inanmaktan \u00f6te bunlar\u0131 bir ara\u00e7 olarak kullanmas\u0131ndan kaynakland\u0131\u011f\u0131 d\u00fc\u015f\u00fcn\u00fclmektedir.<\/em><\/p>\n<p><em>\u2026<\/em><\/p>\n<p><em>G\u00fcncel hedefleri ise \u2018K\u00fcrt k\u00fclt\u00fcrel kimli\u011finin anayasal olarak tan\u0131nmas\u0131 ve K\u00fcrtlerin Cumhuriyet\u2019in ortak kurucu \u00f6\u011fesi olarak tescil edilmesi\u2019 noktas\u0131nda birle\u015fmektedir.<\/em> <em>Bununla ise \u00fclkenin siyas\u00ee ve idar\u00ee yap\u0131s\u0131nda de\u011fi\u015fiklik meydana getirecek bir durum arzu edilmektedir.\u201d<\/em><\/p>\n<p>Bununla da yetinmez iddianame. Sebepler aras\u0131nda,<\/p>\n<p><em>\u201cMaalesef b\u00f6lgeye aktar\u0131lan ancak gerekti\u011fi \u015fekilde kullan\u0131lmayan kaynaklar asl\u0131nda Bat\u0131 b\u00f6lgeleri aleyhine e\u015fitsiz bir durum ortaya \u00e7\u0131kartm\u0131\u015f ve devletin kendi eli ile b\u00fct\u00fcn d\u00fcnyada sadece baz\u0131 \u00fclkelerde az\u0131nl\u0131k gruplar\u0131 i\u00e7in \u00f6ng\u00f6r\u00fclen \u2018pozitif ayr\u0131mc\u0131l\u0131k\u2019 yakla\u015f\u0131m\u0131n\u0131 vatanda\u015flar\u0131 i\u00e7in uygulamas\u0131na sebep olmu\u015ftur. Yine aktart\u0131lan kaynaklar\u0131n \u00f6nemli bir b\u00f6l\u00fcm\u00fcn\u00fcn asl\u0131nda b\u00f6lgede etkin olan a\u011falar\u0131n ve beylerin eline ge\u00e7ti\u011fi bilinen bir ger\u00e7ektir. (\u2026)Yine b\u00f6lgede vatanda\u015flar\u0131m\u0131z\u0131n y\u00fczy\u0131llard\u0131r alt\u0131nda ya\u015famak zorunda kald\u0131klar\u0131 \u015fartlar\u0131n etkisi ile demokratik standartlar\u0131 ve kurumlar\u0131 bilmemesi, benimseyememesi ve demokratik k\u00fclt\u00fcrel olgunlu\u011fa ula\u015famamas\u0131 bir sebep olarak belirtilebilir.\u201d<\/em><\/p>\n<p>\u015feklinde ifade edilmektedir. Olduk\u00e7a \u00fcst d\u00fczey teknik bilgileri ve entelekt\u00fcel \u00fcslubu da ihtiva eden c\u00fcmleler vard\u0131r. Ve ter\u00f6r \u00f6rg\u00fct\u00fc anlat\u0131l\u0131rm\u0131\u015f gibi yaparken devlet sorgulanmaktad\u0131r.<\/p>\n<p>Bu b\u00f6l\u00fcm devam eder:<\/p>\n<p><em>\u201c\u2026 Bu de\u011ferlendirmeler \u0131\u015f\u0131\u011f\u0131nda b\u00f6lgede ya\u015fanmakta olan ter\u00f6r olaylar\u0131n\u0131n ancak b\u00f6lgenin siyas\u00ee, ekonomik, sosyal, k\u00fclt\u00fcrel yap\u0131s\u0131n\u0131n \u0131slah edilmesi ile birlikte olaca\u011f\u0131 d\u00fc\u015f\u00fcn\u00fclmektedir. Bu yap\u0131n\u0131n \u0131slah edilmesi halinde \u00f6rg\u00fct\u00fcn t\u00fcm g\u00fcc\u00fcne ra\u011fmen ter\u00f6r\u00fcn sona erdirilmesi \u00e7ok kolay bir i\u015f haline gelecektir. Yine belirtildi\u011fi \u00fczere y\u00fczy\u0131llard\u0131r akrabal\u0131k ili\u015fkileri i\u00e7erisinde harmanlanan Suriye, \u0130ran ve Irak\u2019taki yap\u0131lar b\u00fcy\u00fck \u00f6l\u00e7\u00fcde T\u00fcrkiye\u2019nin Do\u011fu ve G\u00fcneydo\u011fusu ile benzerlik ta\u015f\u0131maktad\u0131r ve etkile\u015fim i\u00e7erisindedir. Dolay\u0131s\u0131yla b\u00f6lgeye y\u00f6nelik \u00e7\u00f6z\u00fcmlerin buralar\u0131 da i\u00e7ine alacak b\u00fct\u00fcnc\u00fcl projeler \u00fcretmeksizin m\u00fcmk\u00fcn olamayaca\u011f\u0131 d\u00fc\u015f\u00fcn\u00fclmektedir. Bu ise ancak devletin en \u00fcst organlar\u0131 taraf\u0131ndan al\u0131nacak kararlar ve uzun vadeli stratejiler ile m\u00fcmk\u00fcnd\u00fcr. Oysaki k\u00fcresel ve ulusal g\u00fc\u00e7lerin farkl\u0131 yakla\u015f\u0131mlar\u0131 sebebiyle bu politikalar\u0131 olu\u015fturmak \u00e7ok da m\u00fcmk\u00fcn olamamaktad\u0131r.\u201d<\/em><\/p>\n<p>Bu c\u00fcmleler, Irak ve Suriye\u2019deki geli\u015fmelerle birlikte bak\u0131ld\u0131\u011f\u0131nda daha bir anlam ifade edecektir. B\u00f6yle s\u0131n\u0131rlar\u0131m\u0131z\u0131n d\u0131\u015f\u0131na ta\u015fan d\u00fc\u015f\u00fcnce ve ifadelerin s\u0131radan bir davada nas\u0131l bir yeri olabilir? Sadece bir savc\u0131n\u0131n bunu yazabilece\u011fi ya da bug\u00fcn ortaya \u00e7\u0131kt\u0131\u011f\u0131 gibi sadece birka\u00e7 polisin bunu yapabilece\u011fi ne kadar inand\u0131r\u0131c\u0131d\u0131r?<\/p>\n<p>Ve bu ana b\u00f6l\u00fcm \u201c<em>\u00d6rg\u00fct\u00fcn G\u00fcncel Hedefleri, \u00d6rg\u00fct\u00fcn Stratejisi, \u00d6rg\u00fct\u00fcn Organizasyon Yap\u0131s\u0131\u201d<\/em> birer paragrafla anlat\u0131larak bitirilir. Ard\u0131ndan ikinci ana ba\u015fl\u0131k \u201c<em>Serhildan (Kitlesel Kalk\u0131\u015fma) Faaliyetleri Kapsam\u0131nda Hakk\u00e2ri Olaylar\u0131\u201d <\/em>gelir<em>.<\/em> Bu ana ba\u015fl\u0131k i\u00e7inde \u015eemdinli il\u00e7esindeki geli\u015fmeler anlat\u0131l\u0131rken, <em>\u201cK\u00fcrt k\u00f6kenli vatanda\u015flar\u0131m\u0131z\u0131n kutsal bildi\u011fi namus ve haysiyet kurumuna alenen hakaret edildi\u011fi\u201d <\/em>g\u00f6r\u00fclen bir bildiriden bahseder. Bu bildiriden 9 Kas\u0131m g\u00fcn\u00fcne kadar il\u00e7e merkezinde 18 bomban\u0131n patlad\u0131\u011f\u0131n\u0131, bunlar\u0131n da d\u00f6nemin jandarma komutan\u0131n\u0131n gelmesiyle birlikte oldu\u011funu s\u00f6ylemektedir.<\/p>\n<p><img loading=\"lazy\" class=\"wp-image-4029 aligncenter\" src=\"http:\/\/misak.millidusunce.com\/wp-content\/uploads\/2018\/11\/images-2.jpg\" alt=\"\" width=\"500\" height=\"608\" srcset=\"https:\/\/millidusunce.com\/misak\/wp-content\/uploads\/2018\/11\/images-2.jpg 204w, https:\/\/millidusunce.com\/misak\/wp-content\/uploads\/2018\/11\/images-2-123x150.jpg 123w\" sizes=\"(max-width: 500px) 100vw, 500px\" \/><\/p>\n<h2><strong>Ya d\u00f6nemin siyasileri?<\/strong><\/h2>\n<p>\u0130\u015fin ilgin\u00e7 yan\u0131 ter\u00f6r \u00f6rg\u00fct\u00fcn\u00fcn tarihi anlat\u0131l\u0131rken var olu\u015f sebepleri i\u00e7inde g\u00f6sterilen ve neredeyse b\u00f6l\u00fcc\u00fcleri hakl\u0131 g\u00f6ren bu c\u00fcmleler ne kadar tan\u0131d\u0131k de\u011fil mi? 2012 y\u0131l\u0131nda Ba\u015fbakan Yard\u0131mc\u0131s\u0131 B\u00fclent Ar\u0131n\u00e7\u2019\u0131n <em>\u201c\u0130\u015fte Abdullah \u00d6calan da aynen \u00f6yle, belki bir karanl\u0131\u011f\u0131n kurban\u0131 olarak bu yollara g\u00f6t\u00fcr\u00fclm\u00fc\u015f,(\u2026) K\u00fcrtl\u00fc\u011f\u00fc ink\u00e2r ederseniz, var diyenlere de cezaevi yoluna g\u00f6sterirseniz bu i\u015fin \u00e7\u00f6z\u00fcm\u00fc olmaz. (\u2026) ben de olsam da\u011fa \u00e7\u0131kard\u0131m.\u201d <\/em>s\u00f6zlerine ne kadar benziyor<em>.<\/em><\/p>\n<p>\u0130ddianamede d\u00f6nemin Ba\u015fbakan\u0131 Erdo\u011fan\u2019\u0131n, <em>\u201cBiz bu i\u015fin sonuna kadar takip\u00e7isiyiz. Devletimizle milletimizi kar\u015f\u0131 kar\u015f\u0131ya getirme gayreti i\u00e7inde olanlar bunun bedelini muhakkak \u00f6deyecektir, \u00f6demelidir. Bunun bedelini \u00fclke geneline yaymak f\u0131rsat\u0131n\u0131 vermek asla istemiyoruz&#8221; <\/em>\u00a0ve D\u0131\u015fi\u015fleri Bakan\u0131 Abdullah G\u00fcl\u2019\u00fcn, <em>\u201c\u2026 bu konu eskiden oldu\u011fu gibi kapal\u0131 ve karanl\u0131kta kalmayacak. Kimsenin teredd\u00fcd\u00fc olmas\u0131n ne olursa olsun a\u00e7\u0131\u011fa \u00e7\u0131kar\u0131lacak, T\u00fcrkiye art\u0131k eski T\u00fcrkiye de\u011fil bunu herkes bilsin\u201d <\/em>\u00a0a\u00e7\u0131klamalar\u0131 yer almaktad\u0131r. 12 Kas\u0131m\u2019da yap\u0131lm\u0131\u015f olan bu a\u00e7\u0131klamalar, sanki su\u00e7lular belli olmu\u015f gibi bir intiba vermektedir.<\/p>\n<h2><strong>Siyasetnamedeki -pardon- iddianamedeki devlet<\/strong><\/h2>\n<p>Sona yakla\u015f\u0131rken, <em>\u201cBU A\u00c7IKLAMALARDAN SONRA GENEL B\u0130R DE\u011eERLEND\u0130RME<\/em>\u201d \u00a0ba\u015fl\u0131\u011f\u0131 alt\u0131nda felsefi olarak devlet yap\u0131s\u0131n\u0131 ve rejimini irdelemeye ba\u015flayan iddianame, tarihe uzanan bir c\u00fcmle kurmaktad\u0131r: <em>\u201cT\u00fcrkiye ge\u00e7mi\u015ften beri \u2026 bir gizli yap\u0131lanman\u0131n varl\u0131\u011f\u0131n\u0131 tart\u0131\u015fmaktad\u0131r. Hatta kimi yorumlarda bu yap\u0131n\u0131n III. Selim\u2019den beri Devlet mekanizmas\u0131 i\u00e7erisinde faaliyette oldu\u011fundan ve kimi zaman Devletin emrinde kimi zaman ise uluslararas\u0131 gruplar\u0131n emrinde oldu\u011fundan s\u00f6z edilmektedir. \u0130\u00e7erisindekilerin kendilerini Devletin ger\u00e7ek sahipleri olarak g\u00f6rd\u00fckleri bu \u00e7evreler \u2026\u201d<\/em> s\u00f6zleri ile varl\u0131\u011f\u0131 tart\u0131\u015f\u0131lan bir olu\u015fum ve bu olu\u015fumun i\u00e7indekilerin Devlete ilgili d\u00fc\u015f\u00fcnceleri \u00fczerine kurgulanm\u0131\u015f bir siyasi de\u011ferlendirme ba\u015flar.<\/p>\n<p>Bu de\u011ferlendirmeler, \u201c<em>Ter\u00f6r Nedir? Kim Ne \u0130\u00e7in Ter\u00f6r Yapar?\u201d <\/em>ba\u015fl\u0131\u011f\u0131 alt\u0131nda devam eder, bu sorulara da; <em>\u201cdevlet i\u00e7i bir tak\u0131m organizasyonlar\u201d<\/em> cevab\u0131n\u0131 verilmektedir. Sonra da b\u00f6l\u00fcm, alt\u0131 \u00e7izilmi\u015f olan yeni bir soru ile bitirilir: \u201c<em>Devlet i\u00e7erisindeki odaklar neden ter\u00f6r eylemi ger\u00e7ekle\u015ftirmektedirler?\u201d<\/em><em>\u00a0 <\/em>Sorunun i\u00e7inde <em>\u201cKim?\u201d<\/em>in oldu\u011fu da vard\u0131r ayn\u0131 zamanda. <em>\u201cNeden?\u201d<\/em>in cevab\u0131 da<em> \u201cistikrars\u0131zla\u015ft\u0131rma\u201d <\/em>olarak verilmektedir.<\/p>\n<p>Sorulara devam edilir; <em>\u201cAma\u00e7 nedir?\u201d<\/em> Asl\u0131nda can al\u0131c\u0131 yerlerden birisi olarak bu b\u00f6l\u00fcm g\u00f6ze \u00e7arpmaktad\u0131r. \u00c7\u00fcnk\u00fc; \u201c<em>Anayasam\u0131zda;<\/em> <em>\u2018<\/em><em>T\u00fcrkiye Cumhuriyeti Devleti\u2019nin \u00fclkesi ve milletiyle b\u00f6l\u00fcnmez bir b\u00fct\u00fcn oldu\u011fundan bahsedilmekte oldu\u011funu\u2019 g\u00f6r\u00fcr\u00fcz<\/em>\u201d c\u00fcmlesiyle, Milletin tekli\u011fini ve bu tekli\u011fin T.C. vatanda\u015fl\u0131\u011f\u0131 ile sa\u011fland\u0131\u011f\u0131 belirtilir ve <em>\u201cherkesin T\u00fcrk kabul edilmesi ilkesinde asl\u0131nda \u2018T\u00fcrk\u2019\u00fcn k\u00fclt\u00fcrel de\u011fil siyas\u00ee tan\u0131m\u0131 yap\u0131lmaktad\u0131r.\u201d<\/em> \u015feklinde fikir beyan\u0131nda bulunur. Daha sonras\u0131nda ise <em>\u201cvatanda\u015flar\u0131m\u0131z\u0131n farkl\u0131 k\u00fclt\u00fcrel \u00f6zelliklere sahip oldu\u011fu kabul edilmekte<\/em>\u201d ve <em>\u201cT\u00fcrkiye\u2019nin Do\u011fu ve G\u00fcneydo\u011fu B\u00f6lgelerinde \u00fclkenin standart k\u00fclt\u00fcr\u00fcnden farkl\u0131 bir k\u00fclt\u00fcrel yap\u0131n\u0131n oldu\u011fu s\u00f6ylenmektedir.\u201d<\/em> c\u00fcmleleri kurulmu\u015ftur. Burada da fikrini ba\u015fkas\u0131n\u0131nm\u0131\u015f gibi s\u00f6ylemektedir. Dikkatli bir \u015fekilde okundu\u011funda <em>Anayasan\u0131n k\u00fclt\u00fcrel farkl\u0131l\u0131klar\u0131 g\u00f6z ard\u0131 etti\u011fi<\/em> sonucu \u00e7\u0131kmaktad\u0131r. Yava\u015f yava\u015f son vuru\u015fa(!) haz\u0131rlanmaktad\u0131r.<\/p>\n<p>Bu b\u00f6l\u00fcmdeki, <em>\u201cProvakasyonlar\u2026 kimi zaman ise kimli\u011fin bir \u00f6\u011fesini \u00f6n plana \u00e7\u0131kartan ve legal yollar\u0131 t\u00fcketerek kar\u015f\u0131s\u0131ndakine sald\u0131r\u0131ya kadar tahrik eden bir tetikleme ile olmaktad\u0131r.\u201d<\/em> c\u00fcmlelerinin de alt\u0131 \u00e7izilmi\u015ftir. Yani \u201cDevlet g\u00f6revlilerinin provakosyonu\u201d oldu\u011fu belirtilerek, eylemlerin; \u201c<em>K\u00fclt\u00fcrel kimli\u011fin \u00fczerine in\u015fa edilen siyas\u00ee kimli\u011fin duyarl\u0131 hale getirilmesi, b\u00f6ylece toplumun rahatl\u0131kla eyleme \u00e7ekilebilece\u011fi ortam\u0131n sa\u011flanmas\u0131\u201d<\/em> amac\u0131 i\u00e7in yap\u0131ld\u0131\u011f\u0131n\u0131 belirtmektedir. Anla\u015f\u0131lan, savc\u0131ya(!) g\u00f6re b\u00fct\u00fcn bunlar\u0131 yapan, k\u00fclt\u00fcrel kimlikleri yok sayarak kimlik talebini, dolay\u0131s\u0131yla ter\u00f6r\u00fc yaratan Devlet\u2019tir(!).<\/p>\n<p>Peki, Devlet bunu ni\u00e7in yapm\u0131\u015ft\u0131r? Bu sorunun cevab\u0131 da <em>\u201c\u2026de\u011ferlendirmeler \u0131\u015f\u0131\u011f\u0131nda\u2026\u201d<\/em> ba\u015fl\u0131\u011f\u0131 alt\u0131nda, yine felsefi ve siyasi bir yakla\u015f\u0131mla, alt\u0131 madde halinde yaz\u0131l\u0131d\u0131r. <em>Manifestonun h\u00fck\u00fcm c\u00fcmleleridir<\/em> sanki.<\/p>\n<p>Bu kesin h\u00fck\u00fcmler:<\/p>\n<ol>\n<li><em>\u2026demokratik de\u011ferler \u2026 \u00fczerinde mutabakat sa\u011flanm\u0131\u015f standart \u2026 bulunmamaktad\u0131r.<\/em><\/li>\n<li><em>Devlet\u2026 ile \u2026siyas\u00ee h\u00fck\u00fcmetler\u2026aras\u0131nda bir gerilim mevcuttur. \u2026zaman zaman \u2026\u00e7at\u0131\u015fmaya d\u00f6n\u00fc\u015febilmektedir.<\/em><\/li>\n<li><em>Devletin\u2026b\u00fcrokratik \u2026s\u0131zmalar olmas\u0131 halinde \u2026Devletin bekas\u0131n\u0131 tehdit eder noktaya gelebilir.<\/em><\/li>\n<li><em>\u2026kendinden menkul ideolojileri ile Devletin bekas\u0131n\u0131 \u00f6nceleyen \u2026 gruplar\u2026birtak\u0131m operasyonlara giri\u015febilirler. \u2026\u00fcst politik emeller i\u00e7in kurgulanan b\u00fcy\u00fck bir operasyonun par\u00e7as\u0131[d\u0131r] \u2026<\/em><\/li>\n<li><em>Osmanl\u0131\u2019dan Cumhuriyet\u2019e miras kalan ve <\/em><em>Cumhuriyet\u2019in ilan\u0131nda da kabul edilerek devam ettirilen modernlik projesi K\u00fcrt milliyet\u00e7ili\u011finin ve siyasal \u0130sl\u00e2m\u2019\u0131n devletin temel yakla\u015f\u0131mlar\u0131na h\u00e2kim olmas\u0131n\u0131 temel tehdit unsurlar\u0131 olarak belirlemi\u015ftir. Bug\u00fcn kimi \u00e7evrelere g\u00f6re siyasetin gizli ajandas\u0131 bu iki temel tehdidi i\u00e7ermektedir. Ayr\u0131ca \u00e7evreden gelerek merkezi ele ge\u00e7irme \u00e7abas\u0131 i\u00e7erisinde olan unsurlar modernlik projesinin sahibi olan sivil\/asker\u00ee b\u00fcrokratik eliti olduk\u00e7a rahats\u0131z etmektedir. O halde devlet i\u00e7erisinden kimi ideolojik grupla\u015fmalar\u0131n \u00e7\u0131kar \u00e7evreleri ile i\u015f birli\u011fi i\u00e7erisinde temel risk fakt\u00f6r\u00fc olarak g\u00f6rd\u00fckleri siyas\u00ee iktidara kar\u015f\u0131 tav\u0131r geli\u015ftirmesi beklenmeyen bir durum olmamal\u0131d\u0131r.<\/em><\/li>\n<li><em>B\u00f6lgede kimlikler \u00fczerine \u2026 ger\u00e7ekle\u015ftirilen operasyonlar \u2026 Devlete ve \u2026 siyas\u00ee iktidara \u2026g\u00fcvensizlik duygusu \u2026ortaya \u00e7\u0131kartmaktad\u0131r. Bu\u2026 operasyonlar \u2026 d\u0131\u015f tehdit unsurlar\u0131n\u0131n ama\u00e7lar\u0131na hizmet eder.\u201d<\/em><\/li>\n<\/ol>\n<p>Olarak s\u0131ralanmakta ve art\u0131k buradan ceza talebine ge\u00e7ilmektedir.<\/p>\n<p>Bu alt\u0131 maddelik sonucun \u00f6znesi, 5 inci maddedeki <em>\u201cOsmanl\u0131\u2019dan Cumhuriyete miras kalan ve devam ettirilen modernle\u015fme\u201d<\/em>dir. <em>\u201cModernlik projesinin K\u00fcrt milliyet\u00e7ili\u011fi ve siyasal \u0130slam\u2019\u0131 devletin temel tehdit olarak belirlemesi\u201d<\/em> ifadesi olan biten her \u015feyin anahtarlar\u0131ndan birisidir. Di\u011fer bir anahtar ise: <em>\u201c\u00e7evreden gelerek merkezi ele ge\u00e7irecek unsurlar modernlik projesinin sahibi olan sivil\/asker\u00ee b\u00fcrokratik eliti rahats\u0131z etti\u011fi<\/em>\u201d c\u00fcmlesi ve <em>\u201cdevlet i\u00e7erisinden kimi<\/em> <em>ideolojik<\/em><em> grupla\u015fmalar\u201d<\/em> yakla\u015f\u0131m\u0131, mu\u011flak olmakla birlikte birden fazla ve farkl\u0131 olu\u015fumu, bunlar\u0131n \u00e7abalar\u0131n\u0131 ve hedeflerini bildiren ifadedir. Merkezi yani iktidar\u0131, dolay\u0131s\u0131yla devlet g\u00fcc\u00fcn\u00fc ele ge\u00e7irmek \u2018isteyenlerin varl\u0131\u011f\u0131 s\u00f6z konusudur.<\/p>\n<p>Bu h\u00fck\u00fcmler birlikte de\u011ferlendirildi\u011finde g\u00f6r\u00fclen odur ki iddianameyi yazanlar, T\u00fcrkiye\u2019de ya\u015fananlara sebep olarak, \u00f6nce Cumhuriyet modernle\u015fmesini g\u00f6rmekte, san\u0131k sandalyesine de d\u0131\u015f g\u00fc\u00e7lerle ili\u015fkide oldu\u011funu d\u00fc\u015f\u00fcnd\u00fc\u011f\u00fc devlet i\u00e7indeki ideolojik yap\u0131lanmay\u0131 oturtmaktad\u0131r. Dolay\u0131s\u0131yla davay\u0131 da ona a\u00e7maktad\u0131r.<\/p>\n<p>Ankara\u2019daki \u00fcst d\u00fczey makamlar\u0131n, yaz\u0131l\u0131rken m\u00fcdahale etti\u011fine dair yo\u011fun rivayetlerin bas\u0131nda yer ald\u0131\u011f\u0131 bu iddianame, siyasi bir manifestodur. Bir b\u00fcy\u00fck projenin uygulamaya ba\u015fland\u0131\u011f\u0131n\u0131n, daha sonra ya\u015fanacaklar\u0131n i\u015faret fi\u015fekleri gibidir adeta. Bunun i\u00e7in, kumpas oldu\u011fu ortaya \u00e7\u0131kan bu davadan sonraki s\u00fcre\u00e7te, TSK\u2019n\u0131n tasfiye edilmeye \u00e7al\u0131\u015f\u0131ld\u0131\u011f\u0131 Ergenekon, Balyoz, 28 \u015eubat, \u0130zmir Casusluk davalar\u0131n\u0131n arka arkaya gelmesini de birlikte d\u00fc\u015f\u00fcnmek gerekir.<\/p>\n<p>Ayr\u0131ca Devletin san\u0131k sandalyesine oturtuldu\u011fu savc\u0131l\u0131\u011fa ait c\u00fcmleler i\u00e7inde, b\u00f6l\u00fcc\u00fc ter\u00f6r \u00f6rg\u00fct\u00fc i\u00e7in \u201cb\u00f6l\u00fcc\u00fc\u201d ifadesinin hi\u00e7 kullan\u0131lmam\u0131\u015f olmas\u0131 \u00e7ok dikkat \u00e7ekicidir.<\/p>\n<h2><strong>\u015eemdinli sonras\u0131nda K\u00fcrt (!) -asl\u0131nda PKK- a\u00e7\u0131l\u0131m\u0131<\/strong><\/h2>\n<p><strong>1993 R. T. Erdo\u011fan:<\/strong> <em>\u201c\u2026Ne yaz\u0131k k i T\u00fcrkiye\u2019nin 70 y\u0131ll\u0131k tarihi bo\u015fa harcanm\u0131\u015f bir zamand\u0131r. \u2026 Resmi ideoloji \u0131rk\u00e7\u0131 bir ki\u015filik ta\u015f\u0131yor, bu yap\u0131s\u0131yla da milli b\u00fct\u00fcnl\u00fc\u011f\u00fc korumas\u0131 m\u00fcmk\u00fcn de\u011fildir. \u2026 \u015eu anda T\u00fcrkiye\u2019de 27 etnik grup ya\u015famakta. Bu 27 grubun da varl\u0131klar\u0131n\u0131n tan\u0131nmas\u0131 laz\u0131md\u0131r. T\u00fcrkiye T\u00fcrkiye\u2019de ya\u015fayan herkesindir. <\/em><strong>(K\u00fcrtler) ba\u011f\u0131ms\u0131zl\u0131k isterlerse me\u015fru mudur?<\/strong> <strong>(Sorusuna)<\/strong>: <em>co\u011frafi b\u00fct\u00fcnl\u00fck i\u00e7inde evet, ama co\u011frafi ayr\u0131l\u0131k i\u00e7inde hay\u0131r.\u201d<\/em> <em>(2. Cumhuriyet Tart\u0131\u015fmalar\u0131, Cem Dizdar, Metin Sever)<\/em><\/p>\n<p><strong>10 A\u011fustos 2005 R. T. Erdo\u011fan:<\/strong> (Ayd\u0131nlara) <em>\u201cHer soruna illa ki bir ad koymak gerekiyorsa K\u00fcrt sorunu&#8230; Ad\u0131na ister \u2018k\u00f6keni K\u00fcrt vatanda\u015flar\u0131m\u0131z\u0131n toplumsal talepleri\u2019 deyin, ister \u2018G\u00fcneydo\u011fu sorunu\u2019 deyin, isterseniz \u2018K\u00fcrt sorunu\u2019 deyin&#8230; Sorunlar, anayasal d\u00fczende, demokratik cumhuriyet sistemi i\u00e7inde ve daha \u00e7ok demokratikle\u015fme yoluyla \u00e7\u00f6z\u00fclmeli.\u201d<\/em><\/p>\n<p><strong>28 Kas\u0131m 2005 R. T. Erdo\u011fan:<\/strong> (\u015eemdinli\u2019deki olaydan 19 g\u00fcn sonra, \u0130spanya gezisinde) <em>\u201c\u0130nsanlar\u0131n ben G\u00fcrc\u00fc\u2019y\u00fcm, ben Laz\u0131m deme hakk\u0131 var. Oradaki vatanda\u015f\u0131n \u2018Ben K\u00fcrt\u2019\u00fcm\u2019 demesini engelleyemezsin. \u2018K\u00fcrt\u2019\u00fcm demeyeceksin ha\u2019 dersen isyan ba\u015flar.\u201d <\/em><\/p>\n<p><strong>20 Ekim 2009 R. T. Erdo\u011fan:<\/strong> (AKP Grup Toplant\u0131s\u0131) <em>\u201cHabur S\u0131n\u0131r Kap\u0131s\u0131\u2019nda ya\u015fanan manzara kar\u015f\u0131s\u0131nda umutlanmamak m\u00fcmk\u00fcn m\u00fc? Bu bir umuttur. T\u00fcrkiye\u2019de bir \u015feyler oluyor, iyi, g\u00fczel \u015feyler oluyor. Umut verici geli\u015fmeler oluyor&#8230; 34 ki\u015fi s\u0131n\u0131r\u0131 ge\u00e7ti yasalar\u0131m\u0131z \u00e7er\u00e7evesinde b\u0131rak\u0131ld\u0131. Bunu son derece olumlu ve sevindirici bir geli\u015fme olarak g\u00f6rd\u00fc\u011f\u00fcm\u00fc ifade etmek istiyorum. Baz\u0131 medya gruplar\u0131 bu s\u00fcrecin \u0130mral\u0131\u2019dan y\u00f6netildi\u011fi mahiyetinde ifadeler kullan\u0131yorlar. Adama sorarlar, acaba 11-12 y\u0131ld\u0131r orada de\u011fil miydi? Ni\u00e7in b\u00f6yle bir ad\u0131m at\u0131lmad\u0131? \u015eu anda bu bir milli birlik, bir demokratik a\u00e7\u0131l\u0131m s\u00fcrecinin, bir karde\u015flik projesinin gere\u011fi olarak at\u0131lm\u0131\u015f bir ad\u0131md\u0131r&#8230; Gerek da\u011fdakilere gerek Mahmur kamp\u0131nda olanlara gerek Avrupa\u2019da olanlara, \u00e7a\u011fr\u0131m\u0131 yineliyorum; vakit yitirmeden \u00fclkelerine d\u00f6nmelerini tavsiye ediyorum.\u201d<\/em><\/p>\n<p><strong>28 \u015eubat 2015 R. T. Erdo\u011fan:<\/strong> (Dolmabah\u00e7e Mutabakat\u0131 a\u00e7\u0131klamas\u0131 g\u00fcn\u00fc, Suudi Arabistan\u2019a giderken havaalan\u0131nda)<em> \u201cYani ne istendi de h\u00fck\u00fcmet, 12 y\u0131ll\u0131k Ba\u015fbakanl\u0131\u011f\u0131m d\u00f6neminde de verilmedi. Alt yap\u0131s\u0131ndan, \u00fcst yap\u0131s\u0131ndan&#8230; Bug\u00fcn s\u00f6yleniyor, kimlik. Ret politikalar\u0131n\u0131 biz kald\u0131rd\u0131k, asimilasyon politikalar\u0131n\u0131 biz kald\u0131rd\u0131k, ink\u00e2r politikalar\u0131n\u0131 biz kald\u0131rd\u0131k. Bunlar kimlik s\u00fcrecidir.<\/em><\/p>\n<h2><strong>\u015eemdinli ve bug\u00fcn<\/strong><\/h2>\n<p>Davan\u0131n savc\u0131s\u0131 15 Temmuz darbe giri\u015fimi sonras\u0131nda itiraf\u00e7\u0131l\u0131ktan yararlanm\u0131\u015f, FET\u00d6 \u00fcyesi olarak yarg\u0131lanmaktan kurtulmu\u015ftur. FET\u00d6\u2019ye bakt\u0131\u011f\u0131m\u0131zda da Cumhurba\u015fkan\u0131n\u0131n 6 A\u011fustos 2016\u2019da, Ola\u011fan\u00fcst\u00fc Din \u015euras\u0131\u2019nda yapt\u0131\u011f\u0131 konu\u015fmada; <em>\u201cBir ortak yan\u0131m\u0131z vard\u0131. \u0130nan\u0131n bana, ayn\u0131 menzile giden farkl\u0131 yollardan biri olarak g\u00f6rd\u00fc\u011f\u00fcm\u00fcz bu yap\u0131n\u0131n&#8230;<\/em><em>\u201d<\/em> dedi\u011fi yap\u0131 kar\u015f\u0131m\u0131za \u00e7\u0131kmaktad\u0131r. 2006 y\u0131l\u0131nda \u015eemdinli\u2019de daha sonra di\u011fer davalarda T\u00fcrk Milletinin kar\u015f\u0131s\u0131na \u00e7\u0131kan <em>ayn\u0131 menzil<\/em> i\u015fte bu <em>menzildir<\/em>.<\/p>\n<p>Bu menzil, <em>\u201cEy \u0130mam Hatiplilik Ruhu Geldiysen \u00fc\u00e7 defa vur\u201d ba\u015fl\u0131kl\u0131 <\/em>yaz\u0131m\u0131zda belirtti\u011fimiz, <em>\u201c\u2026\u0130\u015fte bu davete Osmanl\u0131y\u0131 y\u0131kan ve Cumhuriyeti kuranlar icabet etmi\u015flerdir ve bu nesil (Ensar nesli) hay\u0131r diyen nesildir. Osmanl\u0131y\u0131 y\u0131kan, Cumhuriyeti kuranlar, bu davete icabet edenlerdir. <\/em><em>(Prof. Dr. Hayrettin Karaman, \u0130mam-Hatiplilik \u015euuru, Ensar Vakf\u0131, 2014 Ensar \u00c7at\u0131s\u0131 B\u00f6l\u00fcm\u00fc, s 26-27)\u201d <\/em>c\u00fcmlelerindeki fikirdir.<\/p>\n<p>Bug\u00fcn gelinen noktada Cumhurba\u015fkan\u0131 And\u0131m\u0131z ile ilgili konu\u015furken, art\u0131k isim vermeden d\u00f6nem itibar\u0131 ile Atat\u00fcrk\u2019\u00fc kast ederek konu\u015fmaktad\u0131r. 23 Nisan\u2019dan yukar\u0131 \u00e7\u0131kmamakta, isim zikretmeden Cumhuriyetin kurulu\u015fu ile m\u00fccadele etmektedir. M\u00fctemadiyen tek\u00e7i, asimilasyoncu ve ret\u00e7i anlay\u0131\u015ftan bahsedilmektedir. Cumhuriyetin sadece T\u00fcrk \u00fczerine kuruldu\u011funu, di\u011fer etnik unsurlar\u0131 yok sayd\u0131\u011f\u0131n\u0131 tekrarlanmaktad\u0131r.<\/p>\n<p>Bu k\u0131sa \u00f6zetten de anla\u015f\u0131laca\u011f\u0131 \u00fczere And\u0131m\u0131z \u00fczerinden yap\u0131lan, bir kimlik tart\u0131\u015fmas\u0131d\u0131r. T\u00fcrk kimli\u011finin bir milletin mi yoksa etnisitenin mi oldu\u011funun tart\u0131\u015fmas\u0131d\u0131r. \u201cT\u00fcrk, egemenli\u011fin sahibi olan milletin mi, yoksa vatanda ya\u015fayan unsurlardan herhangi birisinin mi ad\u0131d\u0131r?\u201d tart\u0131\u015fmas\u0131d\u0131r.<\/p>\n<p>\u015eemdinli Davas\u0131 iddianamesi de Ergenekon ve Balyoz da 28 \u015eubat Davas\u0131 da bu d\u00fc\u015f\u00fcncelerin ete kemi\u011fe b\u00fcr\u00fcnd\u00fc\u011f\u00fc davalard\u0131r.<\/p>\n<p>Kamuoyunda h\u0131z kesmeden devam eden <em>\u201cT\u00fcrk\u00e7\u00fcl\u00fck \u0131rk\u00e7\u0131l\u0131kt\u0131r\u201d <\/em>tart\u0131\u015fmas\u0131na bir de ge\u00e7mi\u015fin bu ya\u015fanm\u0131\u015fl\u0131klar\u0131 ile bakmak faydal\u0131 olacakt\u0131r.<\/p>\n<p>\u00c7\u00fcnk\u00fc bu tart\u0131\u015fman\u0131n sonunda T\u00fcrk Milletinin bug\u00fcn ya\u015fayan evlad\u0131, unsurlar\u0131n e\u015fit oldu\u011fu ortakl\u0131k devleti ile mi, yoksa hepsi de T\u00fcrk olan bireylerin e\u015fit oldu\u011fu T\u00fcrk Devleti ile mi istikbale y\u00fcr\u00fcyece\u011fine karar verecektir.<\/p>\n","protected":false},"excerpt":{"rendered":"<p>And\u0131m\u0131z ve T\u00fcrk\u00e7\u00fcl\u00fck tart\u0131\u015fmalar\u0131 aras\u0131nda filizlenen bir bahis: \u015eemdinli Davas\u0131&#8230; T\u00fcrk\u00e7\u00fcl\u00fck \u00fczerinden yap\u0131lan a\u00e7\u0131klamalar ile bu t\u00fcr olaylar\u0131n kesi\u015fim noktas\u0131nda yoksa &#8220;egemenlik&#8221; kavram\u0131n\u0131n yeniden \u015fekillenmesi mi var?  <\/p>\n","protected":false},"author":26,"featured_media":4031,"comment_status":"open","ping_status":"open","sticky":false,"template":"","format":"standard","meta":{"_links_to":"","_links_to_target":""},"categories":[2,66,67,68],"tags":[],"yoast_head":"<!-- This site is optimized with the Yoast SEO plugin v16.0.2 - https:\/\/yoast.com\/wordpress\/plugins\/seo\/ -->\n<title>\u015eemdinli Davas\u0131, T\u00fcrk kimli\u011fi ve egemenlik - M\u0130SAK- Mill\u00ee Strateji Ara\u015ft\u0131rma Kurulu<\/title>\n<link rel=\"canonical\" href=\"https:\/\/millidusunce.com\/misak\/semdinli-davasi-turk-kimligi-ve-egemenlik\/\" \/>\n<meta property=\"og:locale\" content=\"tr_TR\" \/>\n<meta property=\"og:type\" content=\"article\" \/>\n<meta property=\"og:title\" content=\"\u015eemdinli Davas\u0131, T\u00fcrk kimli\u011fi ve egemenlik - M\u0130SAK- Mill\u00ee Strateji Ara\u015ft\u0131rma Kurulu\" \/>\n<meta property=\"og:description\" content=\"And\u0131m\u0131z ve T\u00fcrk\u00e7\u00fcl\u00fck tart\u0131\u015fmalar\u0131 aras\u0131nda filizlenen bir bahis: \u015eemdinli Davas\u0131... T\u00fcrk\u00e7\u00fcl\u00fck \u00fczerinden yap\u0131lan a\u00e7\u0131klamalar ile bu t\u00fcr olaylar\u0131n kesi\u015fim noktas\u0131nda yoksa &quot;egemenlik&quot; kavram\u0131n\u0131n yeniden \u015fekillenmesi mi var?\" \/>\n<meta property=\"og:url\" content=\"https:\/\/millidusunce.com\/misak\/semdinli-davasi-turk-kimligi-ve-egemenlik\/\" \/>\n<meta property=\"og:site_name\" content=\"M\u0130SAK- Mill\u00ee Strateji Ara\u015ft\u0131rma Kurulu\" \/>\n<meta property=\"article:published_time\" content=\"2018-11-11T16:30:49+00:00\" \/>\n<meta property=\"article:modified_time\" content=\"2018-11-11T19:34:53+00:00\" \/>\n<meta property=\"og:image\" content=\"https:\/\/millidusunce.com\/misak\/wp-content\/uploads\/2018\/11\/justitie2.png\" \/>\n\t<meta property=\"og:image:width\" content=\"800\" \/>\n\t<meta property=\"og:image:height\" content=\"533\" \/>\n<meta name=\"twitter:card\" content=\"summary_large_image\" \/>\n<meta name=\"twitter:label1\" content=\"Tahmini okuma s\u00fcresi\">\n\t<meta name=\"twitter:data1\" content=\"19 dakika\">\n<script type=\"application\/ld+json\" class=\"yoast-schema-graph\">{\"@context\":\"https:\/\/schema.org\",\"@graph\":[{\"@type\":\"Organization\",\"@id\":\"https:\/\/millidusunce.com\/misak\/#organization\",\"name\":\"Mill\\u00ee D\\u00fc\\u015f\\u00fcnce Merkezi\",\"url\":\"https:\/\/millidusunce.com\/misak\/\",\"sameAs\":[],\"logo\":{\"@type\":\"ImageObject\",\"@id\":\"https:\/\/millidusunce.com\/misak\/#logo\",\"inLanguage\":\"tr\",\"url\":\"https:\/\/millidusunce.com\/misak\/wp-content\/uploads\/2018\/09\/mdmLogo-yazisiz.jpg\",\"width\":422,\"height\":422,\"caption\":\"Mill\\u00ee D\\u00fc\\u015f\\u00fcnce Merkezi\"},\"image\":{\"@id\":\"https:\/\/millidusunce.com\/misak\/#logo\"}},{\"@type\":\"WebSite\",\"@id\":\"https:\/\/millidusunce.com\/misak\/#website\",\"url\":\"https:\/\/millidusunce.com\/misak\/\",\"name\":\"M\\u0130SAK- Mill\\u00ee Strateji Ara\\u015ft\\u0131rma Kurulu\",\"description\":\"D\\u00fcnyaya T\\u00fcrk\\u00e7\\u00fc Bak\\u0131\\u015f\",\"publisher\":{\"@id\":\"https:\/\/millidusunce.com\/misak\/#organization\"},\"potentialAction\":[{\"@type\":\"SearchAction\",\"target\":\"https:\/\/millidusunce.com\/misak\/?s={search_term_string}\",\"query-input\":\"required name=search_term_string\"}],\"inLanguage\":\"tr\"},{\"@type\":\"ImageObject\",\"@id\":\"https:\/\/millidusunce.com\/misak\/semdinli-davasi-turk-kimligi-ve-egemenlik\/#primaryimage\",\"inLanguage\":\"tr\",\"url\":\"https:\/\/millidusunce.com\/misak\/wp-content\/uploads\/2018\/11\/justitie2.png\",\"width\":800,\"height\":533},{\"@type\":\"WebPage\",\"@id\":\"https:\/\/millidusunce.com\/misak\/semdinli-davasi-turk-kimligi-ve-egemenlik\/#webpage\",\"url\":\"https:\/\/millidusunce.com\/misak\/semdinli-davasi-turk-kimligi-ve-egemenlik\/\",\"name\":\"\\u015eemdinli Davas\\u0131, T\\u00fcrk kimli\\u011fi ve egemenlik - M\\u0130SAK- Mill\\u00ee Strateji Ara\\u015ft\\u0131rma Kurulu\",\"isPartOf\":{\"@id\":\"https:\/\/millidusunce.com\/misak\/#website\"},\"primaryImageOfPage\":{\"@id\":\"https:\/\/millidusunce.com\/misak\/semdinli-davasi-turk-kimligi-ve-egemenlik\/#primaryimage\"},\"datePublished\":\"2018-11-11T16:30:49+00:00\",\"dateModified\":\"2018-11-11T19:34:53+00:00\",\"breadcrumb\":{\"@id\":\"https:\/\/millidusunce.com\/misak\/semdinli-davasi-turk-kimligi-ve-egemenlik\/#breadcrumb\"},\"inLanguage\":\"tr\",\"potentialAction\":[{\"@type\":\"ReadAction\",\"target\":[\"https:\/\/millidusunce.com\/misak\/semdinli-davasi-turk-kimligi-ve-egemenlik\/\"]}]},{\"@type\":\"BreadcrumbList\",\"@id\":\"https:\/\/millidusunce.com\/misak\/semdinli-davasi-turk-kimligi-ve-egemenlik\/#breadcrumb\",\"itemListElement\":[{\"@type\":\"ListItem\",\"position\":1,\"item\":{\"@type\":\"WebPage\",\"@id\":\"https:\/\/millidusunce.com\/misak\/\",\"url\":\"https:\/\/millidusunce.com\/misak\/\",\"name\":\"Anasayfa\"}},{\"@type\":\"ListItem\",\"position\":2,\"item\":{\"@type\":\"WebPage\",\"@id\":\"https:\/\/millidusunce.com\/misak\/semdinli-davasi-turk-kimligi-ve-egemenlik\/\",\"url\":\"https:\/\/millidusunce.com\/misak\/semdinli-davasi-turk-kimligi-ve-egemenlik\/\",\"name\":\"\\u015eemdinli Davas\\u0131, T\\u00fcrk kimli\\u011fi ve egemenlik\"}}]},{\"@type\":\"Article\",\"@id\":\"https:\/\/millidusunce.com\/misak\/semdinli-davasi-turk-kimligi-ve-egemenlik\/#article\",\"isPartOf\":{\"@id\":\"https:\/\/millidusunce.com\/misak\/semdinli-davasi-turk-kimligi-ve-egemenlik\/#webpage\"},\"author\":{\"@id\":\"https:\/\/millidusunce.com\/misak\/#\/schema\/person\/3ab4cf19eb1b7f72b4d39104dc2d599b\"},\"headline\":\"\\u015eemdinli Davas\\u0131, T\\u00fcrk kimli\\u011fi ve egemenlik\",\"datePublished\":\"2018-11-11T16:30:49+00:00\",\"dateModified\":\"2018-11-11T19:34:53+00:00\",\"mainEntityOfPage\":{\"@id\":\"https:\/\/millidusunce.com\/misak\/semdinli-davasi-turk-kimligi-ve-egemenlik\/#webpage\"},\"commentCount\":0,\"publisher\":{\"@id\":\"https:\/\/millidusunce.com\/misak\/#organization\"},\"image\":{\"@id\":\"https:\/\/millidusunce.com\/misak\/semdinli-davasi-turk-kimligi-ve-egemenlik\/#primaryimage\"},\"articleSection\":\"S\\u0130YASET-TAR\\u0130H,TEHD\\u0130TLER,T\\u00dcRKL\\u00dcK-T\\u00dcRK\\u00c7\\u00dcL\\u00dcK\",\"inLanguage\":\"tr\",\"potentialAction\":[{\"@type\":\"CommentAction\",\"name\":\"Comment\",\"target\":[\"https:\/\/millidusunce.com\/misak\/semdinli-davasi-turk-kimligi-ve-egemenlik\/#respond\"]}]},{\"@type\":\"Person\",\"@id\":\"https:\/\/millidusunce.com\/misak\/#\/schema\/person\/3ab4cf19eb1b7f72b4d39104dc2d599b\",\"name\":\"Hakan Paksoy\",\"image\":{\"@type\":\"ImageObject\",\"@id\":\"https:\/\/millidusunce.com\/misak\/#personlogo\",\"inLanguage\":\"tr\",\"url\":\"https:\/\/secure.gravatar.com\/avatar\/b57d69fc35f9a591489f2791830a0011?s=96&d=mm&r=g\",\"caption\":\"Hakan Paksoy\"},\"description\":\"1960 y\\u0131l\\u0131nda Isparta\\u2019da do\\u011fdu. \\u0130lk, orta ve lise \\u00f6\\u011frenimini memleketi olan Kahramanmara\\u015f\\u2019ta, y\\u00fcksek \\u00f6\\u011frenimini Ankara\\u2019da, Gazi \\u00dcniversitesi M\\u00fchendislik Mimarl\\u0131k Fak\\u00fcltesi Elektrik B\\u00f6l\\u00fcm\\u00fcnde yapt\\u0131. O zamanki ad\\u0131 T\\u00fcrkiye Elektrik Kurumu (TEK) K. Mara\\u015f \\u0130l M\\u00fcd\\u00fcrl\\u00fc\\u011f\\u00fc\\u2019nde m\\u00fchendis olarak g\\u00f6reve ba\\u015flad\\u0131. M\\u00fchendis, ba\\u015fm\\u00fchendis ve m\\u00fcessese m\\u00fcd\\u00fcr yard\\u0131mc\\u0131l\\u0131\\u011f\\u0131 g\\u00f6revlerini yapt\\u0131. 1999 y\\u0131l\\u0131nda TEDA\\u015e Genel M\\u00fcd\\u00fcrl\\u00fc\\u011f\\u00fcnde \\u015eube M\\u00fcd\\u00fcrl\\u00fc\\u011f\\u00fc yapt\\u0131. Temmuz 2017\\u2019de emekli oldu. Kahramanmara\\u015f T\\u00fcrk Oca\\u011f\\u0131 \\u015eubesinin kurulu\\u015fundan itibaren; y\\u00f6netim kurulu \\u00fcyeli\\u011fi, sekreterlik, ba\\u015fkan yard\\u0131mc\\u0131l\\u0131\\u011f\\u0131 ve iki d\\u00f6nem ba\\u015fkanl\\u0131k yapm\\u0131\\u015ft\\u0131r. 1995 Genel se\\u00e7imlerinde MHP\\u2019den milletvekili aday\\u0131 olmu\\u015ftur. T\\u00fcrkiye Kamu Sen\\u2019in kurulu\\u015funda ilk \\u015fube ba\\u015fkanlar\\u0131ndand\\u0131r. Ankara\\u2019da \\u00e7al\\u0131\\u015fmaya ba\\u015flad\\u0131ktan sonra T\\u00fcrk Enerji Sen Genel Merkez Y\\u00f6netim Kurulunda \\u00e7al\\u0131\\u015fm\\u0131\\u015ft\\u0131r. 1985-87 aras\\u0131nda askerlik g\\u00f6revini yapm\\u0131\\u015ft\\u0131r. Mill\\u00ee D\\u00fc\\u015f\\u00fcnce Merkezi (MDM) Y\\u00f6netim Kurulu \\u00fcyesidir ve internet sitesinde yaz\\u0131lar\\u0131 yay\\u0131nlanmaktad\\u0131r. Evlidir. Biri k\\u0131z di\\u011feri erkek iki \\u00e7ocu\\u011fu vard\\u0131r.\"}]}<\/script>\n<!-- \/ Yoast SEO plugin. -->","_links":{"self":[{"href":"https:\/\/millidusunce.com\/misak\/wp-json\/wp\/v2\/posts\/4025"}],"collection":[{"href":"https:\/\/millidusunce.com\/misak\/wp-json\/wp\/v2\/posts"}],"about":[{"href":"https:\/\/millidusunce.com\/misak\/wp-json\/wp\/v2\/types\/post"}],"author":[{"embeddable":true,"href":"https:\/\/millidusunce.com\/misak\/wp-json\/wp\/v2\/users\/26"}],"replies":[{"embeddable":true,"href":"https:\/\/millidusunce.com\/misak\/wp-json\/wp\/v2\/comments?post=4025"}],"version-history":[{"count":0,"href":"https:\/\/millidusunce.com\/misak\/wp-json\/wp\/v2\/posts\/4025\/revisions"}],"wp:featuredmedia":[{"embeddable":true,"href":"https:\/\/millidusunce.com\/misak\/wp-json\/wp\/v2\/media\/4031"}],"wp:attachment":[{"href":"https:\/\/millidusunce.com\/misak\/wp-json\/wp\/v2\/media?parent=4025"}],"wp:term":[{"taxonomy":"category","embeddable":true,"href":"https:\/\/millidusunce.com\/misak\/wp-json\/wp\/v2\/categories?post=4025"},{"taxonomy":"post_tag","embeddable":true,"href":"https:\/\/millidusunce.com\/misak\/wp-json\/wp\/v2\/tags?post=4025"}],"curies":[{"name":"wp","href":"https:\/\/api.w.org\/{rel}","templated":true}]}}