{"id":4339,"date":"2018-11-29T19:30:00","date_gmt":"2018-11-29T16:30:00","guid":{"rendered":"http:\/\/misak.millidusunce.com?p=4339&#038;preview=true&#038;preview_id=4339"},"modified":"2018-11-28T21:08:12","modified_gmt":"2018-11-28T18:08:12","slug":"vahdettinin-esi-mustafa-kemal-icin-ne-dedi-ani-oyku","status":"publish","type":"post","link":"https:\/\/millidusunce.com\/misak\/vahdettinin-esi-mustafa-kemal-icin-ne-dedi-ani-oyku\/","title":{"rendered":"Vahdettin\u2019in e\u015fi Mustafa Kemal i\u00e7in ne dedi? -An\u0131 \u00d6yk\u00fc &#8211;"},"content":{"rendered":"<div id=\"attachment_4341\" style=\"width: 521px\" class=\"wp-caption aligncenter\"><img aria-describedby=\"caption-attachment-4341\" loading=\"lazy\" class=\"wp-image-4341 size-full\" src=\"http:\/\/misak.millidusunce.com\/wp-content\/uploads\/2018\/11\/a-4.jpg\" alt=\"7 May\u0131s 1921 tarihli ve arkas\u0131 yaz\u0131s\u0131z kartpostaldaki me\u00e7hul gen\u00e7 k\u0131z\" width=\"511\" height=\"808\" srcset=\"https:\/\/millidusunce.com\/misak\/wp-content\/uploads\/2018\/11\/a-4.jpg 511w, https:\/\/millidusunce.com\/misak\/wp-content\/uploads\/2018\/11\/a-4-95x150.jpg 95w, https:\/\/millidusunce.com\/misak\/wp-content\/uploads\/2018\/11\/a-4-190x300.jpg 190w\" sizes=\"(max-width: 511px) 100vw, 511px\" \/><p id=\"caption-attachment-4341\" class=\"wp-caption-text\">7 May\u0131s 1921 tarihli ve arkas\u0131 yaz\u0131s\u0131z kartpostaldaki me\u00e7hul gen\u00e7 k\u0131z<\/p><\/div>\n<p>Bart\u0131nl\u0131 \u015eaban Efendi\u2019nin\u00a0 Sultan Re\u015fat\u2019\u0131n saray\u0131na bah\u00e7\u0131van olarak giri\u015fi talihin bir lutfu idi. K\u00fc\u00e7\u00fckl\u00fckten beri kendisini ba\u011f ve bah\u00e7e konusunda rahmetli babas\u0131 yeti\u015ftirmi\u015fti. \u0130stanbul\u2019da Sultan Re\u015fat\u2019\u0131n saray mutfa\u011f\u0131nda hizmetli olan day\u0131s\u0131 nas\u0131l olduysa becermi\u015f, onu saraya bah\u00e7\u0131van koydurmu\u015ftu. Bu tam bir \u201cikbal\u201d idi. Bu ikbal onu, saray a\u011falar\u0131ndan H\u00fcsrev Bey\u2019in k\u0131z\u0131 K\u0131smet Han\u0131m ile nik\u00e2hlanmaya kadar g\u00f6t\u00fcrd\u00fc. Bu izdiva\u00e7tan g\u00fczel bir k\u0131z \u00e7ocu\u011fu d\u00fcnyaya geldi. Allah\u2019a \u015f\u00fckrederek, bu k\u0131za \u201cNimet Nevzat\u201d ad\u0131n\u0131 verdiler. Nimet Nevzat, saltanat \u00e7ocuklar\u0131n\u0131n oyun arkada\u015f\u0131 olarak saray \u00e2d\u00e2b-\u0131 mua\u015fereti i\u00e7inde sarayl\u0131 bir k\u0131z gibi yeti\u015fti. Sultan Re\u015fat onu \u00e7ok severdi. Padi\u015fah\u0131n, <em>\u201cNimet k\u0131z\u0131m\u0131 saraydan evlendirece\u011fim\u201d<\/em> s\u00f6zlerine c\u00fcmle \u00e2lem \u015fahitti. Sultan Re\u015fat\u2019\u0131n vefat\u0131 bir\u00e7ok de\u011fi\u015fikli\u011fi de beraberinde getirdi. Nimet Nevzat, tahta \u00e7\u0131kan V. Mehmet Vahdettin\u2019in be\u015finci zevcesi oldu. On yedi ya\u015f\u0131nda idi. \u0130stanbul\u2019un i\u015fgaline, \u015fehirde ve sarayda olup bitenlere, \u00e2deta bir yabanc\u0131 gibiydi. Gen\u00e7 k\u0131zl\u0131\u011f\u0131 ge\u00e7er ge\u00e7mez on yedi ya\u015f\u0131nda nik\u00e2hland\u0131r\u0131lm\u0131\u015ft\u0131. \u00dcrk\u00fcyor ve korkuyordu. Kendisinin babas\u0131 ya\u015f\u0131ndaki Vahdettin ile evlili\u011fi, padi\u015fah\u0131n \u00e7evresi, \u015fehirdeki \u0130ngiliz ve di\u011fer yabanc\u0131 askerler, onu tedirgin ediyordu. Bu izdiva\u00e7tan hi\u00e7bir beklentisi yoktu. Sadakatle yeti\u015fti\u011fi muhite, saraya, kendisi \u00fczerinde eme\u011fi olanlara borcunu \u00f6d\u00fcyordu. Sultan Vahdettin\u2019in zevcesi olacaks\u0131n demi\u015fler, o da hi\u00e7bir itiraza mahal b\u0131rakmayacak \u015fekilde bir ba\u015f sallamas\u0131yla bu izdivac\u0131 tasdik etmi\u015fti.<\/p>\n<p>1921-1922 seneleri aras\u0131 onun i\u00e7in hapiste gibi ge\u00e7ti. Sultan Vahdettin\u2019i az g\u00f6r\u00fcyor, memleket i\u015flerinin iyi gitmedi\u011fine dair g\u00f6z\u00fc ve kula\u011f\u0131yla \u015fahit oldu\u011fu hadiseler cereyan ediyordu. Bir keresinde Sultan Vahdettin\u2019in birilerine, k\u0131z\u0131 Sabiha\u2019yla Mustafa Kemal\u2019in evlendirilmesine muhalefet edip\u00a0 o i\u015fi bozmakta ne kadar hakl\u0131 oldu\u011funu anlat\u0131\u015f\u0131na kulak misafiri olmu\u015ftu. Sultan Vahdettin:\u00a0 <em>\u201c\u0130kinci bir Enver istemem!\u201d<\/em> derken ne kadar hakl\u0131ym\u0131\u015f\u0131m\u201d diye etraf\u0131ndakilere dert yan\u0131yordu. Olan bitenden haberdar olamamak, dedikodularla gelece\u011fin nas\u0131l \u015fekillenece\u011fini d\u00fc\u015f\u00fcnmek, Nimet Nevzat\u2019a \u0131st\u0131rap veriyordu.<\/p>\n<p><span style=\"text-align: center;\">1 Kas\u0131m 1922 tarihinde, memleketi i\u015fgalden kurtaran yeni idarenin saltanat\u0131 kald\u0131rd\u0131\u011f\u0131n\u0131 ve sultanla ailesinin yurt d\u0131\u015f\u0131na s\u00fcrg\u00fcn yollanaca\u011f\u0131n\u0131 i\u015fitti\u011fi zaman, bunu da bir kader olarak kar\u015f\u0131lad\u0131 Nimet Nevzat. Sultan Vahdettin\u2019in kimi han\u0131mlar\u0131 s\u00fcrg\u00fcne gitmemek i\u00e7in bo\u015fanma yoluyla \u0130stanbul\u2019da kalmay\u0131 garanti alt\u0131na al\u0131rken, o do\u011fup b\u00fcy\u00fcd\u00fc\u011f\u00fc, yeti\u015fti\u011fi, vefa ve minnet duydu\u011fu kap\u0131dan, onlar\u0131n yan\u0131ndan ayr\u0131lmay\u0131 onur ve gururuna asla yediremezdi. 1924\u2019te \u0130talya\u2019ya gitti ve Vahdettin ile San Remo\u2019da ge\u00e7en s\u00fcrg\u00fcn senelerinde sultana ba\u011fl\u0131 bir insan\u0131n yapmas\u0131 gerekenlerle u\u011fra\u015ft\u0131. 1928\u2019de T\u00fcrkiye\u2019ye d\u00f6nd\u00fc\u011f\u00fcnde Nimet Nevzat art\u0131k b\u00fcy\u00fcm\u00fc\u015ft\u00fc. \u0130stanbul Bo\u011fazi\u00e7i\u2019nde, Kandilli\u2019deki akrabalar\u0131n\u0131n yan\u0131na yerle\u015fti. Kom\u015fu g\u00f6zleri \u00fczerinden eksik olmuyordu. Kandilli\u2019nin yerli halk\u0131 onu ba\u011fr\u0131na basarken semtin yeni sakinleri ise ona \u201chain Vahdettin\u2019in zevcesi\u201d g\u00f6z\u00fcyle bak\u0131yorlard\u0131. Bir g\u00fcn ani bir karar verdi ve K\u00fc\u00e7\u00fcksu mesiresindeki bir gezinti s\u0131ras\u0131nda kendisini be\u011fenerek isteten K\u00fc\u00e7\u00fcksulu Ziya Kaptan\u2019a vard\u0131.\u00a0 Ziya Kaptan ve karde\u015fi Yunus Kaptan, K\u00fc\u00e7\u00fcksu s\u0131rtlar\u0131nda babadan kalma k\u00f6\u015fkte ya\u015fayan bek\u00e2r birer bahriyeli idiler. Yunus Kaptan Almanlardan Osmanl\u0131\u2019ya s\u0131\u011f\u0131nan me\u015fhur Yavuz gemisinin ikinci kaptanl\u0131\u011f\u0131n\u0131 yapm\u0131\u015ft\u0131. Zamanla a\u011fabeyinin e\u015fi Nimet Nevzat\u2019\u0131 sevdi ve bu izdivac\u0131n pe\u015finden K\u00fc\u00e7\u00fcksu s\u0131rtlar\u0131ndaki k\u00f6\u015fk\u00fc onlara b\u0131rakarak be\u015f on dakikal\u0131k mesafede ve kiradaki di\u011fer k\u00f6\u015fklerine yerle\u015fti.<\/span><\/p>\n<p>Nimet Nevzat i\u00e7in 1918\u2019den 1928\u2019e, on y\u0131l boyunca ge\u00e7en heyecanl\u0131, \u00fcz\u00fcnt\u00fcl\u00fc seneler art\u0131k sona eriyordu. Nihayet yirmi alt\u0131 ya\u015f\u0131nda huzura kavu\u015fmu\u015ftu. \u00c7ocukluk ve gen\u00e7 k\u0131zl\u0131k d\u00f6neminde ya\u015fad\u0131klar\u0131 ona, macera roman\u0131 okumu\u015f da, kendisi o romanda ba\u015frolde bir kahramanm\u0131\u015f gibi geliyordu.<\/p>\n<p>Ziya Kaptan\u2019\u0131n deniz merak\u0131 ve bahriyeli olu\u015fu Nimet Nevzat\u2019\u0131 da denize \u00e7ekti. Hemen her g\u00fcn Anadoluhisar\u0131 sahilinde kay\u0131kla\u00a0 k\u00fcrek \u00e7ekiyorlard\u0131. O \u00fcrkek bakan, mahzun gen\u00e7 k\u0131z, yerini kendinden emin, g\u00fcle\u00e7 bir gen\u00e7 kad\u0131na b\u0131rakm\u0131\u015ft\u0131. G\u00fcl\u00fcyor, g\u00fcl\u00fcyor, kahkahalar atarak sandal\u0131n k\u00fcreklerine as\u0131l\u0131yordu. Bazen K\u00fc\u00e7\u00fcksu-Hisar aras\u0131nda sahilde, bazen de G\u00f6ksu\u2019dan i\u00e7erilere, tatl\u0131 suyun kayna\u011f\u0131na do\u011fru k\u00fcrek \u00e7eken Nimet Nevzat\u2019\u0131 ahali de yak\u0131ndan tan\u0131yor ve seviyordu.<\/p>\n<p>Sarayl\u0131 Nimet Han\u0131m Ziya Kaptan\u2019a evlat da verdi. Y\u0131llar y\u0131llar\u0131 kovalad\u0131. Gazeteci tak\u0131m\u0131 Nimet Nevzat\u2019\u0131 ke\u015ffetmi\u015f, Vahdettin hakk\u0131nda r\u00f6portaj yapabilmek i\u00e7in, zaman zaman k\u00f6\u015fk\u00fcn etraf\u0131nda d\u00f6ner olmu\u015flard\u0131. Nimet Nevzat asla onlarla g\u00f6r\u00fc\u015fmek istemiyordu. \u0130htiyarl\u0131\u011f\u0131yla birlikte Halide Edip Ad\u0131var\u2019\u0131n ya\u015fl\u0131l\u0131\u011f\u0131n\u0131 hat\u0131rlat\u0131r bir \u00e7ehreye b\u00fcr\u00fcnm\u00fc\u015ft\u00fc. Pencereye de pek \u00e7\u0131km\u0131yordu. Gazetecilerin resmini \u00e7ekmeye \u00e7al\u0131\u015fmalar\u0131 ve\u00a0 kendisiyle konu\u015fup Vahdettin konulu gazete haberleri yazmak istemeleri onu huzursuz ediyordu. Eski defterleri \u00e7oktan kapatm\u0131\u015ft\u0131 ve senelerdir bu konularda a\u011fz\u0131n\u0131 a\u00e7m\u0131yordu. Evlatlar\u0131yla huzurlu bir ya\u015fant\u0131s\u0131 vard\u0131.<\/p>\n<h2><strong>\u00c7ocuklu\u011fumda beni etkileyen ve akl\u0131mda kalan tek konu\u015fma <\/strong><\/h2>\n<p>Ziya Kaptan\u2019\u0131n erkek karde\u015fi Yunus Kaptan\u2019\u0131n o\u011flu Nihat da, yengesi Nimet Nevzat\u2019a kar\u015f\u0131 sayg\u0131l\u0131yd\u0131. Nihat Bey halam Nevin Han\u0131m\u2019la evlenmi\u015fti. \u00c7ocuktum. Alt\u0131, yedi ya\u015flar\u0131ndayd\u0131m. Anne ve babamla birlikte halam ve eni\u015ftemle beraber oturuyorduk. \u00d6nceleri \u00e7ocuk ya\u015fta halam Nevin Han\u0131m ile Nimet Han\u0131m aras\u0131ndaki soyad\u0131 benzerli\u011fi dikkatimi \u00e7ekti: <em>Nimet Sefero\u011flu ve Nevin Sefero\u011flu! <\/em>Halam, Nimet Han\u0131m\u2019a yenge diyordu. E\u015fi Nihat Bey ile evlenirken Ziya Kaptan ve Nimet Han\u0131m onlara nik\u00e2h hediyesi olarak saraydan \u00e7\u0131kma bir g\u00fcm\u00fc\u015f tepsi hediye etmi\u015fti. Halam ara s\u0131ra o tepsiyi, saklad\u0131\u011f\u0131 yerden \u00e7\u0131kar\u0131r, sard\u0131\u011f\u0131 \u00f6rt\u00fcy\u00fc a\u00e7\u0131p tepsiyi bana g\u00f6sterirdi. Bayramlarda ailecek be\u015f on dakikal\u0131k mesafedeki Nimet Han\u0131mlara el \u00f6pme\u011fe giderdik. Nimet Han\u0131m\u2019\u0131, mevsim yazsa k\u00f6\u015fk\u00fcn\u00fcn bah\u00e7esindeki sandalye veya \u015fezlonga oturmu\u015f olarak bulurduk.\u00a0 El \u00f6p\u00fcl\u00fcr, bayram tebri\u011fi yap\u0131l\u0131rd\u0131. Nimet Han\u0131m ve \u00e7ocuklar\u0131 pek kimseyle g\u00f6r\u00fc\u015fmez, akrabalar\u0131n\u0131 ise bayram gibi \u00f6zel g\u00fcnlerde belli saatlerde kabul ederlerdi. \u0130\u015fte \u00f6yle g\u00fcnlerden birinde halam ve annemle birlikte k\u00fc\u00e7\u00fck bir \u00e7ocuk olarak\u00a0 ben, Nimet Han\u0131m\u2019\u0131n yan\u0131ndayd\u0131k. Kad\u0131nlar kendi aralar\u0131nda sohbet ediyorlard\u0131. \u00c7ocuk haf\u0131zamda o konu\u015fmalardan kalm\u0131\u015f k\u0131r\u0131nt\u0131lar yok. Ancak bir tek konu\u015fma, sohbet konusu beynime m\u0131h gibi kaz\u0131nm\u0131\u015ft\u0131. \u00c7ocuklukta bana tesir eden ve haf\u0131z\u0131mda kalan o tek\u00a0 konu\u015fma&#8230;.<\/p>\n<p>Bir ziyaret g\u00fcn\u00fcnde halam,\u00a0 Nimet Han\u0131m\u2019a \u015f\u00f6yle ili\u015fmi\u015fti:<\/p>\n<p>-Nimet Han\u0131m Allah a\u015fk\u0131na, Allasen s\u00f6yle! Atat\u00fcrk\u2019e k\u0131zg\u0131n m\u0131s\u0131n\u0131z? Sizi saraydan s\u00fcrd\u00fc, memleketten \u00e7\u0131kard\u0131. Eski g\u00fcnleri, saray\u0131 ar\u0131yor musunuz?<\/p>\n<p>Dinleme cihaz\u0131, kay\u0131t aleti, jandarma, kolluk kuvveti gibi \u015feylerin bulunmad\u0131\u011f\u0131, yani Nimet Han\u0131m\u2019\u0131n rahat\u00e7a konu\u015fabildi\u011fi ailevi bir ortamda dudaklar\u0131ndan d\u00f6k\u00fclen s\u00f6zleri, halama verdi\u011fi cevab\u0131, \u00f6mr\u00fcm\u00fcm sonuna kadar unutmayaca\u011f\u0131m:<\/p>\n<p>-Yok Nevinci\u011fim! Eski g\u00fcnleri hi\u00e7 aram\u0131yorum. Vahdettin Efendi hatal\u0131yd\u0131. Sa\u011f olsun Atat\u00fcrk bizi kurtard\u0131!<\/p>\n<p>&nbsp;<\/p>\n<ul>\n<li><strong><em>Yazar\u0131n Notu:<\/em><\/strong> Sultan Vahdettin\u2019in be\u015finci ve son e\u015fi Nimet Han\u0131m\u2019\u0131 k\u00fc\u00e7\u00fck ya\u015fta tan\u0131d\u0131m ve bir ka\u00e7 kez bayramlarda Anadoluhisar\u0131 K\u00fc\u00e7\u00fcksu semtindeki, yan\u0131 ba\u015f\u0131m\u0131zdaki k\u00f6\u015fklerine gitmi\u015ftik. 1927\u2019de T\u00fcrkiye\u2019ye d\u00f6nd\u00fckten sonra halam\u0131n e\u015fi Nihat Sefero\u011flu\u2019nun amcas\u0131yla evlenmi\u015fti. Bu an\u0131-\u00f6yk\u00fcde anlat\u0131lanlar k\u00fc\u00e7\u00fck ya\u015fta ve biraz ilerleyen y\u0131llarda halamdan dinlediklerimdir, kulaklar\u0131mda kalanlard\u0131r. Mustafa Kemal Pa\u015fa hakk\u0131ndaki s\u00f6zlerini k\u00fc\u00e7\u00fck ya\u015fta bizzat kulaklar\u0131mla i\u015fitmi\u015ftim. Bu an\u0131-\u00f6yk\u00fcye ekledi\u011fim pullu ve arkas\u0131 yaz\u0131s\u0131z kad\u0131n kartpostal\u0131n\u0131n Nimet Nevzat Han\u0131m\u2019la hi\u00e7bir ilgisi yoktur. Ben onun ya\u015fl\u0131l\u0131ktaki halini hat\u0131rl\u0131yorum. Ancak halam\u0131n bana \u00e7ocukken g\u00f6sterdi\u011fi Nimet Nevzat Han\u0131m\u2019\u0131n gen\u00e7lik resimleri,\u00a0 buraya koydu\u011fum 7 May\u0131s 1921 tarihli ve arkas\u0131 yaz\u0131s\u0131z kartpostaldaki me\u00e7hul gen\u00e7 k\u0131z\u0131 hat\u0131rlat\u0131r.<\/li>\n<\/ul>\n<p>&nbsp;<\/p>\n","protected":false},"excerpt":{"rendered":"<p>O\u011fuz Karakartal bu defa kendi hat\u0131ras\u0131ndan yola \u00e7\u0131karak \u00f6nemli bir ismin Atat\u00fcrk hakk\u0131ndaki d\u00fc\u015f\u00fcncesini aktar\u0131yor. Vahdettin\u2019in e\u015fi Atat\u00fcrk hakk\u0131nda ne dedi? Cevab\u0131, Karakartal\u2019\u0131n tan\u0131kl\u0131\u011f\u0131ndan dinleyelim.  <\/p>\n","protected":false},"author":90,"featured_media":4386,"comment_status":"open","ping_status":"open","sticky":false,"template":"","format":"standard","meta":{"_links_to":"","_links_to_target":""},"categories":[2,66],"tags":[331,338,339,340,337],"yoast_head":"<!-- This site is optimized with the Yoast SEO plugin v16.0.2 - https:\/\/yoast.com\/wordpress\/plugins\/seo\/ -->\n<title>Vahdettin\u2019in e\u015fi Mustafa Kemal i\u00e7in ne dedi? -An\u0131 \u00d6yk\u00fc - M\u0130SAK- Mill\u00ee Strateji Ara\u015ft\u0131rma Kurulu<\/title>\n<link rel=\"canonical\" href=\"https:\/\/millidusunce.com\/misak\/vahdettinin-esi-mustafa-kemal-icin-ne-dedi-ani-oyku\/\" \/>\n<meta property=\"og:locale\" content=\"tr_TR\" \/>\n<meta property=\"og:type\" content=\"article\" \/>\n<meta property=\"og:title\" content=\"Vahdettin\u2019in e\u015fi Mustafa Kemal i\u00e7in ne dedi? -An\u0131 \u00d6yk\u00fc - M\u0130SAK- Mill\u00ee Strateji Ara\u015ft\u0131rma Kurulu\" \/>\n<meta property=\"og:description\" content=\"O\u011fuz Karakartal bu defa kendi hat\u0131ras\u0131ndan yola \u00e7\u0131karak \u00f6nemli bir ismin Atat\u00fcrk hakk\u0131ndaki d\u00fc\u015f\u00fcncesini aktar\u0131yor. Vahdettin\u2019in e\u015fi Atat\u00fcrk hakk\u0131nda ne dedi? Cevab\u0131, Karakartal\u2019\u0131n tan\u0131kl\u0131\u011f\u0131ndan dinleyelim.\" \/>\n<meta property=\"og:url\" content=\"https:\/\/millidusunce.com\/misak\/vahdettinin-esi-mustafa-kemal-icin-ne-dedi-ani-oyku\/\" \/>\n<meta property=\"og:site_name\" content=\"M\u0130SAK- Mill\u00ee Strateji Ara\u015ft\u0131rma Kurulu\" \/>\n<meta property=\"article:published_time\" content=\"2018-11-29T16:30:00+00:00\" \/>\n<meta property=\"article:modified_time\" content=\"2018-11-28T18:08:12+00:00\" \/>\n<meta property=\"og:image\" content=\"https:\/\/millidusunce.com\/misak\/wp-content\/uploads\/2018\/11\/a-4-e1543510456273.png\" \/>\n\t<meta property=\"og:image:width\" content=\"511\" \/>\n\t<meta property=\"og:image:height\" content=\"808\" \/>\n<meta name=\"twitter:card\" content=\"summary_large_image\" \/>\n<meta name=\"twitter:label1\" content=\"Tahmini okuma s\u00fcresi\">\n\t<meta name=\"twitter:data1\" content=\"7 dakika\">\n<script type=\"application\/ld+json\" class=\"yoast-schema-graph\">{\"@context\":\"https:\/\/schema.org\",\"@graph\":[{\"@type\":\"Organization\",\"@id\":\"https:\/\/millidusunce.com\/misak\/#organization\",\"name\":\"Mill\\u00ee D\\u00fc\\u015f\\u00fcnce Merkezi\",\"url\":\"https:\/\/millidusunce.com\/misak\/\",\"sameAs\":[],\"logo\":{\"@type\":\"ImageObject\",\"@id\":\"https:\/\/millidusunce.com\/misak\/#logo\",\"inLanguage\":\"tr\",\"url\":\"https:\/\/millidusunce.com\/misak\/wp-content\/uploads\/2018\/09\/mdmLogo-yazisiz.jpg\",\"width\":422,\"height\":422,\"caption\":\"Mill\\u00ee D\\u00fc\\u015f\\u00fcnce Merkezi\"},\"image\":{\"@id\":\"https:\/\/millidusunce.com\/misak\/#logo\"}},{\"@type\":\"WebSite\",\"@id\":\"https:\/\/millidusunce.com\/misak\/#website\",\"url\":\"https:\/\/millidusunce.com\/misak\/\",\"name\":\"M\\u0130SAK- Mill\\u00ee Strateji Ara\\u015ft\\u0131rma Kurulu\",\"description\":\"D\\u00fcnyaya T\\u00fcrk\\u00e7\\u00fc Bak\\u0131\\u015f\",\"publisher\":{\"@id\":\"https:\/\/millidusunce.com\/misak\/#organization\"},\"potentialAction\":[{\"@type\":\"SearchAction\",\"target\":\"https:\/\/millidusunce.com\/misak\/?s={search_term_string}\",\"query-input\":\"required name=search_term_string\"}],\"inLanguage\":\"tr\"},{\"@type\":\"ImageObject\",\"@id\":\"https:\/\/millidusunce.com\/misak\/vahdettinin-esi-mustafa-kemal-icin-ne-dedi-ani-oyku\/#primaryimage\",\"inLanguage\":\"tr\",\"url\":\"https:\/\/millidusunce.com\/misak\/wp-content\/uploads\/2018\/11\/a-4-e1543510456273.png\",\"width\":511,\"height\":808},{\"@type\":\"WebPage\",\"@id\":\"https:\/\/millidusunce.com\/misak\/vahdettinin-esi-mustafa-kemal-icin-ne-dedi-ani-oyku\/#webpage\",\"url\":\"https:\/\/millidusunce.com\/misak\/vahdettinin-esi-mustafa-kemal-icin-ne-dedi-ani-oyku\/\",\"name\":\"Vahdettin\\u2019in e\\u015fi Mustafa Kemal i\\u00e7in ne dedi? -An\\u0131 \\u00d6yk\\u00fc - M\\u0130SAK- Mill\\u00ee Strateji Ara\\u015ft\\u0131rma Kurulu\",\"isPartOf\":{\"@id\":\"https:\/\/millidusunce.com\/misak\/#website\"},\"primaryImageOfPage\":{\"@id\":\"https:\/\/millidusunce.com\/misak\/vahdettinin-esi-mustafa-kemal-icin-ne-dedi-ani-oyku\/#primaryimage\"},\"datePublished\":\"2018-11-29T16:30:00+00:00\",\"dateModified\":\"2018-11-28T18:08:12+00:00\",\"breadcrumb\":{\"@id\":\"https:\/\/millidusunce.com\/misak\/vahdettinin-esi-mustafa-kemal-icin-ne-dedi-ani-oyku\/#breadcrumb\"},\"inLanguage\":\"tr\",\"potentialAction\":[{\"@type\":\"ReadAction\",\"target\":[\"https:\/\/millidusunce.com\/misak\/vahdettinin-esi-mustafa-kemal-icin-ne-dedi-ani-oyku\/\"]}]},{\"@type\":\"BreadcrumbList\",\"@id\":\"https:\/\/millidusunce.com\/misak\/vahdettinin-esi-mustafa-kemal-icin-ne-dedi-ani-oyku\/#breadcrumb\",\"itemListElement\":[{\"@type\":\"ListItem\",\"position\":1,\"item\":{\"@type\":\"WebPage\",\"@id\":\"https:\/\/millidusunce.com\/misak\/\",\"url\":\"https:\/\/millidusunce.com\/misak\/\",\"name\":\"Anasayfa\"}},{\"@type\":\"ListItem\",\"position\":2,\"item\":{\"@type\":\"WebPage\",\"@id\":\"https:\/\/millidusunce.com\/misak\/vahdettinin-esi-mustafa-kemal-icin-ne-dedi-ani-oyku\/\",\"url\":\"https:\/\/millidusunce.com\/misak\/vahdettinin-esi-mustafa-kemal-icin-ne-dedi-ani-oyku\/\",\"name\":\"Vahdettin\\u2019in e\\u015fi Mustafa Kemal i\\u00e7in ne dedi? -An\\u0131 \\u00d6yk\\u00fc &#8211;\"}}]},{\"@type\":\"Article\",\"@id\":\"https:\/\/millidusunce.com\/misak\/vahdettinin-esi-mustafa-kemal-icin-ne-dedi-ani-oyku\/#article\",\"isPartOf\":{\"@id\":\"https:\/\/millidusunce.com\/misak\/vahdettinin-esi-mustafa-kemal-icin-ne-dedi-ani-oyku\/#webpage\"},\"author\":{\"@id\":\"https:\/\/millidusunce.com\/misak\/#\/schema\/person\/4e2d7d63fb11aa461dcc75809bcbc430\"},\"headline\":\"Vahdettin\\u2019in e\\u015fi Mustafa Kemal i\\u00e7in ne dedi? -An\\u0131 \\u00d6yk\\u00fc &#8211;\",\"datePublished\":\"2018-11-29T16:30:00+00:00\",\"dateModified\":\"2018-11-28T18:08:12+00:00\",\"mainEntityOfPage\":{\"@id\":\"https:\/\/millidusunce.com\/misak\/vahdettinin-esi-mustafa-kemal-icin-ne-dedi-ani-oyku\/#webpage\"},\"commentCount\":0,\"publisher\":{\"@id\":\"https:\/\/millidusunce.com\/misak\/#organization\"},\"image\":{\"@id\":\"https:\/\/millidusunce.com\/misak\/vahdettinin-esi-mustafa-kemal-icin-ne-dedi-ani-oyku\/#primaryimage\"},\"keywords\":\"Mustafa Kemal Atat\\u00fcrk,Nimet Nevzat Han\\u0131m,Osmanl\\u0131,Osmanl\\u0131c\\u0131l\\u0131k,Sultan Vahdettin\",\"articleSection\":\"S\\u0130YASET-TAR\\u0130H\",\"inLanguage\":\"tr\",\"potentialAction\":[{\"@type\":\"CommentAction\",\"name\":\"Comment\",\"target\":[\"https:\/\/millidusunce.com\/misak\/vahdettinin-esi-mustafa-kemal-icin-ne-dedi-ani-oyku\/#respond\"]}]},{\"@type\":\"Person\",\"@id\":\"https:\/\/millidusunce.com\/misak\/#\/schema\/person\/4e2d7d63fb11aa461dcc75809bcbc430\",\"name\":\"O\\u011fuz Karakartal\",\"image\":{\"@type\":\"ImageObject\",\"@id\":\"https:\/\/millidusunce.com\/misak\/#personlogo\",\"inLanguage\":\"tr\",\"url\":\"https:\/\/secure.gravatar.com\/avatar\/9dc5df50f8b4d7b5d0bc1a41b53a989d?s=96&d=mm&r=g\",\"caption\":\"O\\u011fuz Karakartal\"},\"description\":\"O\\u011fuz Karakartal, 1966\\u2019da \\u0130stanbul\\u2019da do\\u011fdu. 1988\\u2019de Marmara \\u00dcniversitesi Fen-Edebiyat Fak\\u00fcltesi, T\\u00fcrk Dili ve Edebiyat\\u0131 B\\u00f6l\\u00fcm\\u00fc\\u2019n\\u00fc bitirdi, ad\\u0131 ge\\u00e7en \\u00fcniversitede \\u201cYeni T\\u00fcrk Edebiyat\\u0131\\u201d alan\\u0131nda y\\u00fcksek lisans ve Prof. Dr. \\u0130nci Engin\\u00fcn ile doktora yapt\\u0131. O\\u011fuz Karakartal, 8 y\\u0131l Marmara \\u00dcniversitesi Fen-Edebiyat Fak\\u00fcltesi T\\u00fcrk Dili ve Edebiyat\\u0131 B\\u00f6l\\u00fcm\\u00fc\\u2019nde \\u00e7al\\u0131\\u015ft\\u0131ktan sonra 1996\\u2019da KKTC\\u2019ye geldi ve Yak\\u0131n Do\\u011fu \\u00dcniversitesi\\u2019nde de 8 y\\u0131l \\u00f6\\u011fretim \\u00fcyeli\\u011fi g\\u00f6revinde ve T\\u00fcrk\\u00e7e \\u00d6\\u011fretmenli\\u011fi B\\u00f6l\\u00fcm Ba\\u015fkanl\\u0131\\u011f\\u0131\\u2019nda bulundu. (2005-2014) y\\u0131llar\\u0131 aras\\u0131nda KKTC Uluslararas\\u0131 K\\u0131br\\u0131s \\u00dcniversitesi\\u2019nde \\u00f6\\u011fretim \\u00fcyeli\\u011fi, B\\u00f6l\\u00fcm Ba\\u015fkanl\\u0131\\u011f\\u0131 ve Dekanl\\u0131k ard\\u0131ndan da KKTC Girne Amerikan \\u00dcniversitesi Rekt\\u00f6r Yard\\u0131mc\\u0131l\\u0131\\u011f\\u0131 ve E\\u011fitim Fak\\u00fcltesi Dekan\\u0131l\\u0131\\u011f\\u0131 yapt\\u0131. (2014-2016) Halen Lefke Avrupa \\u00dcniversitesi, Fen-Edebiyat Fak\\u00fcltesi, T\\u00fcrk Dili ve Edebiyat\\u0131 B\\u00f6l\\u00fcm\\u00fc \\u00d6\\u011fretim \\u00dcyesi\\u2019dir. O\\u011fuz Karakartal, \\u0130stanbul \\u0130talyan K\\u00fclt\\u00fcr Merkezi ile \\u0130talya\\u2019da, Perugia\\u2019daki Universita Italiana Per Stranieri\\u2019de \\u0130talyanca \\u00f6\\u011frendi. 1993-1994 y\\u0131llar\\u0131 aras\\u0131nda Venedik \\u00dcniversitesi\\u2019nde (Universita degli Studi di Venezia) konuk ara\\u015ft\\u0131rmac\\u0131 ve T\\u00fcrk\\u00e7e okutman\\u0131 olarak bulundu . Prof. Dr. O\\u011fuz Karakartal, 2001 y\\u0131l\\u0131nda KKTC\\u2019de ilk kez \\u0130talyanca kurslar\\u0131n\\u0131 ba\\u015flatt\\u0131 ve o tarihten bug\\u00fcne halka a\\u00e7\\u0131k \\u0130talyanca kurslar\\u0131n\\u0131 \\u00e7al\\u0131\\u015ft\\u0131\\u011f\\u0131 kurumlarda s\\u00fcrd\\u00fcrd\\u00fc. Ara\\u015ft\\u0131rmac\\u0131n\\u0131n, \\u0130stanbul T\\u00fcrk-\\u0130talyan Dostluk Derne\\u011fi\\u2019nin katk\\u0131lar\\u0131yla bas\\u0131lan; T\\u00fcrk K\\u00fclt\\u00fcrde \\u0130talyanlar, T\\u00fcrk-\\u0130talyan K\\u00fclt\\u00fcr \\u0130li\\u015fkileri, T\\u00fcrk Edebiyat\\u0131nda \\u0130talya, Eski Yaz\\u0131(Osmanl\\u0131ca) Dergilerde Resimlerle \\u0130talyan Varl\\u0131\\u011f\\u0131 (Tunay Devrim\\u2019le birlikte) ve T\\u00fcrk\\u00e7e\\u2019de \\u0130lk \\u0130talyan Edebiyat\\u0131 Tarihi: Mehmet Rauf-\\u0130talyan Edebiyat\\u0131 (\\u0130brahim Arslan\\u2019la birlikte) (1913) adl\\u0131 kitaplar\\u0131 bulunmaktad\\u0131r. 2010 y\\u0131l\\u0131nda ba\\u015fkanl\\u0131\\u011f\\u0131n\\u0131 Suna Atun\\u2019un y\\u00fcr\\u00fctt\\u00fc\\u011f\\u00fc Samtay Vakf\\u0131 kendisini, K\\u0131br\\u0131s T\\u00fcrk k\\u00fclt\\u00fcr\\u00fcne katk\\u0131lar\\u0131ndan dolay\\u0131 \\u00f6d\\u00fcllendirdi. O\\u011fuz Karakartal\\u2019\\u0131n bir di\\u011fer eseri, Tevfik Fikret\\u2019in \\u0130zinde \\u0130ki \\u015eair: Avram Naon ve \\u0130sak Ferara isimini ta\\u015f\\u0131r. Ayr\\u0131ca ara\\u015ft\\u0131rmac\\u0131, 2010 \\u0130stanbul Avrupa K\\u00fclt\\u00fcr Ba\\u015fkenti Projesi kapsam\\u0131nda haz\\u0131rlanan \\u201c\\u0130stanbulum\\u201d dizisinden kendisine yazd\\u0131r\\u0131lan A\\u011fabeyhisar: Anadoluhisar\\u0131 kitab\\u0131yla T\\u00dcYAP Kitap Fuar\\u0131 imza g\\u00fcn\\u00fcne davet edilmi\\u015ftir. O\\u011fuz Karakartal\\u2019\\u0131n K\\u0131br\\u0131s\\u2019la ilgili kitab\\u0131, \\u0130stanbul Do\\u011fan Kitap taraf\\u0131ndan 2010\\u2019da yay\\u0131mlanan K\\u0131br\\u0131s\\u2019ta T\\u00fcrkiye K\\u00fclt\\u00fcr Adamlar\\u0131 ve Eserleri adl\\u0131 \\u00e7al\\u0131\\u015fmas\\u0131d\\u0131r. Prof. Dr. O\\u011fuz Karakartal, \\u0130stanbul \\u00dcniversitesi \\u0130spanyol-\\u0130talyan Filolojisi Dergisi Meditterraneo\\u2019nun hakemlerinden biridir ve Yahya Kemal Beyatl\\u0131\\u2019n\\u0131n Kendi G\\u00f6kkubbemiz adl\\u0131 \\u015fiir kitab\\u0131n\\u0131n \\u0130talyancaya \\u00e7evrilmesine katk\\u0131 koymu\\u015ftur. Ayr\\u0131ca KKTC Lefko\\u015fa Yunus Emre Enstit\\u00fcs\\u00fc\\u2019nde Eski Yaz\\u0131 (Osmanl\\u0131 T\\u00fcrk\\u00e7esi) kurs hocal\\u0131\\u011f\\u0131 yapmaktad\\u0131r ve T.C. Lefko\\u015fa B\\u00fcy\\u00fckel\\u00e7ili\\u011fi\\u2019nin desteklerinde KISB\\u00dc ve KKTC KIBATEK kurumlar\\u0131n\\u0131n i\\u015fbirli\\u011finde y\\u00fcr\\u00fct\\u00fclen Ba\\u015flang\\u0131c\\u0131ndan G\\u00fcn\\u00fcm\\u00fcze K\\u0131br\\u0131s T\\u00fcrk Edebiyat\\u0131 Tarihi yaz\\u0131m projesinin edit\\u00f6rlerinden biridir. Y\\u0131llard\\u0131r K\\u0131br\\u0131s T\\u00fcrk k\\u00fclt\\u00fcr ve edebiyat\\u0131 \\u00fczerine de \\u00e7al\\u0131\\u015fmalar\\u0131n\\u0131 s\\u00fcrd\\u00fcren ve ba\\u015fta K\\u0131br\\u0131s gazetesi olmak \\u00fczere, de\\u011fi\\u015fik K\\u0131br\\u0131s T\\u00fcrk gazetelerinde bu konuda yaz\\u0131lar yazan O\\u011fuz Karakartal, KKTC BRT Radyo ve Televizyon Kurumu\\u2019nda iki y\\u0131l boyunca, \\u201cK\\u00fclt\\u00fcr Adalar\\u0131m\\u0131z\\u201d adl\\u0131 k\\u00fclt\\u00fcr program\\u0131n\\u0131 (2010-2011) haz\\u0131rlay\\u0131p sunmu\\u015ftur. \\u201cK\\u0131br\\u0131s T\\u00fcrk k\\u00fclt\\u00fcr ve edebiyat\\u0131, 1974 Mutlu Bar\\u0131\\u015f Harekat\\u0131, Atat\\u00fcrk ve Kurtulu\\u015f Sava\\u015f\\u0131 Kartpostallar\\u0131 \\u201d konular\\u0131nda koleksiyon ve ar\\u015fiv belgesi sahibi olan ara\\u015ft\\u0131rmac\\u0131, \\u0130talyanca(iyi), \\u0130ngilizce (orta) ve Eski Yaz\\u0131 (Osmanl\\u0131ca) bilmektedir. 22 y\\u0131ld\\u0131r adada ya\\u015fayan Prof. Dr. O\\u011fuz Karakartal, T.C. ve KKTC vatanda\\u015f\\u0131d\\u0131r.\"}]}<\/script>\n<!-- \/ Yoast SEO plugin. -->","_links":{"self":[{"href":"https:\/\/millidusunce.com\/misak\/wp-json\/wp\/v2\/posts\/4339"}],"collection":[{"href":"https:\/\/millidusunce.com\/misak\/wp-json\/wp\/v2\/posts"}],"about":[{"href":"https:\/\/millidusunce.com\/misak\/wp-json\/wp\/v2\/types\/post"}],"author":[{"embeddable":true,"href":"https:\/\/millidusunce.com\/misak\/wp-json\/wp\/v2\/users\/90"}],"replies":[{"embeddable":true,"href":"https:\/\/millidusunce.com\/misak\/wp-json\/wp\/v2\/comments?post=4339"}],"version-history":[{"count":0,"href":"https:\/\/millidusunce.com\/misak\/wp-json\/wp\/v2\/posts\/4339\/revisions"}],"wp:featuredmedia":[{"embeddable":true,"href":"https:\/\/millidusunce.com\/misak\/wp-json\/wp\/v2\/media\/4386"}],"wp:attachment":[{"href":"https:\/\/millidusunce.com\/misak\/wp-json\/wp\/v2\/media?parent=4339"}],"wp:term":[{"taxonomy":"category","embeddable":true,"href":"https:\/\/millidusunce.com\/misak\/wp-json\/wp\/v2\/categories?post=4339"},{"taxonomy":"post_tag","embeddable":true,"href":"https:\/\/millidusunce.com\/misak\/wp-json\/wp\/v2\/tags?post=4339"}],"curies":[{"name":"wp","href":"https:\/\/api.w.org\/{rel}","templated":true}]}}