{"id":495,"date":"2017-11-24T17:51:22","date_gmt":"2017-11-24T14:51:22","guid":{"rendered":"http:\/\/misak.millidusunce.com\/?p=495"},"modified":"2018-03-10T11:42:33","modified_gmt":"2018-03-10T08:42:33","slug":"vatan-kurtarmak","status":"publish","type":"post","link":"https:\/\/millidusunce.com\/misak\/vatan-kurtarmak\/","title":{"rendered":"Vatan Kurtarmak"},"content":{"rendered":"<p><strong><img loading=\"lazy\" class=\"size-medium wp-image-497 aligncenter\" src=\"http:\/\/misak.millidusunce.com\/wp-content\/uploads\/2017\/11\/Parent27s_day_at_Eirfan27s_Kindergarten-300x225.jpg\" alt=\"\" width=\"300\" height=\"225\" srcset=\"https:\/\/millidusunce.com\/misak\/wp-content\/uploads\/2017\/11\/Parent27s_day_at_Eirfan27s_Kindergarten-300x225.jpg 300w, https:\/\/millidusunce.com\/misak\/wp-content\/uploads\/2017\/11\/Parent27s_day_at_Eirfan27s_Kindergarten-150x113.jpg 150w, https:\/\/millidusunce.com\/misak\/wp-content\/uploads\/2017\/11\/Parent27s_day_at_Eirfan27s_Kindergarten-768x576.jpg 768w, https:\/\/millidusunce.com\/misak\/wp-content\/uploads\/2017\/11\/Parent27s_day_at_Eirfan27s_Kindergarten-1024x768.jpg 1024w\" sizes=\"(max-width: 300px) 100vw, 300px\" \/><\/strong><\/p>\n<p style=\"text-align: center;\"><strong>Vatan kurtar\u0131lmaya her zamankinden daha muhta\u00e7<\/strong><\/p>\n<p><strong>PISA, PIAAC fakat ill\u00e2 patent<\/strong><\/p>\n<p>\u00dclkemizde h\u00e2l\u00e2, \u201c<em>Falanca haindir, filanca bilmem-necidir; ya\u015fas\u0131n, kahrolsun<\/em>\u201dun d\u0131\u015f\u0131nda; T\u00fcrkiye ne haldedir, T\u00fcrkiye i\u00e7in ne yapmal\u0131, nas\u0131l yapmal\u0131 sorular\u0131na cevap arayan \u00e7al\u0131\u015fmalar, beyin f\u0131rt\u0131nalar\u0131 yap\u0131l\u0131yor. Az da olsa\u2026<\/p>\n<p>Mill\u00ee D\u00fc\u015f\u00fcnce Merkezi\u2019nin M\u0130SAK\u2019\u0131nda (Mill\u00ee Strateji Ara\u015ft\u0131rma Kurulu) yeni teknolojileri ve End\u00fcstri 4.0 denilen yapay zeka-robot uygulamalar\u0131n\u0131 uzman\u0131ndan dinledik. T\u00fcrkiye\u2019deki Ar-Ge \u00e7al\u0131\u015fmalar\u0131n\u0131n ba\u015fka \u00fclkelerle kar\u015f\u0131la\u015ft\u0131r\u0131lmas\u0131, PISA, PIAAC, gibi parametreler masaya yat\u0131r\u0131ld\u0131. <a href=\"http:\/\/misak.millidusunce.com\/inovasyon-gelecek-ve-turkiye\/\">Metnini burada okuyaca\u011f\u0131n\u0131z <\/a>M\u00fcmtaz Af\u015f\u0131n Esi\u2019nin konu\u015fmas\u0131nda \u00e7ok dikkate de\u011fer g\u00f6stergeler s\u0131raland\u0131. Galiba rakamlar aras\u0131nda en vahimlerinden biri de patent say\u0131lar\u0131yd\u0131. G\u00fcney Kore gibi bir \u00fclkeyle kar\u015f\u0131la\u015ft\u0131r\u0131ld\u0131\u011f\u0131nda onlar\u0131n y\u00fczde birine ancak ula\u015f\u0131yoruz. \u00dcstelik bizdeki patentlerin \u00e7o\u011fu T\u00fcrkiye\u2019de faaliyet g\u00f6steren yabanc\u0131 firmalara ait. Bizde ara\u015ft\u0131rma- geli\u015ftirme faaliyetlerine tan\u0131nan vergi avantajlar\u0131 bu firmalar\u0131n patentlerini burada kayda ge\u00e7irmelerini te\u015fvik ediyor.<\/p>\n<p>O G\u00fcney Kore ki daha yar\u0131m as\u0131r \u00f6nce kalk\u0131nm\u0131\u015fl\u0131kta bizim alt\u0131m\u0131zdad\u0131r. Uzman konu\u015fmac\u0131 arkada\u015f\u0131m\u0131z M\u00fcmtaz Af\u015f\u0131n Esi, bug\u00fcn ki\u015fi ba\u015f\u0131 gayr\u0131 safi mill\u00ee h\u00e2s\u0131lada bizi ikiye katlayan G\u00fcney Kore\u2019nin bizim 1923\u2019teki stratejimize benzer yollar izledi\u011fini s\u00f6yledi.<\/p>\n<p>Her zaman oldu\u011fu gibi toplant\u0131n\u0131n zirve yapt\u0131\u011f\u0131 noktalar, soru-cevap fasl\u0131yd\u0131.<\/p>\n<p><strong>Ordu, adalet ve e\u011fitim gibi bilim, ara\u015ft\u0131rma ve ileri teknoloji de \u00e7\u00f6km\u00fc\u015f<\/strong><\/p>\n<p>Orduda, adalet yap\u0131s\u0131nda, e\u011fitimde art arda y\u0131k\u0131c\u0131 kas\u0131rgalar patlad\u0131. Acaba bunlar\u0131n benzerleri bilim kurulu\u015flar\u0131m\u0131zda, ileri teknoloji ve stratejik sanayilerimizde de koptu mu? Maalesef cevap evet idi. T\u0131pk\u0131 di\u011fer temel kurumlardaki gibi buralarda da \u00f6nce FET\u00d6\u2019n\u00fcn icra etti\u011fi beyin katliamlar\u0131, arkadan da kaliteleri \u00e7ukur seviyesindeki \u201cbizim adamlar\u201d\u0131n kurumlar\u0131 i\u015fgali\u2026 Di\u011fer temel direkler gibi bilim ve ara\u015ft\u0131rma kurumlar\u0131yla, stratejik end\u00fcstrilerin de i\u00e7inin bo\u015falt\u0131lmas\u0131, on-yirmi y\u0131l \u00f6nceki seviyelerinin birer g\u00f6lgesi h\u00e2line getirilmeleri\u2026<\/p>\n<p>Ruhumuzu m\u00e2tem kaplam\u0131\u015ft\u0131. Yarabbi, Balkan Harpleri\u2019nden \u00f6nceki acz d\u00f6nemlerine ne kadar benziyordu h\u00e2limiz! Cehalet, liyakatsizlik, \u00e7\u00f6k\u00fc\u015f\u2026<\/p>\n<p>Bir arkada\u015f\u0131m\u0131z\u0131n merak\u0131 bizi biraz canland\u0131rd\u0131. Yirmi y\u0131l\u0131n\u0131 y\u00fcksek teknolojiye, bilime, ara\u015ft\u0131rma ve geli\u015ftirmeye vermi\u015f uzmana \u015fu soruyu y\u00f6neltti: <em>Elinizde sihirli bir de\u011fnek olsa&#8211;Alaaddin\u2019in lambas\u0131 olsa ve \u00fc\u00e7 dilek dileme imk\u00e2n\u0131 bulsan\u0131z, bu dilekler ne olurdu?<\/em><\/p>\n<p>Tabi soru konu\u015fmac\u0131ya y\u00f6neltilmi\u015fti ama M\u0130SAK\u2019taki herkes cevab\u0131 arama sorumlulu\u011funu hissetti. Biz \u00f6m\u00fcr boyu bu sorular\u0131 sormu\u015f ve cevap vermeye, daha da ileri giderek buldu\u011fumuz cevaplar\u0131 tatbik etmeye \u00e7al\u0131\u015fm\u0131\u015f, bu yapt\u0131\u011f\u0131m\u0131za &#8211;biraz da kendimizle alay ederek&#8211; \u201cvatan kurtarma\u201d demi\u015ftik. Ger\u00e7ek oydu ki T\u00fcrkiye\u2019deki herkesin ba\u015f\u0131 a\u011fr\u0131yana kadar d\u00fc\u015f\u00fcnmesi gereken soru buydu! Nereden ba\u015flamal\u0131? \u00dc\u00e7 cevap hakk\u0131n\u0131z var\u2026<\/p>\n<p><strong>K\u00f6k sebep ve uzay\u0131n boyutlar\u0131<\/strong><\/p>\n<p>B\u00f6yle sorular asl\u0131nda iki alana a\u00e7\u0131l\u0131r. Birincisi k\u00f6k sebep arama cehdidir. Sebeplerle sonu\u00e7lar\u0131 kar\u0131\u015ft\u0131rmamak, ikisini birden s\u00f6ylememek gerekir. E\u011fer sayaca\u011f\u0131n\u0131z tedbirlerden biri, bir di\u011ferinin sebebi ise bu ikinciyi s\u00f6ylemeye gerek yoktur. \u00c7\u00fcnk\u00fc birinciyi ba\u015fard\u0131\u011f\u0131n\u0131zda ikinci zaten kendili\u011finden ger\u00e7ekle\u015fecektir.\u00a0 E\u011fitim ve zenginlik deme\u011fe gerek yoktur. \u00c7\u00fcnk\u00fc e\u011fitim size zaten zenginlik getirir. Bir ba\u015fka hata, sonucu sebep sanmakt\u0131r. E\u011fitimli bir toplumun zengin oldu\u011funu g\u00f6r\u00fcp size de zenginmi\u015f gibi davranma\u011fa, zenginmi\u015f gibi t\u00fcketme\u011fe kalkars\u0131n\u0131z. O yapt\u0131\u011f\u0131n\u0131z kalk\u0131nma de\u011fil israf ve sonunda iflast\u0131r.<\/p>\n<p>\u0130kinci alan, belki ekonomide ve sosyolojide pek bulunmayan, fakat benim sevdi\u011fim ve cebir uzaylar\u0131na ait bir kavram: Bir uzay\u0131n boyut say\u0131s\u0131n\u0131n bulunmas\u0131\u2026 Bizim uzay\u0131m\u0131z \u00fc\u00e7 boyutludur. Dolay\u0131s\u0131yla bir cismin yerini belirlemem i\u00e7in bize \u00fc\u00e7 say\u0131 gereklidir. Bu mesela enlem, boylam ve y\u00fckseklik olabilir. Enlem ve boylam yetmez mi? Yetmez. Bu ikisi sizin ya\u015fad\u0131\u011f\u0131n\u0131z apartman\u0131 tarif edebilir ama ka\u00e7\u0131nc\u0131 katta bulundu\u011funuzu belirtmezseniz, arayan sizi bulamaz. Bir u\u00e7a\u011f\u0131n yerini tayin i\u00e7in de o andaki eylem ve boylam\u0131na ilaveten hangi y\u00fckseklikte u\u00e7tu\u011funu da bildirmeniz gerekir. Bizim uzay\u0131m\u0131z \u00fc\u00e7 boyutludur demenin bir anlam\u0131 da \u015fudur: \u00dc\u00e7 say\u0131 bir cismin yerini tayin eder. \u0130ki say\u0131 yetmez. Fakat d\u00f6rt say\u0131 da gereksizdir. \u00dc\u00e7 koordinat ve sadece \u00fc\u00e7 koordinat l\u00e2z\u0131md\u0131r, ne eksik, ne fazla.<\/p>\n<p>Kolay gibi duruyor ama g\u00f6r\u00fcnd\u00fc\u011f\u00fc kadar da kolay de\u011fil asl\u0131nda. D\u00fc\u015f\u00fcn\u00fcn ki enlem ve boylam tamamen itibar\u00ee \u00f6l\u00e7\u00fclerdir. \u0130ngiltere\u2019nin g\u00fc\u00e7l\u00fc oldu\u011fu \u00e7a\u011flarda ba\u015fkent Londra\u2019n\u0131n Greenwich semtindeki rasathaneden ge\u00e7en meridyene s\u0131f\u0131r demi\u015fler. Bamba\u015fka kabuller de yap\u0131labilirdi. Ekvator, oradan de\u011fil de mesela kutuplardan \u2014kutuptan kutba\u2014 ge\u00e7irilebilirdi. Boylamlar\u0131n tepe noktalar\u0131 da bug\u00fcnk\u00fc ekvatorun iki ucundan\u2026 Asl\u0131nda d\u00fcnyan\u0131n koordinatlar\u0131n\u0131 tayinde sonsuz imk\u00e2n\u0131 vard\u0131r. Tek \u015fey de\u011fi\u015fmez: \u00dc\u00e7 say\u0131 k\u00e2fidir. \u00c7\u00fcnk\u00fc uzay\u0131m\u0131z \u00fc\u00e7 boyutludur.<\/p>\n<p><strong>G\u00fc\u00e7l\u00fc ve m\u00fcreffeh toplum uzay\u0131 ka\u00e7 boyutlu?<\/strong><\/p>\n<p>Fizik, astronomi, matematik sosyal bilimlere k\u0131yasla basit. Toplum bilimlerinin, ekonominin, siyasetin uzaylar\u0131n\u0131n koordinatlar\u0131n\u0131 belirlemek her babayi\u011fidin harc\u0131 de\u011fil.<\/p>\n<p>\u0130\u015fte sorulan soru bu a\u011f\u0131rl\u0131kta bir sorudur: Elinizde sihirli bir de\u011fnek veya Alaaddin\u2019in lambas\u0131 var. \u00dc\u00e7 \u015fey isteme hakk\u0131n\u0131z da\u2026 T\u00fcrkiye\u2019nin s\u0131rt\u0131 yere gelmez, m\u00fcreffeh bir \u00fclke olmas\u0131 i\u00e7in isteyece\u011finiz \u00fc\u00e7 \u015fey nedir. Bu soru uzay\u0131n \u00fc\u00e7 boyutlu oldu\u011funu kabul ediyor. K\u00f6k sebep analizinde de \u00fc\u00e7 adet k\u00f6k sebebin bulundu\u011funu.<\/p>\n<p>Peki, fazla s\u0131kmay\u0131n kendinizi\u2026 \u0130sterseniz iki dilek dileyin. \u00c7ok laz\u0131msa d\u00f6rt\u2026 Burada i\u015fin i\u00e7ine ba\u015fka fakt\u00f6rler de giriyor. Dedik ya, i\u015fler fizik, astronomi, matematik kadar basit de\u011fil. Bu bilimlerde bulunmayan ba\u015fka bir \u015fey var\u2026 \u015e\u00f6yle soral\u0131m sorumuzu: T\u00fcrkiye\u2019nin g\u00fc\u00e7l\u00fc ve m\u00fcreffeh olmas\u0131n\u0131 sa\u011flayacak <em>en etkili<\/em> \u00fc\u00e7 unsur nedir? \u00dc\u00e7 <em>ba\u015f<\/em> unsur nedir?<\/p>\n<p>H\u00e2zirunun a\u011fz\u0131ndan derhal ilk unsur d\u00f6k\u00fcl\u00fcverdi. Bu kolay cevapt\u0131: <em>E\u011fitim<\/em>! E\u011fitimsiz toplumun ne g\u00fc\u00e7l\u00fc ne de m\u00fcreffeh olamayaca\u011f\u0131 o kadar a\u00e7\u0131kt\u0131 ki. Hatta e\u011fitimsiz toplum toplum bile olamaz. Toplumun unsurlar\u0131 kendi \u00e7\u0131karlar\u0131 i\u00e7in \u00e7al\u0131\u015ft\u0131klar\u0131n\u0131 zanneder, bir birine nefretle bakar ve d\u00fc\u015fer, d\u00fc\u015fer, d\u00fc\u015ferler\u2026 \u0130\u015fte PISA\u2019n\u0131n, PIAAC\u2019\u0131n, sosyal sermaye indeksimizin, g\u00fcven indeksimizin al\u00e7akl\u0131\u011f\u0131 ve durdu\u011fu dip noktadan da k\u00f6t\u00fcs\u00fc, y\u0131ldan y\u0131la d\u00fc\u015fme\u011fe devam etmesi bu sebeple vahimdi. Bunlar u\u00e7uruma gidi\u015fin i\u015faretleridir. Y\u00fcz k\u00fcsur y\u0131l sonra yeni Balkan felaketlerinin ilk i\u015faretleridir.<\/p>\n<p><strong>\u0130kinci dile\u011fimiz? <\/strong><\/p>\n<p>\u0130kinci dile\u011fimizi belirlememiz biraz daha uzun s\u00fcrd\u00fc. Bu sefer saniyeler i\u00e7inde de\u011fil, dakikalar i\u00e7inde fikir birli\u011fine vard\u0131k. Bu var\u0131\u015fa bir arkada\u015f\u0131m\u0131z\u0131n okudu\u011fu Yusuf Has Hacib\u2019in de yard\u0131m\u0131 oldu:<\/p>\n<p style=\"text-align: center;\"><em>Bu il tutguka k\u00f6p er at s\u00fc kerek<br \/>\nEr at tutgukaneng tavar t\u00fc kerek<\/em><\/p>\n<p style=\"text-align: center;\"><em>Bu neng alguka bir kerek bay budun<br \/>\nBudun bayl\u0131k\u0131nga t\u00f6r\u00fc t\u00fcz kodun<\/em><\/p>\n<p style=\"text-align: center;\"><em>Bularda biri kalsa t\u00f6rti kalur<br \/>\nBu t\u00f6rti yime kalsa beglik ulur<\/em><\/p>\n<p>Re\u015fit Rahmeti Arat\u2019\u0131n g\u00fcn\u00fcm\u00fcz T\u00fcrk\u00e7esine terc\u00fcmesi de \u015f\u00f6yle:<\/p>\n<p style=\"text-align: center;\">Memleket tutmak i\u00e7in \u00e7ok asker ve ordu laz\u0131md\u0131r.<br \/>\nAskeri beslemek i\u00e7in de \u00e7ok mal (tavar) ve servete ihtiya\u00e7 vard\u0131r.<\/p>\n<p style=\"text-align: center;\">Bu mal\u0131 elde etmek i\u00e7in halk\u0131n zengin olmas\u0131 gerektir.<br \/>\nHalk\u0131n zengin olmas\u0131n i\u00e7in de, do\u011fru kanunlar (t\u00f6re) konulmal\u0131d\u0131r.<\/p>\n<p style=\"text-align: center;\">Bunlardan biri ihmal edilirse d\u00f6rd\u00fc de kal\u0131r<br \/>\nD\u00f6rd\u00fc birden ihmal edilirse, beylik \u00e7\u00f6z\u00fclmeye y\u00fcz tutar.<\/p>\n<p>Evet! Alaaddin\u2019in lambas\u0131ndan \u00e7\u0131kan cinden ikinci dile\u011fimiz hukukun tesisiydi. T\u0131pk\u0131 e\u011fitim gibi, t\u0131pk\u0131 ordu gibi i\u00e7inde y\u0131k\u0131m \u00fcst\u00fcne y\u0131k\u0131m\u0131n, katliam \u00fcst\u00fcne katliam\u0131n yap\u0131ld\u0131\u011f\u0131 hukuk kurumumuzun. D\u00fcnya Hukuk Projesi \u00f6l\u00e7\u00fcmleri de e\u011fitim kalitemize ait \u00f6l\u00e7\u00fcmlerden pek farkl\u0131 de\u011fil. Yine diplerdeyiz ve dipte bulunmakla yetinmiyor, her ge\u00e7en y\u0131l biraz daha dibe y\u00f6neliyoruz!<\/p>\n<p>Hukukun tesisi, hukuk bilgisine, vicdana, ahl\u00e2ka sahip hukuk\u00e7ular\u0131 ve yaln\u0131z bunlar\u0131 sistem i\u00e7inde tutan ve onlara siyas\u00ee veya madd\u00ee, hi\u00e7bir endi\u015fe duyurmayan bir ortamd\u0131.<\/p>\n<p><strong>E\u011fitim ve hukuk\u2026 Ba\u015fka?<\/strong><\/p>\n<p>E\u011fitim dileriz, hukuk dileriz! Ba\u015fka bir \u015fey dilememize gerek var m\u0131yd\u0131?<\/p>\n<p>Bir arkada\u015f\u0131m\u0131z, \u201c<em>de\u011ferler<\/em>\u201d dedi. Bir ba\u015fka arkada\u015f\u0131m\u0131z, \u201c<em>De\u011ferler \u00e7ok mu\u011flak, mill\u00ee de\u011ferler diyelim<\/em>\u201d diye ilave etti. E\u011fitim sahibi insanlardan, yani d\u00fcnyay\u0131 g\u00f6r\u00fcp anlayabilme ve olup biteni do\u011fru te\u015fhis edebilme yetene\u011fine sahip insanlardan kurulu, hukuk sayesinde tehdit ve endi\u015felerden uzak ya\u015fayan bir toplumun mill\u00ee de\u011ferleri kendili\u011finden ke\u015ffedece\u011fi, mill\u00ee de\u011ferlere sayg\u0131 duyman\u0131n ve milliyet\u00e7ili\u011fin, sa\u011fl\u0131kl\u0131 toplumlarda kendili\u011finden olu\u015faca\u011f\u0131 s\u00f6ylendi.<\/p>\n<p>Ve yine s\u00f6ylendi ki, 1944\u2019ten beri bu tabi\u00ee gidi\u015fin, tabi\u00ee milliyet\u00e7ili\u011fin \u00f6n\u00fc bizzat devlet\u00e7e kesilmi\u015fti. Milliyet\u00e7ilik aleyhtarl\u0131\u011f\u0131, \u201c\u0131rk\u00e7\u0131l\u0131k- Turanc\u0131l\u0131k\u201d etiketi alt\u0131nda topluma bir cendere gibi giydirilmi\u015fti. Toplumun tabi\u00ee \u015fuurlanmas\u0131 ketlenirken, bo\u015fluk kabul etmeyen tabiat, milliyet\u00e7ili\u011fin yerini ba\u015fka ideolojilerin doldurmas\u0131na kap\u0131y\u0131 a\u00e7m\u0131\u015ft\u0131. Bu arada b\u00fct\u00fcn bunlar\u0131 tart\u0131\u015f\u0131rken asl\u0131nda 1944\u2019teki olaylar\u0131n da \u00f6nceden kurguland\u0131\u011f\u0131n\u0131 bir arkada\u015f\u0131m\u0131z bize ayr\u0131nt\u0131lar\u0131yla anlatt\u0131. Ortak iste\u011fimizle bu anlatt\u0131klar\u0131n\u0131 bize yaz\u0131l\u0131 olarak da iletince hemen sitemize <a href=\"http:\/\/misak.millidusunce.com\/yetmis-sekiz-yil-once-kurulan-bir-komplo-mu\/\">koyduk<\/a>.<\/p>\n<p>\u0130nsanlar\u0131m\u0131z do\u011funun ve bat\u0131n\u0131n emperyalizminin aleti ideolojilerin \u00f6n\u00fcnde savruldu. Daha sonralar\u0131 mucizeleri kendinden menkul kutsal insanlar\u0131n pe\u015finde kendi devletlerini y\u0131kma\u011fa y\u00f6neldiler. Devlet kendini tehdit eden bu insanlar\u0131 yakalay\u0131p hapse att\u0131 ama bir an durup da, \u201c<strong>Ni\u00e7in bu sapmalar hep bizim ba\u015f\u0131m\u0131za geliyor?\u201d<\/strong> sorusunu sormad\u0131. \u015eu veya bu ideolojinin, \u015fu veya bu g\u00fcc\u00fcn hesab\u0131na harekete ge\u00e7ti\u011fi i\u00e7in cezaland\u0131rmak zorunda kald\u0131\u011f\u0131m\u0131z insanlar da bizim insanlar\u0131m\u0131zd\u0131 asl\u0131nda ve onlar\u0131n bu s\u00fcr\u00fcklenmeleri de bizim kabahatimizdi. Devletin k\u0131rm\u0131z\u0131 kitab\u0131nda milliyet\u00e7ilik h\u00e2l\u00e2 tehditler aras\u0131nda say\u0131l\u0131r.<\/p>\n<p><strong>Bu uzay da \u00fc\u00e7 boyutlu- veya d\u00f6rt<\/strong><\/p>\n<p>Belki mill\u00ee de\u011ferleri ayr\u0131ca saymak gereksizdir. Mill\u00ee de\u011ferlere sayg\u0131, milliyet\u00e7ilik, e\u011fitimli toplumda kendili\u011finden olu\u015facak bir histir, e\u011fer\u2026 E\u011fer y\u00f6netim ne yapt\u0131\u011f\u0131n\u0131 biliyorsa. Hangi y\u00f6netim? Devleti, iktidar\u0131 y\u00f6neten y\u00f6netim. \u0130lk i\u015f bu y\u00f6netime getirileceklerin e\u011fitimi ve onlar\u0131n hukuka ba\u011fl\u0131l\u0131\u011f\u0131. Ve onlar\u0131n hukuka ba\u011flanacaklar\u0131n\u0131 garanti alt\u0131na alacak bir e\u011fitim, hukuk ve de\u011ferler sistemi.<\/p>\n<p>Y\u00f6neticilerin \u00f6nce kimi ne i\u00e7in ve nereye do\u011fru y\u00f6neteceklerini bilmeleri ve bunu ba\u015faracak bilgiye ve beceriye sahip olmalar\u0131\u2026 E\u011fitim.<\/p>\n<p>Art\u0131k \u00e7emberler i\u00e7inde konu\u015fmaya ba\u015fl\u0131yoruz. \u00c7\u00fcnk\u00fc problemin boyutlar\u0131 tarif edilmi\u015ftir. K\u00f6k sebepler bulunmu\u015ftur. Bu uzay da \u00fc\u00e7 boyutludur: E\u011fitim- hukuk- y\u00f6netim. Haydi, planlamay\u0131 kolayla\u015ft\u0131rmak i\u00e7in d\u00f6rde \u00e7\u0131karal\u0131m: E\u011fitim-hukuk- y\u00f6netim ve milliyet\u00e7ilik.<\/p>\n<p>Bunlar bilmedi\u011fimiz, d\u00fc\u015f\u00fcnmedi\u011fimiz kavramlar de\u011fildi. Fakat MDM-M\u0130SAK\u2019\u0131n bu toplant\u0131s\u0131 sayesinde yeniden onlarla kucakla\u015ft\u0131k ve bunca s\u0131k\u0131nt\u0131, k\u00f6t\u00fcye i\u015faret eden bunca indikat\u00f6r\u00fcn bunalt\u0131s\u0131 alt\u0131ndan biraz do\u011frulduk, biraz nefes ald\u0131k ve ferahlad\u0131k. Ne yapaca\u011f\u0131m\u0131z\u0131 bilmek g\u00fczeldi. Yapabilmek\u2026 O vatan kurtarman\u0131n ikinci safhas\u0131.<\/p>\n","protected":false},"excerpt":{"rendered":"<p>T\u00fcrkiye yeni sanayi dalgas\u0131n\u0131 yakalayabilecek mi? D\u00fcnyada bilimsel geli\u015fmeler ve gelecek konulu ufuk a\u00e7\u0131c\u0131 bir beyin f\u0131rt\u0131nas\u0131ndan sonra \u0130skender \u00d6ks\u00fcz bu sorunun cevab\u0131n\u0131 ar\u0131yor. \u00d6ks\u00fcz&#8217;e g\u00f6re cevaplar belli, ama niyet var m\u0131?<\/p>\n","protected":false},"author":1,"featured_media":497,"comment_status":"open","ping_status":"open","sticky":false,"template":"","format":"standard","meta":{"_links_to":"","_links_to_target":""},"categories":[60,62,2,68],"tags":[],"yoast_head":"<!-- This site is optimized with the Yoast SEO plugin v16.0.2 - https:\/\/yoast.com\/wordpress\/plugins\/seo\/ -->\n<title>Vatan Kurtarmak - M\u0130SAK- Mill\u00ee Strateji Ara\u015ft\u0131rma Kurulu<\/title>\n<link rel=\"canonical\" href=\"https:\/\/millidusunce.com\/misak\/vatan-kurtarmak\/\" \/>\n<meta property=\"og:locale\" content=\"tr_TR\" \/>\n<meta property=\"og:type\" content=\"article\" \/>\n<meta property=\"og:title\" content=\"Vatan Kurtarmak - M\u0130SAK- Mill\u00ee Strateji Ara\u015ft\u0131rma Kurulu\" \/>\n<meta property=\"og:description\" content=\"T\u00fcrkiye yeni sanayi dalgas\u0131n\u0131 yakalayabilecek mi? D\u00fcnyada bilimsel geli\u015fmeler ve gelecek konulu ufuk a\u00e7\u0131c\u0131 bir beyin f\u0131rt\u0131nas\u0131ndan sonra \u0130skender \u00d6ks\u00fcz bu sorunun cevab\u0131n\u0131 ar\u0131yor. \u00d6ks\u00fcz&#039;e g\u00f6re cevaplar belli, ama niyet var m\u0131?\" \/>\n<meta property=\"og:url\" content=\"https:\/\/millidusunce.com\/misak\/vatan-kurtarmak\/\" \/>\n<meta property=\"og:site_name\" content=\"M\u0130SAK- Mill\u00ee Strateji Ara\u015ft\u0131rma Kurulu\" \/>\n<meta property=\"article:published_time\" content=\"2017-11-24T14:51:22+00:00\" \/>\n<meta property=\"article:modified_time\" content=\"2018-03-10T08:42:33+00:00\" \/>\n<meta property=\"og:image\" content=\"https:\/\/millidusunce.com\/misak\/wp-content\/uploads\/2017\/11\/Parent27s_day_at_Eirfan27s_Kindergarten.jpg\" \/>\n\t<meta property=\"og:image:width\" content=\"3264\" \/>\n\t<meta property=\"og:image:height\" content=\"2448\" \/>\n<meta name=\"twitter:card\" content=\"summary_large_image\" \/>\n<meta name=\"twitter:label1\" content=\"Tahmini okuma s\u00fcresi\">\n\t<meta name=\"twitter:data1\" content=\"10 dakika\">\n<script type=\"application\/ld+json\" class=\"yoast-schema-graph\">{\"@context\":\"https:\/\/schema.org\",\"@graph\":[{\"@type\":\"Organization\",\"@id\":\"https:\/\/millidusunce.com\/misak\/#organization\",\"name\":\"Mill\\u00ee D\\u00fc\\u015f\\u00fcnce Merkezi\",\"url\":\"https:\/\/millidusunce.com\/misak\/\",\"sameAs\":[],\"logo\":{\"@type\":\"ImageObject\",\"@id\":\"https:\/\/millidusunce.com\/misak\/#logo\",\"inLanguage\":\"tr\",\"url\":\"https:\/\/millidusunce.com\/misak\/wp-content\/uploads\/2018\/09\/mdmLogo-yazisiz.jpg\",\"width\":422,\"height\":422,\"caption\":\"Mill\\u00ee D\\u00fc\\u015f\\u00fcnce Merkezi\"},\"image\":{\"@id\":\"https:\/\/millidusunce.com\/misak\/#logo\"}},{\"@type\":\"WebSite\",\"@id\":\"https:\/\/millidusunce.com\/misak\/#website\",\"url\":\"https:\/\/millidusunce.com\/misak\/\",\"name\":\"M\\u0130SAK- Mill\\u00ee Strateji Ara\\u015ft\\u0131rma Kurulu\",\"description\":\"D\\u00fcnyaya T\\u00fcrk\\u00e7\\u00fc Bak\\u0131\\u015f\",\"publisher\":{\"@id\":\"https:\/\/millidusunce.com\/misak\/#organization\"},\"potentialAction\":[{\"@type\":\"SearchAction\",\"target\":\"https:\/\/millidusunce.com\/misak\/?s={search_term_string}\",\"query-input\":\"required name=search_term_string\"}],\"inLanguage\":\"tr\"},{\"@type\":\"ImageObject\",\"@id\":\"https:\/\/millidusunce.com\/misak\/vatan-kurtarmak\/#primaryimage\",\"inLanguage\":\"tr\",\"url\":\"https:\/\/millidusunce.com\/misak\/wp-content\/uploads\/2017\/11\/Parent27s_day_at_Eirfan27s_Kindergarten.jpg\",\"width\":3264,\"height\":2448},{\"@type\":\"WebPage\",\"@id\":\"https:\/\/millidusunce.com\/misak\/vatan-kurtarmak\/#webpage\",\"url\":\"https:\/\/millidusunce.com\/misak\/vatan-kurtarmak\/\",\"name\":\"Vatan Kurtarmak - M\\u0130SAK- Mill\\u00ee Strateji Ara\\u015ft\\u0131rma Kurulu\",\"isPartOf\":{\"@id\":\"https:\/\/millidusunce.com\/misak\/#website\"},\"primaryImageOfPage\":{\"@id\":\"https:\/\/millidusunce.com\/misak\/vatan-kurtarmak\/#primaryimage\"},\"datePublished\":\"2017-11-24T14:51:22+00:00\",\"dateModified\":\"2018-03-10T08:42:33+00:00\",\"breadcrumb\":{\"@id\":\"https:\/\/millidusunce.com\/misak\/vatan-kurtarmak\/#breadcrumb\"},\"inLanguage\":\"tr\",\"potentialAction\":[{\"@type\":\"ReadAction\",\"target\":[\"https:\/\/millidusunce.com\/misak\/vatan-kurtarmak\/\"]}]},{\"@type\":\"BreadcrumbList\",\"@id\":\"https:\/\/millidusunce.com\/misak\/vatan-kurtarmak\/#breadcrumb\",\"itemListElement\":[{\"@type\":\"ListItem\",\"position\":1,\"item\":{\"@type\":\"WebPage\",\"@id\":\"https:\/\/millidusunce.com\/misak\/\",\"url\":\"https:\/\/millidusunce.com\/misak\/\",\"name\":\"Anasayfa\"}},{\"@type\":\"ListItem\",\"position\":2,\"item\":{\"@type\":\"WebPage\",\"@id\":\"https:\/\/millidusunce.com\/misak\/vatan-kurtarmak\/\",\"url\":\"https:\/\/millidusunce.com\/misak\/vatan-kurtarmak\/\",\"name\":\"Vatan Kurtarmak\"}}]},{\"@type\":\"Article\",\"@id\":\"https:\/\/millidusunce.com\/misak\/vatan-kurtarmak\/#article\",\"isPartOf\":{\"@id\":\"https:\/\/millidusunce.com\/misak\/vatan-kurtarmak\/#webpage\"},\"author\":{\"@id\":\"https:\/\/millidusunce.com\/misak\/#\/schema\/person\/8492802fd585dac4a29b2aefbffa45c8\"},\"headline\":\"Vatan Kurtarmak\",\"datePublished\":\"2017-11-24T14:51:22+00:00\",\"dateModified\":\"2018-03-10T08:42:33+00:00\",\"mainEntityOfPage\":{\"@id\":\"https:\/\/millidusunce.com\/misak\/vatan-kurtarmak\/#webpage\"},\"commentCount\":0,\"publisher\":{\"@id\":\"https:\/\/millidusunce.com\/misak\/#organization\"},\"image\":{\"@id\":\"https:\/\/millidusunce.com\/misak\/vatan-kurtarmak\/#primaryimage\"},\"articleSection\":\"B\\u0130L\\u0130M-TEKNOLOJ\\u0130,E\\u011e\\u0130T\\u0130M-K\\u00dcLT\\u00dcR,T\\u00dcRKL\\u00dcK-T\\u00dcRK\\u00c7\\u00dcL\\u00dcK\",\"inLanguage\":\"tr\",\"potentialAction\":[{\"@type\":\"CommentAction\",\"name\":\"Comment\",\"target\":[\"https:\/\/millidusunce.com\/misak\/vatan-kurtarmak\/#respond\"]}]},{\"@type\":\"Person\",\"@id\":\"https:\/\/millidusunce.com\/misak\/#\/schema\/person\/8492802fd585dac4a29b2aefbffa45c8\",\"name\":\"\\u0130skender \\u00d6ks\\u00fcz\",\"image\":{\"@type\":\"ImageObject\",\"@id\":\"https:\/\/millidusunce.com\/misak\/#personlogo\",\"inLanguage\":\"tr\",\"url\":\"https:\/\/secure.gravatar.com\/avatar\/140e9c7480a1258a2d274125ec8d1787?s=96&d=mm&r=g\",\"caption\":\"\\u0130skender \\u00d6ks\\u00fcz\"},\"description\":\"Prof. Dr. \\u0130skender \\u00d6ks\\u00fcz E\\u011fitim: 1969 Yale University (Ph.D.) 1968 Yale University (MS) 1966 Ege \\u00dcniversitesi (Kimya-Fizik Lisans\\u0131) \\u0130\\u015f hayat\\u0131: 2002-2012: Prof., Gazi \\u00dcniversitesi M\\u00fchendislik Fak\\u00fcltesi, Kimya M\\u00fchendisli\\u011fi B\\u00f6l\\u00fcm\\u00fc. 1987-2002: Sa\\u011fl\\u0131k, bili\\u015fim, e\\u011fitim sekt\\u00f6rlerinde \\u00e7e\\u015fitli firmalarda profesyonel \\u00fcst y\\u00f6netici. \\u00c7e\\u015fitli \\u015firketlerde y\\u00f6netim kurulu \\u00fcyeli\\u011fi, genel m\\u00fcd\\u00fcrl\\u00fck, holding genel koordinat\\u00f6rl\\u00fc\\u011f\\u00fc. 1981-1987: Prof., University of Petroleum and Minerals, Suudi Arabistan\\u2019da akademik ve idari g\\u00f6revler, bilgisayar destekli \\u00f6\\u011fretim koordinat\\u00f6r\\u00fc, yeni \\u00f6\\u011fretim \\u00fcyesi se\\u00e7imi ve terfi komitesi \\u00fcyeli\\u011fi. 1968-1981: B\\u00f6l\\u00fcm ba\\u015fkanl\\u0131\\u011f\\u0131, rekt\\u00f6r yard\\u0131mc\\u0131l\\u0131\\u011f\\u0131, rekt\\u00f6r vekilli\\u011fi (ODT\\u00dc), k\\u00fcrs\\u00fc ba\\u015fkanl\\u0131\\u011f\\u0131, senato \\u00fcyeli\\u011fi (ADMMA), T\\u00fcrkiye Atom Enerjisi Komisyonu 7. D\\u00f6nem \\u00fcyeli\\u011fi, Atom enerjisi konusunda bakan dan\\u0131\\u015fmanl\\u0131\\u011f\\u0131. T\\u00f6re-Devlet Yay\\u0131nevi y\\u00f6neticisi. Bilimsel yay\\u0131nlar: 30\\u2019un \\u00fcst\\u00fcnde bilimsel yay\\u0131n\\u0131 700\\u2019\\u00fcn \\u00fczerinde at\\u0131f alm\\u0131\\u015ft\\u0131r. Y\\u00f6netim uzmanl\\u0131k alanlar\\u0131: Sa\\u011fl\\u0131k, toplam kalite y\\u00f6netimi, bili\\u015fim ve pazarlama. Bilimsel uzmanl\\u0131k alanlar\\u0131: Teorik kimya, fiziko-kimya, bilgisayar uygulamalar\\u0131 ve programlama. Siyasi - sosyal \\u00e7al\\u0131\\u015fmalar: K\\u00dcB\\u0130TEM (K\\u00fclt\\u00fcr, Bilim ve Teknik Merkezi) kuruculu\\u011fu, T\\u00fcrkoca\\u011f\\u0131 Hars Heyeti ve Y\\u00f6netim Kurulu \\u00fcyeli\\u011fi, Mill\\u00ee D\\u00fc\\u015f\\u00fcnce Merkezi Y\\u00f6netim Kurulu \\u00fcyeli\\u011fi; T\\u00f6re, Devlet, Bozkurt, T\\u00fcrk Yurdu dergilerinde makale ve ba\\u015fka yaz\\u0131lar. Son Havadis, Yeni Ufuk, Ayy\\u0131ld\\u0131z gazetelerinde k\\u00f6\\u015fe yazarl\\u0131\\u011f\\u0131. Kitap: - T\\u00fcrk Milliyet\\u00e7ili\\u011fi Fikir Sistemi -Teori- (1977; son bask\\u0131 2016) - T\\u00fcrk\\u2019\\u00fcm \\u00d6z\\u00fcr Dilerim (2013, son bask\\u0131 2016) - Ni\\u00e7in (Geri Kald\\u0131k)? Tarih- Devlet-Ekonomi-Y\\u00f6netim (2014, son bask\\u0131 2017) - Millet ve Milliyet\\u00e7ilik (2016), - Alt Ak\\u0131l: Aptallar ve Diktat\\u00f6rler (2017) - Bilim, Din ve T\\u00fcrk\\u00e7\\u00fcl\\u00fck (2018)\"}]}<\/script>\n<!-- \/ Yoast SEO plugin. -->","_links":{"self":[{"href":"https:\/\/millidusunce.com\/misak\/wp-json\/wp\/v2\/posts\/495"}],"collection":[{"href":"https:\/\/millidusunce.com\/misak\/wp-json\/wp\/v2\/posts"}],"about":[{"href":"https:\/\/millidusunce.com\/misak\/wp-json\/wp\/v2\/types\/post"}],"author":[{"embeddable":true,"href":"https:\/\/millidusunce.com\/misak\/wp-json\/wp\/v2\/users\/1"}],"replies":[{"embeddable":true,"href":"https:\/\/millidusunce.com\/misak\/wp-json\/wp\/v2\/comments?post=495"}],"version-history":[{"count":0,"href":"https:\/\/millidusunce.com\/misak\/wp-json\/wp\/v2\/posts\/495\/revisions"}],"wp:featuredmedia":[{"embeddable":true,"href":"https:\/\/millidusunce.com\/misak\/wp-json\/wp\/v2\/media\/497"}],"wp:attachment":[{"href":"https:\/\/millidusunce.com\/misak\/wp-json\/wp\/v2\/media?parent=495"}],"wp:term":[{"taxonomy":"category","embeddable":true,"href":"https:\/\/millidusunce.com\/misak\/wp-json\/wp\/v2\/categories?post=495"},{"taxonomy":"post_tag","embeddable":true,"href":"https:\/\/millidusunce.com\/misak\/wp-json\/wp\/v2\/tags?post=495"}],"curies":[{"name":"wp","href":"https:\/\/api.w.org\/{rel}","templated":true}]}}