{"id":5254,"date":"2019-01-07T19:30:00","date_gmt":"2019-01-07T16:30:00","guid":{"rendered":"http:\/\/misak.millidusunce.com?p=5254&#038;preview=true&#038;preview_id=5254"},"modified":"2022-02-14T15:39:37","modified_gmt":"2022-02-14T12:39:37","slug":"yonetilemez-hale-getirilen-devlet-turkiye","status":"publish","type":"post","link":"https:\/\/millidusunce.com\/misak\/yonetilemez-hale-getirilen-devlet-turkiye\/","title":{"rendered":"Y\u00f6netilemez hale getirilen devlet: T\u00fcrkiye"},"content":{"rendered":"<p><a href=\"http:\/\/misak.millidusunce.com\/wp-content\/uploads\/2019\/01\/erdogan-yenikapi-sehitler.jpg\"><img loading=\"lazy\" class=\"aligncenter wp-image-5306 size-full\" src=\"http:\/\/misak.millidusunce.com\/wp-content\/uploads\/2019\/01\/erdogan-yenikapi-sehitler.jpg\" alt=\"\" width=\"615\" height=\"410\" srcset=\"https:\/\/millidusunce.com\/misak\/wp-content\/uploads\/2019\/01\/erdogan-yenikapi-sehitler.jpg 615w, https:\/\/millidusunce.com\/misak\/wp-content\/uploads\/2019\/01\/erdogan-yenikapi-sehitler-150x100.jpg 150w, https:\/\/millidusunce.com\/misak\/wp-content\/uploads\/2019\/01\/erdogan-yenikapi-sehitler-300x200.jpg 300w\" sizes=\"(max-width: 615px) 100vw, 615px\" \/><\/a><\/p>\n<p>Yeni bir y\u0131la girdik. \u0130nsano\u011flu i\u00e7in her do\u011fan g\u00fcn yeni umutlar, g\u00fczellikler mutluluklar demektir. \u0130lerlemek, geli\u015fmek, bug\u00fcn\u00fcn d\u00fcnden ileride ve iyi olmas\u0131, yar\u0131na dair olumlu beklentileri olu\u015fturur. Yeni y\u0131l\u0131n ilk g\u00fcnleri \u00f6yle mi? Gelece\u011fe dair beklentiler nas\u0131l? Bunlara dair de\u011ferlendirme ka\u00e7\u0131n\u0131lmaz bir gereklilik.<\/p>\n<p>2017&#8217;nin sonuna do\u011fru yazd\u0131\u011f\u0131m yaz\u0131n\u0131n ba\u015fl\u0131\u011f\u0131 <a href=\"https:\/\/millidusunce.com\/misak\/yonetenlerin-yonetemez-hale-geldigi-ulke-turkiye\/\" target=\"_blank\" rel=\"noopener noreferrer\"><em>Y\u00f6netenlerin y\u00f6netemez hale geldi\u011fi \u00fclke: T\u00fcrkiye<\/em><\/a> idi. 21\u2019inci y\u00fczy\u0131l\u0131n ba\u015f\u0131ndan yaz\u0131n\u0131n yaz\u0131ld\u0131\u011f\u0131 tarihe kadar ya\u015fananlara bak\u0131larak de\u011ferlendirme yap\u0131lm\u0131\u015ft\u0131.<\/p>\n<p>Bu de\u011ferlendirmelerin sonunda <em>\u201cPeki, ne yap\u0131lmal\u0131?\u201d<\/em> sorusuna, <em>&#8220;mill\u00ee bir siyaset \u015fartt\u0131r ve bu siyaseti yeni bir kadro y\u00f6netmelidir&#8221;\u00a0<\/em>cevab\u0131 verilmi\u015fti. Bunun bir mecburiyet oldu\u011fu, <em>\u201c\u015eimdiye kadar izlenen ve de\u011fi\u015fmedi\u011fi g\u00f6r\u00fclen; yanl\u0131\u015fl\u0131klarla ve aldanm\u0131\u015fl\u0131klarla dolu, ideolojik hedeflerine kilitlenmi\u015f, T\u00fcrk kimli\u011fi ile kavgal\u0131 bir y\u00f6netim s\u00fcrd\u00fcr\u00fclebilir olmaktan \u00e7\u0131km\u0131\u015ft\u0131r. B\u00f6yle bir y\u00f6netim olaylar kar\u015f\u0131s\u0131nda, r\u00fczg\u00e2rda u\u00e7u\u015fan yaprak misali, m\u00fctemadiyen b\u00fcy\u00fck savrulmalarla sonu\u00e7lanm\u0131\u015ft\u0131r.\u00a0(\u2026)herhangi bir devlet dahi b\u00f6ylesine s\u0131k ve sert savrulmalarla y\u00f6netilemez.\u201d <\/em>c\u00fcmleleriyle ortaya konmu\u015ftu.<\/p>\n<p>Bu de\u011fi\u015fiklikle, ya\u015fanan krizden \u00e7\u0131k\u0131\u015f i\u00e7in bir yol bulunabilece\u011fi belirtilerek, \u201c<em>bug\u00fcne kadar\u00a0uluslararas\u0131 ili\u015fkilerde izlenen\u00a0kay\u0131t d\u0131\u015f\u0131 diplomasi\u00a0bug\u00fcnk\u00fc tavizlere zemin olu\u015fturabilecektir\u00a0ama bu kay\u0131t d\u0131\u015f\u0131 diplomasi, ayn\u0131 zamanda, ba\u015fka bir kadro elinde f\u0131rsat da olabilecektir. Dolay\u0131s\u0131yla\u00a0yeni bir kadro, bu badireden \u00e7\u0131kabilmek i\u00e7in gerekirse,\u00a0\u015fimdiye kadar olanlar, ge\u00e7mi\u015f y\u00f6netimin yapt\u0131klar\u0131 ya da s\u00f6yledikleriydi\u00a0\u015feklinde bir yakla\u015f\u0131m ile T\u00fcrkiye\u2019nin elini \u00e7ok daha g\u00fc\u00e7l\u00fc hale getirebilecektir. Bu \u015fekilde de devletimiz\u00a0daha kolay manevra yapabilecek\u00a0bir rahatl\u0131\u011fa kavu\u015facakt\u0131r.\u201d <\/em>diye bir teklif yap\u0131lm\u0131\u015ft\u0131.<\/p>\n<p>O g\u00fcnden bug\u00fcne b\u00fcy\u00fck de\u011fi\u015fiklikler ya\u015fand\u0131. \u00d6zellikle d\u0131\u015f siyasette yaln\u0131zla\u015fma, Suriye, K\u0131br\u0131s, Ege Adalar\u0131m\u0131z ve S\u0131\u011f\u0131nmac\u0131lar konular\u0131nda her ge\u00e7en g\u00fcn bask\u0131s\u0131 artan, daralan bir \u00e7emberin i\u00e7inde s\u0131k\u0131\u015fm\u0131\u015f vaziyetteyiz.\u00a0 Hukuk, e\u011fitim, demokrasi, ekonomi, huzur, kutupla\u015fma, sosyal \u00e7\u00f6z\u00fclme, yozla\u015fma, ahlaki bozulma, g\u00fcvenlik konular\u0131nda devasa problemlerle kar\u015f\u0131 kar\u015f\u0131yay\u0131z.<\/p>\n<p>G\u00f6r\u00fcnen, b\u00fcy\u00fck bedeller \u00f6deyerek Sakarya \u0131rma\u011f\u0131 k\u0131y\u0131s\u0131nda durdurdu\u011fumuz iki y\u00fcz y\u0131ll\u0131k geri \u00e7ekili\u015fin, tekrar ba\u015flad\u0131\u011f\u0131. Bunu s\u00f6ylemek bile ac\u0131 vermektedir.<\/p>\n<p>Buraya nas\u0131l geldik, son bir y\u0131lda neler oldu? K\u0131sa k\u0131sa bakal\u0131m.<\/p>\n<h2><strong>\u00d6nce Suriye<\/strong><\/h2>\n<p>Kahraman Ordumuz, bizim i\u00e7in b\u00fcy\u00fck tehdit halini alan Afrin b\u00f6lgesindeki PKK-PYD unsurlar\u0131na kar\u015f\u0131 ba\u015far\u0131l\u0131 bir harek\u00e2t ger\u00e7ekle\u015ftirdi. Zeytin Dal\u0131 harek\u00e2t\u0131 ile tehdit \u015fimdilik durduruldu.<\/p>\n<p>Sonras\u0131nda b\u00f6lgedeki uluslararas\u0131 g\u00fc\u00e7ler ile denge olu\u015fturulmas\u0131 \u00e7al\u0131\u015fmalar\u0131 s\u00fcrd\u00fc. Bu ili\u015fkiler i\u00e7inde, 2017\u2019de Rusya ve \u0130ran ile olu\u015fturulan Astana S\u00fcreci devam ediyordu. Bu do\u011frultuda 4 Nisan\u2019da Ankara ve 7 Eyl\u00fcl\u2019de Tahran liderler zirvesi ger\u00e7ekle\u015fti. Bu toplant\u0131lar\u0131n sonu\u00e7 bildirilerinin \u00fc\u00e7\u00fcnde de <em>Suriye Arap Cumhuriyeti <\/em>vurgusu yap\u0131larak, Suriye\u2019nin toprak b\u00fct\u00fcnl\u00fc\u011f\u00fc ve egemenli\u011fi \u00f6ne \u00e7\u0131kar\u0131l\u0131yordu.<\/p>\n<p>Bu arada ABD ile de bir araya gelerek, \u00f6zellikle, <em>F\u0131rat\u2019\u0131n do\u011fusu ve bat\u0131s\u0131 <\/em>\u00fczerine g\u00f6r\u00fc\u015fmeler ger\u00e7ekle\u015fti. \u00d6zellikle 15 \u015eubat 2018\u2019de Ankara\u2019ya gelen ABD D\u0131\u015fi\u015fleri Bakan\u0131 ile, yine kay\u0131t d\u0131\u015f\u0131 olarak, alt\u0131 saat s\u00fcren toplant\u0131 \u00e7ok dikkat \u00e7ekiciydi. Bu toplant\u0131dan sonraki 15 g\u00fcn i\u00e7inde, ABD D\u0131\u015fi\u015fleri Bakan\u0131 azledildi\u011fi s\u00fcre\u00e7te yap\u0131lan a\u00e7\u0131klamalar, Menbi\u00e7\u2019e dair bir mutabakata var\u0131ld\u0131\u011f\u0131n\u0131 g\u00f6steriyordu. Ancak hayata ge\u00e7en bir \u015fey olmam\u0131\u015ft\u0131.<\/p>\n<p>Yeni ABD D\u0131\u015fi\u015fleri Bakan\u0131 ile 4 Haziran\u2019da bir araya gelindi ve Menbi\u00e7\u2019e dair bir mutabakat a\u00e7\u0131kland\u0131. Bu g\u00f6r\u00fc\u015fmeye dair d\u00fc\u015f\u00fcncelerimiz de <a href=\"https:\/\/millidusunce.com\/misak\/turkiye-ile-abd-munbic-uzlasmasinin-sonuclari-uzerine\/\" target=\"_blank\" rel=\"noopener noreferrer\">T\u00fcrkiye ile ABD (M\u00fcnbi\u00e7) uzla\u015fmas\u0131n\u0131n sonu\u00e7lar\u0131 \u00fczerine<\/a> yaz\u0131m\u0131zda geni\u015f bir \u015fekilde ele al\u0131nm\u0131\u015ft\u0131.<\/p>\n<p>Bu g\u00f6r\u00fc\u015fme sonras\u0131nda yap\u0131lan a\u00e7\u0131klamalarda ABD S\u00f6zc\u00fcs\u00fc, <em>\u201cABD ile T\u00fcrk h\u00fck\u00fcmeti M\u00fcnbi\u00e7 b\u00f6lgesine istikrar ve \u00f6z y\u00f6netim getirecek bir anla\u015fmaya vard\u0131. Biz bunun M\u00fcnbi\u00e7 halk\u0131 d\u00e2hil t\u00fcm taraflar\u0131n kabul edebilece\u011fi bir \u00e7er\u00e7eve oldu\u011funa inan\u0131yoruz.\u201d, <\/em>D\u0131\u015fi\u015fleri Bakan\u0131 \u00c7avu\u015fo\u011flu da<em>, \u201cM\u00fcnbi\u00e7 i\u00e7in T\u00fcrkiye, ABD, Ba\u011fdat ve Erbil\u2019in d\u00f6rtl\u00fc bir i\u015f birli\u011f<strong>i<\/strong>nin olaca\u011f\u0131\u201d\u00a0<\/em>a\u00e7\u0131klamalar\u0131 yapm\u0131\u015ft\u0131. \u00d6zellikle Menbi\u00e7 i\u00e7in yap\u0131lan g\u00f6r\u00fc\u015fmeye Ba\u011fdat\u2019\u0131n (Irak) ve Erbil\u2019in (IKBY- Barzani) de s\u00f6z sahibi edilmesi \u00e7ok \u00f6nemlidir. Egemenli\u011fine, birli\u011fine ve toprak b\u00fct\u00fcnl\u00fc\u011f\u00fcne devaml\u0131 vurgu yap\u0131lan Suriye\u2019de par\u00e7al\u0131 devlet istendi\u011fi anlam\u0131na gelmektedir. Ki Suriye\u2019de b\u00f6yle bir yap\u0131 do\u011frudan T\u00fcrkiye\u2019nin vatan b\u00fct\u00fcnl\u00fc\u011f\u00fcn\u00fc ve T\u00fcrk Milletinin birli\u011fini tehlikeye atacakt\u0131r.<\/p>\n<p>Bu a\u00e7\u0131klamalar ile, olu\u015facak b\u00f6yle bir tehlikenin yan\u0131 s\u0131ra,\u00a0 gerek So\u00e7i gerekse Ankara\u2019da yap\u0131lan Liderler Zirvesinin sonu\u00e7 a\u00e7\u0131klamalar\u0131ndaki <em>\u201cSuriye Arap Cumhuriyeti, Suriye\u2019nin egemenli\u011fine, ba\u011f\u0131ms\u0131zl\u0131\u011f\u0131na, birli\u011fine, toprak b\u00fct\u00fcnl\u00fc\u011f\u00fcne\u2026 kuvvetli taahh\u00fct\u201d<\/em> ile <em>\u201cTer\u00f6rle m\u00fccadele kisvesi alt\u0131nda sahada yeni ger\u00e7eklikler yarat\u0131lmas\u0131na dair her t\u00fcrl\u00fc giri\u015fimi<\/em>\u201dn reddedilmesi birbiriyle \u00e7eli\u015fmekte. Elbette b\u00f6lgedeki g\u00fc\u00e7lerle ili\u015fki kurmak do\u011frudur ancak kurulacak ili\u015fkilerin birbirine taban tabana z\u0131t olmas\u0131 d\u00fc\u015f\u00fcn\u00fclemez.<\/p>\n<p>Bu geli\u015fmelerin devam\u0131nda, Tahran\u2019da yap\u0131lan Astana S\u00fcreci Liderler Zirvesinde, d\u00fcnya diplomasi tarihinde bir ilk ya\u015fand\u0131. Heyetler aras\u0131 g\u00f6r\u00fc\u015fmeler televizyonlardan canl\u0131 yay\u0131nland\u0131. Bunun sebebi de \u00e7ok anla\u015f\u0131lamad\u0131. 12 Maddelik Sonu\u00e7 Bildirisinde yine <em>\u201cSuriye Arap Cumhuriyeti, Suriye\u2019nin egemenli\u011fine, ba\u011f\u0131ms\u0131zl\u0131\u011f\u0131na, birli\u011fine, toprak b\u00fct\u00fcnl\u00fc\u011f\u00fcne\u2026 kuvvetli taahh\u00fct\u201d <\/em>vurguland\u0131.<\/p>\n<h2><strong>Suriye\u2019de son durum\u00a0 <\/strong><\/h2>\n<p>\u0130dlib\u2019te ter\u00f6r gruplar\u0131n\u0131 a\u011f\u0131r silahlar\u0131n\u0131 alarak tahliye etmeyi taahh\u00fct ettik. ABD Ba\u015fkan\u0131n\u0131n yapt\u0131\u011f\u0131 Menbi\u00e7\u2019ten \u00e7ekilme a\u00e7\u0131klamas\u0131 ile de I\u015e\u0130D\u2019le m\u00fccadelenin T\u00fcrkiye taraf\u0131ndan yap\u0131laca\u011f\u0131n\u0131 duyduk. Bu \u015fekilde PKK\/PYD yetmezmi\u015f gibi Suriye\u2019deki di\u011fer ter\u00f6r gruplar\u0131 ile u\u011fra\u015fma i\u015fini T\u00fcrkiye \u00fcstlenmi\u015f oluyordu. Bu b\u00fct\u00fcn Suriye sath\u0131na yay\u0131lan bir m\u00fccadele demekti ki T\u00fcrkiye i\u00e7in \u00e7ok vahim bir durum haline geldi.<\/p>\n<p>ABD ile yap\u0131lan g\u00f6r\u00fc\u015fmelerden hemen sonra, 25 Aral\u0131k\u2019ta Cumhurba\u015fkan\u0131 Erdo\u011fan, uzanan mikrofonlara sahadaki olas\u0131 geli\u015fmeleri ve Rusya Devlet Ba\u015fkan\u0131 Putin\u2019le konuyu g\u00f6r\u00fc\u015fece\u011fini a\u00e7\u0131klad\u0131. Ancak birka\u00e7 saat i\u00e7inde Rusya\u2019dan <em>\u201cB\u00f6yle bir g\u00f6r\u00fc\u015fme planlamas\u0131 yok\u201d<\/em> diye a\u00e7\u0131klama geldi. Arkas\u0131ndan Cumhurba\u015fkan\u0131n\u0131n <em>\u201cBenim heyetim \u2026 <\/em>\u00a0<em>D\u0131\u015fi\u015fleri ve Savunma bakanlar\u0131m ile \u0130stihbarat Ba\u015fkan\u0131m ve \u00f6zel Temsilcim, b\u00fcy\u00fckel\u00e7im\u201d<\/em> dedi\u011fi heyet Rusya\u2019ya gitti. Ancak bas\u0131nda \u00f6nemli bir sonuca dair haber ya da yorum \u00e7\u0131kmad\u0131. Putin ile g\u00f6r\u00fc\u015fme konusunda da bir a\u00e7\u0131klama olmad\u0131.<\/p>\n<p>K\u0131br\u0131s konusunda da s\u0131k\u0131nt\u0131 b\u00fcy\u00fcyerek devam ediyor. M\u00fczakerelerde Garanti ve \u0130ttifak Antla\u015fmalar\u0131n\u0131n \u00fczerinde g\u00f6r\u00fc\u015fmeler yap\u0131labilece\u011fine dair a\u00e7\u0131klamalar yap\u0131l\u0131yor. Bu K\u0131br\u0131s\u2019ta g\u00f6rev yapan askerimizin geri \u00e7ekilmesinin dahi varl\u0131\u011f\u0131n\u0131 m\u00fczakere etmek demek. G\u00fcney K\u0131br\u0131s Rum Kesimi M\u0131s\u0131r, \u0130srail ve Katar ile anla\u015fmalarla yapt\u0131. M\u00fcnhas\u0131r Ekonomik B\u00f6lgelerde hidrokarbon kaynak aray\u0131\u015flar\u0131 devam ediyor.<\/p>\n<p>Lozan\u2019da T\u00fcrkiye\u2019ye b\u0131rak\u0131lm\u0131\u015f olan Ege Adalar\u0131nda Yunan Bayra\u011f\u0131 dalgalanmakta. Ya Yunan Savunma Bakan\u0131 ya da Genelkurmay Ba\u015fkan\u0131 adalardaki askerlerini ziyaret etmekte. Adalar\u0131m\u0131zdaki Yunan toplar\u0131n\u0131n namlular\u0131 T\u00fcrkiye\u2019ye d\u00f6n\u00fck halinde foto\u011fraflar bas\u0131na servis ediliyor. H\u00fck\u00fcmet ise, <em>\u201cne oluyoruz?\u201d<\/em> sorular\u0131n\u0131, devaml\u0131 <em>biz iktidara gelmeden \u00f6nce b\u00f6yleydi <\/em>gibisinden ger\u00e7e\u011fi yans\u0131tmayan cevaplarla ge\u00e7i\u015ftirdi.<\/p>\n<p>B\u00fct\u00fcn bunlar T\u00fcrkiye\u2019nin bir kara devleti haline gelmesi sonucuna do\u011fru g\u00f6t\u00fcrmektedir.<\/p>\n<h2><strong>Yeni T\u00fcrkiye yeni devlet<\/strong><\/h2>\n<p>Fiili durumu hukukile\u015ftirmek a\u00e7\u0131klamas\u0131 ile 16 Nisan 2017 referandumu ile sonu\u00e7lanacak s\u00fcre\u00e7 ba\u015flat\u0131lm\u0131\u015ft\u0131. Referandumda yasada yaz\u0131l\u0131 olmas\u0131na ra\u011fmen m\u00fch\u00fcrs\u00fcz oy pusulas\u0131 kullan\u0131lm\u0131\u015f, Y\u00fcksek Se\u00e7im Kurulu, yasaya ra\u011fmen i\u00e7tihat edilemez kural\u0131na ayk\u0131r\u0131 bir i\u00e7tihatla oylar\u0131 ge\u00e7erli saym\u0131\u015ft\u0131. Bu oylarla sand\u0131ktan %51,5 oran\u0131nda evet oyu \u00e7\u0131kt\u0131\u011f\u0131 a\u00e7\u0131kland\u0131. %92 nispetindeki evet oylar\u0131 ile kabul edilmi\u015f olan 12 Eyl\u00fcl Anayasas\u0131n\u0131n darbe anayasas\u0131 diyerek kar\u015f\u0131 \u00e7\u0131kanlar, bir devletin rejimini b\u00f6yle bir referandumla de\u011fi\u015ftirmeyi me\u015fru buluyorlard\u0131.<\/p>\n<p>\u0130ki sene olarak \u00f6ng\u00f6r\u00fclen ge\u00e7i\u015f s\u00fcresi, g\u00f6r\u00fclen l\u00fczum(!) \u00fczerine, 24 Haziran 2018\u2019de erken se\u00e7im yap\u0131larak \u00f6ne \u00e7ekildi. Daha ge\u00e7i\u015f d\u00f6nemi haz\u0131rl\u0131klar\u0131 yap\u0131lacakt\u0131 itirazlar\u0131 arada kaynad\u0131 gitti. Fakat Cumhurba\u015fkan\u0131 Yard\u0131mc\u0131s\u0131 g\u00f6reve ba\u015flad\u0131\u011f\u0131nda bir a\u00e7\u0131klama yapt\u0131. Bundan anla\u015f\u0131ld\u0131\u011f\u0131na g\u00f6re yeni sistem i\u00e7in haz\u0131rl\u0131klar, sistem de\u011fi\u015fikli\u011fi i\u00e7in dayanak olan beka probleminin sebebi olan 15 Temmuz darbe giri\u015fiminden d\u00f6rt ay \u00f6nce ba\u015flam\u0131\u015ft\u0131.<\/p>\n<p>Fiili durumu hukuki hale getirmek i\u00e7in de\u011fi\u015fiklik yap\u0131lm\u0131\u015ft\u0131 ama yeni bir fiili durum ortaya \u00e7\u0131kt\u0131. Cumhurba\u015fkan\u0131na, size nas\u0131l hitap etmemizi istersiniz sorusuna, ba\u015fkan deyin cevab\u0131 verilecekti. Anayasada cumhurba\u015fkan\u0131 yazmas\u0131na ra\u011fmen medyada ba\u015fkan kullan\u0131lmaya ba\u015flad\u0131. Art\u0131k ofislerimiz, ba\u015fkanl\u0131klar\u0131m\u0131z, kurullar\u0131m\u0131z vard\u0131 ve bakanl\u0131klar sadece Cumhurba\u015fkan\u0131ndan gelecek talimatlar\u0131 uygulamakla g\u00f6revliydiler. Rusya\u2019ya giden heyet a\u00e7\u0131klamas\u0131ndaki kullan\u0131lan dil bu durumu \u00e7ok iyi a\u00e7\u0131klamaktad\u0131r.<\/p>\n<p>TSK\u2019n\u0131n yap\u0131s\u0131 da de\u011fi\u015fti. Art\u0131k Ordumuzun iftihar\u0131 olan F\u0131rat Kalkan\u0131 ve Zeytin Dal\u0131 harek\u00e2tlar\u0131n\u0131n komutan\u0131 dahi s\u0131radan sebeplerle pasif g\u00f6reve \u00e7ekiliyordu. Bu durum b\u00fcy\u00fck emeklerle siyasetin d\u0131\u015f\u0131na \u00e7ekilmi\u015f olan TSK\u2019n\u0131n, yeniden siyasetin tam da merkezine yerle\u015ftirildi\u011finin g\u00f6stergesiydi.<\/p>\n<h2><strong>Toplumsal hayat\u0131n yeknesakl\u0131\u011f\u0131\u2026<\/strong><\/h2>\n<p>\u0130stikrarl\u0131 bir hayat\u0131n toplumu sa\u011fl\u0131kl\u0131 bir yap\u0131da tutaca\u011f\u0131 ortada iken, reform denilerek s\u00fcrekli yap\u0131sal de\u011fi\u015fikliklere gidildi. Her gelen bakan, mutlaka reform yapma ihtiyac\u0131 duyuyordu. Dolay\u0131s\u0131yla her bakanl\u0131kta say\u0131s\u0131 unutulmu\u015f reformlar hayata ge\u00e7irildi. E\u011fitim tamamen \u00e7\u00f6kt\u00fc, sa\u011fl\u0131k peri\u015fan.<\/p>\n<p>Hukuk, ancak g\u00fc\u00e7 sahibi olan\u0131n elde edebildi\u011fi bir hayal haline geldi. Neredeyse \u00fctopya olacak. H\u00e2lbuki adalet m\u00fclk\u00fcn (devletin) temeliydi. Bu T\u00fcrk devletinin yap\u0131s\u0131n\u0131 iyice bozdu. D\u00fczeltmek i\u00e7in yap\u0131lanlar da bozulmay\u0131 artt\u0131rd\u0131. Makul ve normal ele\u015ftiriler dahi soru\u015fturma ile kar\u015f\u0131la\u015fmaya ba\u015flad\u0131. Toplumda korku ve endi\u015fe h\u00e2kim bir vaziyette.<\/p>\n<p>\u00dcretmeyen ekonomi ve yabanc\u0131dan al\u0131nan bor\u00e7 para ile ya\u015fanan \u2013asl\u0131nda sanal- refah\u0131n sonuna gelindi. Yap\u0131sal problemleri g\u00f6rmezden gelerek, d\u0131\u015f g\u00fc\u00e7lerin oyunu diyerek izah edilen bir ekonomik kriz s\u00f6z konusu. Bir an i\u00e7in bu kabul edilse bile, d\u0131\u015f g\u00fc\u00e7lerin istedi\u011fi zaman operasyon yapabildi\u011fi bir devlet konumuna d\u00fc\u015fmek en az di\u011feri kadar s\u0131k\u0131nt\u0131l\u0131.<\/p>\n<p>Dindar nesil yeti\u015ftirmek bir yana dursun, dinden uzakla\u015fma h\u0131zland\u0131. En k\u00fc\u00e7\u00fck bir gerginlik b\u00fcy\u00fck kavgalara d\u00f6n\u00fc\u015f\u00fcyor. Sosyal bir \u00e7\u00f6z\u00fclme ya\u015fanmakta.<\/p>\n<p>T\u00fcrk Milletinin kimli\u011fi ile m\u00fccadele h\u0131z kesmeden devam etmekte.<\/p>\n<p>S\u0131\u011f\u0131nmac\u0131lar meselesi T\u00fcrk Milleti i\u00e7in b\u00fcy\u00fck bir mill\u00ee g\u00fcvenlik sorunu halini ald\u0131.<\/p>\n<p>Ve en \u00f6nemlisi de devlet problem \u00e7\u00f6zme yetene\u011fini kaybetmek \u00fczeredir.<\/p>\n<p>Yaz\u0131n\u0131n ba\u015f\u0131nda da belirtti\u011fimiz gibi, 20\u2019inci y\u00fczy\u0131lda b\u00fcy\u00fck bedeller \u00f6deyerek Sakarya Irma\u011f\u0131 k\u0131y\u0131s\u0131nda durdurdu\u011fumuz iki y\u00fcz y\u0131ll\u0131k geri \u00e7ekili\u015f, 21\u2019inci y\u00fczy\u0131lda tekrar ba\u015fla(t\u0131l)m\u0131\u015ft\u0131r. Mutlaka durdurulmal\u0131d\u0131r.<\/p>\n<p>T\u00fcrkiye, y\u00f6netenlerin y\u00f6netemez oldu\u011fu bir devlet durumundan, y\u00f6netilemez bir devlet haline ge\u00e7mek \u00fczeredir. Siyasetin pop\u00fclizmi d\u0131\u015f\u0131na \u00e7\u0131k\u0131larak olaylara bak\u0131lmal\u0131 ve T\u00fcrk Milleti derhal duruma vaziyet etmelidir. \u00d6n\u00fcm\u00fczdeki se\u00e7imler \u00e7ok \u00f6nemli bir f\u0131rsatt\u0131r.<\/p>\n","protected":false},"excerpt":{"rendered":"<p>T\u00fcrkiye Cumhuriyeti Devleti, 21. y\u00fczy\u0131l\u0131n ilk \u00e7eyre\u011finde sahip oldu\u011fu onca e\u015fsiz kayna\u011fa ra\u011fmen, y\u00f6netenlerin y\u00f6netme yetene\u011finden, ama bilerek ama bilmeyerek uzak olmalar\u0131 sonucunda \u00fczerine y\u0131k\u0131lan say\u0131s\u0131z sorunun alt\u0131nda kalm\u0131\u015ft\u0131r. <\/p>\n","protected":false},"author":26,"featured_media":5308,"comment_status":"open","ping_status":"open","sticky":false,"template":"","format":"standard","meta":{"_links_to":"","_links_to_target":""},"categories":[2,66],"tags":[452,453],"yoast_head":"<!-- This site is optimized with the Yoast SEO plugin v16.0.2 - https:\/\/yoast.com\/wordpress\/plugins\/seo\/ -->\n<title>Y\u00f6netilemez hale getirilen devlet: T\u00fcrkiye - M\u0130SAK- Mill\u00ee Strateji Ara\u015ft\u0131rma Kurulu<\/title>\n<link rel=\"canonical\" href=\"https:\/\/millidusunce.com\/misak\/yonetilemez-hale-getirilen-devlet-turkiye\/\" \/>\n<meta property=\"og:locale\" content=\"tr_TR\" \/>\n<meta property=\"og:type\" content=\"article\" \/>\n<meta property=\"og:title\" content=\"Y\u00f6netilemez hale getirilen devlet: T\u00fcrkiye - M\u0130SAK- Mill\u00ee Strateji Ara\u015ft\u0131rma Kurulu\" \/>\n<meta property=\"og:description\" content=\"T\u00fcrkiye Cumhuriyeti Devleti, 21. y\u00fczy\u0131l\u0131n ilk \u00e7eyre\u011finde sahip oldu\u011fu onca e\u015fsiz kayna\u011fa ra\u011fmen, y\u00f6netenlerin y\u00f6netme yetene\u011finden, ama bilerek ama bilmeyerek uzak olmalar\u0131 sonucunda \u00fczerine y\u0131k\u0131lan say\u0131s\u0131z sorunun alt\u0131nda kalm\u0131\u015ft\u0131r.\" \/>\n<meta property=\"og:url\" content=\"https:\/\/millidusunce.com\/misak\/yonetilemez-hale-getirilen-devlet-turkiye\/\" \/>\n<meta property=\"og:site_name\" content=\"M\u0130SAK- Mill\u00ee Strateji Ara\u015ft\u0131rma Kurulu\" \/>\n<meta property=\"article:published_time\" content=\"2019-01-07T16:30:00+00:00\" \/>\n<meta property=\"article:modified_time\" content=\"2022-02-14T12:39:37+00:00\" \/>\n<meta property=\"og:image\" content=\"https:\/\/millidusunce.com\/misak\/wp-content\/uploads\/2019\/01\/erdogan-trump-ve-macron-ile-gorustu_1531325617.jpg\" \/>\n\t<meta property=\"og:image:width\" content=\"1560\" \/>\n\t<meta property=\"og:image:height\" content=\"880\" \/>\n<meta name=\"twitter:card\" content=\"summary_large_image\" \/>\n<meta name=\"twitter:label1\" content=\"Tahmini okuma s\u00fcresi\">\n\t<meta name=\"twitter:data1\" content=\"7 dakika\">\n<script type=\"application\/ld+json\" class=\"yoast-schema-graph\">{\"@context\":\"https:\/\/schema.org\",\"@graph\":[{\"@type\":\"Organization\",\"@id\":\"https:\/\/millidusunce.com\/misak\/#organization\",\"name\":\"Mill\\u00ee D\\u00fc\\u015f\\u00fcnce Merkezi\",\"url\":\"https:\/\/millidusunce.com\/misak\/\",\"sameAs\":[],\"logo\":{\"@type\":\"ImageObject\",\"@id\":\"https:\/\/millidusunce.com\/misak\/#logo\",\"inLanguage\":\"tr\",\"url\":\"https:\/\/millidusunce.com\/misak\/wp-content\/uploads\/2018\/09\/mdmLogo-yazisiz.jpg\",\"width\":422,\"height\":422,\"caption\":\"Mill\\u00ee D\\u00fc\\u015f\\u00fcnce Merkezi\"},\"image\":{\"@id\":\"https:\/\/millidusunce.com\/misak\/#logo\"}},{\"@type\":\"WebSite\",\"@id\":\"https:\/\/millidusunce.com\/misak\/#website\",\"url\":\"https:\/\/millidusunce.com\/misak\/\",\"name\":\"M\\u0130SAK- Mill\\u00ee Strateji Ara\\u015ft\\u0131rma Kurulu\",\"description\":\"D\\u00fcnyaya T\\u00fcrk\\u00e7\\u00fc Bak\\u0131\\u015f\",\"publisher\":{\"@id\":\"https:\/\/millidusunce.com\/misak\/#organization\"},\"potentialAction\":[{\"@type\":\"SearchAction\",\"target\":\"https:\/\/millidusunce.com\/misak\/?s={search_term_string}\",\"query-input\":\"required name=search_term_string\"}],\"inLanguage\":\"tr\"},{\"@type\":\"ImageObject\",\"@id\":\"https:\/\/millidusunce.com\/misak\/yonetilemez-hale-getirilen-devlet-turkiye\/#primaryimage\",\"inLanguage\":\"tr\",\"url\":\"https:\/\/millidusunce.com\/misak\/wp-content\/uploads\/2019\/01\/erdogan-trump-ve-macron-ile-gorustu_1531325617.jpg\",\"width\":1560,\"height\":880},{\"@type\":\"WebPage\",\"@id\":\"https:\/\/millidusunce.com\/misak\/yonetilemez-hale-getirilen-devlet-turkiye\/#webpage\",\"url\":\"https:\/\/millidusunce.com\/misak\/yonetilemez-hale-getirilen-devlet-turkiye\/\",\"name\":\"Y\\u00f6netilemez hale getirilen devlet: T\\u00fcrkiye - M\\u0130SAK- Mill\\u00ee Strateji Ara\\u015ft\\u0131rma Kurulu\",\"isPartOf\":{\"@id\":\"https:\/\/millidusunce.com\/misak\/#website\"},\"primaryImageOfPage\":{\"@id\":\"https:\/\/millidusunce.com\/misak\/yonetilemez-hale-getirilen-devlet-turkiye\/#primaryimage\"},\"datePublished\":\"2019-01-07T16:30:00+00:00\",\"dateModified\":\"2022-02-14T12:39:37+00:00\",\"breadcrumb\":{\"@id\":\"https:\/\/millidusunce.com\/misak\/yonetilemez-hale-getirilen-devlet-turkiye\/#breadcrumb\"},\"inLanguage\":\"tr\",\"potentialAction\":[{\"@type\":\"ReadAction\",\"target\":[\"https:\/\/millidusunce.com\/misak\/yonetilemez-hale-getirilen-devlet-turkiye\/\"]}]},{\"@type\":\"BreadcrumbList\",\"@id\":\"https:\/\/millidusunce.com\/misak\/yonetilemez-hale-getirilen-devlet-turkiye\/#breadcrumb\",\"itemListElement\":[{\"@type\":\"ListItem\",\"position\":1,\"item\":{\"@type\":\"WebPage\",\"@id\":\"https:\/\/millidusunce.com\/misak\/\",\"url\":\"https:\/\/millidusunce.com\/misak\/\",\"name\":\"Anasayfa\"}},{\"@type\":\"ListItem\",\"position\":2,\"item\":{\"@type\":\"WebPage\",\"@id\":\"https:\/\/millidusunce.com\/misak\/yonetilemez-hale-getirilen-devlet-turkiye\/\",\"url\":\"https:\/\/millidusunce.com\/misak\/yonetilemez-hale-getirilen-devlet-turkiye\/\",\"name\":\"Y\\u00f6netilemez hale getirilen devlet: T\\u00fcrkiye\"}}]},{\"@type\":\"Article\",\"@id\":\"https:\/\/millidusunce.com\/misak\/yonetilemez-hale-getirilen-devlet-turkiye\/#article\",\"isPartOf\":{\"@id\":\"https:\/\/millidusunce.com\/misak\/yonetilemez-hale-getirilen-devlet-turkiye\/#webpage\"},\"author\":{\"@id\":\"https:\/\/millidusunce.com\/misak\/#\/schema\/person\/3ab4cf19eb1b7f72b4d39104dc2d599b\"},\"headline\":\"Y\\u00f6netilemez hale getirilen devlet: T\\u00fcrkiye\",\"datePublished\":\"2019-01-07T16:30:00+00:00\",\"dateModified\":\"2022-02-14T12:39:37+00:00\",\"mainEntityOfPage\":{\"@id\":\"https:\/\/millidusunce.com\/misak\/yonetilemez-hale-getirilen-devlet-turkiye\/#webpage\"},\"commentCount\":0,\"publisher\":{\"@id\":\"https:\/\/millidusunce.com\/misak\/#organization\"},\"image\":{\"@id\":\"https:\/\/millidusunce.com\/misak\/yonetilemez-hale-getirilen-devlet-turkiye\/#primaryimage\"},\"keywords\":\"Ba\\u015fkanl\\u0131k sistemi,referandum\",\"articleSection\":\"S\\u0130YASET-TAR\\u0130H\",\"inLanguage\":\"tr\",\"potentialAction\":[{\"@type\":\"CommentAction\",\"name\":\"Comment\",\"target\":[\"https:\/\/millidusunce.com\/misak\/yonetilemez-hale-getirilen-devlet-turkiye\/#respond\"]}]},{\"@type\":\"Person\",\"@id\":\"https:\/\/millidusunce.com\/misak\/#\/schema\/person\/3ab4cf19eb1b7f72b4d39104dc2d599b\",\"name\":\"Hakan Paksoy\",\"image\":{\"@type\":\"ImageObject\",\"@id\":\"https:\/\/millidusunce.com\/misak\/#personlogo\",\"inLanguage\":\"tr\",\"url\":\"https:\/\/secure.gravatar.com\/avatar\/b57d69fc35f9a591489f2791830a0011?s=96&d=mm&r=g\",\"caption\":\"Hakan Paksoy\"},\"description\":\"1960 y\\u0131l\\u0131nda Isparta\\u2019da do\\u011fdu. \\u0130lk, orta ve lise \\u00f6\\u011frenimini memleketi olan Kahramanmara\\u015f\\u2019ta, y\\u00fcksek \\u00f6\\u011frenimini Ankara\\u2019da, Gazi \\u00dcniversitesi M\\u00fchendislik Mimarl\\u0131k Fak\\u00fcltesi Elektrik B\\u00f6l\\u00fcm\\u00fcnde yapt\\u0131. O zamanki ad\\u0131 T\\u00fcrkiye Elektrik Kurumu (TEK) K. Mara\\u015f \\u0130l M\\u00fcd\\u00fcrl\\u00fc\\u011f\\u00fc\\u2019nde m\\u00fchendis olarak g\\u00f6reve ba\\u015flad\\u0131. M\\u00fchendis, ba\\u015fm\\u00fchendis ve m\\u00fcessese m\\u00fcd\\u00fcr yard\\u0131mc\\u0131l\\u0131\\u011f\\u0131 g\\u00f6revlerini yapt\\u0131. 1999 y\\u0131l\\u0131nda TEDA\\u015e Genel M\\u00fcd\\u00fcrl\\u00fc\\u011f\\u00fcnde \\u015eube M\\u00fcd\\u00fcrl\\u00fc\\u011f\\u00fc yapt\\u0131. Temmuz 2017\\u2019de emekli oldu. Kahramanmara\\u015f T\\u00fcrk Oca\\u011f\\u0131 \\u015eubesinin kurulu\\u015fundan itibaren; y\\u00f6netim kurulu \\u00fcyeli\\u011fi, sekreterlik, ba\\u015fkan yard\\u0131mc\\u0131l\\u0131\\u011f\\u0131 ve iki d\\u00f6nem ba\\u015fkanl\\u0131k yapm\\u0131\\u015ft\\u0131r. 1995 Genel se\\u00e7imlerinde MHP\\u2019den milletvekili aday\\u0131 olmu\\u015ftur. T\\u00fcrkiye Kamu Sen\\u2019in kurulu\\u015funda ilk \\u015fube ba\\u015fkanlar\\u0131ndand\\u0131r. Ankara\\u2019da \\u00e7al\\u0131\\u015fmaya ba\\u015flad\\u0131ktan sonra T\\u00fcrk Enerji Sen Genel Merkez Y\\u00f6netim Kurulunda \\u00e7al\\u0131\\u015fm\\u0131\\u015ft\\u0131r. 1985-87 aras\\u0131nda askerlik g\\u00f6revini yapm\\u0131\\u015ft\\u0131r. Mill\\u00ee D\\u00fc\\u015f\\u00fcnce Merkezi (MDM) Y\\u00f6netim Kurulu \\u00fcyesidir ve internet sitesinde yaz\\u0131lar\\u0131 yay\\u0131nlanmaktad\\u0131r. Evlidir. Biri k\\u0131z di\\u011feri erkek iki \\u00e7ocu\\u011fu vard\\u0131r.\"}]}<\/script>\n<!-- \/ Yoast SEO plugin. -->","_links":{"self":[{"href":"https:\/\/millidusunce.com\/misak\/wp-json\/wp\/v2\/posts\/5254"}],"collection":[{"href":"https:\/\/millidusunce.com\/misak\/wp-json\/wp\/v2\/posts"}],"about":[{"href":"https:\/\/millidusunce.com\/misak\/wp-json\/wp\/v2\/types\/post"}],"author":[{"embeddable":true,"href":"https:\/\/millidusunce.com\/misak\/wp-json\/wp\/v2\/users\/26"}],"replies":[{"embeddable":true,"href":"https:\/\/millidusunce.com\/misak\/wp-json\/wp\/v2\/comments?post=5254"}],"version-history":[{"count":3,"href":"https:\/\/millidusunce.com\/misak\/wp-json\/wp\/v2\/posts\/5254\/revisions"}],"predecessor-version":[{"id":14930,"href":"https:\/\/millidusunce.com\/misak\/wp-json\/wp\/v2\/posts\/5254\/revisions\/14930"}],"wp:featuredmedia":[{"embeddable":true,"href":"https:\/\/millidusunce.com\/misak\/wp-json\/wp\/v2\/media\/5308"}],"wp:attachment":[{"href":"https:\/\/millidusunce.com\/misak\/wp-json\/wp\/v2\/media?parent=5254"}],"wp:term":[{"taxonomy":"category","embeddable":true,"href":"https:\/\/millidusunce.com\/misak\/wp-json\/wp\/v2\/categories?post=5254"},{"taxonomy":"post_tag","embeddable":true,"href":"https:\/\/millidusunce.com\/misak\/wp-json\/wp\/v2\/tags?post=5254"}],"curies":[{"name":"wp","href":"https:\/\/api.w.org\/{rel}","templated":true}]}}