{"id":5699,"date":"2019-02-03T10:30:00","date_gmt":"2019-02-03T07:30:00","guid":{"rendered":"http:\/\/misak.millidusunce.com\/?p=5699&#038;preview=true&#038;preview_id=5699"},"modified":"2019-02-01T13:09:28","modified_gmt":"2019-02-01T10:09:28","slug":"gokturkler-kendilerine-ne-diyordu","status":"publish","type":"post","link":"https:\/\/millidusunce.com\/misak\/gokturkler-kendilerine-ne-diyordu\/","title":{"rendered":"G\u00f6kt\u00fcrkler kendilerine ne diyordu?"},"content":{"rendered":"<p><img loading=\"lazy\" class=\"size-full wp-image-5701 aligncenter\" src=\"http:\/\/misak.millidusunce.com\/wp-content\/uploads\/2019\/02\/Ergenekondancikis.jpg\" alt=\"\" width=\"650\" height=\"437\" srcset=\"https:\/\/millidusunce.com\/misak\/wp-content\/uploads\/2019\/02\/Ergenekondancikis.jpg 650w, https:\/\/millidusunce.com\/misak\/wp-content\/uploads\/2019\/02\/Ergenekondancikis-150x101.jpg 150w, https:\/\/millidusunce.com\/misak\/wp-content\/uploads\/2019\/02\/Ergenekondancikis-300x202.jpg 300w\" sizes=\"(max-width: 650px) 100vw, 650px\" \/><\/p>\n<p>Te\u014bri teg Te\u014bride bolm\u0131\u015f <em>T\u00fcrk Bilge Kagan<\/em>; bu \u00f6dke olurtum. \/ (Ben) semavi Tanr\u0131\u2019dan olmu\u015f <em>T\u00fcrk Bilge Ka\u011fan(\u0131m);<\/em> bu zamana ben h\u00fckmediyorum (KT G 1).<\/p>\n<p><em>T\u00fcrk Kagan<\/em>, \u00d6t\u00fcken y\u0131\u015f olursar ilte bu\u014b yok. \/ <em>T\u00fcrk ka\u011fan\u0131<\/em>, \u00d6t\u00fcken Da\u011flar\u0131\u2019nda oturursa \u00fclkede s\u0131k\u0131nt\u0131 olmaz (KT G 3).<\/p>\n<p>S\u00fc\u00e7ig sab\u0131\u014ba, y\u0131m\u015fak ag\u0131s\u0131\u014ba arturup \u00fck\u00fc\u015f <em>T\u00fcrk bodun<\/em> \u00f6lt\u00fcg. \/ (\u00c7in\u2019in) tatl\u0131 s\u00f6zlerine, yumu\u015fak ipeklilerine kan\u0131p <em>T\u00fcrk milleti<\/em>, \u00e7ok \u00f6ld\u00fcn (KT G 6).<\/p>\n<p><em>T\u00fcrk begler, bodun,<\/em> bun\u0131 e\u015fidi\u014b!\u00a0<em>T\u00fcrk bodun<\/em> tirip il tuts\u0131k\u0131\u014b\u0131n bunta urtum. Ya\u014b\u0131l\u0131p \u00f6lsiki\u014bin yeme bunta urtum. Ne\u014b ne\u014b sab\u0131m erser be\u014bg\u00fc ta\u015fka urtum; a\u014bar k\u00f6r\u00fc bili\u014b! \/ <em>T\u00fcrk beyleri, millet,<\/em> bunlar\u0131 i\u015fitin! <em>T\u00fcrk milleti<\/em>, (seni) derleyip toparlayarak il tutaca\u011f\u0131n\u0131 buraya yazd\u0131m. Yan\u0131l\u0131rsan \u00f6lece\u011fini de buraya yazd\u0131m. Ne kadar s\u00f6z\u00fcm varsa beng\u00fc ta\u015fa vurdum (yazd\u0131m); ona bakarak bilin! (KT G 10-11)<\/p>\n<p>Bilge Tu\u0144ukuk ben. \u00d6z\u00fcm Tabga\u00e7 ili\u014be k\u0131l\u0131nt\u0131m. <em>T\u00fcrk bodun<\/em> Tabga\u00e7ka k\u00f6r\u00fcr erti. \/ (Ben) Bilge Tunyukuk\u2019um. Ben \u00c7in \u00fclkesinde do\u011fdum. <em>T\u00fcrk milleti<\/em><strong>,<\/strong> \u00c7in\u2019e t\u00e2bi idi (T I B 1).<\/p>\n<p><em>T\u00fcrk bodun<\/em> k\u0131l\u0131ngal\u0131, <em>T\u00fcrk kagan<\/em> olurgal\u0131, \u015eantu\u014b bal\u0131kka, taluy, \u00f6g\u00fczke tegmi\u015f yok ermi\u015f. Kagan\u0131ma \u00f6t\u00fcn\u00fcp s\u00fcletdim. \u015eantu\u014b bal\u0131kka, taluy, \u00f6g\u00fczke teg\u00fcrt\u00fcm. \u00dc\u00e7 otuz bal\u0131k s\u0131d\u0131. \/ <em>T\u00fcrk milleti<\/em> yarat\u0131lal\u0131, <em>T\u00fcrk ka\u011fan\u0131<\/em> tahta otural\u0131 \u015eantung \u015fehirlerine, okyanusa (\u00c7in Denizi\u2019ne) ve \u0131rma\u011fa (Sar\u0131\u0131rmak\u2019a) ula\u015fm\u0131\u015f olan\u0131 yokmu\u015f. Ka\u011fan\u0131ma arz edip ordu g\u00f6nderdim. \u015eantung \u015fehirlerine, okyanusa ve \u0131rma\u011fa ula\u015ft\u0131rd\u0131m. Yirmi \u00fc\u00e7 \u015fehri tahrip ettiler (T I D 1-2).<\/p>\n<p>***<\/p>\n<p>Bu kadar yeter san\u0131r\u0131m. K\u00f6l Tigin ve Tunyukuk beng\u00fc ta\u015flar\u0131ndan baz\u0131 c\u00fcmleleri yukar\u0131ya yazd\u0131m. T\u00fcrk s\u00f6z\u00fcn\u00fcn bulundu\u011fu ibarelere ge\u00e7meden \u00f6nce bu metinlerdeki dilin baz\u0131 \u00f6zelliklerinden s\u00f6z edeyim.<\/p>\n<p>Bildi\u011fimiz <em>n<\/em> d\u0131\u015f\u0131nda iki farkl\u0131 <em>n<\/em> g\u00f6r\u00fcyorsunuz. Bildi\u011fimiz <em>n<\/em>, \u00f6l\u00e7\u00fcnl\u00fc (standart) T\u00fcrkiye T\u00fcrk\u00e7esinde hepimizin kulland\u0131\u011f\u0131 <em>n<\/em>\u2019dir; dilcilikte buna di\u015f <em>n<\/em>\u2019si diyoruz. Kuyruklu olan <em>n<\/em> (<em>\u014b<\/em>) damak <em>n<\/em>\u2019sidir. Orta ve Bat\u0131 Anadolu a\u011f\u0131zlar\u0131nda yayg\u0131n olan, bir\u00e7ok T\u00fcrk leh\u00e7esinde de bulunan, <em>g\u00f6\u014b\u00fcl, de\u014biz, geldi\u014biz<\/em> gibi kelimelerdeki damak <em>n<\/em>\u2019si. Bu sese nazal <em>n<\/em> demek yayg\u0131nsa da do\u011fru de\u011fildir; \u00e7\u00fcnk\u00fc di\u015f <em>n<\/em>\u2019si de nazal <em>n<\/em>\u2019dir. \u00dczerinde aksan bulunan <em>n<\/em> (<em>\u0144<\/em>), telaffuzu<em> y<\/em> sesine yakla\u015fan bir <em>n<\/em>\u2019dir. T\u00fcrk beng\u00fc ta\u015flar\u0131nda ve bug\u00fcnk\u00fc Saha (Yakut) leh\u00e7esinde bulunur.<\/p>\n<p>Y\u00f6nelme h\u00e2li (e h\u00e2li) <em>-ke\/-ka<\/em> ekiyle, \u015fart ise <em>-sar\/-ser<\/em> ekiyle yap\u0131lmaktayd\u0131. <em>-al\u0131<\/em> ekinin <em>-gal\u0131<\/em> bi\u00e7iminde oldu\u011fu da her h\u00e2lde anla\u015f\u0131lmaktad\u0131r.<\/p>\n<p><em>Te\u014bri <\/em>s\u00f6z\u00fc, Eski T\u00fcrk\u00e7ede hem Tanr\u0131, hem g\u00f6k i\u00e7in kullan\u0131l\u0131r.<em> \u00d6d<\/em>, zaman, <em>olurmak<\/em> oturmak demektir. Mecazen \u201ctahta oturmak, h\u00fckmetmek (y\u00f6netmek)\u201d anlam\u0131na da kullan\u0131l\u0131r. <em>\u0130l,<\/em> devlet ve \u00fclke anlam\u0131ndad\u0131r. \u201cS\u0131k\u0131nt\u0131\u201d anlam\u0131ndaki <em>bu\u014b<\/em>, bug\u00fcnk\u00fc <em>bunalmak<\/em> fiilinde vard\u0131r. <em>Arturmak,<\/em> kanmak, <em>\u00fck\u00fc\u015f <\/em>\u00e7ok demektir.<em> Sab<\/em> da s\u00f6z.<em> \u0130mek<\/em> fiili de o zaman <em>er(mek)<\/em> bi\u00e7imindeydi.<\/p>\n<p>Bundan sonras\u0131n\u0131 okuyucular az bir gayretle \u00e7\u0131karabilirler. Zorlan\u0131rlarsa benim <em>T\u00fcrk Ka\u011fanl\u0131\u011f\u0131 ve T\u00fcrk<\/em> <em>Beng\u00fc Ta\u015flar\u0131<\/em> kitab\u0131m\u0131n dil b\u00f6l\u00fcm\u00fcne, <em>T\u00fcrk Dili Tarihi<\/em> kitab\u0131m\u0131n ilgili b\u00f6l\u00fcm\u00fcne veya bu konuda yaz\u0131lm\u0131\u015f di\u011fer meslekta\u015flar\u0131m\u0131n eserlerine bakabilirler.<\/p>\n<p>Bir de ayra\u00e7 i\u00e7indeki harf ve rakamlar\u0131 a\u00e7\u0131klayal\u0131m. <em>KT<\/em><strong>,<\/strong> K\u00f6l Tigin (an\u0131t\u0131), <em>T<\/em><strong>,<\/strong> Tunyukuk (an\u0131t\u0131) demektir.\u00a0 <em>G, B, D<\/em> harfleri beng\u00fc ta\u015flar\u0131n s\u0131ras\u0131yla g\u00fcney, bat\u0131, do\u011fu y\u00fczlerini belirtir. Tunyukuk an\u0131t\u0131 iki ta\u015ft\u0131r; <strong>I,<\/strong> birinci ta\u015f anlam\u0131ndad\u0131r. Di\u011fer say\u0131lar ise belirtilen y\u00fczdeki sat\u0131r numaras\u0131n\u0131 g\u00f6sterir. <em>KT G 1<\/em><strong>,<\/strong> K\u00f6l Tigin beng\u00fc ta\u015f\u0131n\u0131n g\u00fcney y\u00fcz\u00fcn\u00fcn 1. sat\u0131r\u0131 demektir. <em>T I B 1<\/em><strong>,<\/strong> Tunyukuk an\u0131t\u0131n\u0131n birinci ta\u015f\u0131n\u0131n bat\u0131 y\u00fcz\u00fcn\u00fcn birinci sat\u0131r\u0131 demektir.<\/p>\n<p>Gelelim <em>T\u00fcrk <\/em>s\u00f6z\u00fcne. Ba\u015fl\u0131ktaki sorunun cevab\u0131 metinlerden a\u00e7\u0131k\u00e7a g\u00f6r\u00fclmektedir. <em>T\u00fcrk bodun<\/em> (T\u00fcrk milleti), <em>T\u00fcrk kagan<\/em> (T\u00fcrk ka\u011fan\u0131), <em>T\u00fcrk begler<\/em> (T\u00fcrk beyleri).<\/p>\n<p>T\u00fcrk Ka\u011fanl\u0131\u011f\u0131\u2019ndan kalma \u00fc\u00e7 b\u00fcy\u00fck an\u0131t vard\u0131r: K\u00f6l Tigin an\u0131t\u0131, Bilge Ka\u011fan an\u0131t\u0131, Bilge Tunyukuk an\u0131t\u0131. Konuyla ilgili \u00e7al\u0131\u015fmalarda bunlardan <em>Orhun abideleri, Orhon yaz\u0131tlar\u0131, K\u00f6kt\u00fcrk \/ G\u00f6kt\u00fcrk an\u0131tlar\u0131 \/ yaz\u0131tlar\u0131 \/ kitabeleri, T\u00fcrk beng\u00fc ta\u015flar\u0131<\/em> diye bahsedilir. <em>Orhun \/ Orhon<\/em><strong>,<\/strong> ta\u015flar\u0131n bulunduklar\u0131 yere g\u00f6re verilmi\u015f bir isimdir. K\u00f6l Tigin ve Bilge Ka\u011fan an\u0131tlar\u0131 Orhun \u0131rma\u011f\u0131 k\u0131y\u0131s\u0131ndad\u0131r. Bu adland\u0131rma Tunyukuk an\u0131t\u0131n\u0131 d\u0131\u015far\u0131da b\u0131rak\u0131r; \u00e7\u00fcnk\u00fc o, Orhun k\u0131y\u0131s\u0131nda de\u011fildir, Tola \u0131rma\u011f\u0131na yak\u0131nd\u0131r.<\/p>\n<p><em>K\u00f6kt\u00fcrk \/ G\u00f6kt\u00fcrk \/ T\u00fcrk<\/em> adland\u0131rmas\u0131 ise, ta\u015flar\u0131 diktirenlerin ad\u0131na dayan\u0131larak yap\u0131lm\u0131\u015ft\u0131r. Yaz\u0131m\u0131z\u0131n konusu da budur.<\/p>\n<p><em>Abide \/ an\u0131t \/ yaz\u0131t \/ kitabe \/ beng\u00fc ta\u015f<\/em> terimleri, \u00fczerinde bu metinlerin bulundu\u011fu nesnelere verilen isimle ilgilidir.<\/p>\n<p>Sonuncudan ba\u015flayal\u0131m. Yaz\u0131l\u0131 ta\u015flar\u0131 diktirenlerin kendileri bunlara bir ad vermi\u015flerdir: <em>beng\u00fc ta\u015f.<\/em> KT G 10-11\u2019de bu adland\u0131rma g\u00f6r\u00fclmektedir. Bilge Ka\u011fan, \u201cNe kadar s\u00f6z\u00fcm varsa beng\u00fc ta\u015fa vurdum.\u201d demektedir. Ben de yaz\u0131lar\u0131 yazanlar\u0131n verdi\u011fi ad\u0131 tercih ettim ve kitab\u0131mda bu ad\u0131 kulland\u0131m.<\/p>\n<p><em>Beng\u00fc ta\u015f,<\/em> kelime kelime \u201cebed\u00ee, \u00f6l\u00fcms\u00fcz ta\u015f\u201d demektir. Ebediyete kalmas\u0131 i\u00e7in dikilen ta\u015flar ise <em>kitabe<\/em> de\u011fil, ancak <em>an\u0131t, abide<\/em> olabilirler. Bu sebeple ben <em>an\u0131t ve abide <\/em>kelimelerini de kullan\u0131yorum. <em>Kitabe<\/em>, mezar ta\u015flar\u0131nda, \u00e7e\u015fmelerde, binalar\u0131n kap\u0131 \u00fcstlerinde bulunan birka\u00e7 sat\u0131rl\u0131k yaz\u0131d\u0131r. Dolay\u0131s\u0131yla beng\u00fc ta\u015flara <em>kitabe <\/em>demek do\u011fru de\u011fildir. Dilde \u00f6zle\u015fme hareketi s\u0131ras\u0131nda <em>yaz\u0131t<\/em><strong>,<\/strong> \u201ckitabe\u201d i\u00e7in t\u00fcretilmi\u015ftir; bu anlamda \u201cyaz\u0131t\u201d\u0131 kullanmak da do\u011fru olmaz. Ancak <em>yaz\u0131t<\/em> kelimesinin anlam\u0131 zamanla geni\u015flemi\u015ftir.<\/p>\n<p><em>T\u00fcrk \/ K\u00f6kt\u00fcrk \/ G\u00f6kt\u00fcrk<\/em> s\u00f6zlerine tekrar d\u00f6nebiliriz. Yukar\u0131daki al\u0131nt\u0131larda durumu g\u00f6rd\u00fck. Ancak ben bir de ilgili say\u0131lar\u0131 vereyim.<\/p>\n<p>\u00dc\u00e7 b\u00fcy\u00fck an\u0131ttaki metinler k\u00fc\u00e7\u00fck boy kitaplarda 30-35 sayfa tutmaktad\u0131r. \u0130\u015fte bu 30-35 sayfa i\u00e7inde <em>T\u00fcrk <\/em>s\u00f6z\u00fc tam 76 kez, ortak metinlerdeki tekrarlar\u0131 da sayarsak 105 kez kullan\u0131lm\u0131\u015ft\u0131r. 38 kez<em> T\u00fcrk bodun <\/em>(T\u00fcrk milleti), 16 kez <em>T\u00fcrk kagan<\/em> (T\u00fcrk ka\u011fan\u0131), 10 kez <em>T\u00fcrk begler<\/em> (T\u00fcrk beyleri). Birer kez de: <em>T\u00fcrk t\u00f6r\u00fcsi<\/em> (T\u00fcrk yasas\u0131), <em>T\u00fcrk at\u0131<\/em> (T\u00fcrk ad\u0131), <em>T\u00fcrk Te\u014brisi<\/em> (T\u00fcrk Tanr\u0131s\u0131), <em>T\u00fcrk \u0131duk yiri sub\u0131<\/em> (T\u00fcrk\u2019\u00fcn kutsal yeri suyu). Ayr\u0131ca<em> T\u00fcrk\u00fcm<\/em> (benim T\u00fcrk\u2019\u00fcm), <em>T\u00fcrk\u00fcme, T\u00fcrk\u00fcm\u00fcz <\/em>(bizim T\u00fcrk\u2019\u00fcm\u00fcz) gibi kullan\u0131mlar da vard\u0131r.<\/p>\n<p><img loading=\"lazy\" class=\"size-full wp-image-5703 aligncenter\" src=\"http:\/\/misak.millidusunce.com\/wp-content\/uploads\/2019\/02\/Tu__rk-Kag__anl__g____-ve-Bengu__-Tas__lar___w333_h488.jpg\" alt=\"\" width=\"333\" height=\"488\" srcset=\"https:\/\/millidusunce.com\/misak\/wp-content\/uploads\/2019\/02\/Tu__rk-Kag__anl__g____-ve-Bengu__-Tas__lar___w333_h488.jpg 333w, https:\/\/millidusunce.com\/misak\/wp-content\/uploads\/2019\/02\/Tu__rk-Kag__anl__g____-ve-Bengu__-Tas__lar___w333_h488-102x150.jpg 102w, https:\/\/millidusunce.com\/misak\/wp-content\/uploads\/2019\/02\/Tu__rk-Kag__anl__g____-ve-Bengu__-Tas__lar___w333_h488-205x300.jpg 205w\" sizes=\"(max-width: 333px) 100vw, 333px\" \/><\/p>\n<p>T\u00fcrk Tanr\u0131s\u0131, T\u00fcrk\u2019\u00fcn kutsal yeri suyu ibarelerinin ge\u00e7ti\u011fi b\u00f6l\u00fcm\u00fc de \u201cMilliyet\u00e7ilik Frans\u0131z ihtilalinden sonra ortaya \u00e7\u0131km\u0131\u015ft\u0131r.\u201d diyenlerin kulaklar\u0131n\u0131 \u00e7\u0131nlatarak alal\u0131m:<\/p>\n<p>\u2026 <em>T\u00fcrk bodun<\/em> \u00f6l\u00fcreyin, urugs\u0131ratay\u0131n tir ermi\u015f. Yokadu bar\u0131r ermi\u015f. \u00dcze <em>T\u00fcrk Te\u014brisi, T\u00fcrk \u0131duk yiri<\/em> sub\u0131 an\u00e7a itmi\u015f: <em>T\u00fcrk bodun<\/em> yok bolmazun tiyin, bodun bol\u00e7un tiyin, ka\u014b\u0131m \u0130lteri\u015f Kagan\u0131g, \u00f6g\u00fcm \u0130lbilge Katunug Te\u014bri, t\u00f6p\u00fcsinte tutup y\u00fcger\u00fc k\u00f6t\u00fcrmi\u015f erin\u00e7. \/ \u2026 (\u00c7in), <em>T\u00fcrk milletini<\/em> \u00f6ld\u00fcreyim, k\u00f6k\u00fcn\u00fc kurutay\u0131m diyormu\u015f. (T\u00fcrk milleti) neredeyse yok olmaya do\u011fru gidiyormu\u015f. Yukar\u0131da<em> T\u00fcrk<\/em> <em>Tanr\u0131s\u0131, T\u00fcrk\u2019\u00fcn kutsal yeri suyu<\/em> \u015f\u00f6yle yapm\u0131\u015f: <em>T\u00fcrk milleti<\/em> yok olmas\u0131n diye, millet olsun diye, babam \u0130lteri\u015f Ka\u011fan\u0131, annem \u0130lbilge Katunu Tanr\u0131, tepelerinden tutup yukar\u0131 kald\u0131rm\u0131\u015f (KT D 10-11).<\/p>\n<p><em>Katun,<\/em> kad\u0131n kelimesinin eski bi\u00e7imidir ama o d\u00f6nemde \u201cka\u011fan e\u015fi\u201d yani \u201cimparatori\u00e7e\u201d anlam\u0131na geliyordu. <em>Iduk yir sub<\/em> (Kutsal yer su) da mecazen \u201cvatan\u201d demektir.<\/p>\n<p>Yayg\u0131n olarak G\u00f6kt\u00fcrk diye an\u0131lan tarihteki atalar\u0131m\u0131z\u0131n kendilerine <em>T\u00fcrk (bodun),<\/em> ka\u011fanlar\u0131na <em>T\u00fcrk kagan,<\/em> boy beylerine <em>T\u00fcrk beg(ler),<\/em> Tanr\u0131\u2019lar\u0131na <em>T\u00fcrk Te\u014brisi<\/em>, vatanlar\u0131na <em>T\u00fcrk \u0131duk yiri sub\u0131,<\/em> yasalar\u0131na <em>T\u00fcrk t\u00f6r\u00fcsi<\/em> dediklerini g\u00f6rd\u00fck. Peki, <em>G\u00f6kt\u00fcrk \/ K\u00f6kt\u00fcrk<\/em> nereden \u00e7\u0131kt\u0131?<\/p>\n<p>Beng\u00fc ta\u015flar\u0131n sadece bir yerinde <em>k\u00f6k T\u00fcrk<\/em> ge\u00e7iyor:<\/p>\n<p>\u0130kin ara idi oksuz <em>k\u00f6k T\u00fcrk<\/em> (iti) an\u00e7a olurur ermi\u015f. \/ \u0130kisi aras\u0131nda (daha \u00f6nce) hi\u00e7 \u00f6rg\u00fctlenmemi\u015f olan <em>semavi T\u00fcrkleri<\/em> (\u00f6rg\u00fctleyerek) \u00f6ylece h\u00fck\u00fcm s\u00fcr\u00fcyorlarm\u0131\u015f (KT D 2-3).<\/p>\n<p>K\u00f6l Tigin ile Bilge Ka\u011fan an\u0131tlar\u0131n\u0131n \u00fc\u00e7te ikisi ortak metindir. Dolay\u0131s\u0131yla bu c\u00fcmle BK D 4\u2019te de ge\u00e7er. Ayra\u00e7 i\u00e7ine koydu\u011fum <em>iti <\/em>(\u00f6rg\u00fctleyerek) kelimesi K\u00f6l Tigin\u2019de yoktur, muhtemelen yazanlar taraf\u0131ndan unutulmu\u015ftur.<\/p>\n<p>\u0130\u00e7inde <em>k\u00f6k T\u00fcrk<\/em> s\u00f6zlerinin ge\u00e7ti\u011fi bu c\u00fcmle \u00e7ok sorunlu bir c\u00fcmledir ve T\u00fcrkologlar aras\u0131nda h\u00e2l\u00e2 tart\u0131\u015fmal\u0131d\u0131r. Hem <em>idi oksuz<\/em>, hem de <em>k\u00f6k<\/em> kelimeleri tart\u0131\u015fmal\u0131 oldu\u011fu i\u00e7in c\u00fcmlenin anlam\u0131 da tart\u0131\u015fmal\u0131d\u0131r. Yukar\u0131da verilen anlam benim kabul etti\u011fim ve kitab\u0131mda kulland\u0131\u011f\u0131m anlamd\u0131r. <em>K\u00f6k<\/em> s\u00f6z\u00fcne ben \u201csemavi\u201d anlam\u0131n\u0131 verdim. T\u00fcrk\u00e7ede renklerin y\u00f6n g\u00f6stermesinden hareketle \u201cdo\u011fu\u201d anlam\u0131 verenler de var. Onlara g\u00f6re burada do\u011fu (G\u00f6k)T\u00fcrkleri kastediliyor. T\u00fcrk\u00e7ede bir de \u201cesas, as\u0131l, k\u00f6k (a\u011fa\u00e7 k\u00f6k\u00fc)\u201d anlam\u0131na gelen <em>k\u00f6k<\/em> var. \u00c7ok az bir ihtimal bulunsa da c\u00fcmledeki <em>k\u00f6k,<\/em> bu anlamda da olabilir. E\u011fer \u00f6yleyse <em>G\u00f6kt\u00fcrk<\/em> demek tamamen yanl\u0131\u015f olur. \u00c7\u00fcnk\u00fc bu anlamdaki <em>k\u00f6k,<\/em> bug\u00fcn de <em>k\u00f6k <\/em>olarak kullan\u0131lmaktad\u0131r, yani <em>g\u00f6k<\/em> bi\u00e7imine d\u00f6nmemi\u015ftir. Ancak \u201csema, semavi, do\u011fu\u201d anlamlar\u0131na gelen <em>k\u00f6k,<\/em> bug\u00fcnk\u00fc T\u00fcrkiye T\u00fcrk\u00e7esinde <em>g\u00f6k <\/em>olmu\u015ftur.<\/p>\n<p>552-745 y\u0131llar\u0131 aras\u0131nda h\u00fck\u00fcm s\u00fcrm\u00fc\u015f atalar\u0131m\u0131za i\u015fte bu tart\u0131\u015fmal\u0131 tek c\u00fcmleden dolay\u0131 G\u00f6kt\u00fcrk veya K\u00f6kt\u00fcrk denilmektedir. K\u00f6kt\u00fcrk s\u00f6z\u00fcn\u00fc ilk kullananlardan biri \u00fcnl\u00fc Alman T\u00fcrkolo\u011fu Willi Bang\u2019d\u0131r. T\u00fcrkiye\u2019de de ba\u015ftan beri G\u00f6kt\u00fcrk terimi kullan\u0131l\u0131yor. Bu terim tarih\u00e7ili\u011fimizde art\u0131k yerle\u015fmi\u015f gibi . G\u00f6kt\u00fcrk kullan\u0131m\u0131nda biraz da bug\u00fcnk\u00fc T\u00fcrk ile kar\u0131\u015ft\u0131rmamak gibi bir d\u00fc\u015f\u00fcnce olmal\u0131.<\/p>\n<p>Ben, an\u0131tlarda bir kez ge\u00e7en tart\u0131\u015fmal\u0131 kullan\u0131ma de\u011fil, 76 kez ge\u00e7en a\u00e7\u0131k kullan\u0131ma uydum ve konuyla ilgili kitab\u0131ma da <em>T\u00fcrk Ka\u011fanl\u0131\u011f\u0131 ve T\u00fcrk beng\u00fc Ta\u015flar\u0131<\/em> ad\u0131n\u0131 verdim.<\/p>\n<p>&nbsp;<\/p>\n<p>&nbsp;<\/p>\n<p>&nbsp;<\/p>\n","protected":false},"excerpt":{"rendered":"<p>G\u00f6kt\u00fcrk m\u00fc, K\u00f6kt\u00fcrk m\u00fc, T\u00fcrk m\u00fc? Kitabe mi, yaz\u0131t m\u0131, beng\u00fc ta\u015f m\u0131? Bu sorular\u0131n cevab\u0131n\u0131 bulmak i\u00e7in bir de, T\u00fcrk Ka\u011fanl\u0131\u011f\u0131 ve T\u00fcrk Beng\u00fc Ta\u015flar\u0131 kitab\u0131n\u0131n yazar\u0131 Ahmet B. Ercilasun&#8217;un yaz\u0131s\u0131n\u0131 okuyun. <\/p>\n","protected":false},"author":10,"featured_media":5700,"comment_status":"open","ping_status":"open","sticky":false,"template":"","format":"standard","meta":{"_links_to":"","_links_to_target":""},"categories":[2,66,68],"tags":[],"yoast_head":"<!-- This site is optimized with the Yoast SEO plugin v16.0.2 - https:\/\/yoast.com\/wordpress\/plugins\/seo\/ -->\n<title>G\u00f6kt\u00fcrkler kendilerine ne diyordu? - M\u0130SAK- Mill\u00ee Strateji Ara\u015ft\u0131rma Kurulu<\/title>\n<link rel=\"canonical\" href=\"https:\/\/millidusunce.com\/misak\/gokturkler-kendilerine-ne-diyordu\/\" \/>\n<meta property=\"og:locale\" content=\"tr_TR\" \/>\n<meta property=\"og:type\" content=\"article\" \/>\n<meta property=\"og:title\" content=\"G\u00f6kt\u00fcrkler kendilerine ne diyordu? - M\u0130SAK- Mill\u00ee Strateji Ara\u015ft\u0131rma Kurulu\" \/>\n<meta property=\"og:description\" content=\"G\u00f6kt\u00fcrk m\u00fc, K\u00f6kt\u00fcrk m\u00fc, T\u00fcrk m\u00fc? Kitabe mi, yaz\u0131t m\u0131, beng\u00fc ta\u015f m\u0131? Bu sorular\u0131n cevab\u0131n\u0131 bulmak i\u00e7in bir de, T\u00fcrk Ka\u011fanl\u0131\u011f\u0131 ve T\u00fcrk Beng\u00fc Ta\u015flar\u0131 kitab\u0131n\u0131n yazar\u0131 Ahmet B. Ercilasun&#039;un yaz\u0131s\u0131n\u0131 okuyun.\" \/>\n<meta property=\"og:url\" content=\"https:\/\/millidusunce.com\/misak\/gokturkler-kendilerine-ne-diyordu\/\" \/>\n<meta property=\"og:site_name\" content=\"M\u0130SAK- Mill\u00ee Strateji Ara\u015ft\u0131rma Kurulu\" \/>\n<meta property=\"article:published_time\" content=\"2019-02-03T07:30:00+00:00\" \/>\n<meta property=\"article:modified_time\" content=\"2019-02-01T10:09:28+00:00\" \/>\n<meta property=\"og:image\" content=\"https:\/\/millidusunce.com\/misak\/wp-content\/uploads\/2019\/02\/Ergenekondancikissb.jpg\" \/>\n\t<meta property=\"og:image:width\" content=\"650\" \/>\n\t<meta property=\"og:image:height\" content=\"437\" \/>\n<meta name=\"twitter:card\" content=\"summary_large_image\" \/>\n<meta name=\"twitter:label1\" content=\"Tahmini okuma s\u00fcresi\">\n\t<meta name=\"twitter:data1\" content=\"10 dakika\">\n<script type=\"application\/ld+json\" class=\"yoast-schema-graph\">{\"@context\":\"https:\/\/schema.org\",\"@graph\":[{\"@type\":\"Organization\",\"@id\":\"https:\/\/millidusunce.com\/misak\/#organization\",\"name\":\"Mill\\u00ee D\\u00fc\\u015f\\u00fcnce Merkezi\",\"url\":\"https:\/\/millidusunce.com\/misak\/\",\"sameAs\":[],\"logo\":{\"@type\":\"ImageObject\",\"@id\":\"https:\/\/millidusunce.com\/misak\/#logo\",\"inLanguage\":\"tr\",\"url\":\"https:\/\/millidusunce.com\/misak\/wp-content\/uploads\/2018\/09\/mdmLogo-yazisiz.jpg\",\"width\":422,\"height\":422,\"caption\":\"Mill\\u00ee D\\u00fc\\u015f\\u00fcnce Merkezi\"},\"image\":{\"@id\":\"https:\/\/millidusunce.com\/misak\/#logo\"}},{\"@type\":\"WebSite\",\"@id\":\"https:\/\/millidusunce.com\/misak\/#website\",\"url\":\"https:\/\/millidusunce.com\/misak\/\",\"name\":\"M\\u0130SAK- Mill\\u00ee Strateji Ara\\u015ft\\u0131rma Kurulu\",\"description\":\"D\\u00fcnyaya T\\u00fcrk\\u00e7\\u00fc Bak\\u0131\\u015f\",\"publisher\":{\"@id\":\"https:\/\/millidusunce.com\/misak\/#organization\"},\"potentialAction\":[{\"@type\":\"SearchAction\",\"target\":\"https:\/\/millidusunce.com\/misak\/?s={search_term_string}\",\"query-input\":\"required name=search_term_string\"}],\"inLanguage\":\"tr\"},{\"@type\":\"ImageObject\",\"@id\":\"https:\/\/millidusunce.com\/misak\/gokturkler-kendilerine-ne-diyordu\/#primaryimage\",\"inLanguage\":\"tr\",\"url\":\"https:\/\/millidusunce.com\/misak\/wp-content\/uploads\/2019\/02\/Ergenekondancikissb.jpg\",\"width\":650,\"height\":437},{\"@type\":\"WebPage\",\"@id\":\"https:\/\/millidusunce.com\/misak\/gokturkler-kendilerine-ne-diyordu\/#webpage\",\"url\":\"https:\/\/millidusunce.com\/misak\/gokturkler-kendilerine-ne-diyordu\/\",\"name\":\"G\\u00f6kt\\u00fcrkler kendilerine ne diyordu? - M\\u0130SAK- Mill\\u00ee Strateji Ara\\u015ft\\u0131rma Kurulu\",\"isPartOf\":{\"@id\":\"https:\/\/millidusunce.com\/misak\/#website\"},\"primaryImageOfPage\":{\"@id\":\"https:\/\/millidusunce.com\/misak\/gokturkler-kendilerine-ne-diyordu\/#primaryimage\"},\"datePublished\":\"2019-02-03T07:30:00+00:00\",\"dateModified\":\"2019-02-01T10:09:28+00:00\",\"breadcrumb\":{\"@id\":\"https:\/\/millidusunce.com\/misak\/gokturkler-kendilerine-ne-diyordu\/#breadcrumb\"},\"inLanguage\":\"tr\",\"potentialAction\":[{\"@type\":\"ReadAction\",\"target\":[\"https:\/\/millidusunce.com\/misak\/gokturkler-kendilerine-ne-diyordu\/\"]}]},{\"@type\":\"BreadcrumbList\",\"@id\":\"https:\/\/millidusunce.com\/misak\/gokturkler-kendilerine-ne-diyordu\/#breadcrumb\",\"itemListElement\":[{\"@type\":\"ListItem\",\"position\":1,\"item\":{\"@type\":\"WebPage\",\"@id\":\"https:\/\/millidusunce.com\/misak\/\",\"url\":\"https:\/\/millidusunce.com\/misak\/\",\"name\":\"Anasayfa\"}},{\"@type\":\"ListItem\",\"position\":2,\"item\":{\"@type\":\"WebPage\",\"@id\":\"https:\/\/millidusunce.com\/misak\/gokturkler-kendilerine-ne-diyordu\/\",\"url\":\"https:\/\/millidusunce.com\/misak\/gokturkler-kendilerine-ne-diyordu\/\",\"name\":\"G\\u00f6kt\\u00fcrkler kendilerine ne diyordu?\"}}]},{\"@type\":\"Article\",\"@id\":\"https:\/\/millidusunce.com\/misak\/gokturkler-kendilerine-ne-diyordu\/#article\",\"isPartOf\":{\"@id\":\"https:\/\/millidusunce.com\/misak\/gokturkler-kendilerine-ne-diyordu\/#webpage\"},\"author\":{\"@id\":\"https:\/\/millidusunce.com\/misak\/#\/schema\/person\/958288ffbfe5dd0254d7c58ae94a0412\"},\"headline\":\"G\\u00f6kt\\u00fcrkler kendilerine ne diyordu?\",\"datePublished\":\"2019-02-03T07:30:00+00:00\",\"dateModified\":\"2019-02-01T10:09:28+00:00\",\"mainEntityOfPage\":{\"@id\":\"https:\/\/millidusunce.com\/misak\/gokturkler-kendilerine-ne-diyordu\/#webpage\"},\"commentCount\":0,\"publisher\":{\"@id\":\"https:\/\/millidusunce.com\/misak\/#organization\"},\"image\":{\"@id\":\"https:\/\/millidusunce.com\/misak\/gokturkler-kendilerine-ne-diyordu\/#primaryimage\"},\"articleSection\":\"S\\u0130YASET-TAR\\u0130H,T\\u00dcRKL\\u00dcK-T\\u00dcRK\\u00c7\\u00dcL\\u00dcK\",\"inLanguage\":\"tr\",\"potentialAction\":[{\"@type\":\"CommentAction\",\"name\":\"Comment\",\"target\":[\"https:\/\/millidusunce.com\/misak\/gokturkler-kendilerine-ne-diyordu\/#respond\"]}]},{\"@type\":\"Person\",\"@id\":\"https:\/\/millidusunce.com\/misak\/#\/schema\/person\/958288ffbfe5dd0254d7c58ae94a0412\",\"name\":\"Ahmet Bican Ercilasun\",\"image\":{\"@type\":\"ImageObject\",\"@id\":\"https:\/\/millidusunce.com\/misak\/#personlogo\",\"inLanguage\":\"tr\",\"url\":\"https:\/\/secure.gravatar.com\/avatar\/ffb4743f36880c35166d683c0ba4a276?s=96&d=mm&r=g\",\"caption\":\"Ahmet Bican Ercilasun\"},\"description\":\"Akademik Hayat: 1986 Profes\\u00f6r 1979 Do\\u00e7ent (Kutadgu Bilig'de Fiil) 1971 Doktor (Atat\\u00fcrk \\u00dcniversitesi) 1967 T\\u00fcrk Dili ve Edebiyat\\u0131 Lisans\\u0131 (\\u0130stanbul \\u00dcniversitesi) \\u0130\\u015f Hayat\\u0131: 1986-2010: Gazi \\u00dcniversitesi. 2004-2005: Girne Amerikan \\u00dcniversitesi. 2001-2002: T\\u00fcrkiye-K\\u0131rg\\u0131zistan Manas \\u00dcniversitesi. 1993-2000: T\\u00fcrk Dil Kurumu. 1971-1986: Hacettepe \\u00dcniversitesi. 1976-1977: University of Washington - Seattle\/ABD (misafir ara\\u015ft\\u0131rmac\\u0131). 1967-1971: Atat\\u00fcrk \\u00dcniversitesi. Eserleri: - Arpa\\u00e7ay K\\u00f6ylerinden Derlemeler (Prof. Dr. Sel\\u00e2hattin Olcay ve Dr. Ensar Aslan'la birlikte) (Ankara 1976). - Bug\\u00fcnk\\u00fc T\\u00fcrk Alfabeleri I-II (Ankara 1977). - Kars \\u0130li Ag\\u0131zlar\\u0131 - Ses Bilgisi (Ankara 1983). - Kutadgu Bilig Grameri \\u2013 Fiil (Ankara 1984). - Dilde Birlik (\\u0130stanbul 1984). - Uygur Halk Masallar\\u0131 (\\u015eek\\u00fcr Turan'la birlikte) (Ankara 1989). - \\u00d6rneklerle Bug\\u00fcnk\\u00fc T\\u00fcrk Alfabeleri (Ankara 1990). - Mo\\u011folistan ve \\u00c7in G\\u00fcnl\\u00fc\\u011f\\u00fc (Ankara 1991). - Kar\\u015f\\u0131la\\u015ft\\u0131rmal\\u0131 T\\u00fcrk Leh\\u00e7eleri S\\u00f6zl\\u00fc\\u011f\\u00fc 1-2 (ortak) (Ankara 1991, 1992). - T\\u00fcrk D\\u00fcnyas\\u0131 \\u00dczerine \\u0130ncelemeler (Ankara 1998). - T\\u00fcrk Dili I-II-III-IV (Leyla Karahan ile birlikte) (Ankara 1994-1996). - G\\u00fclnar -roman- (\\u0130stanbul 1998). - Ba\\u015flang\\u0131\\u00e7tan Yirminci Y\\u00fczy\\u0131la T\\u00fcrk Dili Tarihi (Ankara 2004). - 2BA Beden Beyin Ak\\u0131m\\u0131 -roman- (Ankara 2006). - Kar\\u015f\\u0131la\\u015ft\\u0131rmal\\u0131 T\\u00fcrk Leh\\u00e7eleri Grameri-I Fiil - Basit \\u00c7ekim (Ortak) (Ankara 2006). - Makaleler \\u2013 Dil-Destan-Tarih-Edebiyat (Yay\\u0131na haz\\u0131rlayan: Ekrem Ar\\u0131ko\\u011flu) (Ankara 2007). - T\\u00fcrk Leh\\u00e7eleri Grameri (Edit\\u00f6r) (Ankara 2007). - K\\u00e2\\u015fgarl\\u0131 Mahmud - D\\u00eev\\u00e2nu Lug\\u00e2ti\\u2019t-T\\u00fcrk \\u2013 Giri\\u015f-Metin-\\u00c7eviri-Notlar-Dizin (Ziyat Akkoyunlu ile birlikte) (Ankara 2014). - T\\u00fcrk\\u2019\\u00fcn Kay\\u0131p Kitab\\u0131-Ulu Han Ata -roman- (Ankara 2016). - T\\u00fcrk Ka\\u011fanl\\u0131\\u011f\\u0131 ve T\\u00fcrk Beng\\u00fc Ta\\u015flar\\u0131 (Ankara 2016). - Bir\\u00e7ok ilm\\u00ee ve fikr\\u00ee makale. - K\\u00f6\\u015fe Yaz\\u0131lar\\u0131 (2008'den itibaren Yeni\\u00e7a\\u011f gazetesinde).\"}]}<\/script>\n<!-- \/ Yoast SEO plugin. -->","_links":{"self":[{"href":"https:\/\/millidusunce.com\/misak\/wp-json\/wp\/v2\/posts\/5699"}],"collection":[{"href":"https:\/\/millidusunce.com\/misak\/wp-json\/wp\/v2\/posts"}],"about":[{"href":"https:\/\/millidusunce.com\/misak\/wp-json\/wp\/v2\/types\/post"}],"author":[{"embeddable":true,"href":"https:\/\/millidusunce.com\/misak\/wp-json\/wp\/v2\/users\/10"}],"replies":[{"embeddable":true,"href":"https:\/\/millidusunce.com\/misak\/wp-json\/wp\/v2\/comments?post=5699"}],"version-history":[{"count":0,"href":"https:\/\/millidusunce.com\/misak\/wp-json\/wp\/v2\/posts\/5699\/revisions"}],"wp:featuredmedia":[{"embeddable":true,"href":"https:\/\/millidusunce.com\/misak\/wp-json\/wp\/v2\/media\/5700"}],"wp:attachment":[{"href":"https:\/\/millidusunce.com\/misak\/wp-json\/wp\/v2\/media?parent=5699"}],"wp:term":[{"taxonomy":"category","embeddable":true,"href":"https:\/\/millidusunce.com\/misak\/wp-json\/wp\/v2\/categories?post=5699"},{"taxonomy":"post_tag","embeddable":true,"href":"https:\/\/millidusunce.com\/misak\/wp-json\/wp\/v2\/tags?post=5699"}],"curies":[{"name":"wp","href":"https:\/\/api.w.org\/{rel}","templated":true}]}}