{"id":5764,"date":"2019-02-05T19:30:37","date_gmt":"2019-02-05T16:30:37","guid":{"rendered":"http:\/\/misak.millidusunce.com\/?p=5764"},"modified":"2019-02-05T18:04:18","modified_gmt":"2019-02-05T15:04:18","slug":"moskova-gorusmesinin-sonucu-adana-mutabakati-mi","status":"publish","type":"post","link":"https:\/\/millidusunce.com\/misak\/moskova-gorusmesinin-sonucu-adana-mutabakati-mi\/","title":{"rendered":"Moskova g\u00f6r\u00fc\u015fmesinin sonucu Adana Mutabakat\u0131 m\u0131?"},"content":{"rendered":"<div id=\"attachment_5765\" style=\"width: 778px\" class=\"wp-caption aligncenter\"><img aria-describedby=\"caption-attachment-5765\" loading=\"lazy\" class=\"wp-image-5765 size-medium_large\" src=\"http:\/\/misak.millidusunce.com\/wp-content\/uploads\/2019\/02\/Erdo\u011fan-Ve-Putin-Moskovada-biraraya-geldi-768x466.jpg\" alt=\"Erdo\u011fan Putin zirvesi\" width=\"768\" height=\"466\" srcset=\"https:\/\/millidusunce.com\/misak\/wp-content\/uploads\/2019\/02\/Erdo\u011fan-Ve-Putin-Moskovada-biraraya-geldi-768x466.jpg 768w, https:\/\/millidusunce.com\/misak\/wp-content\/uploads\/2019\/02\/Erdo\u011fan-Ve-Putin-Moskovada-biraraya-geldi-150x91.jpg 150w, https:\/\/millidusunce.com\/misak\/wp-content\/uploads\/2019\/02\/Erdo\u011fan-Ve-Putin-Moskovada-biraraya-geldi-300x182.jpg 300w, https:\/\/millidusunce.com\/misak\/wp-content\/uploads\/2019\/02\/Erdo\u011fan-Ve-Putin-Moskovada-biraraya-geldi-1024x621.jpg 1024w, https:\/\/millidusunce.com\/misak\/wp-content\/uploads\/2019\/02\/Erdo\u011fan-Ve-Putin-Moskovada-biraraya-geldi.jpg 1200w\" sizes=\"(max-width: 768px) 100vw, 768px\" \/><p id=\"caption-attachment-5765\" class=\"wp-caption-text\">Tayyip Erdo\u011fan ve Putin 23 Ocak 2019&#8217;da Moskova&#8217;da \u00f6nemli bir zirve ger\u00e7ekle\u015ftirdiler.<\/p><\/div>\n<p>23 Ocak 2019&#8217;a yap\u0131lan Moskova zirvesi ile Suriye meselesinde ta\u015flar yeniden d\u00f6\u015fenmeye ba\u015flad\u0131. Bu g\u00f6r\u00fc\u015fmenin \u00fczerinde en \u00e7ok tart\u0131\u015f\u0131lan konusu, Rusya Devlet Ba\u015fkan\u0131 Putin taraf\u0131ndan telaffuz edilen Adana Mutabakat\u0131 oldu.<\/p>\n<p>Devletleraras\u0131ndaki ili\u015fkilerde, t\u0131pk\u0131 insanlar aras\u0131nda oldu\u011fu gibi s\u00f6ylenenler kadar s\u00f6ylenmeyenler \u00fczerine d\u00fc\u015f\u00fcnmek gerekir. Bu durumda bas\u0131n a\u00e7\u0131klamas\u0131na bakal\u0131m ve a\u00e7\u0131klamalar\u0131 de\u011ferlendirelim.<\/p>\n<p>Bas\u0131n a\u00e7\u0131klamas\u0131 yakla\u015f\u0131k 30 dakika s\u00fcrd\u00fc. \u00d6nce Putin sonra konu\u011fu Erdo\u011fan konu\u015ftu. Putin do\u011fa\u00e7lama, Erdo\u011fan ise, uzun zamandan beri ilk defa, haz\u0131rlanm\u0131\u015f bir metni okuyarak a\u00e7\u0131klama yapt\u0131lar. Bu i\u00e7eride farkl\u0131 bir \u015feyler oldu\u011funun karinesi gibiydi.<\/p>\n<p>(Bas\u0131n a\u00e7\u0131klamas\u0131n\u0131n analizi TRT yay\u0131n\u0131n, YouTube&#8217;a y\u00fcklenmi\u015f olan videosu \u00fczerinden yap\u0131lm\u0131\u015ft\u0131r.)<\/p>\n<h2><strong>Bas\u0131na a\u00e7\u0131klamalar <\/strong><\/h2>\n<p>Putin ba\u015ftaki nezaket c\u00fcmlelerinden hemen sonra, <em>\u201cSuriye\u2019de, BMGK 2254 say\u0131l\u0131 karar\u0131 \u00fczerine siyasi ve diplomatik yollarla \u00e7\u00f6z\u00fcm istiyoruz. \u00dclkenin (Suriye\u2019nin) birli\u011fi, toprak b\u00fct\u00fcnl\u00fc\u011f\u00fc ve egemenli\u011fi prensibine de sad\u0131k kalmaktay\u0131z. \u0130\u015fte bu ilkelerden yola \u00e7\u0131karak Astana format\u0131 \u00e7er\u00e7evesindeki i\u015fbirli\u011fimiz konusunda g\u00f6r\u00fc\u015f al\u0131\u015fveri\u015finde bulunduk.\u201d<\/em> dedi.<\/p>\n<p>Bu c\u00fcmleler BMGK karar\u0131 ile uluslararas\u0131 me\u015fruiyete, Suriye&#8217;nin birli\u011fi, toprak b\u00fct\u00fcnl\u00fc\u011f\u00fc ve egemenlik yap\u0131s\u0131 da Suriye&#8217;nin Arap Devleti oldu\u011funa bir vurgu olarak \u00f6ne \u00e7\u0131kt\u0131.<\/p>\n<p>Asl\u0131nda Astana S\u00fcrecinde yap\u0131lan liderler zirvelerinin \u00fc\u00e7\u00fcnde de, Suriye\u2019nin Arap devleti oldu\u011funa yani egemenli\u011fine yap\u0131lan vurgu, sonu\u00e7 bildirilerinde g\u00fc\u00e7l\u00fc bir \u015fekilde yer alm\u0131\u015ft\u0131. Astana s\u00fcrecine dair <em>\u201cmeselenin \u00e7\u00f6z\u00fcm\u00fc i\u00e7in en verimli format\u201d<\/em> s\u00f6zleri bunu hat\u0131rlat\u0131r gibiydi.<\/p>\n<p>Uluslararas\u0131 me\u015fruiyete vurgu ise daha s\u0131k kullan\u0131lmaya ba\u015flad\u0131. Bu husus gittik\u00e7e de \u00f6ne \u00e7\u0131kmaya ba\u015flayacak gibi g\u00f6r\u00fcn\u00fcyor. ABD\u2019nin \u00e7ekilme a\u00e7\u0131klamas\u0131 ile bu me\u015fruiyet tart\u0131\u015fmas\u0131nda T\u00fcrkiye biraz zorlanacak gibi g\u00f6r\u00fcn\u00fcyor. Rusya, Suriye H\u00fck\u00fcmeti taraf\u0131ndan davet edilmi\u015f durumda. Bu konuyu Putin g\u00fc\u00e7l\u00fc bir \u015fekilde vurgulad\u0131.<\/p>\n<h2><strong>En \u00f6nemli anla\u015fmazl\u0131k: Kim ter\u00f6rist?<\/strong><\/h2>\n<p>Putin konu\u015fmas\u0131nda, yeni Suriye Anayasas\u0131 i\u00e7in kurulmas\u0131 planlanan komitenin yeni devlet format\u0131 i\u00e7in \u00f6nemli oldu\u011funu vurgulad\u0131. Ve arkas\u0131ndan \u201c<em>Ter\u00f6r \u00f6rg\u00fctlerinin durdurulmas\u0131 i\u00e7in bir\u00e7ok ad\u0131m at\u0131ld\u0131\u201d <\/em>dedi. ABD\u2019nin \u00e7ekilme karar\u0131n\u0131 da g\u00f6r\u00fc\u015ft\u00fcklerini belirterek,<em> \u201cBu b\u00f6lge K\u00fcrtlerin elindedir. Bu ba\u011flamda \u015eam\u2019\u0131n K\u00fcrtlerin temsilcileri ile diyalog i\u00e7erisinde olmalar\u0131n\u0131 te\u015fvik ediyoruz. Bu birlik sa\u011flanacak, uzla\u015fma sa\u011flanacak olursa sadece Suriye\u2019nin hayr\u0131na de\u011fil kom\u015fu \u00fclkelerin de hayr\u0131na olacakt\u0131r.\u201d <\/em>c\u00fcmleleri ile devam etti.<\/p>\n<p>Bunlar Astana s\u00fcrecindeki liderler zirvelerinin sonu\u00e7 bildirilerinde de imza alt\u0131na al\u0131nm\u0131\u015f olan ancak halen devam eden derin fikir ayr\u0131l\u0131klar\u0131na i\u015faret eden s\u00f6zler.<\/p>\n<p>Rusya, PKK\/PYD\/YPG unsurlar\u0131n\u0131 ter\u00f6rist olarak g\u00f6rmediklerini bir kere daha a\u00e7\u0131kl\u0131kla vurgulad\u0131. \u015eam ile aralar\u0131ndaki diyalogu kendisinin kurdu\u011funu belirtti. En \u00f6nemlisi de \u201c<em>Bu uzla\u015fman\u0131n kom\u015fu \u00fclkelerin hayr\u0131na olaca\u011f\u0131<\/em>\u201dn\u0131 da s\u00f6yledi. Bu b\u00f6lgenin iki kom\u015fusu var, birisi T\u00fcrkiye di\u011feri Irak. Ama do\u011frudan T\u00fcrkiye\u2019nin i\u015faret edildi\u011fi de a\u00e7\u0131kt\u0131. (Irak yerine IKBY demek bile m\u00fcmk\u00fcn. Bu konuda daha \u00f6nce yaz\u0131lm\u0131\u015f olan yaz\u0131m\u0131za bak\u0131labilir<a href=\"#_edn1\" name=\"_ednref1\">*<\/a>.)<\/p>\n<p>Putin, \u201cT\u00fcrkiye ve Rusya\u2019n\u0131n \u00e7at\u0131\u015fmadan sonraki d\u00f6nemde de i\u015fbirli\u011fi yapmas\u0131 gerekti\u011fini\u201d <em>belirterek \u201c\u2026ki bu \u015fekilde zorunlu olarak yerlerini de\u011fi\u015ftirmi\u015f olanlar\u0131n g\u00fcvenli bir \u015fekilde \u00fclkelerine <\/em>d\u00f6nebilsinler.\u201d demi\u015ftir. T\u00fcrkiye\u2019nin ba\u015f\u0131n\u0131 \u00e7ok a\u011fr\u0131tan Suriyeli s\u0131\u011f\u0131nmac\u0131lar meselesini hat\u0131rlatarak, a\u00e7\u0131k\u00e7a diplomatik koz olarak kullan\u0131lan bir durum s\u00f6z konusudur.<\/p>\n<h2><strong>Peki, biz ne dedik?<\/strong><\/h2>\n<p>Cumhurba\u015fkan\u0131 Erdo\u011fan konu\u015fmas\u0131n\u0131n giri\u015findeki nezaket c\u00fcmlelerinden sonra, \u201c<em>ABD\u2019nin \u00e7ekilme s\u00fcrecinde do\u011facak bo\u015flu\u011fun ter\u00f6r \u00f6rg\u00fctlerince istismar edilmemesi kritik \u00f6nemdedir. Ba\u015fta DEA\u015e olmak \u00fczere PYD-YPG ter\u00f6r \u00f6rg\u00fctlerine kar\u015f\u0131 bunlar\u0131n temizlenmesi g\u00f6revimizi \u00f6zellikle ifade ettim.\u201d<\/em> dedi.<\/p>\n<p>(Buradaki <em>\u201cg\u00f6revin\u201d<\/em> kim taraf\u0131ndan verildi\u011fi ayr\u0131 bir de\u011ferlendirme konusu. Yaz\u0131l\u0131 bir metinden ve \u00e7ok \u00f6nemli bir zeminde yap\u0131lm\u0131\u015f olmas\u0131 ayr\u0131ca \u00f6nemi artt\u0131r\u0131yor.)<\/p>\n<p>Rusya ile aram\u0131zda en b\u00fcy\u00fck ayr\u0131l\u0131k onlar\u0131n PYD\/YPG\u2019nin ter\u00f6rist olarak g\u00f6rmemesi oldu\u011fu ortaya \u00e7\u0131kmaktad\u0131r. (Ho\u015f bu \u00f6rg\u00fctler de \u0130mral\u0131\u2019dan ve T\u00fcrkiye\u2019nin g\u00f6zetiminde kurdurulmu\u015ftu ya, bu da ayr\u0131 de\u011ferlendirme konusu.)<\/p>\n<p>Cumhurba\u015fkan\u0131 konu\u015fmas\u0131nda \u201cSuriyeli m\u00fcltecilerin geri d\u00f6n\u00fc\u015f\u00fc konusunu da\u201d ele ald\u0131klar\u0131n\u0131 belirterek, <em>\u201cyakla\u015f\u0131k 4 milyon Suriyeli m\u00fclteciye kucak a\u00e7m\u0131\u015f bir \u00fclke olarak T\u00fcrkiye\u2019yi yak\u0131ndan ilgilendiriyor. Gerek F\u0131rat Kalkan\u0131 ve gerekse Zeytin Dal\u0131 harek\u00e2tlar\u0131yla ter\u00f6rden ar\u0131nd\u0131rd\u0131\u011f\u0131m\u0131z b\u00f6lgelere bug\u00fcne kadar 300 bin Suriyelinin geri d\u00f6nd\u00fc. (\u2026) Geri d\u00f6n\u00fc\u015flerin \u00f6n\u00fcn\u00fc a\u00e7an bu modelin F\u0131rat\u2019\u0131n do\u011fusuna da uygulanmas\u0131 gerekiyor.\u201d<\/em> devam etti.<\/p>\n<p>Bu a\u00e7\u0131klamadan F\u0131rat\u2019\u0131n do\u011fusunda ter\u00f6rden ar\u0131nd\u0131r\u0131lm\u0131\u015f g\u00fcvenli b\u00f6lge ile ayn\u0131 zamanda T\u00fcrkiye\u2019nin kontrol edece\u011fi ve T\u00fcrkiye\u2019deki Suriyeli s\u0131\u011f\u0131nmac\u0131lar\u0131n yerle\u015ftirilmesinin d\u00fc\u015f\u00fcn\u00fcld\u00fc\u011f\u00fc bir yap\u0131 anla\u015f\u0131lmakta. Bu da Suriye\u2019nin mevcut devlet yap\u0131s\u0131 d\u0131\u015f\u0131nda yeni bir devlet format\u0131n\u0131 ortaya koyuyor.<\/p>\n<p>Bu c\u00fcmleler ile Rusya ile aram\u0131zda, Putin\u2019in konu\u015fmas\u0131nda i\u015faret etti\u011fini belirtti\u011fimiz, <em>\u201cSuriye\u2019nin toprak b\u00fct\u00fcnl\u00fc\u011f\u00fc, birli\u011fi ve egemenlik yap\u0131s\u0131\u201d <\/em>hususlar\u0131ndaki g\u00f6r\u00fc\u015f ayr\u0131l\u0131\u011f\u0131 oldu\u011fu Cumhurba\u015fkan\u0131\u2019n\u0131n s\u00f6yledikleriyle daha da a\u00e7\u0131\u011fa \u00e7\u0131kmakta.<\/p>\n<h2><strong>Sorularla derinli\u011fi netle\u015fen bak\u0131\u015f farkl\u0131\u011f\u0131<\/strong><\/h2>\n<p>Cumhurba\u015fkan\u0131\u2019n\u0131n konu\u015fmas\u0131ndan sonra sadece iki soru al\u0131nd\u0131 ama cevaplar k\u0131yas\u0131ya bir satran\u00e7 m\u00fcsabakas\u0131 gibiydi.<\/p>\n<p>\u0130lk soru TRT\u2019den bir muhabir taraf\u0131ndan soruldu. Soru(lar) tam olarak, <em>\u201cG\u00fcvenli B\u00f6lge konusunda ABD ile yap\u0131lmakta olan g\u00f6r\u00fc\u015fmelerde somut bir geli\u015fme var m\u0131d\u0131r? Bug\u00fcn bu konu g\u00fcndeme geldi mi? E\u011fer geldiyse teknik detaylar hakk\u0131nda bilgi verebilir misiniz? \u00d6zellikle Say\u0131n Putin\u2019e de bu konu da Rusya\u2019n\u0131 yakla\u015f\u0131m\u0131 nedir?\u201d <\/em>\u015feklindeydi.<\/p>\n<p>\u0130lk olarak Cumhurba\u015fkan\u0131 Erdo\u011fan cevap verdi. <em>\u201cBizler tehdit olu\u015fturan b\u00f6lgeler konusunda ABD olumlu yakla\u015f\u0131m\u0131n\u0131 bizlere zaten ifade etti. O da bildi\u011finiz gibi 30-32 km derinli\u011finde bir b\u00f6lge. Bu konuda bizim Rusya ile bir s\u0131k\u0131nt\u0131m\u0131z yok. Zira bu g\u00fcvenli b\u00f6lge ter\u00f6rden ar\u0131nd\u0131r\u0131lm\u0131\u015f bir b\u00f6lge hassasiyetidir.\u201d <\/em>diyerek ilgililerin s\u00fcrekli olarak irtibat halinde oldu\u011funu belirtti.<\/p>\n<p><img loading=\"lazy\" class=\"aligncenter wp-image-5766 size-full\" src=\"http:\/\/misak.millidusunce.com\/wp-content\/uploads\/2019\/02\/Tampon-b\u00f6lge.jpg\" alt=\"Suriye'nin kuzeyinde g\u00fcvenli b\u00f6lge\" width=\"640\" height=\"359\" srcset=\"https:\/\/millidusunce.com\/misak\/wp-content\/uploads\/2019\/02\/Tampon-b\u00f6lge.jpg 640w, https:\/\/millidusunce.com\/misak\/wp-content\/uploads\/2019\/02\/Tampon-b\u00f6lge-150x84.jpg 150w, https:\/\/millidusunce.com\/misak\/wp-content\/uploads\/2019\/02\/Tampon-b\u00f6lge-300x168.jpg 300w\" sizes=\"(max-width: 640px) 100vw, 640px\" \/><\/p>\n<p>Putin daha detayl\u0131 ve maddeler halinde cevap verdi. \u00d6ncelikle <em>\u201cbu ba\u011flamda \u015funu hat\u0131rlatmak istiyorum. Amerikan askerleri Suriye\u2019de illegal olarak bulunmaktad\u0131r. Onlar\u0131n orada bulunmas\u0131na dair uluslararas\u0131 hukuka dayal\u0131 gerek\u00e7eleri yoktur. BM\u2019den herhangi bir karar yoktur. Suriye H\u00fck\u00fcmetinden herhangi bir davet de yoktur. Ama ABD ile ter\u00f6rle m\u00fccadele konusunda yap\u0131c\u0131 bir i\u015fbirli\u011fi tesis ettik. Eminim ki bu devam edecektir. Bu bir\u2026<\/em><\/p>\n<p><em>\u0130ki: biz de\u011ferli T\u00fcrk dostlar\u0131m\u0131z\u0131n menfaatlerine sayg\u0131 duyuyoruz. \u00d6zellikle g\u00fcvenli\u011fin sa\u011flanmas\u0131 noktas\u0131nda\u2026<\/em><\/p>\n<p><em>\u00dc\u00e7: Suriye Arap H\u00fck\u00fcmeti ve T\u00fcrkiye Cumhuriyeti aras\u0131nda 1998 tarihli, \u00f6zellikle ter\u00f6rle m\u00fccadele ilgili bir s\u00f6zle\u015fme var. Ve eminim ki bu bir\u00e7ok hususu kapatan bir temeldir. Biz bu konular\u0131 bug\u00fcn ayr\u0131nt\u0131l\u0131 bir \u015fekilde anlatt\u0131k.\u201d<\/em><\/p>\n<p>Asl\u0131nda ayr\u0131nt\u0131ya girmeden bile ayr\u0131l\u0131k derhal kendini g\u00f6stermekte. Daha toplant\u0131n\u0131n ba\u015f\u0131nda vurgulanan me\u015fruiyet ve Suriye\u2019nin egemenli\u011fi \u00e7ok daha g\u00fc\u00e7l\u00fc bir \u015fekilde tekrar edildi.<\/p>\n<p>Rusya g\u00fcvenli b\u00f6lgeye ve yeni devlet yap\u0131lanmas\u0131 anlam\u0131na gelebilecek olu\u015fumlara kar\u015f\u0131 \u00e7\u0131kt\u0131. Benzer \u00e7\u0131k\u0131\u015flar\u0131 15 \u015eubat 2018\u2019da ABD D\u0131\u015fi\u015fleri Bakan\u0131 Tillerson\u2019un Ankara ziyareti \u00f6ncesi ve sonras\u0131nda da <em>\u201cSuriye\u2019nin toprak b\u00fct\u00fcnl\u00fc\u011f\u00fcn\u00fc bozmaya y\u00f6nelik ad\u0131mlar\u0131 endi\u015feyle takip ediyoruz. Bunun nedeni ABD\u2019nin sahada, \u00f6zellikle de F\u0131rat\u2019\u0131n do\u011fusu ile Suriye\u2019nin Irak \u2013 T\u00fcrkiye s\u0131n\u0131r\u0131 aras\u0131ndaki b\u00f6lgedeki uygulamaya ba\u015flad\u0131\u011f\u0131 planlar\u0131<\/em>&#8230;(var)<a href=\"#_edn2\" name=\"_ednref2\">*<\/a>*<em>\u201d <\/em>yapm\u0131\u015flard\u0131. T\u00fcrkiye\u2019nin ter\u00f6rden rahats\u0131zl\u0131\u011f\u0131 i\u00e7in de <em>\u201cAdana Mutabakat\u0131n\u0131 anlatt\u0131k\u201d <\/em>diyerek, bu \u00e7er\u00e7evede hareket edilirse sorunun \u00e7\u00f6z\u00fclebilece\u011fini hat\u0131rlatt\u0131lar.<\/p>\n<p>G\u00f6r\u00fclen o ki Zirve\u2019de Adana Mutabakat\u0131na d\u00f6n\u00fc\u015f \u00fczerinde bir uzla\u015fma yok. Rusya taraf\u0131ndan \u00f6neri yap\u0131ld\u0131\u011f\u0131 anla\u015f\u0131l\u0131yor.<\/p>\n<h2><strong>Ertesi g\u00fcnlerde T\u00fcrkiye\u2019de\u2026<\/strong><\/h2>\n<p>Cumhurba\u015fkan\u0131 23 Ocak (2019)\u2019ta Moskova\u2019da ger\u00e7ekle\u015fen zirvenin ertesi g\u00fcn\u00fc, Kara Harp Okulunda yapt\u0131\u011f\u0131 konu\u015fmada <em>\u201cBuradaki huzuru nas\u0131l sa\u011flar\u0131z, Afrin\u2019de nas\u0131l sa\u011flar\u0131z, \u0130dlib\u2019de nas\u0131l sa\u011flar\u0131z, Cerablus\u2019ta nas\u0131l sa\u011flar\u0131z, Suriye\u2019nin \u00f6zellikle bize yak\u0131n olan b\u00f6lgesinde yani \u015f\u00f6yle a\u00e7arsak 30-32 km derinlikte bunu nas\u0131l sa\u011flar\u0131z. B\u00fct\u00fcn bu \u00e7al\u0131\u015fmalar bunun i\u00e7in. Yoksa bizim Suriye\u2019de i\u015fgal diye bir derdimiz yok.\u201d <\/em>diyerek zirve sonras\u0131 a\u00e7\u0131klamalara devam etti. <em>\u201cAdana Mutabakat\u0131n\u0131n yeniden g\u00fcndeme gelmesi, bunun \u00fczerinde \u0131srarl\u0131 bir \u015fekilde durmam\u0131z\u0131n gereklili\u011fini daha iyi anl\u0131yoruz.\u201d<\/em> ifadeleri de gelece\u011fe dair i\u015faret fi\u015feklerine benziyordu. Buna cevaplar \u00e7ok gecikmedi.<\/p>\n<p>26 Ocak\u2019ta Suriye Devletinin resmi haber ajans\u0131 SANA\u2019da \u00e7\u0131kan bir haber dikkat \u00e7ekti. Haberde ad\u0131 a\u00e7\u0131klanmayan <em>resmi bir<\/em> kaynak<em>\u201c\u2026dolay\u0131s\u0131yla Adana Mutabakat\u0131n\u0131n herhangi bir \u015fekilde yeniden etkinle\u015ftirilmesinin iki devlet aras\u0131ndaki s\u0131n\u0131rlar\u0131n eski haline d\u00f6nmesini gerektirdi\u011finin alt\u0131n\u0131 \u00e7izdi. Adana Mutabakat\u0131n\u0131n yeniden etkinle\u015ftirilmesinin ayn\u0131 zamanda T\u00fcrkiye rejiminin ter\u00f6re her t\u00fcrl\u00fc deste\u011fini kesmesini gerektirdi\u011fini vurgulayan yetkili kaynak; Suriye topraklar\u0131nda bulunan askeri g\u00fc\u00e7lerinin tamam\u0131n\u0131 geri \u00e7ekmesi gerekti\u011fini belirtti.\u201d <\/em>deniyordu.<\/p>\n<p>\u015eam y\u00f6netimi de T\u00fcrkiye\u2019ye elini uzat\u0131rken Afrin ile F\u0131rat aras\u0131ndaki b\u00f6lgeden \u00e7\u0131kmas\u0131n\u0131 istiyordu. Suriye\u2019den Putin\u2019in vurgulad\u0131\u011f\u0131 hukuki me\u015fruiyete paralel bir talep gelmi\u015fti.<\/p>\n<p>Bir g\u00fcn sonra Kremlin s\u00f6zc\u00fcs\u00fc Peskov\u2019un da Adana Mutabakat\u0131na at\u0131f yaparak, <em>\u201c\u00d6nemli olan, bu uygulaman\u0131n s\u0131n\u0131rda devlet d\u0131\u015f\u0131 b\u00f6lgesel olu\u015fumlar\u0131n meydana gelmesine hi\u00e7bir \u015fekilde yol a\u00e7mamas\u0131 ve Suriye\u2019nin toprak ve siyasal b\u00fct\u00fcnl\u00fc\u011f\u00fcn\u00fc tehdit etmemesi\u201d<\/em> a\u00e7\u0131klamas\u0131 bas\u0131na d\u00fc\u015ft\u00fc. Farkl\u0131 bak\u0131\u015f devam ediyordu.<\/p>\n<h2><strong>Ya \u0130dlib\u2026<\/strong><\/h2>\n<p>Zirvedeki bas\u0131n a\u00e7\u0131klamas\u0131nda ikinci soru \u0130dlib\u2019le alakal\u0131yd\u0131. \u0130ki lider de \u0130dlib\u2019te istikrardan ve \u00e7al\u0131\u015fmalara devam etmekten bahsetti. So\u00e7i Mutabakat\u0131ndan sonra T\u00fcrkiye\u2019ye s\u0131\u011f\u0131nmac\u0131 ak\u0131n\u0131 \u00f6nlenmi\u015f ancak b\u00f6lgenin gerilimi artm\u0131\u015f vaziyette. Mutabakattan bu yana a\u011f\u0131r silahlar toplanamad\u0131\u011f\u0131 gibi devam eden \u00e7at\u0131\u015fmalara mani olunamam\u0131\u015ft\u0131r. Haddizat\u0131nda b\u00f6yle bir \u015feye de gerek yoktur. Mehmet\u00e7ik aradan \u00e7ekilmelidir. \u00c7\u00fcnk\u00fc bu kavga T\u00fcrk Milletinin kavgas\u0131 de\u011fildir.<\/p>\n<p>B\u00f6lgedeki g\u00f6zlem noktalar\u0131n\u0131 kendi s\u0131n\u0131r\u0131m\u0131za \u00e7ekip, muhtemel g\u00f6\u00e7\u00fc orada kar\u015f\u0131lamak ve T\u00fcrkiye\u2019ye gelmelerini \u00f6nleyecek tedbirleri almak do\u011fru olacakt\u0131r.<\/p>\n<p>Bu hususta \u015e\u00fckr\u00fc Elekda\u011f\u2019\u0131n 27 Ocak tarihli S\u00f6zc\u00fc Gazetesindeki U\u011fur D\u00fcndar\u2019la yapt\u0131\u011f\u0131 s\u00f6yle\u015fi devlet i\u00e7in \u00e7ok \u00f6nemli ve somut \u00f6nerileri ihtiva etmektedir.<\/p>\n<h2><strong>Peki, ne olmal\u0131?<\/strong><\/h2>\n<p>B\u00f6lgedeki en g\u00fcvenilmez akt\u00f6r\u00fcn ABD oldu\u011fu bir ger\u00e7ektir. \u00c7eki\u00e7 G\u00fc\u00e7\u2019\u00fcn Irak\u2019\u0131n kuzeyine yerle\u015ftirilmesinden bu yana, b\u00f6lgedeki geli\u015fmeler ortadad\u0131r. Bu s\u00fcre\u00e7te Irak\u2019\u0131n mill\u00ee \u00fcniter yap\u0131s\u0131 iki par\u00e7al\u0131 hale gelmi\u015f, Irak Arap Cumhuriyeti, federal bir devlet yap\u0131s\u0131na d\u00f6n\u00fc\u015fm\u00fc\u015ft\u00fcr. Dolay\u0131s\u0131yla di\u011fer oyuncularla birlikte hareket ediyor gibi davranarak ABD ile yak\u0131n stratejik ili\u015fki i\u00e7inde olmak tehlikelidir. Hem ABD\u2019nin projesi do\u011frudan T\u00fcrkiye\u2019nin b\u00fct\u00fcnl\u00fc\u011f\u00fcn\u00fc par\u00e7alamaya y\u00f6neliktir, hem de ne zaman ve nerede yaln\u0131z b\u0131rakaca\u011f\u0131 belli olmayan bir ortakl\u0131k anlay\u0131\u015f\u0131 vard\u0131r.<\/p>\n<p>Ayr\u0131ca Suriye\u2019nin kuzeyinde yeni bir g\u00fcvenli b\u00f6lge Rusya\u2019n\u0131n m\u00fctemadiyen vurgulad\u0131\u011f\u0131 <em>devlet benzeri yap\u0131lanma, <\/em>yani par\u00e7al\u0131 bir Suriye Devleti ya da Suriye\u2019den kopar\u0131lm\u0131\u015f bir b\u00f6lgede yeni bir devlet demektir. B\u00f6yle bir yap\u0131 32 km\u2019lik bir b\u00f6lge ile s\u0131n\u0131rl\u0131 kalmaz. F\u0131rat\u2019\u0131n do\u011fu vadisini i\u00e7ine alacak b\u00f6lgeye geni\u015fler. Gerek hidro-elektrik enerji gerekse petrol kaynaklar\u0131 bu topraklardad\u0131r. Irak\u2019\u0131n kuzeyindeki K\u00fcrt yap\u0131lanmas\u0131 ile birle\u015fti\u011finde kar\u015f\u0131m\u0131za b\u00fcy\u00fck bir bela \u00e7\u0131kacakt\u0131r. Buradaki bir yap\u0131lanma, \u00e7ok b\u00fcy\u00fck ac\u0131lar\u0131 da i\u00e7inde bar\u0131nd\u0131racak kar\u0131\u015f\u0131kl\u0131klar anlam\u0131na da gelir. G\u00fcvenli b\u00f6lge olu\u015ftural\u0131m derken, \u00e7ok uzun s\u00fcrecek ac\u0131lar\u0131n i\u00e7ine girmek sonu belirsiz bir macera olacakt\u0131r.<\/p>\n<p>Bu yap\u0131n\u0131n T\u00fcrkiye ve b\u00f6lge i\u00e7in ne kadar b\u00fcy\u00fck riskleri ta\u015f\u0131d\u0131\u011f\u0131n\u0131 art\u0131k u\u00e7an ku\u015f g\u00f6rmektedir. \u0130deolojik davran\u0131\u015flardan vazge\u00e7ilmeli, T\u00fcrk devlet felsefesine uygun \u015fekilde ortak ak\u0131l \u00f6ne \u00e7\u0131kar\u0131lmal\u0131d\u0131r. Suriye\u2019nin kuzeyinde bir devlet anlam\u0131na gelecek ve T\u00fcrkiye\u2019deki s\u0131\u011f\u0131nmac\u0131lar i\u00e7inden se\u00e7ilenlerle, \u0130hvanc\u0131 oldu\u011funa dair d\u00fc\u015f\u00fcnceleri \u00e7a\u011fr\u0131\u015ft\u0131ran bir y\u00f6netim olu\u015fturma stratejisi bizim egemenli\u011fimizi tehlikeye d\u00fc\u015f\u00fcr\u00fcr. Sorunlar, Suriye\u2019nin toprak b\u00fct\u00fcnl\u00fc\u011f\u00fc ve Arap devleti olmas\u0131 \u00e7er\u00e7evesinde \u00e7\u00f6z\u00fcmlenmelidir.<\/p>\n<p>Daha fazla gecikmeden \u015eam y\u00f6netimi ile ili\u015fkiye girilmeli. Vatan\u0131m\u0131za y\u00f6nelecek b\u00fct\u00fcn tehditler g\u00f6z \u00f6n\u00fcne al\u0131narak Adana Mutabakat\u0131 g\u00fcncellenip, topraklar\u0131m\u0131za y\u00f6nelecek tehditler bertaraf edilmelidir.<\/p>\n<p>&nbsp;<\/p>\n<p><a href=\"#_ednref1\" name=\"_edn1\">*<\/a> 10 Haziran 2018, <a href=\"http:\/\/misak.millidusunce.com\/turkiye-ile-abd-munbic-uzlasmasinin-sonuclari-uzerine\/\" target=\"_blank\" rel=\"noopener\">http:\/\/misak.millidusunce.com\/turkiye-ile-abd-munbic-uzlasmasinin-sonuclari-uzerine\/<\/a><\/p>\n<p><a href=\"#_ednref2\" name=\"_edn2\">*<\/a>* agm<\/p>\n","protected":false},"excerpt":{"rendered":"<p>23 Ocak&#8217;ta Moskova&#8217;daki g\u00f6r\u00fc\u015fmenin ard\u0131ndan Adana Mutabakat\u0131 \u00f6ne \u00e7\u0131kar\u0131ld\u0131. Ger\u00e7ekten zirvenin sonucu bu mu, Suriye&#8217;nin devlet yap\u0131s\u0131 m\u0131? Suriye&#8217;de olu\u015facak par\u00e7al\u0131 yap\u0131 T\u00fcrkiye i\u00e7in tehlikedir. IKBY ile birle\u015febilir ve T\u00fcrkiye b\u00fcy\u00fck ac\u0131lar \u00e7eker.<\/p>\n","protected":false},"author":26,"featured_media":5772,"comment_status":"open","ping_status":"open","sticky":false,"template":"","format":"standard","meta":{"_links_to":"","_links_to_target":""},"categories":[59,70,66,67,69],"tags":[],"yoast_head":"<!-- This site is optimized with the Yoast SEO plugin v16.0.2 - https:\/\/yoast.com\/wordpress\/plugins\/seo\/ -->\n<title>Moskova g\u00f6r\u00fc\u015fmesinin sonucu Adana Mutabakat\u0131 m\u0131? - M\u0130SAK- Mill\u00ee Strateji Ara\u015ft\u0131rma Kurulu<\/title>\n<link rel=\"canonical\" href=\"https:\/\/millidusunce.com\/misak\/moskova-gorusmesinin-sonucu-adana-mutabakati-mi\/\" \/>\n<meta property=\"og:locale\" content=\"tr_TR\" \/>\n<meta property=\"og:type\" content=\"article\" \/>\n<meta property=\"og:title\" content=\"Moskova g\u00f6r\u00fc\u015fmesinin sonucu Adana Mutabakat\u0131 m\u0131? - M\u0130SAK- Mill\u00ee Strateji Ara\u015ft\u0131rma Kurulu\" \/>\n<meta property=\"og:description\" content=\"23 Ocak&#039;ta Moskova&#039;daki g\u00f6r\u00fc\u015fmenin ard\u0131ndan Adana Mutabakat\u0131 \u00f6ne \u00e7\u0131kar\u0131ld\u0131. Ger\u00e7ekten zirvenin sonucu bu mu, Suriye&#039;nin devlet yap\u0131s\u0131 m\u0131? Suriye&#039;de olu\u015facak par\u00e7al\u0131 yap\u0131 T\u00fcrkiye i\u00e7in tehlikedir. IKBY ile birle\u015febilir ve T\u00fcrkiye b\u00fcy\u00fck ac\u0131lar \u00e7eker.\" \/>\n<meta property=\"og:url\" content=\"https:\/\/millidusunce.com\/misak\/moskova-gorusmesinin-sonucu-adana-mutabakati-mi\/\" \/>\n<meta property=\"og:site_name\" content=\"M\u0130SAK- Mill\u00ee Strateji Ara\u015ft\u0131rma Kurulu\" \/>\n<meta property=\"article:published_time\" content=\"2019-02-05T16:30:37+00:00\" \/>\n<meta property=\"article:modified_time\" content=\"2019-02-05T15:04:18+00:00\" \/>\n<meta property=\"og:image\" content=\"https:\/\/millidusunce.com\/misak\/wp-content\/uploads\/2019\/02\/Erdo\u011fan-Ve-Putin-Moskovada-biraraya-geldi-768x466-1.jpg\" \/>\n\t<meta property=\"og:image:width\" content=\"768\" \/>\n\t<meta property=\"og:image:height\" content=\"466\" \/>\n<meta name=\"twitter:card\" content=\"summary_large_image\" \/>\n<meta name=\"twitter:label1\" content=\"Tahmini okuma s\u00fcresi\">\n\t<meta name=\"twitter:data1\" content=\"12 dakika\">\n<script type=\"application\/ld+json\" class=\"yoast-schema-graph\">{\"@context\":\"https:\/\/schema.org\",\"@graph\":[{\"@type\":\"Organization\",\"@id\":\"https:\/\/millidusunce.com\/misak\/#organization\",\"name\":\"Mill\\u00ee D\\u00fc\\u015f\\u00fcnce Merkezi\",\"url\":\"https:\/\/millidusunce.com\/misak\/\",\"sameAs\":[],\"logo\":{\"@type\":\"ImageObject\",\"@id\":\"https:\/\/millidusunce.com\/misak\/#logo\",\"inLanguage\":\"tr\",\"url\":\"https:\/\/millidusunce.com\/misak\/wp-content\/uploads\/2018\/09\/mdmLogo-yazisiz.jpg\",\"width\":422,\"height\":422,\"caption\":\"Mill\\u00ee D\\u00fc\\u015f\\u00fcnce Merkezi\"},\"image\":{\"@id\":\"https:\/\/millidusunce.com\/misak\/#logo\"}},{\"@type\":\"WebSite\",\"@id\":\"https:\/\/millidusunce.com\/misak\/#website\",\"url\":\"https:\/\/millidusunce.com\/misak\/\",\"name\":\"M\\u0130SAK- Mill\\u00ee Strateji Ara\\u015ft\\u0131rma Kurulu\",\"description\":\"D\\u00fcnyaya T\\u00fcrk\\u00e7\\u00fc Bak\\u0131\\u015f\",\"publisher\":{\"@id\":\"https:\/\/millidusunce.com\/misak\/#organization\"},\"potentialAction\":[{\"@type\":\"SearchAction\",\"target\":\"https:\/\/millidusunce.com\/misak\/?s={search_term_string}\",\"query-input\":\"required name=search_term_string\"}],\"inLanguage\":\"tr\"},{\"@type\":\"ImageObject\",\"@id\":\"https:\/\/millidusunce.com\/misak\/moskova-gorusmesinin-sonucu-adana-mutabakati-mi\/#primaryimage\",\"inLanguage\":\"tr\",\"url\":\"https:\/\/millidusunce.com\/misak\/wp-content\/uploads\/2019\/02\/Erdo\\u011fan-Ve-Putin-Moskovada-biraraya-geldi-768x466-1.jpg\",\"width\":768,\"height\":466},{\"@type\":\"WebPage\",\"@id\":\"https:\/\/millidusunce.com\/misak\/moskova-gorusmesinin-sonucu-adana-mutabakati-mi\/#webpage\",\"url\":\"https:\/\/millidusunce.com\/misak\/moskova-gorusmesinin-sonucu-adana-mutabakati-mi\/\",\"name\":\"Moskova g\\u00f6r\\u00fc\\u015fmesinin sonucu Adana Mutabakat\\u0131 m\\u0131? - M\\u0130SAK- Mill\\u00ee Strateji Ara\\u015ft\\u0131rma Kurulu\",\"isPartOf\":{\"@id\":\"https:\/\/millidusunce.com\/misak\/#website\"},\"primaryImageOfPage\":{\"@id\":\"https:\/\/millidusunce.com\/misak\/moskova-gorusmesinin-sonucu-adana-mutabakati-mi\/#primaryimage\"},\"datePublished\":\"2019-02-05T16:30:37+00:00\",\"dateModified\":\"2019-02-05T15:04:18+00:00\",\"breadcrumb\":{\"@id\":\"https:\/\/millidusunce.com\/misak\/moskova-gorusmesinin-sonucu-adana-mutabakati-mi\/#breadcrumb\"},\"inLanguage\":\"tr\",\"potentialAction\":[{\"@type\":\"ReadAction\",\"target\":[\"https:\/\/millidusunce.com\/misak\/moskova-gorusmesinin-sonucu-adana-mutabakati-mi\/\"]}]},{\"@type\":\"BreadcrumbList\",\"@id\":\"https:\/\/millidusunce.com\/misak\/moskova-gorusmesinin-sonucu-adana-mutabakati-mi\/#breadcrumb\",\"itemListElement\":[{\"@type\":\"ListItem\",\"position\":1,\"item\":{\"@type\":\"WebPage\",\"@id\":\"https:\/\/millidusunce.com\/misak\/\",\"url\":\"https:\/\/millidusunce.com\/misak\/\",\"name\":\"Anasayfa\"}},{\"@type\":\"ListItem\",\"position\":2,\"item\":{\"@type\":\"WebPage\",\"@id\":\"https:\/\/millidusunce.com\/misak\/moskova-gorusmesinin-sonucu-adana-mutabakati-mi\/\",\"url\":\"https:\/\/millidusunce.com\/misak\/moskova-gorusmesinin-sonucu-adana-mutabakati-mi\/\",\"name\":\"Moskova g\\u00f6r\\u00fc\\u015fmesinin sonucu Adana Mutabakat\\u0131 m\\u0131?\"}}]},{\"@type\":\"Article\",\"@id\":\"https:\/\/millidusunce.com\/misak\/moskova-gorusmesinin-sonucu-adana-mutabakati-mi\/#article\",\"isPartOf\":{\"@id\":\"https:\/\/millidusunce.com\/misak\/moskova-gorusmesinin-sonucu-adana-mutabakati-mi\/#webpage\"},\"author\":{\"@id\":\"https:\/\/millidusunce.com\/misak\/#\/schema\/person\/3ab4cf19eb1b7f72b4d39104dc2d599b\"},\"headline\":\"Moskova g\\u00f6r\\u00fc\\u015fmesinin sonucu Adana Mutabakat\\u0131 m\\u0131?\",\"datePublished\":\"2019-02-05T16:30:37+00:00\",\"dateModified\":\"2019-02-05T15:04:18+00:00\",\"mainEntityOfPage\":{\"@id\":\"https:\/\/millidusunce.com\/misak\/moskova-gorusmesinin-sonucu-adana-mutabakati-mi\/#webpage\"},\"commentCount\":0,\"publisher\":{\"@id\":\"https:\/\/millidusunce.com\/misak\/#organization\"},\"image\":{\"@id\":\"https:\/\/millidusunce.com\/misak\/moskova-gorusmesinin-sonucu-adana-mutabakati-mi\/#primaryimage\"},\"articleSection\":\"ABD,RUSYA,S\\u0130YASET-TAR\\u0130H,TEHD\\u0130TLER,YAKIN-CO\\u011eRAFYA\",\"inLanguage\":\"tr\",\"potentialAction\":[{\"@type\":\"CommentAction\",\"name\":\"Comment\",\"target\":[\"https:\/\/millidusunce.com\/misak\/moskova-gorusmesinin-sonucu-adana-mutabakati-mi\/#respond\"]}]},{\"@type\":\"Person\",\"@id\":\"https:\/\/millidusunce.com\/misak\/#\/schema\/person\/3ab4cf19eb1b7f72b4d39104dc2d599b\",\"name\":\"Hakan Paksoy\",\"image\":{\"@type\":\"ImageObject\",\"@id\":\"https:\/\/millidusunce.com\/misak\/#personlogo\",\"inLanguage\":\"tr\",\"url\":\"https:\/\/secure.gravatar.com\/avatar\/b57d69fc35f9a591489f2791830a0011?s=96&d=mm&r=g\",\"caption\":\"Hakan Paksoy\"},\"description\":\"1960 y\\u0131l\\u0131nda Isparta\\u2019da do\\u011fdu. \\u0130lk, orta ve lise \\u00f6\\u011frenimini memleketi olan Kahramanmara\\u015f\\u2019ta, y\\u00fcksek \\u00f6\\u011frenimini Ankara\\u2019da, Gazi \\u00dcniversitesi M\\u00fchendislik Mimarl\\u0131k Fak\\u00fcltesi Elektrik B\\u00f6l\\u00fcm\\u00fcnde yapt\\u0131. O zamanki ad\\u0131 T\\u00fcrkiye Elektrik Kurumu (TEK) K. Mara\\u015f \\u0130l M\\u00fcd\\u00fcrl\\u00fc\\u011f\\u00fc\\u2019nde m\\u00fchendis olarak g\\u00f6reve ba\\u015flad\\u0131. M\\u00fchendis, ba\\u015fm\\u00fchendis ve m\\u00fcessese m\\u00fcd\\u00fcr yard\\u0131mc\\u0131l\\u0131\\u011f\\u0131 g\\u00f6revlerini yapt\\u0131. 1999 y\\u0131l\\u0131nda TEDA\\u015e Genel M\\u00fcd\\u00fcrl\\u00fc\\u011f\\u00fcnde \\u015eube M\\u00fcd\\u00fcrl\\u00fc\\u011f\\u00fc yapt\\u0131. Temmuz 2017\\u2019de emekli oldu. Kahramanmara\\u015f T\\u00fcrk Oca\\u011f\\u0131 \\u015eubesinin kurulu\\u015fundan itibaren; y\\u00f6netim kurulu \\u00fcyeli\\u011fi, sekreterlik, ba\\u015fkan yard\\u0131mc\\u0131l\\u0131\\u011f\\u0131 ve iki d\\u00f6nem ba\\u015fkanl\\u0131k yapm\\u0131\\u015ft\\u0131r. 1995 Genel se\\u00e7imlerinde MHP\\u2019den milletvekili aday\\u0131 olmu\\u015ftur. T\\u00fcrkiye Kamu Sen\\u2019in kurulu\\u015funda ilk \\u015fube ba\\u015fkanlar\\u0131ndand\\u0131r. Ankara\\u2019da \\u00e7al\\u0131\\u015fmaya ba\\u015flad\\u0131ktan sonra T\\u00fcrk Enerji Sen Genel Merkez Y\\u00f6netim Kurulunda \\u00e7al\\u0131\\u015fm\\u0131\\u015ft\\u0131r. 1985-87 aras\\u0131nda askerlik g\\u00f6revini yapm\\u0131\\u015ft\\u0131r. Mill\\u00ee D\\u00fc\\u015f\\u00fcnce Merkezi (MDM) Y\\u00f6netim Kurulu \\u00fcyesidir ve internet sitesinde yaz\\u0131lar\\u0131 yay\\u0131nlanmaktad\\u0131r. Evlidir. Biri k\\u0131z di\\u011feri erkek iki \\u00e7ocu\\u011fu vard\\u0131r.\"}]}<\/script>\n<!-- \/ Yoast SEO plugin. -->","_links":{"self":[{"href":"https:\/\/millidusunce.com\/misak\/wp-json\/wp\/v2\/posts\/5764"}],"collection":[{"href":"https:\/\/millidusunce.com\/misak\/wp-json\/wp\/v2\/posts"}],"about":[{"href":"https:\/\/millidusunce.com\/misak\/wp-json\/wp\/v2\/types\/post"}],"author":[{"embeddable":true,"href":"https:\/\/millidusunce.com\/misak\/wp-json\/wp\/v2\/users\/26"}],"replies":[{"embeddable":true,"href":"https:\/\/millidusunce.com\/misak\/wp-json\/wp\/v2\/comments?post=5764"}],"version-history":[{"count":0,"href":"https:\/\/millidusunce.com\/misak\/wp-json\/wp\/v2\/posts\/5764\/revisions"}],"wp:featuredmedia":[{"embeddable":true,"href":"https:\/\/millidusunce.com\/misak\/wp-json\/wp\/v2\/media\/5772"}],"wp:attachment":[{"href":"https:\/\/millidusunce.com\/misak\/wp-json\/wp\/v2\/media?parent=5764"}],"wp:term":[{"taxonomy":"category","embeddable":true,"href":"https:\/\/millidusunce.com\/misak\/wp-json\/wp\/v2\/categories?post=5764"},{"taxonomy":"post_tag","embeddable":true,"href":"https:\/\/millidusunce.com\/misak\/wp-json\/wp\/v2\/tags?post=5764"}],"curies":[{"name":"wp","href":"https:\/\/api.w.org\/{rel}","templated":true}]}}