{"id":6246,"date":"2019-03-05T19:30:00","date_gmt":"2019-03-05T16:30:00","guid":{"rendered":"https:\/\/millidusunce.com\/misak\/?p=6246&#038;preview=true&#038;preview_id=6246"},"modified":"2019-03-07T07:57:53","modified_gmt":"2019-03-07T04:57:53","slug":"turk-devletinin-beka-meselesi-var-midir","status":"publish","type":"post","link":"https:\/\/millidusunce.com\/misak\/turk-devletinin-beka-meselesi-var-midir\/","title":{"rendered":"T\u00fcrk Devletinin beka meselesi var m\u0131d\u0131r?"},"content":{"rendered":"<p>&nbsp;<\/p>\n<p><img loading=\"lazy\" class=\"aligncenter size-full wp-image-6274\" src=\"https:\/\/millidusunce.com\/misak\/wp-content\/uploads\/2019\/03\/144342.jpg\" alt=\"\" width=\"680\" height=\"348\" srcset=\"https:\/\/millidusunce.com\/misak\/wp-content\/uploads\/2019\/03\/144342.jpg 680w, https:\/\/millidusunce.com\/misak\/wp-content\/uploads\/2019\/03\/144342-150x77.jpg 150w, https:\/\/millidusunce.com\/misak\/wp-content\/uploads\/2019\/03\/144342-300x154.jpg 300w\" sizes=\"(max-width: 680px) 100vw, 680px\" \/><\/p>\n<p>Bu sorunun kestirmeden cevab\u0131; \u201cEvet, beka meselesi vard\u0131r\u201d olacakt\u0131r. Hem de b\u00fcy\u00fck bir kesinlikle vard\u0131r, \u015feksiz \u015f\u00fcphesiz vard\u0131r, tart\u0131\u015fmas\u0131z vard\u0131r.<\/p>\n<p>Ancak bu beka meselesinin 31 Mart se\u00e7imleri ile uzaktan ya da yak\u0131ndan, do\u011frudan veya dolayl\u0131 herhangi bir ili\u015fkisi yoktur.<\/p>\n<p>Netice itibar\u0131 ile sadece mahalli y\u00f6neticilerin tespit edilece\u011fi bir se\u00e7im yap\u0131lacakt\u0131r. Yani tercihler yerel y\u00f6netimler i\u00e7in \u00a0belirlenecektir. Dolay\u0131s\u0131yla etki, do\u011fru ya da yanl\u0131\u015f, sadece belli bir b\u00f6lge ile s\u0131n\u0131rl\u0131 kalacakt\u0131r. Yani bir ilin yanl\u0131\u015f\u0131 yahut do\u011frusu kendi s\u0131n\u0131rlar\u0131 d\u0131\u015f\u0131nda hi\u00e7bir yeri etkileyemeyecektir. Bu da T\u00fcrk Devletinin bekas\u0131 ile 31 Mart 2019 se\u00e7imlerinin ilgisinin olmad\u0131\u011f\u0131n\u0131n en b\u00fcy\u00fck delilidir.<\/p>\n<p>Peki, beka meselesi varsa \u2013ki var oldu\u011funu belirttik- nedir? Ona cevap vermeye \u00e7al\u0131\u015fal\u0131m.<\/p>\n<h2><strong>Devlet kurallarla kaimdir<\/strong><\/h2>\n<p>Devlet bir milletin hayat\u0131n\u0131 y\u00f6neten ve y\u00f6nlendiren bir kurumdur. Birbiri ile uyum i\u00e7inde \u00e7al\u0131\u015fan bir di\u015fliler toplulu\u011fudur denilebilir. En k\u00fc\u00e7\u00fc\u011f\u00fcnden en b\u00fcy\u00fc\u011f\u00fcne b\u00fct\u00fcn di\u015fliler tam anlam\u0131yla uyum ve senkronizasyon (e\u015fzamanl\u0131l\u0131k ve paralellik) i\u00e7inde \u00e7al\u0131\u015f\u0131rlar. En k\u00fc\u00e7\u00fck veya en \u00f6nemsiz gibi g\u00f6r\u00fclen bir di\u015flideki bir ar\u0131za bile devletin dolay\u0131s\u0131yla toplumun hayat\u0131n\u0131 etkilemektedir.<\/p>\n<p>Devlet kurumlar toplulu\u011fu oldu\u011fu kadar kurallar b\u00fct\u00fcn\u00fcd\u00fcr de. Toplum hayat\u0131 i\u00e7in, y\u00fczy\u0131llar\u0131n imbi\u011finden ge\u00e7irilerek dam\u0131t\u0131lan ve insanlar taraf\u0131ndan genel kabul g\u00f6rm\u00fc\u015f d\u00fczenlemeler, usul\u00fcne uygun bir \u015fekilde, kural haline getirilirler. Bu \u00f6nce kanun olarak \u00e7\u0131kar\u0131l\u0131r, sonra bu kanunun uygulama y\u00f6ntemleri belirlenerek hayata ge\u00e7irilir. Kanun \u00e7\u0131kar\u0131l\u0131rken \u00f6nce gerek\u00e7e ortaya konur. Maksat a\u00e7\u0131klan\u0131r. Sonra kanunun ama\u00e7 ve kapsam\u0131 belirlenir. B\u00fct\u00fcn bunlardan sonra kanun \u00e7\u0131kar.<\/p>\n<p>Kanunlar ve y\u00f6netmelikler uygulanmak i\u00e7in \u00e7\u0131kar\u0131l\u0131rlar. \u0130\u015f olsun diye, var desinler diye veya yapm\u0131\u015f olmak i\u00e7in \u00e7\u0131kar\u0131lmazlar. \u00c7ok d\u00fc\u015f\u00fcn\u00fcp uzun s\u00fcre uygulanmak i\u00e7in d\u00fczenlenirler. Kafas\u0131na esen yasa \u00e7\u0131karamaz, \u00e7\u0131karmamal\u0131d\u0131r. T\u00fcrk\u00e7e&#8217;mizin g\u00fczel deyimi ile kitab\u0131na uydurmak i\u00e7in de d\u00fczenleme yap\u0131lamaz. Ki\u015fi ya da her hangi bir z\u00fcmre veya grup menfaati i\u00e7in de olamaz. Hukukun i\u00e7inde kal\u0131nmal\u0131d\u0131r. Yani s\u00f6z\u00fcn k\u0131sas\u0131, millet i\u00e7in ve insanlar\u0131n e\u015fitli\u011fi g\u00f6zetilerek yasa \u00e7\u0131kar ve uygulan\u0131r. Yoksa kaos olur ve alt\u0131ndan kalk\u0131lamaz.<\/p>\n<p>Bundan, \u00e7ok de\u011fil yakla\u015f\u0131k yirmi y\u0131l \u00f6nce, bir y\u00f6netmelik \u00e7\u0131karken, y\u00f6netmeli\u011fin kapsam\u0131na g\u00f6re yedi sekiz bakanl\u0131\u011f\u0131n katk\u0131s\u0131 ve dolay\u0131s\u0131yla onay\u0131 al\u0131narak d\u00fczenleme yap\u0131l\u0131yordu. Bir tak\u0131m y\u00f6netmelik d\u00fczenlemelerinde komisyon \u00fcyesi olarak g\u00f6rev yapt\u0131\u011f\u0131m d\u00f6nemlerde i\u015fleyi\u015f \u015f\u00f6yleydi. \u00d6nce yeni y\u00f6netmelik haz\u0131rlanmas\u0131 veya mevcutta de\u011fi\u015fiklik i\u00e7in y\u00f6netim kurulu karar\u0131 al\u0131n\u0131r, bu kararla komisyon olu\u015fturulurdu. Komisyona, ihtisas dairelerinin yan\u0131 s\u0131ra, bir de Ba\u015fbakanl\u0131\u011f\u0131n y\u00f6netmelik haz\u0131rlama usul ve esaslar\u0131n\u0131n uygulanmas\u0131n\u0131 sa\u011flayan birimden kat\u0131lan olurdu. Bu \u00e7ok \u00f6nemliydi. \u00c7\u00fcnk\u00fc komisyonun haz\u0131rlad\u0131\u011f\u0131 taslak y\u00f6netim kurulunun onay\u0131ndan sonra ilgili bakanl\u0131klara ya da kurulu\u015flara g\u00f6nderilirdi. Ayn\u0131 i\u015flemler oralarda da yap\u0131ld\u0131ktan sonra d\u00f6ner ve bu g\u00f6r\u00fc\u015flere uygun bir hal ald\u0131ktan sonra ba\u015fbakanl\u0131\u011fa iletilir, orada da \u00f6nce usule sonra \u015fekle ve yaz\u0131m kurallar\u0131na uygunlu\u011funa bak\u0131l\u0131r, daha sonra da yasa ya da ba\u015fka y\u00f6netmeliklere uygunluk denetimi yap\u0131l\u0131rd\u0131. E\u011fer bu kontrollerde herhangi bir eksiklik veya hata varsa b\u00fct\u00fcn i\u015flemler yeni ba\u015ftan yap\u0131lmak \u00fczere geri g\u00f6nderilirdi.<\/p>\n<p>Bu i\u015fleyi\u015f, kararlar\u0131n h\u0131zl\u0131 al\u0131nmas\u0131 u\u011fruna basitle\u015ftirildi. Art\u0131k her kurumun y\u00f6netmeli\u011fini kendi \u00e7\u0131karmas\u0131 kararla\u015ft\u0131r\u0131ld\u0131. Bu di\u011fer kurumlarla senkronizasyonu \u00e7ok \u00f6nemli bir \u015fekilde sarst\u0131. Sonra her yeni y\u00f6neticinin kendi kafas\u0131na g\u00f6re hareket etmesini kolayla\u015ft\u0131rd\u0131. \u00d6nceleri \u00a0yap\u0131lanlar i\u00e7in <em>y\u00f6netmeliklere ayk\u0131r\u0131 hat\u0131rlatmas\u0131na<\/em> en az\u0131ndan suskun kalanlar art\u0131k, a\u00e7\u0131ktan valilere <em>\u201cmevzuat denizinde bo\u011fulmay\u0131n\u201d<\/em> talimat\u0131na d\u00f6n\u00fc\u015ft\u00fc.<\/p>\n<p>Art\u0131k kurallar sadece var desinler diye vard\u0131. Sadece \u015fekl\u00ee me\u015fruiyeti sa\u011flayan yaz\u0131l\u0131 belgeler halini ald\u0131lar. Hatta o kadar oldu ki, yasa gere\u011fi rekt\u00f6r olamayacak bir yeni profes\u00f6r\u00fcn rekt\u00f6r olabilmesi i\u00e7in, \u00f6nce bekleme s\u00fcresi kald\u0131r\u0131ld\u0131 ve atamas\u0131 yap\u0131ld\u0131. Sonra, yasa tekrar eski haline d\u00f6n\u00fc\u015ft\u00fcr\u00fclerek bekleme s\u00fcresi getirildi. Bu da sadece kararname ile ger\u00e7ekle\u015fti.<\/p>\n<h2><strong>Ya kurumlar\u2026<\/strong><\/h2>\n<p>Peki, kurallar b\u00f6yle de kurumlar nas\u0131l? Asl\u0131nda bu sorunun cevab\u0131n\u0131 almak i\u00e7in bir heyet olu\u015ftursak, bu heyete her devlet dairesinden bir ki\u015fi alsak, eminim ki kurumlar\u0131n ismi de\u011fi\u015fmekle birlikte ayn\u0131 tespitler yap\u0131lacakt\u0131r.<\/p>\n<p>\u00d6ncelikle y\u00f6netimde ehliyet ve liyakatin art\u0131k \u00f6nemli olmad\u0131\u011f\u0131na dair ilk problem olarak kar\u015f\u0131m\u0131za \u00e7\u0131kar. Art\u0131k tercih, i\u015fini bilen ehil ki\u015fiden ziyade<em> benden olan<\/em>, hatta benden olmakla birlikte <em>benim ekibimden olan <\/em>kriterleri \u00f6ne \u00e7\u0131kmaktad\u0131r. \u00d6zellikle denileni yapacak, d\u00fc\u015f\u00fcnmeyecek, itiraz etmeyecek ve en \u00f6nemlisi s\u00f6ylenildi\u011finde mevzuat\u0131n d\u0131\u015f\u0131na \u00e7\u0131kabilecek adam makbuld\u00fcr ve tercih edilir hale gelmi\u015ftir.<\/p>\n<p>Devletin en \u00f6nemli \u00f6zelli\u011fi olan devaml\u0131l\u0131k kopmu\u015f ya da kopmak \u00fczeredir. Kurumlarda devaml\u0131 olarak yap\u0131lan reformlar(!) art\u0131k farkl\u0131 bir yap\u0131 ortaya \u00e7\u0131karm\u0131\u015ft\u0131r. Bir\u00e7o\u011funda, yanl\u0131\u015f yap\u0131l\u0131yor uyar\u0131lar\u0131, <em>Yeni T\u00fcrkiye <\/em>s\u00f6ylemi ile bask\u0131 alt\u0131na al\u0131nm\u0131\u015f, al\u0131namayan da ya tehdit edilerek susturulmu\u015f ya da kurumundan uzakla\u015ft\u0131r\u0131lm\u0131\u015ft\u0131r. Dolay\u0131s\u0131yla kurumsal haf\u0131za yok edilerek ge\u00e7mi\u015fle ba\u011f kopar\u0131lm\u0131\u015f veya en hafif ifadesiyle, iyice zay\u0131flat\u0131lm\u0131\u015ft\u0131r.<\/p>\n<p>B\u00fct\u00fcn bunlar\u0131n, tercih edilerek yap\u0131lmakta olan, stratejik bir davran\u0131\u015f oldu\u011funu d\u00fc\u015f\u00fcnmek yanl\u0131\u015f de\u011fildir. Kurumlarda yenile\u015fme i\u00e7in eski \u00e7al\u0131\u015fanlar ya ba\u015fka kurumlara g\u00f6nderilerek tam anlam\u0131yla pasif hale getirilmekte ya da emekli olmaktan ba\u015fka bir se\u00e7enek b\u0131rak\u0131lmamaktad\u0131r. Bu \u015fekilde bo\u015falan kadrolara yeni istihdam da sadece kendileri gibi d\u00fc\u015f\u00fcnen veya kendilerinden olanlarla yap\u0131lmaktad\u0131r.<\/p>\n<p>Kadrola\u015fmadaki g\u00f6r\u00fcnmeyen hususlardan birisi de, yeni kadrolar\u0131n art\u0131k y\u00f6netici olabilme k\u0131demine yakla\u015fm\u0131\u015f olmal\u0131d\u0131r. Ho\u015f y\u00f6neticilik i\u00e7in belirlenmi\u015f \u00f6l\u00e7\u00fcler de\u011fi\u015ftirilmi\u015f, art\u0131k k\u0131dem veya kamu g\u00f6revi \u015fart\u0131 da gev\u015fetilmi\u015ftir. T\u00fcrk devlet felsefesi tamamen terk edilmi\u015f, art\u0131k sadece y\u00f6netene g\u00f6re hareket etme felsefesi h\u00e2kim hale gelmi\u015ftir.<\/p>\n<h2><strong>Hani adalet m\u00fclk\u00fcn temeliydi?<\/strong><strong>\u00a0<\/strong><\/h2>\n<p>Kadrola\u015fmaya en \u00e7arp\u0131c\u0131 \u00f6rnek son birka\u00e7 y\u0131ld\u0131r yarg\u0131da ya\u015fananlard\u0131r. H\u00e2kim ve savc\u0131lar i\u00e7in KPSS taban puan\u0131 daha \u00e7ok k\u0131sa s\u00fcre \u00f6ncesine kadar 50 olarak belirlenmi\u015ftir. Bu da yetmemi\u015f, avukatlar\u0131n h\u00e2kim ve savc\u0131 yap\u0131lmalar\u0131n\u0131n \u00f6n\u00fc a\u00e7\u0131lm\u0131\u015f, bu \u015fekilde, partili olanlar\u0131n y\u00fcksek yarg\u0131ya ge\u00e7i\u015fleri sa\u011flanm\u0131\u015ft\u0131r. Taban puan bu yaz\u0131dan \u00e7ok k\u0131sa bir s\u00fcre \u00f6nce 70&#8217;e \u00e7\u0131kar\u0131lm\u0131\u015ft\u0131r.<\/p>\n<p>Zaten gittik\u00e7e zay\u0131flayan yarg\u0131ya olan g\u00fcven tam anlam\u0131yla ini\u015fe ge\u00e7mi\u015f durumdad\u0131r. Art\u0131k pek s\u00fcsl\u00fc c\u00fcmlelerle s\u00f6ylenen <em>\u201c\u00dcst\u00fcnlerin hukuku de\u011fil hukukun \u00fcst\u00fcnl\u00fc\u011f\u00fc\u201d<\/em> sadece bir s\u00f6z olmaktan \u00f6teye ge\u00e7memektedir. Dan\u0131\u015ftay\u2019\u0131n And\u0131m\u0131zla ilgili karar\u0131na Cumhurba\u015fkan\u0131n\u0131n \u00e7ok \u00fcst perdeden \u00e7\u0131k\u0131\u015ft\u0131\u011f\u0131 haf\u0131zalarda tazeli\u011fini korumaktad\u0131r.<\/p>\n<h2><strong>Devletin omurgas\u0131 ordu\u2026<\/strong><\/h2>\n<p>Devletin en \u00f6nemli kurumu olan Ordu ya\u015fad\u0131\u011f\u0131 travmadan sonra kendini toplamaya \u00e7al\u0131\u015fmaktad\u0131r. T\u00fcrk \u00e7ocuklar\u0131 art\u0131k, <em>\u201cBenim o\u011flum b\u00fcy\u00fcyecek pa\u015fa olacak\u201d <\/em>ninnileri ile b\u00fcy\u00fct\u00fclmemektedir. Harp okullar\u0131na, daha \u00f6nce en ba\u015far\u0131l\u0131lar aras\u0131ndan se\u00e7me yaparak \u00f6\u011frenci al\u0131n\u0131rken, T\u00fcrk tarihinde g\u00f6r\u00fclmedik bir \u015fekilde, reklamla \u00f6\u011frenci \u00e7ekilmeye \u00e7al\u0131\u015f\u0131lmaktad\u0131r. Hatta bir ilk daha ger\u00e7ekle\u015fmi\u015f, Cumhurba\u015fkan\u0131 Mill\u00ee Savunma \u00dcniversitesinde (Harp Okulu) yapt\u0131\u011f\u0131 konu\u015fmada T\u00fcrk \u00e7ocuklar\u0131n\u0131 Harbiye\u2019yi tercih etmeye \u00e7a\u011f\u0131rm\u0131\u015ft\u0131r.<\/p>\n<p>Ancak Harbiye\u2019de yap\u0131lan s\u0131navlar hakk\u0131nda kamuoyunda \u00e7\u0131kan haberler hi\u00e7 de i\u00e7 a\u00e7\u0131c\u0131 de\u011fildir. Kimi emekli subaylar\u0131n da komisyon \u00fcyesi oldu\u011fu, siyaset ya da tarikatlar\u0131n etkili oldu\u011funa dair haberler hi\u00e7 yalanlanmam\u0131\u015ft\u0131r.<\/p>\n<p>Vekalet sava\u015flar\u0131n\u0131n ya\u015fand\u0131\u011f\u0131 co\u011frafyam\u0131zda Ordumuz en \u00f6nemli dayana\u011f\u0131m\u0131zd\u0131r. Siyasetten mutlaka uzak tutulmas\u0131 gerekir. Siyasetin i\u00e7inde olmas\u0131n\u0131n bedeli b\u00fcy\u00fckt\u00fcr. Milletimiz 20\u2019nci y\u00fczy\u0131l\u0131n ba\u015f\u0131nda bu bedeli \u00f6deyerek ac\u0131 bir \u015fekilde tecr\u00fcbe sahibi olmu\u015ftur. Ancak burada da kurumsal haf\u0131za yok say\u0131larak, <em>yeni<\/em> ad\u0131na hareket edilmektedir. Fakat bedeli de yine T\u00fcrk Milleti \u00f6deyecektir.<\/p>\n<h2><strong>Sonu\u00e7<\/strong><\/h2>\n<p>T\u00fcrkiye\u2019nin \u015fartlar\u0131 \u00e7ok a\u011f\u0131rd\u0131r. Devletle ve mill\u00ee kimlikle \u00e7at\u0131\u015fma b\u00fcy\u00fck problemler do\u011furmu\u015ftur. B\u00fct\u00fcn bu olanlar T\u00fcrk toplumunun gerilmesine yol a\u00e7m\u0131\u015ft\u0131r. Toplum atomize olmaktad\u0131r. Nas\u0131l ki atom par\u00e7aland\u0131\u011f\u0131nda b\u00fcy\u00fck ve \u00e7ok tehlikeli enerji a\u00e7\u0131\u011fa \u00e7\u0131karsa, toplumun da\u011f\u0131lmas\u0131 da tehlikeli bir enerjiyi a\u00e7\u0131\u011fa \u00e7\u0131kar\u0131r.<\/p>\n<p>Co\u011frafyam\u0131zda ya\u015fananlar, d\u00fcnyan\u0131n i\u00e7inde bulundu\u011fu \u015fartlar yeni bir d\u00fcnyan\u0131n kuruldu\u011funu g\u00f6stermektedir. Yeni bir d\u00fcnya kurulurken, bu s\u00fcre\u00e7te, T\u00fcrk Devletinin rejim de\u011fi\u015fikli\u011fine gidilmesi, devletin ve kurumlar\u0131n b\u00fcy\u00fck bir y\u00f6netim zaaf\u0131 i\u00e7ine s\u00fcr\u00fcklenmesi, ehil olmayan kadrolar\u0131n eline b\u0131rak\u0131lmas\u0131, beka problemini do\u011furan en \u00f6nemli unsurlardand\u0131r.<\/p>\n<p>Mahalli y\u00f6neticilerin se\u00e7ilmesinin beka meselesi ile ya da problemin ortadan kald\u0131r\u0131lmas\u0131 ile hi\u00e7bir ili\u015fkisi yoktur.<\/p>\n","protected":false},"excerpt":{"rendered":"<p>Se\u00e7im s\u00fcrecinde en \u00e7ok tart\u0131\u015f\u0131lan konu beka meselesidir. Neden bu hale geldik sorusunun da bir o kadar a\u011f\u0131r cevaplar\u0131 kar\u015f\u0131m\u0131za \u00e7\u0131kmaktad\u0131r. Milletin yap\u0131s\u0131yla olan ideolojik kavga, devlet i\u00e7indeki \u00e7al\u0131\u015fma uyumunu bozmu\u015f, kurals\u0131zl\u0131\u011f\u0131 \u00f6ne \u00e7\u0131karm\u0131\u015ft\u0131r<\/p>\n","protected":false},"author":26,"featured_media":6275,"comment_status":"open","ping_status":"open","sticky":false,"template":"","format":"standard","meta":{"_links_to":"","_links_to_target":""},"categories":[2,66,67,68],"tags":[],"yoast_head":"<!-- This site is optimized with the Yoast SEO plugin v16.0.2 - https:\/\/yoast.com\/wordpress\/plugins\/seo\/ -->\n<title>T\u00fcrk Devletinin beka meselesi var m\u0131d\u0131r? - M\u0130SAK- Mill\u00ee Strateji Ara\u015ft\u0131rma Kurulu<\/title>\n<link rel=\"canonical\" href=\"https:\/\/millidusunce.com\/misak\/turk-devletinin-beka-meselesi-var-midir\/\" \/>\n<meta property=\"og:locale\" content=\"tr_TR\" \/>\n<meta property=\"og:type\" content=\"article\" \/>\n<meta property=\"og:title\" content=\"T\u00fcrk Devletinin beka meselesi var m\u0131d\u0131r? - M\u0130SAK- Mill\u00ee Strateji Ara\u015ft\u0131rma Kurulu\" \/>\n<meta property=\"og:description\" content=\"Se\u00e7im s\u00fcrecinde en \u00e7ok tart\u0131\u015f\u0131lan konu beka meselesidir. Neden bu hale geldik sorusunun da bir o kadar a\u011f\u0131r cevaplar\u0131 kar\u015f\u0131m\u0131za \u00e7\u0131kmaktad\u0131r. Milletin yap\u0131s\u0131yla olan ideolojik kavga, devlet i\u00e7indeki \u00e7al\u0131\u015fma uyumunu bozmu\u015f, kurals\u0131zl\u0131\u011f\u0131 \u00f6ne \u00e7\u0131karm\u0131\u015ft\u0131r\" \/>\n<meta property=\"og:url\" content=\"https:\/\/millidusunce.com\/misak\/turk-devletinin-beka-meselesi-var-midir\/\" \/>\n<meta property=\"og:site_name\" content=\"M\u0130SAK- Mill\u00ee Strateji Ara\u015ft\u0131rma Kurulu\" \/>\n<meta property=\"article:published_time\" content=\"2019-03-05T16:30:00+00:00\" \/>\n<meta property=\"article:modified_time\" content=\"2019-03-07T04:57:53+00:00\" \/>\n<meta property=\"og:image\" content=\"https:\/\/millidusunce.com\/misak\/wp-content\/uploads\/2019\/03\/144342.png\" \/>\n\t<meta property=\"og:image:width\" content=\"680\" \/>\n\t<meta property=\"og:image:height\" content=\"348\" \/>\n<meta name=\"twitter:card\" content=\"summary_large_image\" \/>\n<meta name=\"twitter:label1\" content=\"Tahmini okuma s\u00fcresi\">\n\t<meta name=\"twitter:data1\" content=\"8 dakika\">\n<script type=\"application\/ld+json\" class=\"yoast-schema-graph\">{\"@context\":\"https:\/\/schema.org\",\"@graph\":[{\"@type\":\"Organization\",\"@id\":\"https:\/\/millidusunce.com\/misak\/#organization\",\"name\":\"Mill\\u00ee D\\u00fc\\u015f\\u00fcnce Merkezi\",\"url\":\"https:\/\/millidusunce.com\/misak\/\",\"sameAs\":[],\"logo\":{\"@type\":\"ImageObject\",\"@id\":\"https:\/\/millidusunce.com\/misak\/#logo\",\"inLanguage\":\"tr\",\"url\":\"https:\/\/millidusunce.com\/misak\/wp-content\/uploads\/2018\/09\/mdmLogo-yazisiz.jpg\",\"width\":422,\"height\":422,\"caption\":\"Mill\\u00ee D\\u00fc\\u015f\\u00fcnce Merkezi\"},\"image\":{\"@id\":\"https:\/\/millidusunce.com\/misak\/#logo\"}},{\"@type\":\"WebSite\",\"@id\":\"https:\/\/millidusunce.com\/misak\/#website\",\"url\":\"https:\/\/millidusunce.com\/misak\/\",\"name\":\"M\\u0130SAK- Mill\\u00ee Strateji Ara\\u015ft\\u0131rma Kurulu\",\"description\":\"D\\u00fcnyaya T\\u00fcrk\\u00e7\\u00fc Bak\\u0131\\u015f\",\"publisher\":{\"@id\":\"https:\/\/millidusunce.com\/misak\/#organization\"},\"potentialAction\":[{\"@type\":\"SearchAction\",\"target\":\"https:\/\/millidusunce.com\/misak\/?s={search_term_string}\",\"query-input\":\"required name=search_term_string\"}],\"inLanguage\":\"tr\"},{\"@type\":\"ImageObject\",\"@id\":\"https:\/\/millidusunce.com\/misak\/turk-devletinin-beka-meselesi-var-midir\/#primaryimage\",\"inLanguage\":\"tr\",\"url\":\"https:\/\/millidusunce.com\/misak\/wp-content\/uploads\/2019\/03\/144342.png\",\"width\":680,\"height\":348},{\"@type\":\"WebPage\",\"@id\":\"https:\/\/millidusunce.com\/misak\/turk-devletinin-beka-meselesi-var-midir\/#webpage\",\"url\":\"https:\/\/millidusunce.com\/misak\/turk-devletinin-beka-meselesi-var-midir\/\",\"name\":\"T\\u00fcrk Devletinin beka meselesi var m\\u0131d\\u0131r? - M\\u0130SAK- Mill\\u00ee Strateji Ara\\u015ft\\u0131rma Kurulu\",\"isPartOf\":{\"@id\":\"https:\/\/millidusunce.com\/misak\/#website\"},\"primaryImageOfPage\":{\"@id\":\"https:\/\/millidusunce.com\/misak\/turk-devletinin-beka-meselesi-var-midir\/#primaryimage\"},\"datePublished\":\"2019-03-05T16:30:00+00:00\",\"dateModified\":\"2019-03-07T04:57:53+00:00\",\"breadcrumb\":{\"@id\":\"https:\/\/millidusunce.com\/misak\/turk-devletinin-beka-meselesi-var-midir\/#breadcrumb\"},\"inLanguage\":\"tr\",\"potentialAction\":[{\"@type\":\"ReadAction\",\"target\":[\"https:\/\/millidusunce.com\/misak\/turk-devletinin-beka-meselesi-var-midir\/\"]}]},{\"@type\":\"BreadcrumbList\",\"@id\":\"https:\/\/millidusunce.com\/misak\/turk-devletinin-beka-meselesi-var-midir\/#breadcrumb\",\"itemListElement\":[{\"@type\":\"ListItem\",\"position\":1,\"item\":{\"@type\":\"WebPage\",\"@id\":\"https:\/\/millidusunce.com\/misak\/\",\"url\":\"https:\/\/millidusunce.com\/misak\/\",\"name\":\"Anasayfa\"}},{\"@type\":\"ListItem\",\"position\":2,\"item\":{\"@type\":\"WebPage\",\"@id\":\"https:\/\/millidusunce.com\/misak\/turk-devletinin-beka-meselesi-var-midir\/\",\"url\":\"https:\/\/millidusunce.com\/misak\/turk-devletinin-beka-meselesi-var-midir\/\",\"name\":\"T\\u00fcrk Devletinin beka meselesi var m\\u0131d\\u0131r?\"}}]},{\"@type\":\"Article\",\"@id\":\"https:\/\/millidusunce.com\/misak\/turk-devletinin-beka-meselesi-var-midir\/#article\",\"isPartOf\":{\"@id\":\"https:\/\/millidusunce.com\/misak\/turk-devletinin-beka-meselesi-var-midir\/#webpage\"},\"author\":{\"@id\":\"https:\/\/millidusunce.com\/misak\/#\/schema\/person\/3ab4cf19eb1b7f72b4d39104dc2d599b\"},\"headline\":\"T\\u00fcrk Devletinin beka meselesi var m\\u0131d\\u0131r?\",\"datePublished\":\"2019-03-05T16:30:00+00:00\",\"dateModified\":\"2019-03-07T04:57:53+00:00\",\"mainEntityOfPage\":{\"@id\":\"https:\/\/millidusunce.com\/misak\/turk-devletinin-beka-meselesi-var-midir\/#webpage\"},\"commentCount\":0,\"publisher\":{\"@id\":\"https:\/\/millidusunce.com\/misak\/#organization\"},\"image\":{\"@id\":\"https:\/\/millidusunce.com\/misak\/turk-devletinin-beka-meselesi-var-midir\/#primaryimage\"},\"articleSection\":\"S\\u0130YASET-TAR\\u0130H,TEHD\\u0130TLER,T\\u00dcRKL\\u00dcK-T\\u00dcRK\\u00c7\\u00dcL\\u00dcK\",\"inLanguage\":\"tr\",\"potentialAction\":[{\"@type\":\"CommentAction\",\"name\":\"Comment\",\"target\":[\"https:\/\/millidusunce.com\/misak\/turk-devletinin-beka-meselesi-var-midir\/#respond\"]}]},{\"@type\":\"Person\",\"@id\":\"https:\/\/millidusunce.com\/misak\/#\/schema\/person\/3ab4cf19eb1b7f72b4d39104dc2d599b\",\"name\":\"Hakan Paksoy\",\"image\":{\"@type\":\"ImageObject\",\"@id\":\"https:\/\/millidusunce.com\/misak\/#personlogo\",\"inLanguage\":\"tr\",\"url\":\"https:\/\/secure.gravatar.com\/avatar\/b57d69fc35f9a591489f2791830a0011?s=96&d=mm&r=g\",\"caption\":\"Hakan Paksoy\"},\"description\":\"1960 y\\u0131l\\u0131nda Isparta\\u2019da do\\u011fdu. \\u0130lk, orta ve lise \\u00f6\\u011frenimini memleketi olan Kahramanmara\\u015f\\u2019ta, y\\u00fcksek \\u00f6\\u011frenimini Ankara\\u2019da, Gazi \\u00dcniversitesi M\\u00fchendislik Mimarl\\u0131k Fak\\u00fcltesi Elektrik B\\u00f6l\\u00fcm\\u00fcnde yapt\\u0131. O zamanki ad\\u0131 T\\u00fcrkiye Elektrik Kurumu (TEK) K. Mara\\u015f \\u0130l M\\u00fcd\\u00fcrl\\u00fc\\u011f\\u00fc\\u2019nde m\\u00fchendis olarak g\\u00f6reve ba\\u015flad\\u0131. M\\u00fchendis, ba\\u015fm\\u00fchendis ve m\\u00fcessese m\\u00fcd\\u00fcr yard\\u0131mc\\u0131l\\u0131\\u011f\\u0131 g\\u00f6revlerini yapt\\u0131. 1999 y\\u0131l\\u0131nda TEDA\\u015e Genel M\\u00fcd\\u00fcrl\\u00fc\\u011f\\u00fcnde \\u015eube M\\u00fcd\\u00fcrl\\u00fc\\u011f\\u00fc yapt\\u0131. Temmuz 2017\\u2019de emekli oldu. Kahramanmara\\u015f T\\u00fcrk Oca\\u011f\\u0131 \\u015eubesinin kurulu\\u015fundan itibaren; y\\u00f6netim kurulu \\u00fcyeli\\u011fi, sekreterlik, ba\\u015fkan yard\\u0131mc\\u0131l\\u0131\\u011f\\u0131 ve iki d\\u00f6nem ba\\u015fkanl\\u0131k yapm\\u0131\\u015ft\\u0131r. 1995 Genel se\\u00e7imlerinde MHP\\u2019den milletvekili aday\\u0131 olmu\\u015ftur. T\\u00fcrkiye Kamu Sen\\u2019in kurulu\\u015funda ilk \\u015fube ba\\u015fkanlar\\u0131ndand\\u0131r. Ankara\\u2019da \\u00e7al\\u0131\\u015fmaya ba\\u015flad\\u0131ktan sonra T\\u00fcrk Enerji Sen Genel Merkez Y\\u00f6netim Kurulunda \\u00e7al\\u0131\\u015fm\\u0131\\u015ft\\u0131r. 1985-87 aras\\u0131nda askerlik g\\u00f6revini yapm\\u0131\\u015ft\\u0131r. Mill\\u00ee D\\u00fc\\u015f\\u00fcnce Merkezi (MDM) Y\\u00f6netim Kurulu \\u00fcyesidir ve internet sitesinde yaz\\u0131lar\\u0131 yay\\u0131nlanmaktad\\u0131r. Evlidir. Biri k\\u0131z di\\u011feri erkek iki \\u00e7ocu\\u011fu vard\\u0131r.\"}]}<\/script>\n<!-- \/ Yoast SEO plugin. -->","_links":{"self":[{"href":"https:\/\/millidusunce.com\/misak\/wp-json\/wp\/v2\/posts\/6246"}],"collection":[{"href":"https:\/\/millidusunce.com\/misak\/wp-json\/wp\/v2\/posts"}],"about":[{"href":"https:\/\/millidusunce.com\/misak\/wp-json\/wp\/v2\/types\/post"}],"author":[{"embeddable":true,"href":"https:\/\/millidusunce.com\/misak\/wp-json\/wp\/v2\/users\/26"}],"replies":[{"embeddable":true,"href":"https:\/\/millidusunce.com\/misak\/wp-json\/wp\/v2\/comments?post=6246"}],"version-history":[{"count":0,"href":"https:\/\/millidusunce.com\/misak\/wp-json\/wp\/v2\/posts\/6246\/revisions"}],"wp:featuredmedia":[{"embeddable":true,"href":"https:\/\/millidusunce.com\/misak\/wp-json\/wp\/v2\/media\/6275"}],"wp:attachment":[{"href":"https:\/\/millidusunce.com\/misak\/wp-json\/wp\/v2\/media?parent=6246"}],"wp:term":[{"taxonomy":"category","embeddable":true,"href":"https:\/\/millidusunce.com\/misak\/wp-json\/wp\/v2\/categories?post=6246"},{"taxonomy":"post_tag","embeddable":true,"href":"https:\/\/millidusunce.com\/misak\/wp-json\/wp\/v2\/tags?post=6246"}],"curies":[{"name":"wp","href":"https:\/\/api.w.org\/{rel}","templated":true}]}}