{"id":6401,"date":"2019-03-17T10:30:00","date_gmt":"2019-03-17T07:30:00","guid":{"rendered":"https:\/\/millidusunce.com\/misak\/?p=6401&#038;preview=true&#038;preview_id=6401"},"modified":"2019-03-16T22:51:57","modified_gmt":"2019-03-16T19:51:57","slug":"secimler-ve-beka-meselesi","status":"publish","type":"post","link":"https:\/\/millidusunce.com\/misak\/secimler-ve-beka-meselesi\/","title":{"rendered":"Se\u00e7imler ve beka meselesi"},"content":{"rendered":"<p><img loading=\"lazy\" class=\"aligncenter size-medium_large wp-image-6404\" src=\"https:\/\/millidusunce.com\/misak\/wp-content\/uploads\/2019\/03\/turkiye-1_16_9_1531388206-768x432.jpg\" alt=\"\" width=\"768\" height=\"432\" srcset=\"https:\/\/millidusunce.com\/misak\/wp-content\/uploads\/2019\/03\/turkiye-1_16_9_1531388206-768x432.jpg 768w, https:\/\/millidusunce.com\/misak\/wp-content\/uploads\/2019\/03\/turkiye-1_16_9_1531388206-150x84.jpg 150w, https:\/\/millidusunce.com\/misak\/wp-content\/uploads\/2019\/03\/turkiye-1_16_9_1531388206-300x169.jpg 300w, https:\/\/millidusunce.com\/misak\/wp-content\/uploads\/2019\/03\/turkiye-1_16_9_1531388206.jpg 865w\" sizes=\"(max-width: 768px) 100vw, 768px\" \/><\/p>\n<p>Bir \u00f6nceki yaz\u0131mda da beka konusu incelenmi\u015fti. Ba\u015fl\u0131\u011f\u0131\u00a0 <em>\u201cT\u00fcrk Devletinin beka meselesi var m\u0131d\u0131r?\u201d<\/em> idi. Yaz\u0131, \u201cBu sorunun kestirmeden cevab\u0131; \u201cEvet, T\u00fcrk milletinin beka meselesi vard\u0131r; hem de b\u00fcy\u00fck bir kesinlikle vard\u0131r; \u015feksiz \u015f\u00fcphesiz vard\u0131r; tart\u0131\u015fmas\u0131z vard\u0131r.\u201d diye ba\u015flay\u0131p, \u201cAncak bu beka meselesinin 31 Mart se\u00e7imleri ile uzaktan ya da yak\u0131ndan, do\u011frudan veya dolayl\u0131 herhangi bir ili\u015fkisi yoktur.\u201d diyerek devam ediyordu.<\/p>\n<p>Yaz\u0131da, beka meselesini yaratan sebeplerin i\u00e7erideki <em>yeni devlet<\/em> yap\u0131lanmas\u0131 ve bu yap\u0131lanmadaki T\u00fcrk Devlet Felsefesi&#8217;nin yoklu\u011funu vurgulamaya \u00e7al\u0131\u015fm\u0131\u015ft\u0131m. Devletin kurumlar\u0131ndaki da\u011f\u0131n\u0131kl\u0131\u011f\u0131, haf\u0131zalar\u0131n yok edildi\u011fini ve devletin kurumlar\u0131 aras\u0131ndaki ba\u011flant\u0131n\u0131n neredeyse koptu\u011funu belirtmi\u015ftim.<\/p>\n<p>T\u00fcrk devletinin beka meselesi var denirse, devletin dolay\u0131s\u0131yla T\u00fcrk milletinin hayat\u0131na kast ediliyor demektir. \u00c7\u00fcnk\u00fc bekan\u0131n anlam\u0131 TDK B\u00fcy\u00fck S\u00f6zl\u00fc\u011f\u00fc&#8217;nde &#8220;kal\u0131c\u0131l\u0131k, \u00f6lmezlik&#8221; olarak veriliyor. H\u00e2lbuki B\u00fcy\u00fck Atat\u00fcrk\u2019\u00fcn muhte\u015fem ifadesi ile: \u201cBu memleket tarihte T\u00fcrk\u2019t\u00fc, halde T\u00fcrk\u2019t\u00fcr ve ebediyen T\u00fcrk olarak ya\u015fayacakt\u0131r.\u201d ya da ba\u015fka bir veciz s\u00f6z\u00fc ile \u201cBenim na\u00e7iz v\u00fccudum elbet bir g\u00fcn toprak olacakt\u0131r fakat T\u00fcrkiye Cumhuriyeti ilelebet payidar kalacakt\u0131r.\u201d<\/p>\n<p>B\u00fcy\u00fck T\u00fcrk milletinin bug\u00fcn ya\u015fayan evlatlar\u0131 olarak bizler de \u00fczerimize d\u00fc\u015feni yap\u0131p, T\u00fcrk milletini yar\u0131nlara sorunsuz ta\u015f\u0131mak zorunday\u0131z. \u0130\u015fte bundan dolay\u0131d\u0131r ki beka meselesi bizi \u00e7ok ilgilendirmektedir ve bu meseleye bakmaya devam edece\u011fiz.<\/p>\n<p><img loading=\"lazy\" class=\"aligncenter size-medium_large wp-image-6402\" src=\"https:\/\/millidusunce.com\/misak\/wp-content\/uploads\/2019\/03\/5c8513e704207c2274502a50-768x565.jpg\" alt=\"\" width=\"768\" height=\"565\" srcset=\"https:\/\/millidusunce.com\/misak\/wp-content\/uploads\/2019\/03\/5c8513e704207c2274502a50-768x565.jpg 768w, https:\/\/millidusunce.com\/misak\/wp-content\/uploads\/2019\/03\/5c8513e704207c2274502a50-150x110.jpg 150w, https:\/\/millidusunce.com\/misak\/wp-content\/uploads\/2019\/03\/5c8513e704207c2274502a50-300x221.jpg 300w, https:\/\/millidusunce.com\/misak\/wp-content\/uploads\/2019\/03\/5c8513e704207c2274502a50.jpg 800w\" sizes=\"(max-width: 768px) 100vw, 768px\" \/><\/p>\n<h2><strong>Meydanlar\u0131n dili<\/strong><\/h2>\n<p><em>Beka meselesi tehdidi<\/em> se\u00e7im meydanlar\u0131n\u0131n vazge\u00e7ilmez konusu haline gelmi\u015ftir. Se\u00e7men tehlike alt\u0131nda oldu\u011funa ikna edilmeye \u00e7al\u0131\u015f\u0131lmaktad\u0131r. \u0130kinci a\u015fama da tehlikeyi yaratanlar\u0131n kim oldu\u011fudur. Burada da birinciye nazaran daha b\u00fcy\u00fck bir s\u0131k\u0131nt\u0131 ortaya \u00e7\u0131kmaktad\u0131r. \u00d6zellikle se\u00e7men tasnif edilmekte, bir k\u0131sm\u0131n\u0131n tehdidi yaratanlarla birlikte oldu\u011fu s\u00f6ylenmektedir. Bu \u015fekilde, en az\u0131ndan, daha \u00f6nce al\u0131nan oylar\u0131n muhafaza edilece\u011fi hesaplanmaktad\u0131r. Se\u00e7im stratejisi bunun \u00fczerine kurulmu\u015f g\u00f6r\u00fclmektedir.<\/p>\n<p>Se\u00e7im meydanlar\u0131nda kullan\u0131lan bu dil yang\u0131na benzin d\u00f6kmek gibidir. T\u0131pk\u0131 g\u00f6revi yang\u0131n s\u00f6nd\u00fcrmek olan itfaiye g\u00f6revlisinin hortumundan su yerine benzin s\u0131k\u0131lmas\u0131na benzer. Hele de araz\u00f6ze su doldurmakla sorumlu olan ki\u015finin benzini bilerek koymas\u0131 ihtimali vahim bir husustur. Yang\u0131n b\u00fcy\u00fcd\u00fck\u00e7e itfaiyeciye ihtiya\u00e7 devam edecektir \u00e7\u00fcnk\u00fc. <em>\u201c\u015eartlar\u0131n olgunla\u015fmas\u0131n\u0131 bekledik\u201d<\/em> diyen 12 Eyl\u00fcl darbesinin generalleri h\u00e2l\u00e2 T\u00fcrk milletinin haf\u0131zalar\u0131nda tazeli\u011fini korumaktad\u0131r.<\/p>\n<p>B\u00f6yle c\u00fcmleler se\u00e7im meydanlar\u0131nda, pop\u00fclist s\u00f6ylemlerle, sadece oy dev\u015firmek i\u00e7in s\u00f6ylenmemelidir. Beka meselesi ancak \u00e7ok ama \u00e7ok \u00f6zel zamanlarda kullan\u0131lmas\u0131 gereken kavramlardand\u0131r. T\u0131pk\u0131 15 Temmuz gibi g\u00fcnlerde, milletin duruma vaziyet etmesi gereken zamanlarda ortaya \u00e7\u0131kmal\u0131d\u0131r. Fakat ne yaz\u0131k ki devletin en \u00fcst makam\u0131 olan Cumhurba\u015fkanl\u0131\u011f\u0131 -tabii ayn\u0131 zamanda parti genel ba\u015fkan\u0131- yap\u0131lan her toplant\u0131da beka meselesini kullanmaktad\u0131r. Hatta so\u011fan, patl\u0131can, domates fiyatlar\u0131ndaki art\u0131\u015f dahi bir \u015fekilde beka meselesi ile ili\u015fkilendirilmektedir.<\/p>\n<p>E\u011fer sadece bu se\u00e7im d\u00fc\u015f\u00fcn\u00fclecek ve yar\u0131nlar \u00f6nemli de\u011fil, hele bir yar\u0131n olsun da o zaman bakar\u0131z denecekse elbette her \u015fey yap\u0131labilir. Ancak beka \u00f6nemliyse bu ifade, ulu orta kullan\u0131lmamal\u0131d\u0131r \u00e7\u00fcnk\u00fc yar\u0131n, bu dili kullananlar da y\u00f6netecek milleti bir ve b\u00fct\u00fcn bulamayabilirler. O zaman pi\u015fman olmak i\u00e7in \u00e7ok ge\u00e7 olacakt\u0131r.<\/p>\n<p>\u00d6zellikle gen\u00e7 ku\u015fak i\u00e7inde, olan biteni sorgulayanlar\u0131n bir k\u0131sm\u0131nda inan\u00e7 ve kimlik konusunda savrulmalar ya\u015famakta. \u0130ktidar\u0131n yan\u0131ndakiler de ya ideolojik ba\u011fl\u0131l\u0131k i\u00e7ine girmekte ya da sorgulamadan devam ederek, g\u00fc\u00e7le birlikte olman\u0131n keyfini \u00e7\u0131karmaktalar. B\u00fct\u00fcn bu gen\u00e7ler T\u00fcrk milletinin istikbalidir. Bu kadar keskin ayr\u0131l\u0131klar bile tek ba\u015f\u0131na gelecekteki, mill\u00ee birlik probleminin kayna\u011f\u0131d\u0131r.<\/p>\n<h2><strong>21\u2019inci y\u00fczy\u0131ldaki se\u00e7im ser\u00fcvenimiz<\/strong><\/h2>\n<p>30 Mart 2014 se\u00e7imleri ile 31 Mart 2019 se\u00e7imleri aras\u0131nda be\u015f y\u0131l bir g\u00fcn vard\u0131r.\u00a0 Bu d\u00f6nemde 10 A\u011fustos 2014 Cumhurba\u015fkanl\u0131\u011f\u0131 Se\u00e7imi, 7 Haziran 2015 Genel Se\u00e7imi, 1 Kas\u0131m 2015 Genel Se\u00e7imi, iktidar taraf\u0131ndan se\u00e7imlerden daha fazla \u00f6nem verilen 16 Nisan 2017 Referandumu, 24 Haziran 2018 Genel Se\u00e7imi yap\u0131lm\u0131\u015ft\u0131r. 30 Mart 2014 ve bug\u00fcnlerde ya\u015fanmakta olan 31 Mart Mahalli Se\u00e7imi d\u00e2hil yedi se\u00e7im vard\u0131r. Bu da yakla\u015f\u0131k 8 (sekiz) ayda bir se\u00e7im anlam\u0131na gelmekte.<\/p>\n<p>Her se\u00e7im d\u00f6neminde T\u00fcrkiye\u2019nin gelece\u011fine y\u00f6nelik tehdit ya da tehlikelere vurgu yap\u0131lm\u0131\u015f ama bu se\u00e7imdeki kadar vurgulu bir \u015fekilde beka meselesi \u00f6ne \u00e7\u0131kar\u0131lmam\u0131\u015ft\u0131.<\/p>\n<p>Yap\u0131lacak bu se\u00e7imler, 3 Kas\u0131m 2002\u2019de ba\u015flayan iktidar de\u011fi\u015fikli\u011fi ile beraber bug\u00fcne kadar, referandumlar d\u00e2hil 15\u2019inci se\u00e7im. 16 y\u0131l 4 ay ve 28 g\u00fcnl\u00fck d\u00f6nem i\u00e7inde, 13 aya bir se\u00e7im d\u00fc\u015fmekte.<\/p>\n<p>Bu kadar k\u0131sa aral\u0131klarla se\u00e7imlerin yap\u0131lmas\u0131 meydanlardaki dili gitgide sertle\u015ftirdi. Vaatler havada u\u00e7u\u015ftu. Siyasetteki ve toplumsal ili\u015fkilerdeki nezaketi neredeyse yok etti. Gerginlik en \u00fcst seviyeye \u00e7\u0131kt\u0131.<\/p>\n<p>\u00d6zellikle 12 Eyl\u00fcl 2010 referandumu ile ba\u015flayan bir de\u011fi\u015fim ve d\u00f6n\u00fc\u015f\u00fcm de normalmi\u015f gibi takdim edilerek T\u00fcrk milleti ve T\u00fcrk devletinin ba\u015fkala\u015fma s\u00fcrecine girildi. \u00d6zellikle 2008\u2019den itibaren Ergenekon, Balyoz, \u0130zmir Casusluk gibi davalar, devletin kozmik odalar\u0131na d\u00fc\u015fmanlar\u0131n girmesine varan travmalardan sonra gelen 12 Eyl\u00fcl referandumu, devlete en \u00f6nemli darbe oldu. Bu referandumda da bug\u00fcnk\u00fcne benzer bir s\u00f6ylemle, devletimizin vesayetlerden kurtulaca\u011f\u0131 propagandas\u0131 yap\u0131larak oy istendi. Ne var ki referanduma gelen s\u00fcre\u00e7te, menzil birli\u011fi ile hareket edenlerden birisi, T\u00fcrk milletine me\u015fum 15 Temmuz gecesini ya\u015fatt\u0131.<\/p>\n<p>Her se\u00e7im s\u00fcreci ayn\u0131 zamanda se\u00e7im ekonomisini de beraberinde ta\u015f\u0131yordu. Kolay yol tercih edildi. D\u0131\u015far\u0131dan bor\u00e7 al\u0131nd\u0131 ve ba\u015fkas\u0131n\u0131n paras\u0131 ile bir refah olu\u015fturuldu. Hem siyaset ideolojik hedefine ula\u015fmak i\u00e7in bu durumu kullan\u0131yor hem de sanal bir refah i\u00e7indeki toplum, y\u0131lda bir yap\u0131lan se\u00e7imleri siyasete bask\u0131 arac\u0131 olarak kullan\u0131yordu. Gelece\u011fin sermayesinden yiyen toplum da siyaset hedefine y\u00fcr\u00fcd\u00fc. \u0130nsanlar da <em>benden sonras\u0131 tufan<\/em> ya da <em>ben mi d\u00fczeltece\u011fim, nas\u0131l olsa ba\u015fkalar\u0131 var<\/em> kolayc\u0131l\u0131\u011f\u0131 ile vaziyeti idare ettiler.<\/p>\n<p>Birinden \u00e7\u0131k\u0131l\u0131p di\u011ferine girilen se\u00e7im s\u00fcre\u00e7lerinde gerginlik had safhaya geldi. Son se\u00e7imlerde, daha sonu\u00e7lar a\u00e7\u0131klanmadan ve se\u00e7im yasaklar\u0131 s\u00fcrerken, b\u00fct\u00fcn \u015fehirlerde kutlama i\u00e7in silahlar\u0131n at\u0131lmaya ba\u015flanmas\u0131 \u00fczerine \u00e7ok ama \u00e7ok d\u00fc\u015f\u00fcnmek gerekiyordu. Fakat sorumluluk sahiplerinden kimse buna zahmet etmedi.<\/p>\n<p><img loading=\"lazy\" class=\"aligncenter size-full wp-image-6403\" src=\"https:\/\/millidusunce.com\/misak\/wp-content\/uploads\/2019\/03\/fft99_mf13196509.jpeg\" alt=\"\" width=\"606\" height=\"340\" srcset=\"https:\/\/millidusunce.com\/misak\/wp-content\/uploads\/2019\/03\/fft99_mf13196509.jpeg 606w, https:\/\/millidusunce.com\/misak\/wp-content\/uploads\/2019\/03\/fft99_mf13196509-150x84.jpeg 150w, https:\/\/millidusunce.com\/misak\/wp-content\/uploads\/2019\/03\/fft99_mf13196509-300x168.jpeg 300w\" sizes=\"(max-width: 606px) 100vw, 606px\" \/><\/p>\n<h2><strong>Peki, T\u00fcrk kimli\u011fi ile m\u00fccadele beka tehlikesinin neresinde?<\/strong><\/h2>\n<p>Tam da merkezindedir.<\/p>\n<p><em>\u201c\u015eu anda T\u00fcrkiye Cumhuriyeti&#8217;nde 27 etnik grup ya\u015famakta. Bu 27 etnik, grubunda varl\u0131klar\u0131n\u0131n tan\u0131nmas\u0131 gerekmektedir. &#8220;T\u00fcrkiye T\u00fcrklerindir&#8221; gibi tezler yanl\u0131\u015ft\u0131r. T\u00fcrkiye, T\u00fcrkiye&#8217;de ya\u015fayan herkesindir. (2. Cumhuriyet Tart\u0131\u015fmalar\u0131, s. 422, Metin Sever- Cem Dizdar, Ba\u015fak Yay\u0131nlar\u0131, 1993)\u201d S\u00f6zleri de Cumhurba\u015fkan\u0131na aittir, Biz, T\u00fcrk&#8217;\u00fcyle, K\u00fcrt&#8217;\u00fcyle, Laz&#8217;\u0131yla, \u00c7erkez&#8217;iyle, G\u00fcrc\u00fc&#8217;s\u00fcyle, Abaza&#8217;s\u0131yla, Roman&#8217;\u0131 ve Bo\u015fnak&#8217;\u0131yla velhas\u0131l&#8230; Bu milleti yarat\u0131lan\u0131 severiz Yaradan&#8217;dan \u00f6t\u00fcr\u00fc anlay\u0131\u015f\u0131yla seviyoruz. Bizde ayr\u0131m yok. (Esenyurt (\u0130stanbul) mitingi, 5 Mart 2019)\u201d <\/em>s\u00f6zleri de&#8230; De\u011fi\u015fen bir d\u00fc\u015f\u00fcnce g\u00f6r\u00fclmemektedir.<\/p>\n<p>Bu d\u00fc\u015f\u00fcnceler, etnik kimliklerin tan\u0131nmas\u0131 anlam\u0131na gelmektedir. Etnik kimliklerin tan\u0131nmas\u0131, onlara egemenlik verilmesi demektir.<\/p>\n<p>28 \u015eubat 2015 Dolmabah\u00e7e Saray\u0131&#8217;nda AKP Grup Ba\u015fkanvekili, H\u00fck\u00fcmet ve \u015fimdi kapat\u0131lm\u0131\u015f olan Kamu G\u00fcvenli\u011fi M\u00fcste\u015far\u0131 ile PKK ter\u00f6r \u00f6rg\u00fct\u00fcn\u00fcn partisinin temsilcilerinin birlikte yapt\u0131\u011f\u0131 a\u00e7\u0131klamada da bu vard\u0131.<\/p>\n<p>Y\u00fczlerce defa tekrarlanan ve halen s\u00f6ylenmeye devam eden bu fikirler, T\u00fcrk toplumunun kafas\u0131n\u0131 iyice kar\u0131\u015ft\u0131rd\u0131. M\u00fctemadiyen s\u00fcren se\u00e7im ortam\u0131nda ve siyasetin pop\u00fclizmi y\u00fcz\u00fcnden geni\u015f kesimler taraf\u0131ndan, sonucunun ne olaca\u011f\u0131na bak\u0131lmadan tekrar edilmekte. Bir kesim de art\u0131k ne olacaksa olsun b\u0131kk\u0131nl\u0131\u011f\u0131 i\u00e7ine girmi\u015f durumda.<\/p>\n<h2><strong>\u00c7evremizde olan biten ne \u00e2lemde?<\/strong><\/h2>\n<p>Co\u011frafyam\u0131zda b\u00fcy\u00fck de\u011fi\u015fiklikler oluyor. Yan\u0131 ba\u015f\u0131m\u0131zda yang\u0131n var. \u00d6nce Irak\u2019ta devlet de\u011fi\u015fti, par\u00e7al\u0131 devlete ge\u00e7ildi. \u015eimdi de Suriye\u2019de ayn\u0131 plan devrede. Ba\u015fta Suriye politikas\u0131nda birlikte hareket edilen ABD, bug\u00fcn a\u00e7\u0131ktan bize kar\u015f\u0131 tav\u0131r koyan bir konumda. Astana S\u00fcrecinde birlikte hareket etti\u011fimiz Rusya ve \u0130ran da Liderler zirvelerinde at\u0131lan imzalar\u0131n gere\u011fini yapmam\u0131z\u0131 talep etmekteler.<\/p>\n<p>Avrupa Parlamentosu&#8217;nda T\u00fcrkiye ile m\u00fczakerelerin ask\u0131ya al\u0131nmas\u0131n\u0131 \u00f6neren rapor kabul edildi <em>(13 Mart 2019). <\/em>Yeni a\u00e7\u0131klanan <em>(14 Mart 2019)<\/em> ABD \u0130nsan Haklar\u0131 Raporu\u2019nda, T\u00fcrkiye ilk defa bu kadar fazla yer ald\u0131.<\/p>\n<p>M\u00fcsl\u00fcmanlar\u0131n devletlerinden sadece Katarla aram\u0131z iyi. O da K\u0131br\u0131s Rum Kesimi ile anla\u015fma yaparak Do\u011fu Akdeniz\u2019de do\u011fal gaz aramas\u0131 yap\u0131yor. M\u0131s\u0131r\u2019da, Libya\u2019da b\u00fcy\u00fckel\u00e7imiz yok. Tunus\u2019la aram\u0131zda s\u0131k\u0131nt\u0131 var. Suudi Arabistan ile neredeyse ili\u015fkilerimizi kesecek duruma geldik. \u00dcrd\u00fcn ve Irak\u2019\u0131n esamisi okunmuyor. Filistin lideri ile en son ne zaman g\u00f6r\u00fc\u015f\u00fcld\u00fc hat\u0131rlanm\u0131yor. \u0130srail ile g\u00f6r\u00fcn\u00fcrde kavga devam ediyor.<\/p>\n<p>Ege\u2019deki adalar\u0131m\u0131za el konulmu\u015f, Yunan Bayra\u011f\u0131 \u00e7ekilmi\u015f vaziyette. Art\u0131k insan ka\u00e7ak\u00e7\u0131l\u0131\u011f\u0131 bahanesi ile kontrol\u00fcn\u00fc NATO\u2019ya b\u0131rakt\u0131\u011f\u0131m\u0131z uluslararas\u0131 sularda da rahat\u00e7a dola\u015famaz haldeyiz.<\/p>\n<h2><strong>Tekrar soral\u0131m: beka meselesi var m\u0131?<\/strong><\/h2>\n<p>San\u0131yorum bunca ya\u015fananlara ra\u011fmen bu soruya hay\u0131r yok diyecek bir babayi\u011fit \u00e7\u0131kmaz. Ancak do\u011fru soru, var m\u0131d\u0131r de\u011fil beka meselesinin nereden, nas\u0131l ve kim taraf\u0131ndan \u00e7\u0131kar\u0131ld\u0131\u011f\u0131 olmal\u0131d\u0131r.<\/p>\n<p>21\u2019inci y\u00fczy\u0131lda ya\u015fad\u0131klar\u0131m\u0131za topluca ve birbirleriyle ili\u015fkisini kurmadan bakmak yanl\u0131\u015f olur. Deveku\u015funun ba\u015f\u0131n\u0131 kuma g\u00f6mmesi gibidir. Gelen avc\u0131y\u0131 g\u00f6remezsiniz.<\/p>\n<p>Sekiz ayda bir yap\u0131lan se\u00e7imler istikrar\u0131m\u0131z\u0131 bozmu\u015ftur. Bunun sorumlulu\u011fu oy kullanan se\u00e7mende de\u011fil y\u00f6netimdedir. Fakat bug\u00fcn, yenilginin sorumlulu\u011funu ordudaki erlere y\u00fckleyen komutan misali ile kar\u015f\u0131 kar\u015f\u0131yay\u0131z.<\/p>\n","protected":false},"excerpt":{"rendered":"<p>31 Mart yerel se\u00e7imlerinin kampanyalar\u0131nda duyulan en &#8220;pop\u00fcler&#8221; kelime &#8220;beka&#8221;. Hakan Paksoy, T\u00fcrkiye&#8217;de ger\u00e7ekten tehdit olu\u015fturacak bir beka sorununun vahim boyutlarda oldu\u011funu ama bunun yerel se\u00e7imlerle ilgisinin olmad\u0131\u011f\u0131n\u0131 \u00f6rneklerle anlat\u0131yor. <\/p>\n","protected":false},"author":26,"featured_media":6405,"comment_status":"open","ping_status":"open","sticky":false,"template":"","format":"standard","meta":{"_links_to":"","_links_to_target":""},"categories":[2,66,67,69],"tags":[],"yoast_head":"<!-- This site is optimized with the Yoast SEO plugin v16.0.2 - https:\/\/yoast.com\/wordpress\/plugins\/seo\/ -->\n<title>Se\u00e7imler ve beka meselesi - M\u0130SAK- Mill\u00ee Strateji Ara\u015ft\u0131rma Kurulu<\/title>\n<link rel=\"canonical\" href=\"https:\/\/millidusunce.com\/misak\/secimler-ve-beka-meselesi\/\" \/>\n<meta property=\"og:locale\" content=\"tr_TR\" \/>\n<meta property=\"og:type\" content=\"article\" \/>\n<meta property=\"og:title\" content=\"Se\u00e7imler ve beka meselesi - M\u0130SAK- Mill\u00ee Strateji Ara\u015ft\u0131rma Kurulu\" \/>\n<meta property=\"og:description\" content=\"31 Mart yerel se\u00e7imlerinin kampanyalar\u0131nda duyulan en &quot;pop\u00fcler&quot; kelime &quot;beka&quot;. Hakan Paksoy, T\u00fcrkiye&#039;de ger\u00e7ekten tehdit olu\u015fturacak bir beka sorununun vahim boyutlarda oldu\u011funu ama bunun yerel se\u00e7imlerle ilgisinin olmad\u0131\u011f\u0131n\u0131 \u00f6rneklerle anlat\u0131yor.\" \/>\n<meta property=\"og:url\" content=\"https:\/\/millidusunce.com\/misak\/secimler-ve-beka-meselesi\/\" \/>\n<meta property=\"og:site_name\" content=\"M\u0130SAK- Mill\u00ee Strateji Ara\u015ft\u0131rma Kurulu\" \/>\n<meta property=\"article:published_time\" content=\"2019-03-17T07:30:00+00:00\" \/>\n<meta property=\"article:modified_time\" content=\"2019-03-16T19:51:57+00:00\" \/>\n<meta property=\"og:image\" content=\"https:\/\/millidusunce.com\/misak\/wp-content\/uploads\/2019\/03\/turkiye-1_16_9_1531388206.png\" \/>\n\t<meta property=\"og:image:width\" content=\"865\" \/>\n\t<meta property=\"og:image:height\" content=\"487\" \/>\n<meta name=\"twitter:card\" content=\"summary_large_image\" \/>\n<meta name=\"twitter:label1\" content=\"Tahmini okuma s\u00fcresi\">\n\t<meta name=\"twitter:data1\" content=\"9 dakika\">\n<script type=\"application\/ld+json\" class=\"yoast-schema-graph\">{\"@context\":\"https:\/\/schema.org\",\"@graph\":[{\"@type\":\"Organization\",\"@id\":\"https:\/\/millidusunce.com\/misak\/#organization\",\"name\":\"Mill\\u00ee D\\u00fc\\u015f\\u00fcnce Merkezi\",\"url\":\"https:\/\/millidusunce.com\/misak\/\",\"sameAs\":[],\"logo\":{\"@type\":\"ImageObject\",\"@id\":\"https:\/\/millidusunce.com\/misak\/#logo\",\"inLanguage\":\"tr\",\"url\":\"https:\/\/millidusunce.com\/misak\/wp-content\/uploads\/2018\/09\/mdmLogo-yazisiz.jpg\",\"width\":422,\"height\":422,\"caption\":\"Mill\\u00ee D\\u00fc\\u015f\\u00fcnce Merkezi\"},\"image\":{\"@id\":\"https:\/\/millidusunce.com\/misak\/#logo\"}},{\"@type\":\"WebSite\",\"@id\":\"https:\/\/millidusunce.com\/misak\/#website\",\"url\":\"https:\/\/millidusunce.com\/misak\/\",\"name\":\"M\\u0130SAK- Mill\\u00ee Strateji Ara\\u015ft\\u0131rma Kurulu\",\"description\":\"D\\u00fcnyaya T\\u00fcrk\\u00e7\\u00fc Bak\\u0131\\u015f\",\"publisher\":{\"@id\":\"https:\/\/millidusunce.com\/misak\/#organization\"},\"potentialAction\":[{\"@type\":\"SearchAction\",\"target\":\"https:\/\/millidusunce.com\/misak\/?s={search_term_string}\",\"query-input\":\"required name=search_term_string\"}],\"inLanguage\":\"tr\"},{\"@type\":\"ImageObject\",\"@id\":\"https:\/\/millidusunce.com\/misak\/secimler-ve-beka-meselesi\/#primaryimage\",\"inLanguage\":\"tr\",\"url\":\"https:\/\/millidusunce.com\/misak\/wp-content\/uploads\/2019\/03\/turkiye-1_16_9_1531388206.png\",\"width\":865,\"height\":487},{\"@type\":\"WebPage\",\"@id\":\"https:\/\/millidusunce.com\/misak\/secimler-ve-beka-meselesi\/#webpage\",\"url\":\"https:\/\/millidusunce.com\/misak\/secimler-ve-beka-meselesi\/\",\"name\":\"Se\\u00e7imler ve beka meselesi - M\\u0130SAK- Mill\\u00ee Strateji Ara\\u015ft\\u0131rma Kurulu\",\"isPartOf\":{\"@id\":\"https:\/\/millidusunce.com\/misak\/#website\"},\"primaryImageOfPage\":{\"@id\":\"https:\/\/millidusunce.com\/misak\/secimler-ve-beka-meselesi\/#primaryimage\"},\"datePublished\":\"2019-03-17T07:30:00+00:00\",\"dateModified\":\"2019-03-16T19:51:57+00:00\",\"breadcrumb\":{\"@id\":\"https:\/\/millidusunce.com\/misak\/secimler-ve-beka-meselesi\/#breadcrumb\"},\"inLanguage\":\"tr\",\"potentialAction\":[{\"@type\":\"ReadAction\",\"target\":[\"https:\/\/millidusunce.com\/misak\/secimler-ve-beka-meselesi\/\"]}]},{\"@type\":\"BreadcrumbList\",\"@id\":\"https:\/\/millidusunce.com\/misak\/secimler-ve-beka-meselesi\/#breadcrumb\",\"itemListElement\":[{\"@type\":\"ListItem\",\"position\":1,\"item\":{\"@type\":\"WebPage\",\"@id\":\"https:\/\/millidusunce.com\/misak\/\",\"url\":\"https:\/\/millidusunce.com\/misak\/\",\"name\":\"Anasayfa\"}},{\"@type\":\"ListItem\",\"position\":2,\"item\":{\"@type\":\"WebPage\",\"@id\":\"https:\/\/millidusunce.com\/misak\/secimler-ve-beka-meselesi\/\",\"url\":\"https:\/\/millidusunce.com\/misak\/secimler-ve-beka-meselesi\/\",\"name\":\"Se\\u00e7imler ve beka meselesi\"}}]},{\"@type\":\"Article\",\"@id\":\"https:\/\/millidusunce.com\/misak\/secimler-ve-beka-meselesi\/#article\",\"isPartOf\":{\"@id\":\"https:\/\/millidusunce.com\/misak\/secimler-ve-beka-meselesi\/#webpage\"},\"author\":{\"@id\":\"https:\/\/millidusunce.com\/misak\/#\/schema\/person\/3ab4cf19eb1b7f72b4d39104dc2d599b\"},\"headline\":\"Se\\u00e7imler ve beka meselesi\",\"datePublished\":\"2019-03-17T07:30:00+00:00\",\"dateModified\":\"2019-03-16T19:51:57+00:00\",\"mainEntityOfPage\":{\"@id\":\"https:\/\/millidusunce.com\/misak\/secimler-ve-beka-meselesi\/#webpage\"},\"commentCount\":0,\"publisher\":{\"@id\":\"https:\/\/millidusunce.com\/misak\/#organization\"},\"image\":{\"@id\":\"https:\/\/millidusunce.com\/misak\/secimler-ve-beka-meselesi\/#primaryimage\"},\"articleSection\":\"S\\u0130YASET-TAR\\u0130H,TEHD\\u0130TLER,YAKIN-CO\\u011eRAFYA\",\"inLanguage\":\"tr\",\"potentialAction\":[{\"@type\":\"CommentAction\",\"name\":\"Comment\",\"target\":[\"https:\/\/millidusunce.com\/misak\/secimler-ve-beka-meselesi\/#respond\"]}]},{\"@type\":\"Person\",\"@id\":\"https:\/\/millidusunce.com\/misak\/#\/schema\/person\/3ab4cf19eb1b7f72b4d39104dc2d599b\",\"name\":\"Hakan Paksoy\",\"image\":{\"@type\":\"ImageObject\",\"@id\":\"https:\/\/millidusunce.com\/misak\/#personlogo\",\"inLanguage\":\"tr\",\"url\":\"https:\/\/secure.gravatar.com\/avatar\/b57d69fc35f9a591489f2791830a0011?s=96&d=mm&r=g\",\"caption\":\"Hakan Paksoy\"},\"description\":\"1960 y\\u0131l\\u0131nda Isparta\\u2019da do\\u011fdu. \\u0130lk, orta ve lise \\u00f6\\u011frenimini memleketi olan Kahramanmara\\u015f\\u2019ta, y\\u00fcksek \\u00f6\\u011frenimini Ankara\\u2019da, Gazi \\u00dcniversitesi M\\u00fchendislik Mimarl\\u0131k Fak\\u00fcltesi Elektrik B\\u00f6l\\u00fcm\\u00fcnde yapt\\u0131. O zamanki ad\\u0131 T\\u00fcrkiye Elektrik Kurumu (TEK) K. Mara\\u015f \\u0130l M\\u00fcd\\u00fcrl\\u00fc\\u011f\\u00fc\\u2019nde m\\u00fchendis olarak g\\u00f6reve ba\\u015flad\\u0131. M\\u00fchendis, ba\\u015fm\\u00fchendis ve m\\u00fcessese m\\u00fcd\\u00fcr yard\\u0131mc\\u0131l\\u0131\\u011f\\u0131 g\\u00f6revlerini yapt\\u0131. 1999 y\\u0131l\\u0131nda TEDA\\u015e Genel M\\u00fcd\\u00fcrl\\u00fc\\u011f\\u00fcnde \\u015eube M\\u00fcd\\u00fcrl\\u00fc\\u011f\\u00fc yapt\\u0131. Temmuz 2017\\u2019de emekli oldu. Kahramanmara\\u015f T\\u00fcrk Oca\\u011f\\u0131 \\u015eubesinin kurulu\\u015fundan itibaren; y\\u00f6netim kurulu \\u00fcyeli\\u011fi, sekreterlik, ba\\u015fkan yard\\u0131mc\\u0131l\\u0131\\u011f\\u0131 ve iki d\\u00f6nem ba\\u015fkanl\\u0131k yapm\\u0131\\u015ft\\u0131r. 1995 Genel se\\u00e7imlerinde MHP\\u2019den milletvekili aday\\u0131 olmu\\u015ftur. T\\u00fcrkiye Kamu Sen\\u2019in kurulu\\u015funda ilk \\u015fube ba\\u015fkanlar\\u0131ndand\\u0131r. Ankara\\u2019da \\u00e7al\\u0131\\u015fmaya ba\\u015flad\\u0131ktan sonra T\\u00fcrk Enerji Sen Genel Merkez Y\\u00f6netim Kurulunda \\u00e7al\\u0131\\u015fm\\u0131\\u015ft\\u0131r. 1985-87 aras\\u0131nda askerlik g\\u00f6revini yapm\\u0131\\u015ft\\u0131r. Mill\\u00ee D\\u00fc\\u015f\\u00fcnce Merkezi (MDM) Y\\u00f6netim Kurulu \\u00fcyesidir ve internet sitesinde yaz\\u0131lar\\u0131 yay\\u0131nlanmaktad\\u0131r. Evlidir. Biri k\\u0131z di\\u011feri erkek iki \\u00e7ocu\\u011fu vard\\u0131r.\"}]}<\/script>\n<!-- \/ Yoast SEO plugin. -->","_links":{"self":[{"href":"https:\/\/millidusunce.com\/misak\/wp-json\/wp\/v2\/posts\/6401"}],"collection":[{"href":"https:\/\/millidusunce.com\/misak\/wp-json\/wp\/v2\/posts"}],"about":[{"href":"https:\/\/millidusunce.com\/misak\/wp-json\/wp\/v2\/types\/post"}],"author":[{"embeddable":true,"href":"https:\/\/millidusunce.com\/misak\/wp-json\/wp\/v2\/users\/26"}],"replies":[{"embeddable":true,"href":"https:\/\/millidusunce.com\/misak\/wp-json\/wp\/v2\/comments?post=6401"}],"version-history":[{"count":0,"href":"https:\/\/millidusunce.com\/misak\/wp-json\/wp\/v2\/posts\/6401\/revisions"}],"wp:featuredmedia":[{"embeddable":true,"href":"https:\/\/millidusunce.com\/misak\/wp-json\/wp\/v2\/media\/6405"}],"wp:attachment":[{"href":"https:\/\/millidusunce.com\/misak\/wp-json\/wp\/v2\/media?parent=6401"}],"wp:term":[{"taxonomy":"category","embeddable":true,"href":"https:\/\/millidusunce.com\/misak\/wp-json\/wp\/v2\/categories?post=6401"},{"taxonomy":"post_tag","embeddable":true,"href":"https:\/\/millidusunce.com\/misak\/wp-json\/wp\/v2\/tags?post=6401"}],"curies":[{"name":"wp","href":"https:\/\/api.w.org\/{rel}","templated":true}]}}