{"id":6789,"date":"2019-04-10T19:30:00","date_gmt":"2019-04-10T16:30:00","guid":{"rendered":"https:\/\/millidusunce.com\/misak\/?p=6789&#038;preview=true&#038;preview_id=6789"},"modified":"2019-04-09T17:38:15","modified_gmt":"2019-04-09T14:38:15","slug":"sozde-ermeni-soykirim-yalani","status":"publish","type":"post","link":"https:\/\/millidusunce.com\/misak\/sozde-ermeni-soykirim-yalani\/","title":{"rendered":"24 Nisan yakla\u015f\u0131rken s\u00f6zde Ermeni Soyk\u0131r\u0131m yalan\u0131na cevap: Bir manifesto"},"content":{"rendered":"<h2><\/h2>\n<div id=\"attachment_6838\" style=\"width: 610px\" class=\"wp-caption aligncenter\"><img aria-describedby=\"caption-attachment-6838\" loading=\"lazy\" class=\"wp-image-6838 size-full\" src=\"https:\/\/millidusunce.com\/misak\/wp-content\/uploads\/2019\/04\/a1_175.jpg\" alt=\"Kaynak : Ermeni Ayaklanmalar\u0131 ve \u0130htilal Hareketleri.\" width=\"600\" height=\"387\" srcset=\"https:\/\/millidusunce.com\/misak\/wp-content\/uploads\/2019\/04\/a1_175.jpg 600w, https:\/\/millidusunce.com\/misak\/wp-content\/uploads\/2019\/04\/a1_175-150x97.jpg 150w, https:\/\/millidusunce.com\/misak\/wp-content\/uploads\/2019\/04\/a1_175-300x194.jpg 300w\" sizes=\"(max-width: 600px) 100vw, 600px\" \/><p id=\"caption-attachment-6838\" class=\"wp-caption-text\">Ermeni H\u0131n\u00e7ak G\u00f6n\u00fcll\u00fc Alay\u0131n\u0131n ikinci b\u00f6l\u00fc\u011f\u00fc &#8220;Yeridasaret Hayastan&#8221; (Gen\u00e7 Ermenistan) gazetesinden. 20 Temmuz 1915 Kaynak : Ermeni Ayaklanmalar\u0131 ve \u0130htilal Hareketleri.<\/p><\/div>\n<h2><strong>Fransa Cumhurba\u015fkan\u0131 Emmanuel Macron\u00a0<\/strong><\/h2>\n<p>Ermeni diasporas\u0131n\u0131n \u00e7at\u0131\u00a0 kurulu\u015fu olan <em>Ermeni \u00d6rg\u00fctleri\u00a0 Koordinasyon Konseyi<\/em>\u2019nin (Conseil de Coordination des organisations Arm\u00e9niennes de France: CCAF) <em>\u00a05 \u015eubat 2019<\/em> \u00a0tarihindeki toplant\u0131s\u0131nda Fransa Cumhurba\u015fkan\u0131 <em>Emmanuel Macron<\/em>, <em>24 Nisan<\/em> tarihini\u00a0 <em>s\u00f6zde Ermeni soyk\u0131r\u0131m\u0131n\u0131 anma g\u00fcn\u00fc<\/em> ilan edece\u011fini a\u00e7\u0131klam\u0131\u015ft\u0131r.\u00a0 <em>Macron,<\/em> Twitter\u2019da yapt\u0131\u011f\u0131 payla\u015f\u0131mda\u00a0 <em>&#8220;Fransa tarihle y\u00fczle\u015fir. Gelecek birka\u00e7 hafta i\u00e7erisinde s\u00f6z verdi\u011fim gibi 24 Nisan&#8217;\u0131 Ermeni soyk\u0131r\u0131m\u0131n\u0131 anma g\u00fcn\u00fc ilan ediyoruz.&#8221;<\/em> demi\u015ftir. Fakat, gerek Cezayir ve gerekse \u00a0Ruanda da yapt\u0131klar\u0131 soyk\u0131r\u0131mlar ile\u00a0 y\u00fczle\u015fmemi\u015ftir.<\/p>\n<h2><strong>\u00d6nceki Cumhurba\u015fkan\u0131 Nicolas Sarkozy ve Refik Mor<\/strong><\/h2>\n<p>Fransa&#8217;n\u0131n \u00a0\u00f6nceki Cumhurba\u015fkan\u0131 <em>Nicolas Sarkozy <\/em>de s\u00f6zde Ermeni soyk\u0131r\u0131m\u0131n\u0131 iktidarda oldu\u011fu \u00a0d\u00f6nemde \u00a0\u00a0devaml\u0131 \u00a0g\u00fcndeme \u00a0getirmi\u015ftir: (<a href=\"https:\/\/www.telegraph.co.uk\/news\/worldnews\/europe\/armenia\/9112129\/Nicolas-Sarkozy-orders-new-Armenian-genocide-law.html\">https:\/\/www.telegraph.co.uk\/news\/worldnews\/europe\/armenia\/9112129\/Nicolas-Sarkozy-orders-new-Armenian-genocide-law.html<\/a>, Mr Sarkozy was accused of pandering to an estimated 400,000 voters of Armenian origin ahead of an April-May presidential election Photo: REUTERS9:49PM GMT 28 Feb 2012) Sarkozy, T\u00fcrkiye\u2019nin AB \u00fcyeli\u011fine de \u015fiddetle kar\u015f\u0131 \u00e7\u0131km\u0131\u015f ve <em>\u201cT\u00fcrkiye Avrupal\u0131 de\u011fildir.\u201d<\/em> demi\u015ftir.<\/p>\n<div id=\"attachment_6790\" style=\"width: 467px\" class=\"wp-caption aligncenter\"><img aria-describedby=\"caption-attachment-6790\" loading=\"lazy\" class=\"wp-image-6790 size-full\" src=\"https:\/\/millidusunce.com\/misak\/wp-content\/uploads\/2019\/04\/1-2.jpg\" alt=\"Kaynak: http:\/\/en.rfi.fr\/europe\/20111007-turkey-angered-sarkozy-call-recognise-armenian-genocide\" width=\"457\" height=\"206\" srcset=\"https:\/\/millidusunce.com\/misak\/wp-content\/uploads\/2019\/04\/1-2.jpg 457w, https:\/\/millidusunce.com\/misak\/wp-content\/uploads\/2019\/04\/1-2-150x68.jpg 150w, https:\/\/millidusunce.com\/misak\/wp-content\/uploads\/2019\/04\/1-2-300x135.jpg 300w\" sizes=\"(max-width: 457px) 100vw, 457px\" \/><p id=\"caption-attachment-6790\" class=\"wp-caption-text\">Sarkozy: &#8220;T\u00fcrkiye, Avrupal\u0131 de\u011fildir.&#8221;<\/p><\/div>\n<p><em>Sarkozy<\/em>,\u00a0 \u0130\u00e7i\u015fleri Bakan\u0131 iken<em> 14 Kas\u0131m\u00a0 2006<\/em>\u00a0 tarihinde Cezayir\u2019de Fransa B\u00fcy\u00fckel\u00e7ili\u011fi\u2019nde verilen\u00a0 kokteyl s\u0131ras\u0131nda kendisine y\u00f6neltilen <em>\u201cFransa \u00f6z\u00fcr dileyecek mi?\u201d<\/em> sorusuna <em>\u00a0<strong>\u201c<\/strong>Babalar\u0131n\u0131n yanl\u0131\u015flar\u0131 i\u00e7in o\u011fullar\u0131n \u00f6z\u00fcr dilemesi beklenemez.\u201d<\/em><strong>\u00a0 <\/strong>demi\u015f ve \u015funlar\u0131 eklemi\u015ftir: <em>\u201cS\u00f6m\u00fcrgecilik sistemi, adaletsiz bir sistem. Akdeniz\u2019in her iki yakas\u0131nda ya\u015fayan kad\u0131nlar ve erkekler bu nedenle ac\u0131lar ya\u015fad\u0131\u2026T\u0131pk\u0131 1915 olaylar\u0131 s\u0131ras\u0131nda, Ermenilerin yan\u0131 s\u0131ra T\u00fcrklerin de ya\u015fad\u0131klar\u0131 b\u00fcy\u00fck ac\u0131lar gibi\u2026\u201d <\/em>Fransa ile 2001\u2019de, 2006\u2019da, 2011\u2019de ve 2019\u2019da \u00a0ayn\u0131 s\u0131k\u0131nt\u0131y\u0131 ya\u015f\u0131yoruz.<\/p>\n<p>Bu a\u00e7\u0131dan bak\u0131nca, \u015fu soruyu\u00a0 sormak gerekir: <em>18 y\u0131lda T\u00fcrkiye ne yapt\u0131? Ya da daha \u00f6nemlisi ne yapamad\u0131?<\/em>\u00a0 O d\u00f6nemde \u00a0Sarkozy\u2019ye mektup yazan az say\u0131da ki\u015fiden biri olan say\u0131n <em>Refik Mor<\/em>\u2019un mektubunu\u00a0 tarihe not d\u00fc\u015f\u00fclmesi a\u00e7\u0131s\u0131ndan a\u015fa\u011f\u0131da payla\u015fmak istedim. Almanya\u2019n\u0131n Schleswig-Holstein Eyaleti\u2019ne ba\u011fl\u0131 Neum\u00fcnster kentinde ya\u015fayan siyaset\u00e7i <em>Refik Mor<\/em>, Fransa Cumhurba\u015fkan\u0131 <em>Sarkozy<\/em> ve milletvekili <em>Boyer<\/em>\u2019e <em>12 Ocak 2012 <\/em>tarihinde <em>Soyk\u0131r\u0131m\u0131 \u0130nkar Yasas\u0131<\/em> konusunda \u0130ngilizce ve T\u00fcrk\u00e7e a\u00e7\u0131k mektup g\u00f6ndermi\u015f ve \u015fu a\u00e7\u0131klamay\u0131 yapm\u0131\u015ft\u0131r: \u201c<em>Hristiyan\u00a0Demokrat Birlik Parti (CDU) Neum\u00fcnster \u0130l Meclis \u00dcyesi Mor,<\/em> <em>Sarkozy ve Boyer\u2019in resmi \u00f6nergesinin Avrupa Adalet Divan\u0131\u00a0 kar\u015f\u0131s\u0131nda art\u0131k hukuki bir dayana\u011f\u0131 yoktur. Ne Avrupa Parlamentosu\u2019nun, ne de Frans\u0131z Parlamentosu\u2019nun bu siyasi karar\u0131, ATAD\u2019\u0131n karar\u0131ndan \u00fcst\u00fcn de\u011fildir.\u201d<\/em> \u00a0Mektup a\u015fa\u011f\u0131dad\u0131r.<\/p>\n<p><em>\u201cNeum\u00fcnster,\u00a0\u00a0 12.01.2012<\/em><\/p>\n<p><em>Refik Mor, Geibelstr.13, 24536 Neum\u00fcnster, Allemagne<\/em><\/p>\n<p><em>Say\u0131n Senato Ba\u015fkan\u0131 Jean-Pierre Bell,<br \/>\nSay\u0131n Cumhurba\u015fkan\u0131 Sarkozy,<br \/>\nSay\u0131n UMP Milletvekili Boyer,<\/em><\/p>\n<p>Taraf\u0131n\u0131zdan verilen <em>\u201cresmi olarak tan\u0131nan soyk\u0131r\u0131m su\u00e7lar\u0131n\u0131n inkar\u0131na 1 y\u0131l hapis ve 45 bin Euro para cezas\u0131\u201d<\/em> uygulanmas\u0131n\u0131 \u00f6ng\u00f6ren kanun tasar\u0131s\u0131, Fransa meclisinde kabul edilmi\u015f bulunmaktad\u0131r. Bu giri\u015fiminizi, parlamenter olman\u0131z gere\u011fi en do\u011fal hakk\u0131n\u0131z olarak g\u00f6r\u00fcyorum. Yaln\u0131z burada do\u011fal ve hukuki olmayan bir \u015fey varsa, o da kabul edilen resmi \u00f6nergenizin Avrupa Adalet Divan\u0131 Karar\u0131 kar\u015f\u0131s\u0131nda art\u0131k hukuki bir dayana\u011f\u0131n\u0131n olmad\u0131\u011f\u0131d\u0131r. Avrupa Adalet Divan\u0131\u2019n\u0131n hukuki karar\u0131n\u0131n Avrupa Parlamentosu\u2019nun siyasi karar\u0131 ile Frans\u0131z Parlamentosu\u2019nun siyasi karar\u0131n\u0131n ikisinden de \u00fcst\u00fcn oldu\u011funu hepimiz biliyoruz. L\u00fctfen benim g\u00f6r\u00fc\u015f\u00fcm\u00fc de dinlemenizi rica ediyorum. Bu konudaki Frans\u0131z ve Alman\u00a0 Parlamentolar\u0131n\u0131n resmi kararlar\u0131n\u0131 bir yana b\u0131rak\u0131n, <em>20 Temmuz 1987\u2019de Avrupa Parlamentosu C-190 esas nolu resmi karar\u0131<\/em> ile, i\u00e7erik olarak <em>\u201cT\u00fcrkiye Ermeni soyk\u0131r\u0131m\u0131n\u0131 tan\u0131mad\u0131\u011f\u0131 m\u00fcddet\u00e7e, AB\u2019ye \u00fcye olamaz.\u2019\u2019<\/em> denen siyasi bir karar alm\u0131\u015ft\u0131r. Peki bu karar h\u00e2l\u00e2 ge\u00e7erli midir? \u00a0Bunun cevab\u0131 a\u015fa\u011f\u0131dad\u0131r. AB\u2019nin verdi\u011fi bu siyasi kararla cesaretlenen Ermeni diasporas\u0131n\u0131n Fransa\u2019daki s\u00f6zc\u00fcs\u00fc- ve avukat\u0131 olan\u00a0 <em>Suzanne ve Gregoire Krikorian<\/em>, 1999\u2019da Helsinki karar\u0131yla T\u00fcrkiye\u2019nin AB \u00fcyeli\u011fine aday devlet yap\u0131lmas\u0131 \u00fczerine, Ermeni soyk\u0131r\u0131m\u0131na at\u0131fta bulunarak, Avrupa Parlamentosu\u2019na, \u00a0Avrupa Birli\u011fi Konseyi\u2019ne ve \u00a0Avrupa Birli\u011fi Komisyonu\u2019na kar\u015f\u0131 Avrupa Adalet Divan\u0131\u2019nda <em>\u00a0\u201cBirli\u011fin akit d\u0131\u015f\u0131 sorumlulu\u011fu ve davan\u0131n esass\u0131zl\u0131k (gerek\u00e7esizlik) konumu\u201d<\/em> ile ilgili, maddi ve manevi tazminat davas\u0131 a\u00e7m\u0131\u015flard\u0131r. Yukar\u0131da\u00a0 davan\u0131n i\u00e7eri\u011fini olu\u015fturan \u00a0<em>\u201cBirli\u011fin akit (Anla\u015fma) d\u0131\u015f\u0131 sorumlulu\u011fundan\u2019\u2019<\/em> \u00a0kastedilen uluslararas\u0131 insan haklar\u0131 ve 1915 olaylar\u0131nda ya\u015fanan trajik tarihi olaylard\u0131r. Yani Ermenilere haks\u0131zl\u0131k edilerek soyk\u0131r\u0131m uyguland\u0131\u011f\u0131n\u0131 iddia etmi\u015flerdi.\u00a0 Ancak, <em>Suzanne ve Gregorie Krikorian<\/em> bu davay\u0131 kaybettiler; \u00e7\u00fcnk\u00fc iddialar\u0131n\u0131 ispatlayamad\u0131lar. Ermeni diasporas\u0131 i\u00e7in adeta bir <em>\u00a0\u201c\u00f6n soyk\u0131r\u0131m davas\u0131\u201d<\/em> olarak de\u011ferlendirilen bu maddi ve manevi tazminat davas\u0131, Avrupa Adalet Divan\u0131 taraf\u0131ndan 17 Aral\u0131k 2003 tarihinde Esas No: T-346\/03 karar\u0131 ile reddedilmi\u015f ve kendileri de 30 bin Euro\u2019luk mahkeme masraflar\u0131n\u0131 \u00f6demeye mahkum edilmi\u015flerdir. AAD\u2019n\u0131n rededti\u011fi T-346\/03 esas say\u0131l\u0131 (dosya numaral\u0131) davan\u0131n 25 nolu gerek\u00e7esinde, hakim aynen \u015f\u00f6yle demektedir: \u00a0T-346\/03 esas no.lu karardan 25 numaral\u0131 al\u0131nt\u0131: <em>\u201c25. Davac\u0131lar\u0131n ger\u00e7ekten\u00a0 ve somut zarar\u00a0 g\u00f6rm\u00fc\u015f olduklar\u0131n\u0131 g\u00f6steren deliller\u00a0 konusuna\u00a0 gelince; davac\u0131lar, dava dilek\u00e7esinde genel ifadelerle Ermeni birli\u011finin u\u011frad\u0131\u011f\u0131 manevi zarar\u0131n talebi ile s\u0131n\u0131rl\u0131 kalm\u0131\u015f olup,\u00a0 ne bu konuda,\u00a0 ne de \u015fahsen kendilerinin u\u011frad\u0131\u011f\u0131 zarar\u0131n kapsam\u0131 hakk\u0131nda\u00a0 zerre kadar\u00a0 dahi delil g\u00f6sterememi\u015f olmalar\u0131d\u0131r.\u00a0 Davac\u0131lar\u00a0 bununla, kendilerinin ger\u00e7ekten ve somut olarak zarar g\u00f6r\u00fcp g\u00f6rmedikleri\u00a0 hakk\u0131nda mahkemenin h\u00fck\u00fcm verebilmesi i\u00e7in yeterli bilgi\u00a0 verememi\u015flerdir.&#8221;<\/em> (AAD\u2019n\u0131n bu konuda 2 Temmuz 2003 tarihli T-99\/98,\u00a0 Hameico Stutgart \/Konsey ve Komisyon (Emsal) davas\u0131 karar\u0131 ve Komisyon\u2019un\u00a0 No.68 ve 69, Slg.2003, II-0000 karar\u0131)\u201d T-346\/03 esas no.lu karar\u0131n\u0131n 10\u2019ncu numaras\u0131ndan al\u0131nt\u0131: <em>\u201c10. Davac\u0131lar ayr\u0131ca, bir \u00e7ok temel insan haklar\u0131n\u0131n, \u00f6zellikle 4 Kas\u0131m 1950 tarihinde Roma\u2019da imzalanan insan haklar\u0131 ve temel \u00f6zg\u00fcrl\u00fckleri koruma alt\u0131na alan\u00a0 Avrupa\u00a0 s\u00f6zle\u015fmesinin 3. ve 8. maddesine dikkat \u00e7ekerek, burada s\u00f6z\u00fc edilen,\u00a0 \u00f6zel ya\u015fam hakk\u0131n\u0131n kutsall\u0131\u011f\u0131,\u00a0 a\u015fa\u011f\u0131lay\u0131c\u0131 veya insanl\u0131k d\u0131\u015f\u0131 muameleye tabi\u00a0 tutulmama\u00a0 haklar\u0131n\u0131n ihlal\u00a0 edildi\u011fini savunmaktad\u0131rlar.\u201d<\/em> Ve yine T-346\/03 esas no.lu karardan 21 no.lu al\u0131nt\u0131: \u00a0<em>\u201c21. Temel haklar\u0131n s\u00f6zde ihlali konusunda ise, (yukar\u0131daki 10. numaraya\u00a0 bak\u0131n\u0131z)\u00a0\u00a0 davac\u0131lar\u0131n, b\u00f6yle\u00a0 temel insan haklar\u0131n\u0131n ihlali iddias\u0131 ile s\u0131n\u0131rl\u0131\u00a0 kal\u0131p, bunun daval\u0131\u00a0\u00a0 organlara atfedilen su\u00e7 ile ne kadar ilgili oldu\u011funu a\u00e7\u0131klayamamas\u0131n\u0131 belirtmek\u00a0 yeterlidir.\u201d\u00a0<\/em> Ermeni diasporas\u0131 bunun \u00fczerine temyize gider (karara itiraz eder). Avrupa Adalet Divan\u0131\u2019n\u0131n 4\u2019nc\u00fc dairesinde g\u00f6r\u00fclen temyiz davas\u0131, (itiraz davas\u0131) 17.04.2004 tarihinde, C-18\/04 P Esas no.lu nihai karar ile yeniden reddedilir.<\/p>\n<p><em>&#8220;Say\u0131n Senato Ba\u015fkan\u0131 Jean-Pierre Bell,<br \/>\nSay\u0131n Cumhurba\u015fkan\u0131 Sarkozy,<br \/>\nSay\u0131n UMP \u00a0Milletvekili Boyer,<\/em><\/p>\n<p><em>Yahudi soyk\u0131r\u0131m\u0131n\u0131n (Holocaust) Almanlar taraf\u0131ndan yap\u0131ld\u0131\u011f\u0131, N\u00fcrnberg mahkemesi taraf\u0131ndan hukuken karara ba\u011flanm\u0131\u015f olup, bunu inkar etmek de do\u011fal olarak Almanya\u2019da su\u00e7tur. Ama, hukuken kesinle\u015fmemi\u015f bir konu hakk\u0131nda siyasetin ceza kesmesi ise, ancak muz cumhuriyetlerinde m\u00fcmk\u00fcnd\u00fcr. \u00a0\u0130spata dayand\u0131r\u0131lmadan yapt\u0131\u011f\u0131n\u0131z yukar\u0131da s\u00f6z\u00fcn\u00fc etti\u011fim bu kanun, Avrupa Adalet Divan\u0131 kar\u015f\u0131s\u0131nda art\u0131k hi\u00e7 bir hukuki dayana\u011f\u0131 maalesef bulunmamaktad\u0131r.\u00a0 \u00a0Bundan dolay\u0131d\u0131r ki, yukar\u0131da ad\u0131 ge\u00e7en Avrupa Adalet Divan\u0131\u2019n\u0131n hukuki karar\u0131na, her demokrat gibi sizin de uyman\u0131z\u0131 ve T\u00fcrkleri haks\u0131z yere itham etti\u011finizden dolay\u0131, verdi\u011finiz yasa \u00f6nergesini geri \u00e7ekerek , t\u00fcm T\u00fcrk halk\u0131ndan \u00f6z\u00fcr dilemenizi talep ediyorum. Aksi takdirde, bu sizin \u201cPirus Zaferi\u201dnizden \u00f6te gitmeyecektir. \u00c7\u00fcnk\u00fc mahkeme kararlar\u0131, resmi karardan \u00fcst\u00fcnd\u00fcr. Tabii ki bu kural demokratik devletler i\u00e7in\u00a0 ge\u00e7erli bir kurald\u0131r. <\/em><em>Refik Mor, 2003 y\u0131l\u0131ndan beri\u00a0 CDU- Neum\u00fcnster Meclis \u00dcyesidir.\u201d<\/em> (http:\/\/www.europahaber.de\/turk-vekilden-sarkoz-ye-acik-mektup\/2564\/)<\/p>\n<p>Turkish Forum\u2019da (ABD) 8 May\u0131s 2012 tarihinde yay\u0131nlanan <em>\u201cT\u00fcrkiye\u2019nin Ermeni Sorunu\u201d<\/em> ba\u015fl\u0131kl\u0131 yaz\u0131mda\u00a0 ben de \u015fu tespitte bulunmu\u015ftum: <em>\u201cFransa\u2019da eski Cumhurba\u015fkan\u0131 Sarkozy ve onun gibi d\u00fc\u015f\u00fcnen, Ermeni oylar\u0131ndan medet uman siyaset\u00e7iler, s\u00f6zde soyk\u0131r\u0131m iddias\u0131n\u0131 tan\u0131maya y\u00f6nelik kararlar almakta, bunu inkar edenlere ise ceza getirmeye y\u00f6nelik giri\u015fimlerde bulunmaktad\u0131rlar. Nitekim\u00a0Frans\u0131z Senatosu\u2019na gelen ve kabul edilen s\u00f6zde Ermeni soyk\u0131r\u0131m\u0131n\u0131 inkar edenlere ceza verilmesine ili\u015fkin yasa teklifi, T\u00fcrkiye ile Fransa aras\u0131ndaki ili\u015fkileri \u00e7ok germi\u015f, hatta kopma noktas\u0131na getirmi\u015ftir. Teklifi var g\u00fcc\u00fcyle destekleyen Fransa eski Cumhurba\u015fkan\u0131 Sarkozy, s\u00f6zde Ermeni soyk\u0131r\u0131m\u0131n\u0131 bahane ederek T\u00fcrkiye\u2019nin AB yolunu Almanya Ba\u015fbakan\u0131 Merkel ile birlikte t\u0131kayan iki siyaset\u00e7iden biridir.\u00a0Asl\u0131nda\u00a0Frans\u0131z Senatosu\u2019nun s\u00f6zde Ermeni soyk\u0131r\u0131m\u0131n\u0131 inkar edenlere ceza verilmesi ile yasay\u0131 kabul etmesi bir ak\u0131l tutulmas\u0131d\u0131r.\u201d<\/em>\u00a0(<a href=\"https:\/\/www.turkishnews.com\/tr\/content\/2012\/05\/08\/turkiyenin-ermeni-sorunu\/\">https:\/\/www.turkishnews.com\/tr\/content\/2012\/05\/08\/turkiyenin-ermeni-sorunu\/<\/a>, <a href=\"https:\/\/groups.google.com\/forum\/#!topic\/Turkiye-icin-el-ele\/pErz_a04qJI\">https:\/\/groups.google.com\/forum\/#!topic\/Turkiye-icin-el-ele\/pErz_a04qJI<\/a>)<\/p>\n<h2><strong>France 24 ve Macron-Erdo\u011fan<\/strong><\/h2>\n<p>Fransa&#8217;n\u0131n \u0130ngilizce yay\u0131n yapan\u00a0 kanal\u0131<em> France 24<\/em>,\u00a0 <em>6 \u015eubat 2019<\/em> \u00a0ak\u015fam haberlerinde<em> Macron<\/em>\u2019un s\u00f6zde Ermeni soyk\u0131r\u0131m\u0131 konusundaki a\u00e7\u0131klamas\u0131na\u00a0 T\u00fcrkiye\u2019nin cevap verdi\u011fini, Cumhurba\u015fkan\u0131\u00a0 Erdo\u011fan\u2019\u0131n foto\u011fraf\u0131n\u0131 ekrana yans\u0131tarak haberle\u015ftirmi\u015ftir. Alt yaz\u0131da da\u00a0 hi\u00e7bir mahkeme karar\u0131 olmamas\u0131na ra\u011fmen <em>\u201cErmeni soyk\u0131r\u0131m\u0131\u201d<\/em>\u00a0 ifadesini kullanm\u0131\u015ft\u0131r: \u201cFrance: Turkey condemns Macron\u2019s plan for national day marking ARMENIAN GENOCIDE.\u201d\u00a0 Taraf\u0131mdan\u00a0 kay\u0131t alt\u0131na al\u0131nan\u00a0 <em>France 24<\/em>\u2019\u00fcn\u00a0 haberi a\u015fa\u011f\u0131dad\u0131r.<\/p>\n<div id=\"attachment_6791\" style=\"width: 417px\" class=\"wp-caption aligncenter\"><img aria-describedby=\"caption-attachment-6791\" loading=\"lazy\" class=\"wp-image-6791 size-full\" src=\"https:\/\/millidusunce.com\/misak\/wp-content\/uploads\/2019\/04\/2-2.jpg\" alt=\"Macron'un g\u00fcn\u00fc kurtarma gayretiyle tarihi hadiseleri politik malzeme haline getirmesini reddediyoruz.\" width=\"407\" height=\"293\" srcset=\"https:\/\/millidusunce.com\/misak\/wp-content\/uploads\/2019\/04\/2-2.jpg 407w, https:\/\/millidusunce.com\/misak\/wp-content\/uploads\/2019\/04\/2-2-150x108.jpg 150w, https:\/\/millidusunce.com\/misak\/wp-content\/uploads\/2019\/04\/2-2-300x216.jpg 300w\" sizes=\"(max-width: 407px) 100vw, 407px\" \/><p id=\"caption-attachment-6791\" class=\"wp-caption-text\">Macron&#8217;un g\u00fcn\u00fc kurtarma gayretiyle tarihi hadiseleri politik malzeme haline getirmesini reddediyoruz.<\/p><\/div>\n<p>Macron\u2019un T\u00fcrkiye\u2019yi\u00a0 su\u00e7lamas\u0131na\u00a0 Cumhurba\u015fkan\u0131 Erdo\u011fan, \u00a0Paris\u2019te \u015fehit edilen b\u00fcy\u00fckel\u00e7imiz <em>\u0130smail Erez<\/em> ve \u015fof\u00f6r\u00a0<em>Talip Yener<\/em>\u2019e de at\u0131fta bulunarak cevap \u00a0verseydi, daha etkili\u00a0 olurdu. \u00c7\u00fcnk\u00fc <em>Macron<\/em>\u2019un muhatab\u0131 Cumhurba\u015fkan\u0131 <em>Erdo\u011fan<\/em>\u2019d\u0131r. S\u00f6zc\u00fc <em>\u0130brahim Kal\u0131n<\/em>\u2019\u0131n\u00a0 cevab\u0131 etkili olmam\u0131\u015ft\u0131r. <em>&#8220;\u00dclkesinde siyasi sorunlar ya\u015fayan Macron&#8217;un g\u00fcn\u00fc kurtarma gayretiyle tarihi hadiseleri politik malzeme haline getirmesini reddediyoruz.&#8221;<\/em><\/p>\n<div id=\"attachment_6792\" style=\"width: 598px\" class=\"wp-caption aligncenter\"><img aria-describedby=\"caption-attachment-6792\" loading=\"lazy\" class=\"wp-image-6792 size-full\" src=\"https:\/\/millidusunce.com\/misak\/wp-content\/uploads\/2019\/04\/3-2.jpg\" alt=\"Kaynak: Milliyet, 25 Ekim 1975\" width=\"588\" height=\"402\" srcset=\"https:\/\/millidusunce.com\/misak\/wp-content\/uploads\/2019\/04\/3-2.jpg 588w, https:\/\/millidusunce.com\/misak\/wp-content\/uploads\/2019\/04\/3-2-150x103.jpg 150w, https:\/\/millidusunce.com\/misak\/wp-content\/uploads\/2019\/04\/3-2-300x205.jpg 300w\" sizes=\"(max-width: 588px) 100vw, 588px\" \/><p id=\"caption-attachment-6792\" class=\"wp-caption-text\">Kaynak: Milliyet, 25 Ekim 1975<\/p><\/div>\n<h2><strong>24 Nisan \u015eehitlerimiz&#8230;<\/strong><\/h2>\n<p style=\"text-align: left\">Haf\u0131za-i be\u015fer nisyan ile maluld\u00fcr.\u00a0 Bu sebeple 24 Nisan \u00f6ncesinde aziz \u015fehitlerimizi \u00a0hat\u0131rlamakta ve de anmakta\u00a0 yarar vard\u0131r: <em>\u201c27.01.1973\u00a0Santa Barbara\u00a0Ba\u015fkonsolos\u00a0Mehmet Baydar ve \u00a0Konsolos\u00a0Bahad\u0131r Demir, 22.10.1975\u00a0Viyana\u00a0B\u00fcy\u00fckel\u00e7i\u00a0Dani\u015f Tunal\u0131gil, 24.10.1975\u00a0Paris\u00a0B\u00fcy\u00fckel\u00e7i\u00a0\u0130smail Erez ve \u015fof\u00f6r\u00a0Talip Yener,<\/em>\u00a0(Kaynak: Milliyet, 25 Ekim 1975)\u00a0<em>16.02.1976\u00a0Beyrut\u00a0Ba\u015fkatip\u00a0Oktar Cirit, 09.06.1977\u00a0Vatikan B\u00fcy\u00fckel\u00e7i\u00a0Taha Car\u0131m, 02.06.1978\u00a0Madrid\u00a0B\u00fcy\u00fckel\u00e7i e\u015fi\u00a0Necla Kuneralp, 02.06.1978\u00a0Madrid\u00a0emekli B\u00fcy\u00fckel\u00e7i\u00a0Be\u015fir Balc\u0131o\u011flu, 12.10.1979\u00a0Lahey\u00a0B\u00fcy\u00fckel\u00e7i o\u011flu\u00a0Ahmet Benler, 22.12.1979\u00a0Paris\u00a0Turizm M\u00fc\u015faviri\u00a0Y\u0131lmaz \u00c7olpan, 31.07.1980\u00a0Atina\u00a0\u0130dari Ata\u015fe \u00a0Galip \u00d6zmen ve \u00a0Neslihan \u00d6zmen, 17.12.1980\u00a0Sydney\u00a0Ba\u015fkonsolos G\u00fcvenlik Ata\u015fesi\u00a0\u015ear\u0131k Ar\u0131yak ve Engin Sever, 04.03.1981\u00a0 Paris\u00a0\u00c7al\u0131\u015fma Ata\u015fesi Din G\u00f6revlisi\u00a0Re\u015fat Moral\u0131 ve Tecelli Ar\u0131, 09.06.1981\u00a0Cenevre\u00a0S\u00f6zle\u015fmeli Sekreteri\u00a0M. Sava\u015f Yerg\u00fcz, 24.09.1981\u00a0Paris\u00a0G\u00fcvenlik Ata\u015fesi\u00a0Cemal \u00d6zen, 28.01.1982\u00a0Los Angeles\u00a0Ba\u015fkonsolos\u00a0Kemal Ar\u0131kan, 04.05.1982\u00a0Boston\u00a0Fahri Ba\u015fkonsolosu\u00a0Orhan G\u00fcnd\u00fcz, 07.06.1982\u00a0Lizbon\u00a0\u0130dari Ata\u015fe e\u015fi\u00a0Erkut Akbay ve Nadide Akbay, 27.08.1982\u00a0Ottawa\u00a0Askeri Ata\u015fe\u00a0Albay Attila Alt\u0131kat, 09.09.1982\u00a0Burgaz\u00a0\u0130dari Ata\u015fe\u00a0Bora S\u00fcelkan, 09.03.1983\u00a0Belgrad\u00a0B\u00fcy\u00fckel\u00e7i\u00a0Galip Balkar,14.07.1983\u00a0Br\u00fcksel\u00a0\u0130dari Ata\u015fe\u00a0Dursun Aksoy, 27.07.1983\u00a0Lizbon\u00a0M\u00fcste\u015far e\u015fi\u00a0Cahide M\u0131h\u00e7\u0131o\u011flu, 28.04.1984\u00a0Tahran\u00a0S\u00f6zle\u015fmeli Sekreter e\u015fi\u00a0I\u015f\u0131k Y\u00f6nder, 20.06.1984\u00a0Viyana\u00a0\u00c7al\u0131\u015fma Ata\u015fesi\u00a0Erdo\u011fan \u00d6zen, 19.11.1984\u00a0Viyana\u00a0Uluslararas\u0131\u00a0 S\u00f6zle\u015fmeli Personel\u00a0Enver Ergun.\u201d<\/em><\/p>\n<p style=\"text-align: left\">Cumhuriyet\u2019ten \u00f6nce 15 Mart 1921\u2019de eski \u0130\u00e7i\u015fleri Bakan\u0131 <em>Talat Pa\u015fa<\/em> Berlin\u2019de <em>Soghomon Tehlirian<\/em> taraf\u0131ndan, 5 Aral\u0131k 1921\u2019de eski D\u0131\u015fi\u015fleri Bakan\u0131 <em>Sait Halim Pa\u015fa<\/em> Roma\u2019da <em>Ar\u015favir \u015eriakin<\/em> taraf\u0131ndan, 17 Nisan 1922\u2019de \u0130ttihat ve Terakki Partisinin mensuplar\u0131ndan <em>Bahattin \u015eakir<\/em> ve<em>\u00a0Cemal Azmi<\/em> Beyler Berlin\u2019de <em>Aram Yergenian<\/em> taraf\u0131ndan, 21 Temmuz 1922\u2019de IV. Ordu Komutan\u0131 <em>Cemal Pa\u015fa<\/em> ve Yaverleri <em>Nusret ve S\u00fcreyya<\/em> Beyler ise Tiflis\u2019te iki Ermeni militan\u0131 taraf\u0131ndan \u015fehit edilmi\u015flerdir.<\/p>\n<h2><strong>Yves Benard,<\/strong> <strong>Ermeni soyk\u0131r\u0131m\u0131 yoktur.<\/strong><\/h2>\n<p>Asl\u0131nda\u00a0 <em>Macron<\/em>\u2019a en iyi cevab\u0131 vatanda\u015f\u0131\u00a0 <em>Yves Benard\u00a0<\/em> vermi\u015ftir. Aral\u0131k 2017\u2019de\u00a0 yay\u0131nlanan kitab\u0131nda\u00a0yazar, <em>\u201cErmeni soyk\u0131r\u0131m\u0131 yoktur.\u201d<\/em>\u00a0\u00a0 tespitinde bulunmu\u015ftur.<em>\u00a0Benard<\/em>, inceledi\u011fi belgelerin\u00a0 s\u00f6zde Ermeni soyk\u0131r\u0131m\u0131\u00a0 iddialar\u0131n\u0131 \u00e7\u00fcr\u00fctt\u00fc\u011f\u00fcn\u00fc \u015f\u00f6yle \u00a0belirtmi\u015ftir:\u00a0<em>\u201cSoyk\u0131r\u0131m yoktur, iki taraf i\u00e7inde katledilmi\u015fler vard\u0131r. \u015euna ikna oldum ki asl\u0131nda T\u00fcrkler, Ermenilerden daha fazla katliam kurban\u0131 olmu\u015ftur.\u201d<\/em>\u00a0\u00a0Kitap, Pantheon Yay\u0131nevi taraf\u0131ndan\u00a0<em>T\u00fcrk-Ermeni G\u00f6r\u00fc\u015f Ayr\u0131l\u0131\u011f\u0131na Yeni Bak\u0131\u015f (Divergences Turco -Armeniennes)<\/em> ad\u0131 alt\u0131nda (165 sayfa) bas\u0131lm\u0131\u015ft\u0131r. Frans\u0131z yazar <em>Benard<\/em>, T\u00fcrkiye\u2019yi gezerek ara\u015ft\u0131rma yapm\u0131\u015f ve T\u00fcrk toplumu hakk\u0131nda adalet yerini bulsun dile\u011finde bulunmu\u015ftur: <em>\u201cBu kitab\u0131 yay\u0131nlatmakta \u00e7ok zorland\u0131m. 2009 y\u0131l\u0131nda \u00e7\u0131kard\u0131\u011f\u0131m ilk kitap sadece bir hafta raflarda kalabilmi\u015fti. \u00c7\u00fcnk\u00fc yay\u0131nevi \u00fczerinde \u00e7ok b\u00fcy\u00fck bask\u0131 vard\u0131. Korktular ve yay\u0131n\u0131 durdurmaya karar verdiler. \u015eimdi, \u00f6yle g\u00f6r\u00fcn\u00fcyor ki art\u0131k daha kolay yay\u0131nlanabilecek bir konu. Bu sefer \u00e7ok kolayl\u0131kla bir yay\u0131nevi buldum. Oysaki ilk kitab\u0131m i\u00e7in en az 60 yay\u0131neviyle irtibata ge\u00e7mi\u015ftim. O d\u00f6nemde yay\u0131nevlerinin yar\u0131s\u0131 olumsuz cevap vermi\u015f, di\u011fer yar\u0131s\u0131 ise cevap vermeye bile gerek duymam\u0131\u015ft\u0131.\u201d<\/em><\/p>\n<div id=\"attachment_6793\" style=\"width: 338px\" class=\"wp-caption aligncenter\"><img aria-describedby=\"caption-attachment-6793\" loading=\"lazy\" class=\"wp-image-6793 size-full\" src=\"https:\/\/millidusunce.com\/misak\/wp-content\/uploads\/2019\/04\/4-2.jpg\" alt=\"T\u00fcrk-Ermeni G\u00f6r\u00fc\u015f Ayr\u0131l\u0131\u011f\u0131na Yeni Bak\u0131\u015f\" width=\"328\" height=\"499\" srcset=\"https:\/\/millidusunce.com\/misak\/wp-content\/uploads\/2019\/04\/4-2.jpg 328w, https:\/\/millidusunce.com\/misak\/wp-content\/uploads\/2019\/04\/4-2-99x150.jpg 99w, https:\/\/millidusunce.com\/misak\/wp-content\/uploads\/2019\/04\/4-2-197x300.jpg 197w\" sizes=\"(max-width: 328px) 100vw, 328px\" \/><p id=\"caption-attachment-6793\" class=\"wp-caption-text\">T\u00fcrk-Ermeni G\u00f6r\u00fc\u015f Ayr\u0131l\u0131\u011f\u0131na Yeni Bak\u0131\u015f<\/p><\/div>\n<p>Kitap hakk\u0131ndaki\u00a0 de\u011ferlendirme \u015f\u00f6yledir: <em>\u201cBu belgeler, uzun s\u00f6yle\u015filerden \u00e7ok ger\u00e7ek anlamda olaylar\u0131n nas\u0131l ger\u00e7ekle\u015fti\u011fini, anla\u015f\u0131l\u0131r ve a\u00e7\u0131k bir \u015fekilde sizlere aktaracakt\u0131r.\u00a0 Belgeler; diplomatlar, gazeteciler, subaylar, din adamlar\u0131 ve\u00a0 ter\u00f6ristlerin\u00a0\u00a0 a\u00e7\u0131klamalar\u0131 ve de Frans\u0131zlar taraf\u0131ndan\u00a0 Ermeniler lehine yorumlanan T\u00fcrk-Ermeni trajedisine farkl\u0131 bir bak\u0131\u015f a\u00e7\u0131s\u0131 getirmektedir. Onlar\u0131n g\u00f6r\u00fc\u015flerine\u00a0 inanmak kolayd\u0131r.\u00a0 Oysa ger\u00e7ekleri kabul ettirmek \u00e7ok daha zordur.<\/em> <em>Birinci D\u00fcnya Sava\u015f\u0131 ba\u015flad\u0131\u011f\u0131nda, her yerde \u00f6l\u00fcm\u00fcn ve ac\u0131n\u0131n h\u00fck\u00fcm s\u00fcrd\u00fc\u011f\u00fc bir d\u00f6nem ba\u015flam\u0131\u015ft\u0131r. T\u00fcrkiye her tarafta ku\u015fat\u0131lm\u0131\u015f durumdad\u0131r ve sava\u015fabilecek durumda olan erkekler, kad\u0131nlar\u0131, \u00e7ocuklar\u0131 ve ya\u015fl\u0131lar\u0131 geride b\u0131rakarak\u00a0 sava\u015fa \u00e7a\u011fr\u0131lm\u0131\u015flard\u0131r.\u00a0\u00a0Ermeni milisler,\u00a0 isyan ederek savunmas\u0131z sivillere kar\u015f\u0131\u00a0 korkun\u00e7, ac\u0131mas\u0131z ve barbarca bir imha\u00a0 ger\u00e7ekle\u015ftirmi\u015flerdir.<\/em> <em>Tasniflenmi\u015f ve g\u00fcvenilir bir ar\u015fivden desteklenen bu kitap, T\u00fcrk-Ermeni \u00e7at\u0131\u015fmas\u0131n\u0131n az bilinen bir ger\u00e7e\u011fini g\u00fcn y\u00fcz\u00fcne \u00e7\u0131kartm\u0131\u015ft\u0131r. Ermenilerin sorumlu oldu\u011funu g\u00f6steren belgeler, karanl\u0131k bir tarih sayfas\u0131n\u0131 g\u00f6zler \u00f6n\u00fcne sermektedir.<\/em> <em>Frans\u0131z ders kitaplar\u0131n\u0131n \u00f6nemli bir ger\u00e7e\u011fi g\u00f6zden ka\u00e7\u0131rd\u0131\u011f\u0131na inanan Yves B\u00e9nard, belgeler i\u00e7in \u00f6nemli bir ara\u015ft\u0131rma ger\u00e7ekle\u015ftirmi\u015ftir. T\u00fcrkiye\u2019yi inceleyerek ve \u00e7ok say\u0131da ara\u015ft\u0131rma\u00a0 yaparak,\u00a0 adaletin ortaya \u00e7\u0131kmas\u0131na katk\u0131da bulunmu\u015ftur.\u201d<\/em><\/p>\n<h2><strong>Justin McCarthy, \u201cT\u00fcrkler ve Ermeniler: Osmanl\u0131 Devletinde Milliyet\u00e7ilik ve \u00c7at\u0131\u015fma\u201d <\/strong><\/h2>\n<p>Amerikal\u0131 tarih\u00e7i<em> Prof. Dr. Justin Mc Carthy<\/em>\u00a0 17 Nisan 2014 tarihinde AA\u2019dan <em>Tu\u011fba \u00d6zg\u00fcr Durmaz<\/em>\u2019a verdi\u011fi deme\u00e7te;\u00a0 konuyla ilk defa y\u0131llar \u00f6nce Anadolu&#8217;nun n\u00fcfusu, n\u00fcfusun\u00a0 Birinci\u00a0 D\u00fcnya Sava\u015f\u0131&#8217;ndan \u00f6nceki durumu ve Sava\u015f\u2018tan sonra ne kadar kald\u0131\u011f\u0131 \u00fczerine ara\u015ft\u0131rma yaparken kar\u015f\u0131la\u015ft\u0131\u011f\u0131n\u0131 belirtmi\u015f, tarihi ger\u00e7eklere kar\u015f\u0131 koyamad\u0131\u011f\u0131 i\u00e7in soyk\u0131r\u0131m konusuna\u00a0 e\u011fildi\u011fini s\u00f6ylemi\u015ftir: \u00a0<em>&#8220;Neticede ne kadar \u00e7ok T\u00fcrk&#8217;\u00fcn \u00f6ld\u00fc\u011f\u00fcn\u00fc anlad\u0131m. Bu kadar T\u00fcrk nas\u0131l \u00f6ld\u00fc \u00e7\u00fcnk\u00fc sava\u015fta de\u011fillerdi. 2,5-3 milyon M\u00fcsl\u00fcman sava\u015fta \u00f6lm\u00fc\u015ft\u00fc, ben de bu konuyu \u00e7al\u0131\u015fmal\u0131y\u0131m diye d\u00fc\u015f\u00fcnd\u00fcm. Ermeniler \u00fczerinde \u00e7al\u0131\u015fmam\u0131n da asl\u0131nda belirgin bir nedeni yok, asl\u0131nda ilk \u00e7al\u0131\u015ft\u0131\u011f\u0131m M\u00fcsl\u00fcmanlard\u0131 ama daha sonra fark ettim ki bu kadar insan \u00f6ld\u00fc\u011f\u00fcne g\u00f6re onlar\u0131 birileri \u00f6ld\u00fcrm\u00fc\u015f olmal\u0131 diye d\u00fc\u015f\u00fcnd\u00fcm. B\u00f6ylece Ermenilerin, Yunanlar\u0131n ve Yahudilerin \u00fczerine de \u00e7al\u0131\u015fmaya ba\u015flad\u0131m. Ama asl\u0131nda bu konuyu ben se\u00e7medim, konu beni se\u00e7ti. Hi\u00e7bir zaman Ermeniler \u00fczerine yazmay\u0131 planlamam\u0131\u015ft\u0131m ama oldu.&#8221;<\/em><\/p>\n<p><em>Justin McCarthy<\/em>, <em>\u201cT\u00fcrkler ve Ermeniler: Osmanl\u0131 Devletinde Milliyet\u00e7ilik ve \u00c7at\u0131\u015fma\u201d<\/em> ba\u015fl\u0131kl\u0131 kitab\u0131nda, Osmanl\u0131-Ermeni ili\u015fkilerini anlamak i\u00e7in bir \u00e7er\u00e7eve sunmaktad\u0131r. <em>McCarthy<\/em>, mevcut varsay\u0131mlara meydan okumakta ve Osmanl\u0131 \u0130mparatorlu\u011fu ile Ermeni az\u0131nl\u0131\u011f\u0131 aras\u0131ndaki \u00e7at\u0131\u015fmay\u0131 a\u00e7\u0131klayan yeni bir yorumla, ge\u00e7 Osmanl\u0131 tarih\u00e7ili\u011finin en temel sorununa katk\u0131da bulunmaktad\u0131r. Bu \u00e7al\u0131\u015fma, 1915 trajik olaylar\u0131na yol a\u00e7an durumlar\u0131n yeni bir analizini isteyenler i\u00e7in oldu\u011fu kadar geni\u015f bir kitle i\u00e7in de \u00f6nerilmektedir.<\/p>\n<p>Ermenilerin bu kadar y\u0131l ge\u00e7mesine ra\u011fmen neden\u00a0 iddialar\u0131 s\u00fcrd\u00fcrd\u00fcklerine ili\u015fkin ise,\u00a0<em>&#8220;Bunun nedeni \u00e7ok basit. \u00c7ocuklara nefret etmeyi \u00f6\u011fretirseniz, onlar nefretle b\u00fcy\u00fcr ve nefret ne olursa olsun b\u00fcy\u00fcmeye devam eder. Di\u011fer bir di\u011fer sebep de yurt d\u0131\u015f\u0131ndaki Ermeni milliyet\u00e7i gruplar bundan fayda sa\u011flayacaklar\u0131na, para alacaklar\u0131na, Kars, Erzurum, Bitlis, Van&#8217;da toprak kazanacaklar\u0131na inan\u0131yorlar. Bunlar yanl\u0131\u015f ama yine de inan\u0131yorlar&#8221; <\/em>de\u011ferlendirmesinde bulunmu\u015ftur. K\u00f6klerinin Alman ve \u0130rlandal\u0131 olmas\u0131na ra\u011fmen kendisini Amerikal\u0131 olarak tan\u0131mlamas\u0131 gibi, Amerika&#8217;daki baz\u0131 Ermeni gruplar\u0131n\u0131n da Ermenilerin b\u00f6yle d\u00fc\u015f\u00fcnece\u011fi, kimliklerinin milliyetlerinin yok olaca\u011f\u0131 endi\u015fesini ta\u015f\u0131d\u0131klar\u0131n\u0131 s\u00f6yleyerek \u00e7ok do\u011fru bir tespitte bulunmu\u015ftur:\u00a0<em>&#8220;Bundan dolay\u0131 Ermeniler soyk\u0131r\u0131m iddias\u0131n\u0131 kendilerini bir arada tutacak bir ba\u011f olarak g\u00f6r\u00fcyorlar. &#8216;Ne ac\u0131lar \u00e7ektik&#8217; demek b\u00f6yle bir ba\u011f ve kendilerini bu ac\u0131 \u00fczerinden tan\u0131ml\u0131yorlar. Tabii daha ba\u015fka pek \u00e7ok neden var. Kendi hikayelerinden, propagandalar\u0131ndan ba\u015fka bir \u015fey duymad\u0131lar, bu y\u00fczden de T\u00fcrklerin k\u00f6t\u00fc oldu\u011funu d\u00fc\u015f\u00fcn\u00fcyorlar \u00e7\u00fcnk\u00fc asl\u0131nda onlara hep onlar\u0131n k\u00f6t\u00fc oldu\u011fu s\u00f6ylendi.&#8221;<\/em><\/p>\n<div id=\"attachment_6823\" style=\"width: 485px\" class=\"wp-caption aligncenter\"><img aria-describedby=\"caption-attachment-6823\" loading=\"lazy\" class=\"wp-image-6823 size-full\" src=\"https:\/\/millidusunce.com\/misak\/wp-content\/uploads\/2019\/04\/McCarthy342_6.jpg\" alt=\"T\u00fcrkler ve Ermeniler: Osmanl\u0131 Devletinde Milliyet\u00e7ilik ve \u00c7at\u0131\u015fma\" width=\"475\" height=\"312\" srcset=\"https:\/\/millidusunce.com\/misak\/wp-content\/uploads\/2019\/04\/McCarthy342_6.jpg 475w, https:\/\/millidusunce.com\/misak\/wp-content\/uploads\/2019\/04\/McCarthy342_6-150x99.jpg 150w, https:\/\/millidusunce.com\/misak\/wp-content\/uploads\/2019\/04\/McCarthy342_6-300x197.jpg 300w\" sizes=\"(max-width: 475px) 100vw, 475px\" \/><p id=\"caption-attachment-6823\" class=\"wp-caption-text\">T\u00fcrkler ve Ermeniler: Osmanl\u0131 Devletinde Milliyet\u00e7ilik ve \u00c7at\u0131\u015fma<\/p><\/div>\n<h2><strong>Profes\u00f6r Benny Morris, Profes\u00f6r Dror Ze\u2019evi, \u201cOtuz Y\u0131ll\u0131k Soyk\u0131r\u0131m\u201d<\/strong><\/h2>\n<p><em>Justin Mc Carthy<\/em>\u2019nin\u00a0 yukar\u0131daki tespitlerinin aksine, ger\u00e7ekleri sapt\u0131ran, bundan\u00a0 maddi \u00e7\u0131kar sa\u011flayanlar da vard\u0131r.\u00a0 Negev Ben Gurion \u00dcniversitesi&#8217;nde Orta Do\u011fu Et\u00fctleri B\u00f6l\u00fcm\u00fc&#8217;nden emekli <em>Profes\u00f6r Benny Morris<\/em> ile Orta Do\u011fu Et\u00fctleri B\u00f6l\u00fcm\u00fc&#8217;nden <em>Profes\u00f6r Dror Ze\u2019evi<\/em>\u2019nin\u00a0 24 Nisan 2019 tarihinde T\u00fcrkleri; yalan ve ger\u00e7ek d\u0131\u015f\u0131 iddialar ile karalayan,\u00a0 Osmanl\u0131 topraklar\u0131nda ya\u015fayan Hristiyan toplumu yok etmekle su\u00e7layan <em>\u201cOtuz Y\u0131ll\u0131k Soyk\u0131r\u0131m\u201d<\/em> kitab\u0131 yay\u0131nlanacakt\u0131r. Kitap, T\u00fcrklere y\u00f6nelik iftiralarla doludur.<\/p>\n<div id=\"attachment_6824\" style=\"width: 312px\" class=\"wp-caption aligncenter\"><img aria-describedby=\"caption-attachment-6824\" loading=\"lazy\" class=\"wp-image-6824 size-full\" src=\"https:\/\/millidusunce.com\/misak\/wp-content\/uploads\/2019\/04\/Benny-Morris-ve-Dror-Ze\u2019evi.jpg\" alt=\"Otuz Y\u0131ll\u0131k Soyk\u0131r\u0131m\" width=\"302\" height=\"448\" srcset=\"https:\/\/millidusunce.com\/misak\/wp-content\/uploads\/2019\/04\/Benny-Morris-ve-Dror-Ze\u2019evi.jpg 302w, https:\/\/millidusunce.com\/misak\/wp-content\/uploads\/2019\/04\/Benny-Morris-ve-Dror-Ze\u2019evi-101x150.jpg 101w, https:\/\/millidusunce.com\/misak\/wp-content\/uploads\/2019\/04\/Benny-Morris-ve-Dror-Ze\u2019evi-202x300.jpg 202w\" sizes=\"(max-width: 302px) 100vw, 302px\" \/><p id=\"caption-attachment-6824\" class=\"wp-caption-text\">Otuz Y\u0131ll\u0131k Soyk\u0131r\u0131m<\/p><\/div>\n<p><em>Benny Morris<\/em>, \u0130ngiltere&#8217;den Filistin&#8217;e g\u00f6\u00e7 etmi\u015f bir ailenin \u00e7ocu\u011fu olarak d\u00fcnyaya gelmi\u015ftir. Gen\u00e7li\u011finde Hashomer Hatzair adl\u0131 bir sol gen\u00e7lik hareketinin \u00fcyesi idi. Askere gitmeyi reddetti\u011fi i\u00e7in hapis yatm\u0131\u015ft\u0131r.\u00a0 \u00c7al\u0131\u015fmalar\u0131nda \u0130srail&#8217;in yapt\u0131\u011f\u0131 etnik temizlikleri ve Filistin halk\u0131n\u0131 s\u00fcrg\u00fcne g\u00f6nderme ile ilgili kan\u0131tlar\u0131 a\u00e7\u0131\u011fa \u00e7\u0131kard\u0131\u011f\u0131 i\u00e7in \u0130srail toplumu ve devletinden b\u00fcy\u00fck tepki g\u00f6rm\u00fc\u015ft\u00fcr. Kendisini solcu ve siyonist olarak tan\u0131mlayan <em>Benny Morris<\/em>,\u00a0 Filistinlilere kar\u015f\u0131 y\u00fcr\u00fct\u00fclen etnik temizli\u011fi ve katliam\u0131 savunmaktad\u0131r. Filistinlileri toptan s\u00fcrme fikrini desteklemektedir. A\u015fa\u011f\u0131daki\u00a0 r\u00f6portaj\u0131, Yahudileri ayr\u0131cal\u0131kl\u0131, se\u00e7ilmi\u015f g\u00f6ren ve i\u015fgalci varl\u0131\u011f\u0131 s\u00fcrd\u00fcrmek, geni\u015fletmek i\u00e7in soyk\u0131r\u0131m ve toptan s\u00fcrg\u00fcn dahil her t\u00fcrl\u00fc insanl\u0131k su\u00e7unu i\u015fleyebilecek mant\u0131\u011fa sahip Siyonizm&#8217;in -sa\u011f\u0131 ve solu ile- ger\u00e7ek y\u00fcz\u00fcn\u00fc ortaya koymas\u0131 a\u00e7\u0131s\u0131ndan al\u0131nt\u0131lamaya de\u011ferdir. <em>Robert Fisk<\/em>\u2019in\u00a0 tan\u0131t\u0131m yaz\u0131s\u0131 a\u015fa\u011f\u0131dad\u0131r.<\/p>\n<p><em>\u201c1894 ve 1924 aras\u0131nda, daha \u00f6nce n\u00fcfusun y\u00fczde 20&#8217;sini olu\u015fturan b\u00f6lgedeki H\u0131ristiyan az\u0131nl\u0131klar\u0131 hedef alan Anadolu&#8217;da \u00fc\u00e7 \u015fiddet dalgas\u0131\u00a0 g\u00f6r\u00fcld\u00fc. 1924 y\u0131l\u0131nda Ermeniler, Asurlular ve Yunanl\u0131lar\u0131n n\u00fcfusu y\u00fczde 2&#8217;ye d\u00fc\u015f\u00fcr\u00fclm\u00fc\u015ft\u00fcr. Tarih\u00e7ilerin \u00e7o\u011fu bu dalgalar\u0131 ayr\u0131, yal\u0131t\u0131lm\u0131\u015f olaylar olarak de\u011ferlendirmi\u015f ve\u00a0 T\u00fcrkler\u00a0\u00a0 bunlar\u0131 talihsiz bir\u00a0\u00a0 s\u00fcre\u00e7 olarak sunmu\u015ftur. Otuz Y\u0131ll\u0131k Soyk\u0131r\u0131m, \u00fc\u00e7\u00fcnc\u00fc dalga olup asl\u0131nda Anadolu\u2019nun H\u0131ristiyan n\u00fcfusunu yok etmek,\u00a0 devam eden\u00a0 bilin\u00e7li bir politikan\u0131n\u00a0 sonucudur. Yak\u0131n tarihinin en \u015fiddetli\u00a0 yok etme\u00a0\u00a0 y\u0131llar\u0131 II. Osmanl\u0131 padi\u015fah\u0131 II. Abd\u00fclhamid d\u00f6neminde, Gen\u00e7 T\u00fcrkler\u00a0 taraf\u0131ndan yap\u0131lm\u0131\u015f Atat\u00fcrk&#8217;\u00fcn kurdu\u011fu T\u00fcrkiye Cumhuriyeti&#8217;nin ilk y\u0131llar\u0131nda sona ermi\u015ftir. Ancak, padi\u015fah\u0131n \u0130slamla\u015ft\u0131r\u0131\u015f\u0131 otokrasisinden I. D\u00fcnya Sava\u015f\u0131 sonras\u0131n\u0131n laik cumhuriyet d\u00f6nemindeki\u00a0 de\u011fi\u015fime ra\u011fmen, \u00fclkenin izledi\u011fi\u00a0 politikalar de\u011fi\u015fmemi\u015f, \u00f6nceden belirlenmi\u015f kitlesel \u00f6ld\u00fcrme, cinayet, zorla d\u00f6n\u00fc\u015f\u00fcm, toplu tecav\u00fcz\u00a0 ve\u00a0 ka\u00e7\u0131rma olaylar\u0131 devam etmi\u015ftir.\u00a0 Fakat\u00a0 bir \u015fey\u00a0 de\u011fi\u015fmemi\u015ftir: Cihad\u0131n y\u00fckseli\u015f \u00e7\u0131\u011fl\u0131\u011f\u0131. \u0130slam&#8217;\u0131n \u00f6\u011fretilerine ayk\u0131r\u0131 olsa da\u00a0 iki milyon H\u0131ristiyan&#8217;\u0131n \u00f6ld\u00fcr\u00fclmesi, saf bir M\u00fcsl\u00fcman millet yaratma konusunda T\u00fcrklerin\u00a0 bir icraat\u0131d\u0131r. A\u00e7\u0131klay\u0131c\u0131 ve kusursuz bir \u015fekilde ara\u015ft\u0131r\u0131lm\u0131\u015f olan Benny Morris ve Dror Ze\u2019evi&#8217;nin\u00a0 tespitleri, modern tarihin en korkun\u00e7 olaylar\u0131ndan birini\u00a0 a\u00e7\u0131klamaktad\u0131r. Tekrar ve tekrar okuyarak\u00a0 Morris\u2019in ve Zeevi\u2019nin \u00e7al\u0131\u015fmalar\u0131nda saf, korkun\u00e7, \u015fok edici \u015fiddet olaylar\u0131ndan kas\u0131ld\u0131m. \u0130nsanlar\u0131n, de\u011fi\u015ftirecekleri, zalimlik davran\u0131\u015flar\u0131n\u0131, insanl\u0131klar\u0131n\u0131 de\u011fi\u015ftirebilecekleri kadar zalim hale getirmeleri m\u00fcmk\u00fcn m\u00fc?<\/em>\u201d<\/p>\n<h2><strong>Yay\u0131ndan kald\u0131r\u0131lan &#8221; Ermeni \u0130syan\u0131 1894-1920&#8243;\u00a0 belgeseli\u00a0<\/strong><\/h2>\n<p>Kitab\u0131n yay\u0131n tarihinin 24 Nisan olarak belirlenmesi, T\u00fcrkiye\u2019ye y\u00f6nelik uluslararas\u0131\u00a0 karalama kampanyas\u0131n\u0131n bir\u00a0 par\u00e7as\u0131d\u0131r. \u00c7\u00fcnk\u00fc, Fransa\u2019da\u00a0 Ermeni diasporas\u0131n\u0131n \u00e7at\u0131\u00a0 kurulu\u015fu olan Ermeni\u00a0 \u00d6rg\u00fctleri\u00a0 Koordinasyon Konseyi\u2019nin (Conseil de Coordination des organisations Arm\u00e9niennes de France: CCAF<em>)<\/em> 5 \u015eubat 2019 tarihindeki toplant\u0131s\u0131nda Fransa Cumhurba\u015fkan\u0131 <em>Emmanuel Macron<\/em>, \u00a024 Nisan\u2019\u0131 \u00a0s\u00f6zde Ermeni soyk\u0131r\u0131m\u0131 anma g\u00fcn\u00fc ilan edece\u011fini a\u00e7\u0131klam\u0131\u015ft\u0131r.\u00a0 Macron Twitter\u2019da yapt\u0131\u011f\u0131 payla\u015f\u0131mda\u00a0 <em>&#8220;Fransa tarihle y\u00fczle\u015fir. Gelecek birka\u00e7 hafta i\u00e7erisinde s\u00f6z verdi\u011fim gibi 24 Nisan&#8217;\u0131 Ermeni soyk\u0131r\u0131m\u0131n\u0131 anma g\u00fcn\u00fc ilan ediyoruz&#8221;<\/em>\u00a0demi\u015ftir. Bu geli\u015fmeler olurken Ermeni isyanlar\u0131n\u0131 konu alan ve Amerikal\u0131 y\u00f6netmen <em>Philip M. Callaghan<\/em> taraf\u0131ndan \u00e7ekilen\u00a0 <em>Ermeni \u0130syan\u0131 1894-1920<\/em>\u00a0 belgeseli\u00a0 yay\u0131ndan kald\u0131r\u0131lm\u0131\u015ft\u0131r.<\/p>\n<div id=\"attachment_6825\" style=\"width: 210px\" class=\"wp-caption aligncenter\"><img aria-describedby=\"caption-attachment-6825\" loading=\"lazy\" class=\"wp-image-6825 size-full\" src=\"https:\/\/millidusunce.com\/misak\/wp-content\/uploads\/2019\/04\/ArmenianRevolt1894-1920-200x131.jpg\" alt=\"Philip M. Callaghan taraf\u0131ndan \u00e7ekilen\u00a0 Ermeni \u0130syan\u0131 1894-1920\u00a0 belgeseli\u00a0\" width=\"200\" height=\"131\" srcset=\"https:\/\/millidusunce.com\/misak\/wp-content\/uploads\/2019\/04\/ArmenianRevolt1894-1920-200x131.jpg 200w, https:\/\/millidusunce.com\/misak\/wp-content\/uploads\/2019\/04\/ArmenianRevolt1894-1920-200x131-150x98.jpg 150w\" sizes=\"(max-width: 200px) 100vw, 200px\" \/><p id=\"caption-attachment-6825\" class=\"wp-caption-text\">Philip M. Callaghan taraf\u0131ndan \u00e7ekilen\u00a0 Ermeni \u0130syan\u0131 1894-1920\u00a0 belgeseli<\/p><\/div>\n<h2><strong>Te\u015fekk\u00fcrler Alabama!<\/strong><\/h2>\n<p>Fransa\u2019n\u0131n d\u0131\u015f\u0131nda ABD\u2019de de g\u00fc\u00e7l\u00fc bir Ermeni diasporas\u0131 (lobisi) vard\u0131r.\u00a0 ABD\u2019nin \u0130ndiana Eyaleti, 9 Kas\u0131m 2017\u00a0 tarihinde Birinci D\u00fcnya Sava\u015f\u0131\u2019nda Osmanl\u0131\u2019n\u0131n Ermenilere soyk\u0131r\u0131m yapt\u0131\u011f\u0131n\u0131 kabul eden tasar\u0131y\u0131 onaylam\u0131\u015ft\u0131r. Son olarak Alabama 49\u2019ncu eyalet olarak 20 Mart 2019 tarihinde s\u00f6zde soyk\u0131r\u0131m\u0131 tan\u0131m\u0131\u015f ve geriye bir Eyalet kalm\u0131\u015ft\u0131r: Orta g\u00fcneydeki Mississippi Valisi <em>Kay Ivey<\/em>, Amerika Ermeni Ulusal Komitesi &#8211; Do\u011fu B\u00f6lgesi\u2019ne \u00a0at\u0131fla (ANCA-ER) 1915-1923 y\u0131llar\u0131 aras\u0131nda \u00fc\u00e7 milyona yak\u0131n Ermeni, Yunanl\u0131 ve S\u00fcryani\u2019nin Osmanl\u0131 T\u00fcrk \u0130mparatorlu\u011fu taraf\u0131ndan\u00a0 planl\u0131 bir \u015fekilde\u00a0 imha edildi\u011fini tan\u0131yan g\u00fc\u00e7l\u00fc bir bildiri yay\u0131nlam\u0131\u015ft\u0131r. (Alabama has officially become the 49<sup>th<\/sup>\u00a0U.S. state to recognize the Armenian Genocide. Governor Kay Ivey issued a\u00a0 powerful proclamation recognizing the Ottoman Turkish Empire\u2019s centrally-planned and executed annihilation of close to three million Armenians, Greeks, Assyrians and Syriacs from 1915-1923, according to the Armenian National Committee of America \u2013 Eastern Region ANCA-ER) <em>Vali Ivey<\/em> h\u0131z\u0131n\u0131 alamayarak\u00a0 Ermenistan, Yunanistan ve G\u00fcney\u00a0 K\u0131br\u0131s\u2019\u0131\u00a0 b\u00f6lgedeki Amerika Birle\u015fik Devletlerinin \u00f6zg\u00fcr, ba\u011f\u0131ms\u0131z, demokratik \u00fclkeleri ve stratejik m\u00fcttefikleri olarak tan\u0131mlarken\u00a0 T\u00fcrkiye\u2019den\u00a0 hi\u00e7 s\u00f6z etmemektedir.(the Republic of Armenia, the Hellenic Republic, the Republic of Cyprus, and the Republic of Artsakh are now free, independent, democratic states and strategic allies of the United States of America in the region, <a href=\"https:\/\/armenianweekly.com\/2019\/03\/20\/alabama-becomes-49th-u-s-state-to-recognize-the-armenian-genocide\/\">https:\/\/armenianweekly.com\/2019\/03\/20\/alabama-becomes-49th-u-s-state-to-recognize-the-armenian-genocide\/<\/a>)<\/p>\n<div id=\"attachment_6794\" style=\"width: 330px\" class=\"wp-caption aligncenter\"><img aria-describedby=\"caption-attachment-6794\" loading=\"lazy\" class=\"wp-image-6794 size-full\" src=\"https:\/\/millidusunce.com\/misak\/wp-content\/uploads\/2019\/04\/5.jpg\" alt=\"Te\u015fekk\u00fcrler Alabama!\" width=\"320\" height=\"240\" srcset=\"https:\/\/millidusunce.com\/misak\/wp-content\/uploads\/2019\/04\/5.jpg 320w, https:\/\/millidusunce.com\/misak\/wp-content\/uploads\/2019\/04\/5-150x113.jpg 150w, https:\/\/millidusunce.com\/misak\/wp-content\/uploads\/2019\/04\/5-300x225.jpg 300w\" sizes=\"(max-width: 320px) 100vw, 320px\" \/><p id=\"caption-attachment-6794\" class=\"wp-caption-text\">Te\u015fekk\u00fcrler Alabama!<\/p><\/div>\n<p>Bu \u00a0g\u00fc\u00e7l\u00fc lobi ile m\u00fccadelede \u00a0izlenen politikalarda hatalar vard\u0131r. ABD\u2019de Ermeni tezlerini destekleyen\u00a0 The Wall Sreet Journal\u00a0 (WSJ) gazetesine T\u00fcrkiye\u2019nin\u00a0 ilan vermesi yanl\u0131\u015ft\u0131r. WSJ, T\u00fcrkiye\u2019ye has\u0131m bir yay\u0131n organ\u0131d\u0131r. 17 Eyl\u00fcl 2018 tarihinde T\u00fcrkiye aleyhine\u00a0 a\u015fa\u011f\u0131daki yorumu yapm\u0131\u015ft\u0131r: <em>\u201cFinansal krizden sonra, yat\u0131r\u0131mc\u0131lar riskli geli\u015fmekte olan piyasalarda daha y\u00fcksek getiri talep etti\u2026 Ancak pek \u00e7ok yat\u0131r\u0131mc\u0131, tek ba\u015f\u0131na daha y\u00fcksek faiz oranlar\u0131n\u0131n\u00a0 yeterli olmayaca\u011f\u0131na, T\u00fcrk \u015firketleri ile\u00a0 b\u00fcy\u00fck miktardaki bor\u00e7lar\u0131\u00a0 finanse etmeye \u00e7al\u0131\u015fan bankalar i\u00e7in sorun yaratabileceklerine inanmaktad\u0131r\u2026<\/em><em>T\u00fcrkiye Merkez Bankas\u0131, Per\u015fembe g\u00fcn\u00fc enflasyonda ana faiz oran\u0131n\u0131 % 17,75&#8217;ten % 24&#8217;e y\u00fckseltti ve bankan\u0131n ba\u011f\u0131ms\u0131zl\u0131\u011f\u0131yla ilgili olarak ilgili sorunlara cevap verdi ama\u00a0 Cumhurba\u015fkan\u0131 Recep Tayyip Erdo\u011fan \u00a0bir g\u00fcn sonra y\u00fcksek faizlerden\u00a0 ho\u015fnutsuzlu\u011funu yineledi.\u201d<\/em> (https:\/\/www.wsj.com\/articles\/some-investors-want-a-recession-in-turkey-1537178401 Sept. 17, 2018)<\/p>\n<h2><strong>Trump neler s\u00f6ylemi\u015fti?<\/strong><\/h2>\n<p>WSJ\u2019a \u00a0MUS\u0130AD, TOBB, T\u00fcrk-Amerikan \u0130\u015f Konseyi\u2019nin ilan vermesi do\u011fru bir davran\u0131\u015f de\u011fildir. ATAA (Assembly of Turkish American Associations) ve\u00a0 Federasyon (FTAA)\u00a0 ilana kat\u0131lmam\u0131\u015ft\u0131r. \u00c7\u00fcnk\u00fc bu gazete\u00a0 25 Ocak 2018\u00a0 tarihinde ABD\u2019nin eski \u0130stanbul\u00a0 B\u00fcy\u00fckel\u00e7isi <em>Henry Morgenthau Sr.<\/em>\u2019\u0131n (http:\/\/www.armenian-genocide.org\/morgenthau.html) torunu <em>Robert M. Morgenthau<\/em>\u2019n\u0131n kaleme ald\u0131\u011f\u0131 bir yaz\u0131 yay\u0131nlam\u0131\u015ft\u0131r. Yaz\u0131da Hitler\u2019in sahte evraklara dayanan s\u00f6zde\u00a0 Ermeni\u00a0 soyk\u0131r\u0131m\u0131\u00a0 g\u00fcndeme\u00a0 getirilmi\u015f ve <em>Ba\u015fkan Trump<\/em>\u2019\u0131n s\u00f6zde Ermeni soyk\u0131r\u0131m\u0131n\u0131 tan\u0131mas\u0131 istenmi\u015ftir.<\/p>\n<h2><strong>Hipokrasi (ikiy\u00fczl\u00fcl\u00fck)<\/strong><\/h2>\n<p>Yaz\u0131n\u0131n yay\u0131nlanmas\u0131ndan sonra rahmetli <em>\u015e\u00fckr\u00fc Server Aya<\/em> ve <em>Feruh Demirmen<\/em>, WSJ\u2019e T\u00fcrkiye\u2019nin g\u00f6r\u00fc\u015flerini\u00a0 a\u00e7\u0131klayan\u00a0 mektup g\u00f6ndererek bunlar\u0131n\u00a0 da yay\u0131nlamas\u0131n\u0131\u00a0 istemi\u015flerdir. WSJ\u2019\u0131n, bu mektuplar\u0131 yay\u0131nlamamas\u0131 \u00fczerine\u00a0 <em>Demirmen<\/em>\u00a0 gazetenin\u00a0 tutumunu k\u0131nayan, gazetenin ifade \u00f6zg\u00fcrl\u00fc\u011f\u00fc hususunda hipokrasi\u00a0 (ikiy\u00fczl\u00fcl\u00fck)<strong>\u00a0 <\/strong>yapt\u0131\u011f\u0131n\u0131 dile getiren kinayeli ikinci bir mektubu\u00a0 di\u011fer yay\u0131n organlar\u0131nda\u00a0 g\u00f6ndermi\u015ftir.\u00a0 Demirmen hakl\u0131 olarak \u015fu ele\u015ftirilerde bulunmu\u015ftur: <em>\u201cErmeni sorununda T\u00fcrk kar\u015f\u0131tl\u0131\u011f\u0131 ile bilinen ve boykot edilmesi gereken b\u00f6yle bir gazete \u015fimdi ne yaz\u0131k ki birtak\u0131m T\u00fcrk-Amerikan dernekleri taraf\u0131ndan verilen bir sayfal\u0131k ilan ile ticari bak\u0131mdan taltiflenmi\u015ftir. Bizim makaleleri yay\u0131mlamay\u0131 reddeden WJS edit\u00f6rleri \u015fimdi acaba ne d\u00fc\u015f\u00fcnmektedir? Demek ki T\u00fcrk taraf\u0131ndan herhangi bir yapt\u0131r\u0131m, boykot, rahats\u0131zl\u0131k s\u00f6z konusu de\u011filmi\u015f! Ve ilan veren T\u00fcrk-Amerikan derneklerinin bu hassasiyetine ne denir?\u201d<\/em><\/p>\n<h2><strong>ASALA<\/strong><\/h2>\n<p>S\u00f6zde Ermeni soyk\u0131r\u0131m\u0131n\u0131 destekleyen\u00a0 ABD gazetesine\u00a0 ilan verilmesi bence do\u011fru de\u011fildir. \u00a0Ermeni ter\u00f6r \u00f6rg\u00fct\u00fc ASALA\u2019n\u0131n Paris\u2019te g\u00f6rev yapt\u0131\u011f\u0131m 1985-1990 y\u0131llar\u0131nda tehdidine\u00a0 maruz kalm\u0131\u015f biri olarak\u00a0 \u00a0bu konudaki hassasiyetim\u00a0 biraz fazla olabilir. <em>\u201cArmenian Deportation is not A Genocide\u201d <\/em>ba\u015fl\u0131kl\u0131 yaz\u0131m, (<a href=\"https:\/\/www.researchgate.net\/\">https:\/\/www.researchgate.net\/<\/a>; <a href=\"https:\/\/www.researchgate.net\/publication\/325157544_Armenian_Deportation_Is_Not_A_Genocide\">https:\/\/www.researchgate.net\/publication\/325157544_Armenian_Deportation_Is_Not_A_Genocide<\/a>; <a href=\"https:\/\/www.academia.edu\/31604811\/;%20https:\/www.academia.edu\/31604811\/ARMENIAN_DEPORTATION_IS_NOT_A_GENOCIDE\">https:\/\/www.academia.edu\/31604811\/; https:\/\/www.academia.edu\/31604811\/ARMENIAN_DEPORTATION_IS_NOT_A_GENOCIDE<\/a>, <a href=\"https:\/\/independent.academia.edu\/r%C4%B1dvankarluk\">https:\/\/independent.academia.edu\/r%C4%B1dvankarluk<\/a>\u00a0 ve azvision.az\/news\u2019ta en \u00e7ok okunan (4883, 24 April 2017) makaleler aras\u0131nda yer alm\u0131\u015ft\u0131r. (<a href=\"https:\/\/en.azvision.az\/news\/63760\/armenian-deportation-is-not-a-genocide%E2%80%A6!!!.html\">https:\/\/en.azvision.az\/news\/63760\/armenian-deportation-is-not-a-genocide%E2%80%A6!!!.html<\/a>) \u0130lan verilen gazetenin yay\u0131n politikas\u0131 T\u00fcrkiye aleyhinedir.\u00a0 B\u00f6yle bir ilan\u0131\u00a0 Ermeni diasporas\u0131 ve devleti <em>\u201cS\u00f6zde Ermeni soyk\u0131r\u0131m\u0131\u00a0 yoktur.\u201d<\/em> tezini savunan bir gazeteye kesinlikle\u00a0 vermez.\u00a0 \u0130lana, T\u00dcS\u0130AD ve bir d\u00f6nem y\u00f6netim kurulunda bulundu\u011fum \u0130KV gibi \u00f6zel sekt\u00f6r kurulu\u015flar\u0131n\u0131n kat\u0131lmamas\u0131 dikkat \u00e7ekicidir.<\/p>\n<h2><strong>S\u00f6zde Ermeni soyk\u0131r\u0131m\u0131 yoktur!<\/strong><\/h2>\n<p>Asl\u0131nda verilen ilan yerindedir ve bir ger\u00e7e\u011fi a\u00e7\u0131klamaktad\u0131r. \u00a0Yanl\u0131\u015f olan gazete se\u00e7imidir. \u00dcstelik\u00a0 Amerika Ermeni Ulusal Komitesi (ANCA), ABD Temsilciler Meclisi Ba\u015fkan\u0131 <em>Paul Ryan<\/em> (R-WI), \u00c7o\u011funluk Lideri <em>Kevin McCarthy<\/em> \u2018 (R-CA)\u00a0 ve Az\u0131nl\u0131k Lideri <em>Nancy Pelosi<\/em>\u2019den (D-CA)\u00a0 iki partili bir soyk\u0131r\u0131m \u00f6nleme tedbiri olan H.Res.220 hakk\u0131nda bir oylama planlamak \u00fczere\u00a0 kampanya ba\u015flatt\u0131\u011f\u0131 bir d\u00f6nemde, Ermeni yanl\u0131s\u0131 gazeteye ilan vererek destek\u00a0 olunmas\u0131 \u00e7ok yanl\u0131\u015ft\u0131r. WSJ gazetesine <em>\u201cT\u00fcrk Amerikan Toplulu\u011fu, ABD-T\u00fcrkiye ili\u015fkilerinin canl\u0131l\u0131\u011f\u0131n\u0131 vurgular ve mevcut \u00e7\u0131kmaz\u0131n \u00fcstesinden gelmek i\u00e7in s\u00fcrekli diyalog \u00e7a\u011fr\u0131s\u0131nda bulunur.\u201d<\/em> (The Turkish American Community Underlines The Vitality Of Us-Turkey Relations and Calls For Continued Dialogue To Overcome Current Impasse) ba\u015fl\u0131\u011f\u0131 ile verilen ilan a\u015fa\u011f\u0131dad\u0131r.<\/p>\n<p><strong><em>\u201c<\/em><\/strong><em>T\u00fcrk-Amerikan Toplulu\u011funun temsilcileri, ABD-T\u00fcrkiye ili\u015fkilerinde ya\u015fanan son geli\u015fmelerle derinden endi\u015fe duyuyor ve \u00fcz\u00fcl\u00fcyor. ABD y\u00f6netiminin T\u00fcrkiye&#8217;ye kar\u015f\u0131 uygulanan \u00e7elik ve al\u00fcminyum tarifeleri art\u0131rmaya y\u00f6nelik son karar\u0131, \u00f6zellikle de Amerikan ve T\u00fcrk\u00a0 \u00e7\u0131karlar\u0131na hizmet etmeyece\u011fine inan\u0131yoruz. Bu\u00a0 sebeple\u00a0 ABD y\u00f6netiminden karar\u0131n\u0131 yeniden de\u011ferlendirmesini istiyoruz. ABD ve T\u00fcrkiye, NATO m\u00fcttefikleri olarak, d\u00fcnyan\u0131n farkl\u0131 b\u00f6lgelerinde bar\u0131\u015f, demokrasi ve refah\u0131 te\u015fvik etmek ve y\u0131llarca birlikte \u00e7abalamak i\u00e7in ortak bir vizyona sahipler. \u0130li\u015fkiler zor zamanlar i\u00e7inde en iyi anlam ifade ediyordu. Bu kesinlikle bu zamanlardan biridir. T\u00fcrk Amerikal\u0131lar, ya\u015fam\u0131n ekonomik, sosyal ve k\u00fclt\u00fcrel alanlar\u0131ndaki \u00f6nemli katk\u0131lar\u0131yla, tarihsel olarak ABD ile T\u00fcrkiye aras\u0131nda daha iyi ili\u015fkiler i\u00e7in uygun bir k\u00f6pr\u00fc olmu\u015ftur. T\u00fcrkiye ile ABD aras\u0131ndaki iyi ili\u015fkilerin korunmas\u0131n\u0131n sadece ortak hedeflerin pe\u015finde ko\u015fmak i\u00e7in de\u011fil, hem Amerikal\u0131lar hem de T\u00fcrkler i\u00e7in daha iyi bir gelece\u011fin ger\u00e7ekle\u015fmesi i\u00e7in hayati \u00f6neme sahip oldu\u011funa\u00a0 ili\u015fkin\u00a0 ger\u00e7ek inanc\u0131m\u0131z\u0131 dile getiriyoruz. T\u00fcrk Amerikal\u0131lar\u0131, ticaret sava\u015f\u0131n\u0131n tehdidi ve t\u0131rman\u0131\u015f\u0131 s\u00f6yleminin\u00a0 sadece\u00a0 durumu daha da k\u00f6t\u00fcle\u015ftirdi\u011fine ve eldeki sorunlar\u0131n kal\u0131c\u0131 bi\u00e7imde \u00e7\u00f6z\u00fclme ihtimalini azaltt\u0131\u011f\u0131na inanmaktad\u0131r. Uzun vadeli \u00e7\u0131karlar i\u00e7in ihtiyat ve yeniden odaklanma \u00e7a\u011fr\u0131s\u0131nda bulunuyoruz. S\u00fcrd\u00fcr\u00fclebilir bir \u00e7\u00f6z\u00fcm\u00fcn kar\u015f\u0131l\u0131kl\u0131 sayg\u0131 ve hukukun \u00fcst\u00fcnl\u00fc\u011f\u00fc ilkelerine dayanan s\u00fcrekli diyalog gerektirdi\u011fini hat\u0131rlat\u0131r\u0131z. ABD ve T\u00fcrkiye aras\u0131ndaki sa\u011flam kazan\u0131lm\u0131\u015f dayan\u0131\u015fma ve dostluk k\u0131sa vadeli hedefler i\u00e7in\u00a0 feda edilmemelidir. Tarih bize\u00a0 siyasi\u00a0 zorluklar\u0131n zamanla a\u015f\u0131labilece\u011fini s\u00f6yler. Ancak, ivme ve i\u015fbirli\u011fi ruhu ortadan kalkt\u0131\u011f\u0131nda ekonomik ba\u011flar\u0131 yeniden kurmak \u00e7ok daha zor olur.\u201d<\/em><\/p>\n<h2><strong>Georges de Maleville\u00a0\u201c1915 Ermeni Trajedisi\u201d<\/strong><\/h2>\n<p>\u0130lan verilmeden \u00f6nce \u00f6zellikle TOBB Ba\u015fkan\u0131 <em>Rifat Hisarc\u0131kl\u0131o\u011flu,<\/em> Frans\u0131z avukat <em>Georges de Maleville<\/em>\u2019in <em>\u201c1915 Ermeni Trajedisi\u201d<\/em> (La Tragedie Armenienne) kitab\u0131n\u0131 okumu\u015f olsayd\u0131, bu ilan\u0131n WSJ\u2019a verilmesine engel olurdu. Avukat <em>Georges de<\/em> <em>Maleville<\/em><strong>,<\/strong> Osmanl\u0131 vatanda\u015f\u0131 Ermenilerin Birinci D\u00fcnya Sava\u015f\u0131 ba\u015flar ba\u015flamaz \u00c7arl\u0131k\u00a0 Rusya\u2019s\u0131na kar\u015f\u0131 sava\u015fan Osmanl\u0131 ordusunu arkadan vurduklar\u0131n\u0131 belirtiyor ve bu b\u00f6lgelerdeki Ermenilerin bu\u00a0 sebeple\u00a0 Osmanl\u0131 s\u0131n\u0131rlan i\u00e7inde Suriye&#8217;ye g\u00f6\u00e7 ettirildiklerini, bunun ka\u00e7\u0131n\u0131lmaz bir \u00f6nlem oldu\u011funu a\u00e7\u0131kl\u0131yor. Benzer \u00f6nlemlere silahl\u0131 bir ihanet olmamas\u0131na kar\u015f\u0131l\u0131k ba\u015fta Fransa olmak \u00fczere Avrupa devletlerinin de ba\u015fvurmu\u015f olduklar\u0131na da de\u011finerek, bunun asla bir\u00a0 soyk\u0131r\u0131m\u00a0 olarak nitelendirilemeyece\u011fini a\u00e7\u0131klamaktad\u0131r. Bu tehcir s\u0131ras\u0131nda bir\u00e7ok Ermeni\u2019nin e\u015fkiya, Ermenilerce \u00f6ld\u00fcr\u00fclen yak\u0131nlar\u0131n\u0131n \u00f6c\u00fcn\u00fc almak isteyenler ve hatta onlar\u0131\u00a0 korumakla y\u00fck\u00fcml\u00fc olanlarca \u00f6ld\u00fcr\u00fcld\u00fc\u011f\u00fcn\u00fc de belirtmektedir. <em>Maleville&#8217;in<\/em> de\u011findi\u011fi bir di\u011fer ger\u00e7ek ise, bu olaylar\u0131n Osmanl\u0131 merkezi y\u00f6netiminin bilgisi ve denetimi d\u0131\u015f\u0131nda oldu\u011fudur. Osmanl\u0131 Devleti&#8217;nin bu gibi olaylar\u0131 \u00f6nlemek i\u00e7in elinden geleni yapt\u0131\u011f\u0131, yakalanabilen sorumlular\u0131n yarg\u0131lan\u0131p cezaland\u0131r\u0131ld\u0131\u011f\u0131 ve bu y\u00fczden bir\u00e7ok g\u00f6revlinin idam edildi\u011fini belgelemektedir ki, bu ger\u00e7ekler soyk\u0131r\u0131m\u00a0 iddialar\u0131n\u0131 temelden \u00e7\u00fcr\u00fcten \u00a0do\u011frulard\u0131r.<\/p>\n<div id=\"attachment_6826\" style=\"width: 441px\" class=\"wp-caption aligncenter\"><img aria-describedby=\"caption-attachment-6826\" loading=\"lazy\" class=\"wp-image-6826 size-full\" src=\"https:\/\/millidusunce.com\/misak\/wp-content\/uploads\/2019\/04\/8797518430258.jpg\" alt=\"1915 Ermeni Trajedisi\" width=\"431\" height=\"431\" srcset=\"https:\/\/millidusunce.com\/misak\/wp-content\/uploads\/2019\/04\/8797518430258.jpg 431w, https:\/\/millidusunce.com\/misak\/wp-content\/uploads\/2019\/04\/8797518430258-150x150.jpg 150w, https:\/\/millidusunce.com\/misak\/wp-content\/uploads\/2019\/04\/8797518430258-300x300.jpg 300w\" sizes=\"(max-width: 431px) 100vw, 431px\" \/><p id=\"caption-attachment-6826\" class=\"wp-caption-text\">1915 Ermeni Trajedisi<\/p><\/div>\n<p>B\u00fcy\u00fckel\u00e7i <em>Henry Morgenthau S<\/em>r.\u2019\u0131n torunu <em>Robert M. Morgenthau<\/em>\u2019nun A\u0130HM\u2019nin Perin\u00e7ek ve 28 Kas\u0131m 2017 tarihli Mercan ve di\u011ferleri kararlar\u0131na (Affaire Mercan et Autres C. Suisse, Requ\u00eate No 18411\/11) ra\u011fmen s\u00f6zde Ermeni soyk\u0131r\u0131mdan s\u00f6z etmesi ve i\u015fe <em>Adolf Hitler<\/em>\u2019i de kar\u0131\u015ft\u0131rmas\u0131, Ermeniler ile Ermeni \u00a0muhiplerinin \u00a0iddias\u0131ndan ba\u015fka bir \u015fey de\u011fildir. Aradan y\u00fczy\u0131l ge\u00e7tikten sonra torun Morgenthau, 25 Ocak 2018 tarihinde The Wall Street Journal\u2019da\u00a0 <em>\u201cTrump, Ermeni soyk\u0131r\u0131m\u0131 hakk\u0131nda ger\u00e7e\u011fi s\u00f6yleyecek mi?\u201d <\/em>ba\u015fl\u0131\u011f\u0131 ile yaz\u0131 yay\u0131nlamas\u0131\u00a0 bir provakasyondur. (Will Trump Tell the Truth About the Armenian Genocide? He recognized the reality that Jerusalem is the capital of Israel. Such daring is needed again. By Robert M. Morgenthau Jan. 25, 2018) Kaynak: <a href=\"https:\/\/www.wsj.com\/articles\/will-trump-tell-the-truth-about-the-armenian-genocide-1516925489\">https:\/\/www.wsj.com\/articles\/will-trump-tell-the-truth-about-the-armenian-genocide-1516925489<\/a><\/p>\n<h2><strong>Perin\u00e7ek karar\u0131&#8230;<\/strong><\/h2>\n<p>\u0130svi\u00e7re Federal Mahkemesi\u2019nin <em>Perin\u00e7ek<\/em> lehine verdi\u011fi 25 A\u011fustos 2016 tarihli bozma karar\u0131, Avrupa \u0130nsan Haklar\u0131 Mahkemesi 2. Dairesi\u2019nin 16 Aral\u0131k 2013 tarihli ve A\u0130HM B\u00fcy\u00fck Dairesi\u2019nin 15 Ekim 2015 tarihli kararlar\u0131na\u00a0 ra\u011fmen bu a\u00e7\u0131klaman\u0131n WSJ\u2019de yay\u0131nlanmas\u0131, gazetenin \u00a0yay\u0131n politikas\u0131 a\u00e7\u0131s\u0131ndan dikkat \u00e7ekicidir. \u0130svi\u00e7re\u2019de bir konferansta <em>\u201cErmeni soyk\u0131r\u0131m\u0131 emperyalist bir yaland\u0131r.\u201d <\/em>\u00a0a\u00e7\u0131klamas\u0131yla \u00a0\u0130svi\u00e7re taraf\u0131ndan cezaya \u00e7arpt\u0131r\u0131lan Vatan Partisi Genel Ba\u015fkan\u0131 Do\u011fu Perin\u00e7ek, davan\u0131n karar\u0131n\u0131 Avrupa \u0130nsan Haklar\u0131 Mahkemesi\u2019ne\u00a0 ta\u015f\u0131m\u0131\u015ft\u0131. 28 Ocak 2015 tarihindeki A\u0130HM temyiz duru\u015fmas\u0131ndan sonra karar\u00a0\u00a0 15 Ekim 2015 \u00a0tarihinde a\u00e7\u0131klanm\u0131\u015ft\u0131r. Kararda; ifade \u00f6zg\u00fcrl\u00fc\u011f\u00fc \u00a0a\u00e7\u0131s\u0131ndan <em>Perin\u00e7ek \u00a0\u00a0<\/em>hakl\u0131 bulunmu\u015f, <em>\u201cErmeni soyk\u0131r\u0131m\u0131 emperyalist bir yaland\u0131r.\u201d<\/em> s\u00f6zlerinin, d\u00fc\u015f\u00fcnceyi a\u00e7\u0131klama \u00f6zg\u00fcrl\u00fc\u011f\u00fc kapsam\u0131nda oldu\u011fu\u00a0 tespit edilmi\u015ftir. Avrupa \u00fclkeleri, karar\u0131n d\u00fc\u015f\u00fcnceyi a\u00e7\u0131klama \u00f6zg\u00fcrl\u00fc\u011f\u00fcn\u00fcn \u00f6tesindeki gerek\u00e7esini de kabul etmeye ba\u015flam\u0131\u015flard\u0131r. Almanya Ba\u015fbakan\u0131 Merkel\u2019in<em> \u201cAlman Meclisi\u2019nin Ermeni soyk\u0131r\u0131m\u0131n\u0131 tan\u0131ma karar\u0131n\u0131n hukuki de\u011feri olmad\u0131\u011f\u0131\u201d<\/em> yolundaki a\u00e7\u0131klamas\u0131, \u0130svi\u00e7re yarg\u0131s\u0131 ve siyasetinde de kabul edilmektedir. Karar\u0131n gerek\u00e7esinde, 1915 olaylar\u0131n\u0131n Yahudi soyk\u0131r\u0131m\u0131 ile ayn\u0131 s\u0131n\u0131flama i\u00e7inde olmad\u0131\u011f\u0131, 1915 olaylar\u0131nda soyk\u0131r\u0131m su\u00e7unun i\u015flendi\u011fi konusunda bir mahkeme karar\u0131 bulunmad\u0131\u011f\u0131 belirtilmi\u015ftir.<\/p>\n<p>Karar; 1948 BM S\u00f6zle\u015fmesine g\u00f6re, soyk\u0131r\u0131m su\u00e7una h\u00fckmetme yetkisinin\u00a0 sadece su\u00e7un i\u015flendi\u011fi \u00fclke mahkemesinde ve Uluslararas\u0131 Ceza Mahkemesi\u2019nde oldu\u011funu vurgulam\u0131\u015ft\u0131r. \u0130svi\u00e7re Federal Mahkemesi\u00a0 Perin\u00e7ek Karar\u0131&#8217;na uyarak, BM 1948 Soyk\u0131r\u0131m\u0131n Cezaland\u0131r\u0131lmas\u0131 ve \u00d6nlenmesi S\u00f6zle\u015fmesi\u00a0 uyar\u0131nca ancak yetkili mahkemelerin\u00a0 soyk\u0131r\u0131m konusunda karar alabilece\u011fini kabul etmesine ra\u011fmen torun <em>Morgenthau\u2019nun<\/em> konuyu\u00a0 WSJ\u2019de yay\u0131nlamas\u0131, T\u00fcrkiye\u2019ye y\u00f6nelik \u00a0bir provakasyondur. \u00a0ABD B\u00fcy\u00fckel\u00e7isi olarak 1915-1916 y\u0131llar\u0131nda \u0130stanbul\u2019da g\u00f6rev yapan <em>Henry Morgenthau<\/em>, (Morgenthau, T\u00fcrkiye&#8217;deki A\u015fkinaz Yahudilerinin Hahamba\u015f\u0131s\u0131 <em>Dr. Markus<\/em>&#8216;a\u00a0 yard\u0131mda bulunmu\u015ftur)\u00a0 yalanlarla dolu hat\u0131ralar\u0131n\u0131 ABD\u2019ye d\u00f6nd\u00fckten sonra <em>B\u00fcy\u00fckel\u00e7i Morgenthau\u2019nun Hat\u0131ralar\u0131\u00a0<\/em> (Ambassador Morgenthau\u00b4s Story, <a href=\"http:\/\/www.raoulwallenberg.net\/wp-content\/files_mf\/1439907848HenryMorgenthauAmbassador.pdf\">http:\/\/www.raoulwallenberg.net\/wp-content\/files_mf\/1439907848HenryMorgenthauAmbassador.pdf<\/a>) ad\u0131 alt\u0131nda yay\u0131nlam\u0131\u015ft\u0131r.<\/p>\n<div id=\"attachment_6795\" style=\"width: 465px\" class=\"wp-caption aligncenter\"><img aria-describedby=\"caption-attachment-6795\" loading=\"lazy\" class=\"wp-image-6795 size-full\" src=\"https:\/\/millidusunce.com\/misak\/wp-content\/uploads\/2019\/04\/6.jpg\" alt=\"B\u00fcy\u00fckel\u00e7i Morgenthau\u2019nun Hat\u0131ralar\u0131\u00a0\" width=\"455\" height=\"585\" srcset=\"https:\/\/millidusunce.com\/misak\/wp-content\/uploads\/2019\/04\/6.jpg 455w, https:\/\/millidusunce.com\/misak\/wp-content\/uploads\/2019\/04\/6-117x150.jpg 117w, https:\/\/millidusunce.com\/misak\/wp-content\/uploads\/2019\/04\/6-233x300.jpg 233w\" sizes=\"(max-width: 455px) 100vw, 455px\" \/><p id=\"caption-attachment-6795\" class=\"wp-caption-text\">B\u00fcy\u00fckel\u00e7i Morgenthau\u2019nun Hat\u0131ralar\u0131<\/p><\/div>\n<p>(T\u00fcrk\u00e7esi B\u00fcy\u00fckel\u00e7i Morgenthau\u2019nun \u00d6yk\u00fcs\u00fc, Belge Yay\u0131nlar\u0131, 2015) <em>Henry Morgenthau<\/em> (1856-1946) New York&#8217;ta\u00a0 emlak komisyoncusu iken 1912\u00a0 se\u00e7imlerinde\u00a0 ba\u015fkan aday\u0131 <em>Wilson<\/em>&#8216;u desteklemi\u015f, <em>Wilson<\/em> se\u00e7imleri kazan\u0131nca kendisini \u0130stanbul\u2019a b\u00fcy\u00fckel\u00e7i olarak \u00a0atam\u0131\u015ft\u0131r. 27 Kas\u0131m 1913 tarihinde\u00a0 \u0130stanbul&#8217;da gelmi\u015f, 26 ay g\u00f6rev yapt\u0131ktan sonra 1916&#8217;da ABD\u2019ye d\u00f6nm\u00fc\u015f, B<em>a\u015fkan Wilson<\/em>&#8216;a\u00a0 <em>&#8220;H\u00fck\u00fcmetin sava\u015f politikas\u0131 ad\u0131na bir zafer kazanmam\u0131z ve bunun i\u00e7in de her t\u00fcrl\u00fc yasal yol ve imkana ba\u015fvurmam\u0131z gerekmektedir.&#8221;\u00a0 <\/em>diyerek \u00a0hikayesini yazm\u0131\u015f, el\u00e7ilik sekreteri <em>Hagop S. Andonian<\/em> ile hukuk dan\u0131\u015fman\u0131 <em>Arshag K. Schmavonian<\/em>\u2019dan \u00a0yard\u0131m alm\u0131\u015ft\u0131r. Gazeteci <em>Burton J. Hendrick<\/em>, B\u00fcy\u00fckel\u00e7i <em>Morgenthau<\/em>&#8216;nun anlatt\u0131klar\u0131n\u0131 yeniden d\u00fczenlemi\u015f, ABD D\u0131\u015fi\u015fleri Bakan\u0131 Robert Lansing kitab\u0131n provalar\u0131n\u0131 okuyup eklemelerde bulunmu\u015ftur. O d\u00f6nem 120 bin\u00a0 tirajl\u0131 ayl\u0131k dergi olan\u00a0 The World&#8217;s Work\u2019ta (1900\u20131932) bu hikaye tefrika edilmi\u015f, tiraj\u0131 y\u00fcksek\u00a0 \u00e7e\u015fitli gazetelerde de\u00a0 yay\u0131nlanm\u0131\u015ft\u0131r. Morgenthau\u2019nun kitab\u0131n yay\u0131mlanmas\u0131ndan \u00f6nce Ermeni soyk\u0131r\u0131m\u0131 iddias\u0131n\u0131 ara\u015ft\u0131ran <em>Alman Johannes Lepsius, \u0130ngiliz Lord Bryce ve Arnold Toynbee<\/em>\u2019ye belge sa\u011flad\u0131\u011f\u0131 da s\u00f6z konusudur.<\/p>\n<p><em>Dr. Johanhes Lepsius<\/em> (1858-1926), Alman din adam\u0131 ve politikac\u0131s\u0131d\u0131r. Ermenilere y\u00f6nelik yard\u0131m kurulu\u015flar\u0131 aras\u0131nda ilk s\u0131ray\u0131 alan, Alman Do\u011fu Misyonu ile Alman Ermeni Cemiyeti\u2019nin y\u00f6neticisidir. Ermeni dostu olarak tan\u0131nan <em>Lepsius<\/em>, Alman misyoneri s\u0131fat\u0131yla ba\u015fta Ermeniler olmak \u00fczere do\u011fudaki H\u0131ristiyanlara yap\u0131lan yard\u0131m \u00e7al\u0131\u015fmalar\u0131n\u0131 y\u00fcr\u00fctm\u00fc\u015ft\u00fcr. Johannes\u2019in kitaplar\u0131, (Deutchland und Armenien) bug\u00fcn Bat\u0131 kamuoyunda s\u00f6zde soyk\u0131r\u0131m\u0131n ispat\u0131nda vazge\u00e7ilmez \u00f6neme sahip kaynaklar aras\u0131ndad\u0131r.<\/p>\n<h2><strong> Lord Bryce, Arnold Toynbee &#8220;Osmanl\u0131 \u0130mparatorlu\u011funda Ermenilere Y\u00f6nelik \u0130\u015flemler 1915-16&#8221;<\/strong><\/h2>\n<p>Mavi Kitap olarak bilinen\u00a0 ilk bask\u0131s\u0131 1916 y\u0131l\u0131nda Londra\u2019da yap\u0131lan\u00a0 <em>The Treatment of Armenians in the Ottoman Empire 1915-16 (Osmanl\u0131 \u0130mparatorlu\u011funda Ermenilere Y\u00f6nelik \u0130\u015flemler 1915-16)<\/em> isimli kitap bir Ermeni propaganda arac\u0131d\u0131r. Kitab\u0131n \u00f6zg\u00fcn bask\u0131s\u0131nda yer alan, <em>\u201cDocuments presented to Viscount Grey of Fallodon Secretary of State for Foreign Affairs by Viscount Bryce with a preface by Viscount Bryce<\/em> (Viscount Bryce\u2019\u0131n \u00d6ns\u00f6z\u00fcyle Viscount Bryce taraf\u0131ndan Devlet D\u0131\u015fi\u015fleri Sekreteri <em>Fallodon Viscount Grey<\/em>\u2019e Sunulan Belgeler)\u00a0 a\u00e7\u0131klamas\u0131\u00a0 \u00f6nemlidir. Kitap, 2005 y\u0131l\u0131nda T\u00fcrk\u00e7e\u2019ye\u00a0 \u00e7evrilmi\u015ftir. Mavi Kitap, 1916\u2019da \u0130ngiliz Parlamentosu\u2019nun onay\u0131yla sava\u015f propaganda b\u00fcrosu durumundaki <em>Wellington House<\/em> taraf\u0131ndan haz\u0131rlat\u0131lm\u0131\u015ft\u0131r. Mavi Kitap\u2019\u0131n i\u00e7eri\u011fi Amerikan misyoner raporlar\u0131na dayanmaktad\u0131r. Kitap, <em>Lord Bryce<\/em>\u2019\u0131n de\u011fi\u015fik makamlarla yapt\u0131\u011f\u0131 birka\u00e7 yaz\u0131\u015fma, bir harita, \u00f6ns\u00f6z ve edit\u00f6rden muht\u0131ra b\u00f6l\u00fcmlerinin bulundu\u011fu 8 k\u0131s\u0131mdan olu\u015fmaktad\u0131r. Kitap, 150 adet mektup i\u00e7ermektedir. Son k\u0131s\u0131mdaki 7 ek ile kitap zenginle\u015ftirilmi\u015ftir. 30 Nisan 2005 tarihinde yeniden bas\u0131lm\u0131\u015ft\u0131r. (677 sayfa)<\/p>\n<div id=\"attachment_6827\" style=\"width: 260px\" class=\"wp-caption aligncenter\"><img aria-describedby=\"caption-attachment-6827\" loading=\"lazy\" class=\"wp-image-6827 size-full\" src=\"https:\/\/millidusunce.com\/misak\/wp-content\/uploads\/2019\/04\/osmanli-imparatorlugu-nda-ermenilere-yonelik-muamele-1915-1916-cilt-120120222225919.jpg\" alt=\"Osmanl\u0131 \u0130mparatorlu\u011funda Ermenilere Y\u00f6nelik \u0130\u015flemler 1915-16\" width=\"250\" height=\"369\" srcset=\"https:\/\/millidusunce.com\/misak\/wp-content\/uploads\/2019\/04\/osmanli-imparatorlugu-nda-ermenilere-yonelik-muamele-1915-1916-cilt-120120222225919.jpg 250w, https:\/\/millidusunce.com\/misak\/wp-content\/uploads\/2019\/04\/osmanli-imparatorlugu-nda-ermenilere-yonelik-muamele-1915-1916-cilt-120120222225919-102x150.jpg 102w, https:\/\/millidusunce.com\/misak\/wp-content\/uploads\/2019\/04\/osmanli-imparatorlugu-nda-ermenilere-yonelik-muamele-1915-1916-cilt-120120222225919-203x300.jpg 203w\" sizes=\"(max-width: 250px) 100vw, 250px\" \/><p id=\"caption-attachment-6827\" class=\"wp-caption-text\">Osmanl\u0131 \u0130mparatorlu\u011funda Ermenilere Y\u00f6nelik \u0130\u015flemler 1915-16<\/p><\/div>\n<h2><strong>Tonybee &#8220;Hat\u0131ralar: Tan\u0131d\u0131klar\u0131m&#8221;\u00a0 <\/strong><\/h2>\n<p>Osmanl\u0131\u2019y\u0131 (T\u00fcrkiye\u2019yi) su\u00e7lama g\u00f6revi, hukuk profes\u00f6r\u00fc olan <em>Lord Bryce<\/em> ba\u015fkanl\u0131\u011f\u0131ndaki bir heyete verilmi\u015ftir. Bryce sonraki y\u0131llarda B\u00fcy\u00fck Britanya\u2019n\u0131n Washington b\u00fcy\u00fckel\u00e7ili\u011fine getirilmi\u015ftir. Tan\u0131nm\u0131\u015f tarih\u00e7i <em>Arnold J. Toynbee,\u00a0 \u00a0Lord Bryce<\/em>\u2019\u0131n sekreterli\u011fini yapm\u0131\u015ft\u0131r. <em>Toynbee<\/em>\u00a0 (1889-1975) uzun y\u0131llar \u0130ngiltere Kraliyet Enstit\u00fcs\u00fc Uluslararas\u0131 \u0130li\u015fkiler b\u00f6l\u00fcm\u00fcnde \u00a0\u00e7al\u0131\u015fm\u0131\u015f, Birinci ve \u0130kinci D\u00fcnya Sava\u015f\u0131\u2019nda\u00a0 \u0130ngiltere D\u0131\u015fi\u015fleri Bakanl\u0131\u011f\u0131 \u0130stihbarat Dairesi&#8217;nde g\u00f6rev alm\u0131\u015f bir akademisyendir. <em>Toynbee<\/em> daha sonra bunun bir propaganda kitab\u0131 oldu\u011funu anlay\u0131nca\u00a0 pi\u015fmanl\u0131\u011f\u0131n\u0131 dile getirmi\u015f ve <em>\u201cFark etseydim, bu projede yer almazd\u0131m.\u201d<\/em> demi\u015ftir.\u00a0 Hat\u0131ralar\u0131nda, Mavi Kitap\u2019\u0131n do\u011frulu\u011fu konusunda \u015f\u00fcpheli\u00a0 a\u00e7\u0131klamalarda\u00a0 bulunmu\u015ftur.\u00a0 T\u00fcrk\u00e7e\u2019ye<em> Hat\u0131ralar: Tan\u0131d\u0131klar\u0131m<\/em>\u00a0 ba\u015fl\u0131\u011f\u0131yla \u00e7evrilen eserinde konuya a\u00e7\u0131kl\u0131k getirmi\u015ftir.<\/p>\n<div id=\"attachment_6832\" style=\"width: 190px\" class=\"wp-caption aligncenter\"><img aria-describedby=\"caption-attachment-6832\" loading=\"lazy\" class=\"wp-image-6832 size-full\" src=\"https:\/\/millidusunce.com\/misak\/wp-content\/uploads\/2019\/04\/select.png\" alt=\"Hat\u0131ralar: Tan\u0131d\u0131klar\u0131m\" width=\"180\" height=\"273\" srcset=\"https:\/\/millidusunce.com\/misak\/wp-content\/uploads\/2019\/04\/select.png 180w, https:\/\/millidusunce.com\/misak\/wp-content\/uploads\/2019\/04\/select-99x150.png 99w\" sizes=\"(max-width: 180px) 100vw, 180px\" \/><p id=\"caption-attachment-6832\" class=\"wp-caption-text\">Hat\u0131ralar: Tan\u0131d\u0131klar\u0131m<\/p><\/div>\n<p>Birinci D\u00fcnya Sava\u015f\u0131\u2019nda ittifak devletleri, Almanya\u2019n\u0131n Rusya aleyhinde ba\u015flatt\u0131\u011f\u0131 propaganda silah\u0131 ile vurulacakt\u0131. Almanya\u2019ya davet edilen Amerikal\u0131 gazetecilerin verdikleri bilgiler,\u00a0 Rus barbarl\u0131\u011f\u0131n\u0131 ortaya \u00e7\u0131karmaya y\u00f6nelikti. Ruslar\u0131n Yahudilere y\u00f6nelik\u00a0 \u015fiddet uygulamalar\u0131, \u0130ngiltere ve Fransa\u2019y\u0131 zor durumda b\u0131rakm\u0131\u015ft\u0131r. T\u00fcrklerin yapacaklar\u0131 yanl\u0131\u015flar da Almanya ve Avusturya-Macaristan\u00a0 aleyhine olacakt\u0131.\u00a0 \u0130ngiltere T\u00fcrkleri Ermenilere soyk\u0131r\u0131m yapt\u0131 \u015feklinde a\u00e7\u0131klayarak T\u00fcrkiye\u2019nin m\u00fcttefiklerini zor durumda b\u0131rakacakt\u0131.\u00a0 Osmanl\u0131\u2019n\u0131n\u00a0 uygulamaya koydu\u011fu <em>\u201csevk ve iskan kanunu\u201d<\/em>\u00a0 \u0130ngiltere\u2019ye bu f\u0131rsat\u0131 vermi\u015ftir. Rusya&#8217;n\u0131n destek ve k\u0131\u015fk\u0131rtmalar\u0131yla \u00f6rg\u00fctlenen baz\u0131 Ermeni gruplar\u0131, 1890 y\u0131l\u0131ndan itibaren ba\u011f\u0131ms\u0131z bir Ermeni devleti kurmak amac\u0131yla Osmanl\u0131 y\u00f6netimine kar\u015f\u0131 ayaklanm\u0131\u015flard\u0131r. Ermenilerin ya\u015fad\u0131\u011f\u0131 yerlerde isyan hareketlerinin artmas\u0131yla g\u00fcvenlik sorunlar\u0131 ortaya \u00e7\u0131km\u0131\u015ft\u0131r. Osmanl\u0131 H\u00fck\u00fcmeti, g\u00fcvenli\u011fi sa\u011flamak amac\u0131yla 27 May\u0131s 1915 tarihinde Sevk ve \u0130skan Kanunu\u2019nu \u00e7\u0131karm\u0131\u015ft\u0131r.<\/p>\n<p>Osmanl\u0131 ordusunun ve b\u00f6lge halk\u0131n\u0131n g\u00fcvenli\u011fi i\u00e7in baz\u0131 Ermenilerin Osmanl\u0131 Devleti&#8217;nin g\u00fcvenli b\u00f6lgeleri olan Suriye ve Irak&#8217;\u0131n kuzey vilayetlerine g\u00f6\u00e7 ettirilmesine karar verilmi\u015ftir. Bu proje,\u00a0 \u0130ngiliz\u00a0 siyasi manevras\u0131 olup,\u00a0 Osmanl\u0131 Devleti\u00a0\u00a0\u00a0 d\u00fcnya kamuoyunun g\u00f6z\u00fcnde su\u00e7lu duruma d\u00fc\u015f\u00fcr\u00fclecekti. <em>Toynbee hat\u0131ralar\u0131n\u0131n son k\u0131sm\u0131nda T\u00fcrklerin masumiyetine inand\u0131\u011f\u0131n\u0131 ve yapt\u0131\u011f\u0131ndan pi\u015fman oldu\u011funu\u00a0 vefat\u0131ndan \u00f6nce\u00a0 dile getirmi\u015ftir. Mavi Kitap, g\u00fcn\u00fcm\u00fczde Ermeni\u00a0 sorununda T\u00fcrkiye aleyhine kullan\u0131lmaktad\u0131r.<\/em> Ermeni yalanlar\u0131na\u00a0 \u00e7ok say\u0131da\u00a0 T\u00fcrk ve yabanc\u0131 ara\u015ft\u0131rmac\u0131 kar\u015f\u0131 \u00e7\u0131km\u0131\u015flard\u0131r. (Many Scholars Challenge The Allegations Of Genocide: Part III, Ergun Kirlikovali on July 10, 2009 http:\/\/www.turkla.com\/2009\/07\/10\/many-scholars-challenge-the-allegations-of-genocide-part-iii\/)<\/p>\n<h2><strong>Donald Trump Kud\u00fcs a\u00e7\u0131klamas\u0131n\u0131n ard\u0131ndan 24 Nisan\u2019da \u2018T\u00fcrkler Ermenilere soyk\u0131r\u0131m yapt\u0131\u2019 derse ne olur?<\/strong><\/h2>\n<p>Torun <em>Morgenthau\u2019<\/em>nun 25 Ocak 2018 tarihli yaz\u0131s\u0131ndan 1,5 ay \u00f6nce 9 Aral\u0131k 2017 tarihinde Turkish Forum\u2019daki <em>\u201cDonald Trump Kud\u00fcs A\u00e7\u0131klamas\u0131n\u0131n Ard\u0131ndan 24 Nisan\u2019da \u2018T\u00fcrkler Ermenilere Soyk\u0131r\u0131m\u0131 Yapt\u0131\u2019 Derse Ne Olur?\u201d<\/em> ba\u015fl\u0131kl\u0131 yaz\u0131mda bu konuya \u00a0\u00a0dikkat \u00e7ekmi\u015ftim: <em>\u201cBa\u015fkan\u0131 Donald Trump\u2019\u0131n Kud\u00fcs\u2019\u00fc \u0130srail\u2019in ba\u015fkenti olarak tan\u0131mas\u0131yla ilgili a\u00e7\u0131klamas\u0131, Birle\u015fmi\u015f Milletler kararlar\u0131n\u0131 a\u00e7\u0131k\u00e7a ihlal eden ve bar\u0131\u015f\u0131 dinamitleyen bir geli\u015fmedir. Trump T\u00fcrkiye\u2019nin bu konuda g\u00f6sterdi\u011fi sert tepki ve Ermeni lobilerinin bask\u0131s\u0131yla 24 Nisan\u2019da s\u00f6zde Ermeni soyk\u0131r\u0131m\u0131n\u0131 \u2018genocide\u2019 kelimesini kullanarak tan\u0131yabilir. ABD\u2019de g\u00fc\u00e7l\u00fc bir Ermeni diasporas\u0131 ve lobisi vard\u0131r. Son olarak 6 Kas\u0131m\u2019da ABD\u2019nin Indiana Eyaleti Birinci D\u00fcnya Sava\u015f\u0131\u2019nda Osmanl\u0131\u2019n\u0131n Ermenilere soyk\u0131r\u0131m yapt\u0131\u011f\u0131n\u0131 kabul eden tasar\u0131y\u0131 onaylam\u0131\u015ft\u0131r. B\u00f6ylece ABD\u2019de s\u00f6zde Ermeni soyk\u0131r\u0131m\u0131n\u0131 kabul eden eyalet say\u0131s\u0131 48\u2019e y\u00fckselmi\u015ftir. Bu sebeple yumurta kap\u0131ya gelmeden, i\u015f i\u015ften ge\u00e7meden \u015fimdiden tedbir al\u0131nmas\u0131nda yarar vard\u0131r. T\u00fcrk\u00e7ede bir deyim vard\u0131r: Delidir, ne yapsa yeridir. Bir insan\u0131n deli oldu\u011fu i\u00e7in beklenmeyecek \u015feyler yapabilece\u011fini, dolay\u0131s\u0131yla kendisinden sak\u0131n\u0131lmas\u0131 gerekti\u011fini bildiren s\u00f6zd\u00fcr.\u201d<\/em> (http:\/\/ankaenstitusu.com\/sozde-ermeni-soykirimini-tanima-sirasinda-hollandadan-sonra-misir-yeni-zelanda-ve-abd-var\/)<\/p>\n<p><em>Henry Morgenthau<\/em>\u2019nun 25 Ocak 2018 tarihinde WSJ\u2019de yay\u0131nlanan yaz\u0131s\u0131n\u0131n\u00a0 \u00f6zeti \u015f\u00f6yledir:<em>\u201cHitler Polonya&#8217;y\u0131 1939&#8217;da i\u015fgal etmeye ba\u015flad\u0131\u011f\u0131nda komutanlar\u0131na \u2018Merhametsizce\u00a0 Yahudi erkek, kad\u0131n ve onlar\u0131n\u00a0\u00a0\u00a0 \u00e7ocuklar\u0131na \u00f6l\u00fcm\u00a0 emri verdi: Kim\u00a0 bug\u00fcn Ermenilerin yok edilmesinden s\u00f6z ediyor?\u2019<\/em> <em>ABD\u2019nin\u00a0 m\u00fcttefiki olan T\u00fcrkiye, tarihiyle y\u00fczle\u015fmeyi hala reddediyor<\/em><em>. ABD h\u00fck\u00fcmeti de, Ermenilerin haklar\u0131n\u0131 savunamad\u0131.\u00a0 Amerikan y\u00f6netimleri T\u00fcrk bask\u0131s\u0131na boyun e\u011fdi ve s\u00fcrekli olarak basit bir ger\u00e7e\u011fi teyit edemedi. Ermenilerin katledilmesi, sadece tarihin bir talihsizli\u011fi de\u011fil, sistematik bir soyk\u0131r\u0131md\u0131.<\/em> <em>Diplomatlar\u0131n ihtiyatl\u0131 tutumu g\u00f6z \u00f6n\u00fcnde bulunduruldu\u011funda\u00a0 bu t\u00fcr bir\u00a0 davran\u0131\u015f \u015fa\u015f\u0131rt\u0131c\u0131 de\u011fildi. Ancak Cumhurba\u015fkan\u0131 Trump, Kud\u00fcs&#8217;\u00fc \u0130srail&#8217;in ba\u015fkenti olarak kabul ederken, yeni bir\u00a0 d\u00f6neme i\u015faret ediyor gibi g\u00f6r\u00fcn\u00fcyor. 1995 y\u0131l\u0131nda Kongre, D\u0131\u015fi\u015fleri Bakanl\u0131\u011f\u0131n\u0131 Kud\u00fcs&#8217;\u00fc \u0130srail&#8217;in ba\u015fkenti olarak tan\u0131maya ve ABD B\u00fcy\u00fckel\u00e7ili\u011fi&#8217;ni buraya ta\u015f\u0131maya y\u00f6nlendiren yasay\u0131 kabul etti. Adaylar Bill Clinton ve George W. Bush el\u00e7ili\u011fi\u00a0 ta\u015f\u0131ma s\u00f6z\u00fc verdiler.\u00a0 Barack Obama 2008&#8217;de Kud\u00fcs&#8217;\u00fcn \u0130srail&#8217;in ba\u015fkenti olaca\u011f\u0131n\u0131 s\u00f6yledi.\u00a0 Cumhurba\u015fkan\u0131 se\u00e7ildikten sonra, her \u00fc\u00e7\u00fc de\u00a0 s\u00f6zlerinden\u00a0 d\u00f6nd\u00fcler. \u015eimdi, Amerika\u2019n\u0131n Kud\u00fcs politikas\u0131 tarihsel olgularla tutarl\u0131d\u0131r.<\/em><\/p>\n<p><em>Bu, Amerika&#8217;n\u0131n Ermeni soyk\u0131r\u0131m ger\u00e7e\u011fini de ayn\u0131 \u015fekilde kabul edebilece\u011fi hususunda\u00a0 beni iyimser k\u0131l\u0131yor. Ger\u00e7ekler zorlay\u0131c\u0131d\u0131r. Binlerce y\u0131ld\u0131r Ermeniler, \u015fu anda T\u00fcrkiye&#8217;nin do\u011fusundaki A\u011fr\u0131 Da\u011f\u0131&#8217;n\u0131n g\u00f6lgesinde ya\u015f\u0131yorlard\u0131. Tarihte bu H\u0131ristiyan az\u0131nl\u0131k M\u00fcsl\u00fcman kom\u015fular\u0131yla bar\u0131\u015f i\u00e7inde ya\u015fad\u0131. Ancak Osmanl\u0131 \u0130mparatorlu\u011fu, 19. y\u00fczy\u0131l\u0131n sonlar\u0131nda ve 20. y\u00fczy\u0131l\u0131n ba\u015flar\u0131nda par\u00e7alanmaya ba\u015flay\u0131nca\u00a0 Ermenilere bask\u0131lar ba\u015flad\u0131. Birinci D\u00fcnya Sava\u015f\u0131\u2019nda\u00a0 T\u00fcrkler Ermeni sorununu \u00e7\u00f6zme f\u0131rsat\u0131n\u0131 yakalad\u0131lar. \u0130lk \u00f6nce toplum liderleri ve ayd\u0131nlar\u0131 tutuklad\u0131lar ve idam ettiler. Daha sonra Suriye \u00e7\u00f6llerine\u00a0 \u00f6l\u00fcm y\u00fcr\u00fcy\u00fc\u015fleri\u00a0 ile\u00a0 sivilleri s\u00fcrd\u00fcler. 1,5 milyon kadar Ermeni katledildi. Benim i\u00e7in bu tarih, tarih kitaplar\u0131yla s\u0131n\u0131rl\u0131 de\u011fil. B\u00fcy\u00fck babam Henry Morgenthau, katliam ba\u015flad\u0131\u011f\u0131nda Ba\u015fkan Wilson\u2019un Osmanl\u0131 \u0130mparatorlu\u011fu\u2019nun b\u00fcy\u00fckel\u00e7isiydi. Modern d\u00fcnyan\u0131n hi\u00e7 g\u00f6rmedi\u011fi bir \u00f6l\u00e7\u00fcde Ermeniler katledildi ve b\u00fct\u00fcn d\u00fcnya bunu g\u00f6rd\u00fc.\u00a0 T\u00fcrk liderleri, Ermenilerin Amerikan vatanda\u015f\u0131 olmad\u0131klar\u0131n\u0131\u00a0 s\u00f6yleyip\u00a0 b\u00fcy\u00fckel\u00e7inin endi\u015felerinin hi\u00e7birine cevap vermediler. B\u00fcy\u00fckel\u00e7i Morgenthau&#8217;nun Yahudi, Ermenilerin H\u0131ristiyan oldu\u011funu s\u00f6ylediler. T\u00fcrkler\u00a0 b\u00fcy\u00fckel\u00e7iyi\u00a0 Washington&#8217;a geri\u00a0 g\u00f6ndermek i\u00e7in\u00a0 ABD\u2019ye bask\u0131 yapt\u0131lar. B\u00fcy\u00fckbabam\u0131n cevab\u0131 \u00e7ok a\u00e7\u0131kt\u0131: Hat\u0131rlanmamdan daha b\u00fcy\u00fck bir onur d\u00fc\u015f\u00fcnemedim \u00c7\u00fcnk\u00fc bir Yahudi olarak\u00a0 y\u00fcz binlerce H\u0131ristiyan\u0131n hayat\u0131n\u0131 kurtarmak i\u00e7in elimden geleni yapt\u0131m.<\/em><\/p>\n<p><em>T\u00fcrklerin bask\u0131s\u0131 sonucunda\u00a0 dedem\u00a0 ABD\u2019ye\u00a0 d\u00f6nd\u00fc. Washington&#8217;a diplomatik bir\u00a0 telgraf\u00a0 g\u00f6nderdi: Bir \u0131rk\u0131n imhas\u0131 devam ediyor.\u00a0 Birinci\u00a0 D\u00fcnya Sava\u015f\u0131 ile me\u015fgul olan D\u0131\u015fi\u015fleri\u00a0Bakanl\u0131\u011f\u0131 telgrafa kay\u0131ts\u0131z kald\u0131. Sonunda b\u00fcy\u00fck babam bir dizi\u00a0 konferanslarla\u00a0 d\u00fcnyan\u0131n vicdan\u0131na hitap etmeye karar verdi. B\u00fcy\u00fck bir yard\u0131m kampanyas\u0131 sonucunda\u00a0 hayatta kalanlar\u0131 yeniden yerle\u015ftirmeye yard\u0131mc\u0131 oldu. Ancak (s\u00f6zde) soyk\u0131r\u0131m, Ermeni halk\u0131na ve b\u00fcy\u00fck babam\u0131n ruhuna kar\u015f\u0131 b\u00fcy\u00fck bir \u00a0sayg\u0131s\u0131zl\u0131k yaratm\u0131\u015ft\u0131r. B\u00fcy\u00fck babam ABD&#8217;ye geri d\u00f6nerek hayatta kalanlara yard\u0131m etmek i\u00e7in karar verdi.\u00a0 Ellis Adas\u0131\u2019nda\u00a0 m\u00fcltecilere sponsor oldu. Ve ba\u015fka bir \u015fey daha yapt\u0131. \u00c7ocuklar\u0131na ve torunlar\u0131na tan\u0131k oldu\u011fu tarihi \u00f6\u011fretti. <\/em><\/p>\n<p><em>Bu kehanet, Hitler&#8217;in Polonya&#8217;y\u0131 i\u015fgal etti\u011fi ve d\u00fcnyan\u0131n Ermenilerle ilgili amnezi <\/em><em>(ge\u00e7irilen \u015fiddetli bir \u015fok sonucu ge\u00e7mi\u015fe ait haf\u0131zan\u0131n bir k\u0131sminin kaybedilmesi)\u00a0 s\u00f6z konusunu oldu\u011funda\u00a0 ger\u00e7ekle\u015fti. Amerika&#8217;n\u0131n bu amneziden\u00a0 \u00e7\u0131kmas\u0131 i\u00e7in \u00e7ok zaman var. Her Nisan ay\u0131nda\u00a0 Ba\u015fkan\u00a0 Ermeni halk\u0131na\u00a0 y\u00f6nelik vah\u015feti tan\u0131yan bir bildiri yay\u0131nlad\u0131. T\u00fcrk bask\u0131s\u0131na boyun e\u011fildi\u011fi i\u00e7in\u00a0 bildiride\u00a0 hi\u00e7bir zaman \u201csoyk\u0131r\u0131m\u201d kelimesini\u00a0 kullanmad\u0131. Bu de\u011fi\u015fmeli. T\u00fcrkiye&#8217;nin\u00a0 tepkisinin ABD&#8217;nin \u00e7\u0131karlar\u0131na kar\u015f\u0131\u00a0 gelebilece\u011fini s\u00f6yleyenlerin kayg\u0131lar\u0131n\u0131 k\u00fc\u00e7\u00fcmsemiyorum. Kud\u00fcs&#8217;e el\u00e7ili\u011fi\u00a0 ta\u015f\u0131man\u0131n\u00a0 bar\u0131\u015f g\u00f6r\u00fc\u015fmelerini zorla\u015ft\u0131rabilece\u011fini s\u00f6yleyenleri reddetmiyorum. Ancak, adil ve kal\u0131c\u0131 bir d\u00fcnya d\u00fczeni, yalanlar\u00a0 \u00fczerine in\u015fa edilemez. Ba\u015fkan Trump, Ermeni soyk\u0131r\u0131m\u0131 ger\u00e7e\u011fini ilan ederek bu taahh\u00fcd\u00fcn\u00fc yerine getirmelidir. Bu,\u00a0 iktidardaki haydutlara su\u00e7lar\u0131n\u0131z\u0131n \u00fcst\u00fc \u00f6rt\u00fclmeyecek mesaj\u0131 verecek.\u201d <\/em>(<a href=\"https:\/\/www.wsj.com\/articles\/will-trump-tell-the-truth-about-the-armenian-genocide-1516925489\">https:\/\/www.wsj.com\/articles\/will-trump-tell-the-truth-about-the-armenian-genocide-1516925489<\/a>; https:\/\/www.wsj.com\/articles\/will-trump-tell-the-truth-about-the-armenian-genocide-151692548)<\/p>\n<div id=\"attachment_6796\" style=\"width: 578px\" class=\"wp-caption aligncenter\"><img aria-describedby=\"caption-attachment-6796\" loading=\"lazy\" class=\"wp-image-6796 size-full\" src=\"https:\/\/millidusunce.com\/misak\/wp-content\/uploads\/2019\/04\/7.jpg\" alt=\"Cengiz \u00d6zak\u0131nc\u0131, ABD Soyk\u0131r\u0131m An\u0131t M\u00fczesi'nde T\u00fcrkiye'yi Su\u00e7layan Sahte Hitler Yaz\u0131t\u0131 \" width=\"568\" height=\"319\" srcset=\"https:\/\/millidusunce.com\/misak\/wp-content\/uploads\/2019\/04\/7.jpg 568w, https:\/\/millidusunce.com\/misak\/wp-content\/uploads\/2019\/04\/7-150x84.jpg 150w, https:\/\/millidusunce.com\/misak\/wp-content\/uploads\/2019\/04\/7-300x168.jpg 300w\" sizes=\"(max-width: 568px) 100vw, 568px\" \/><p id=\"caption-attachment-6796\" class=\"wp-caption-text\">Cengiz \u00d6zak\u0131nc\u0131, ABD Soyk\u0131r\u0131m An\u0131t M\u00fczesi&#8217;nde T\u00fcrkiye&#8217;yi Su\u00e7layan Sahte Hitler Yaz\u0131t\u0131<\/p><\/div>\n<p>D\u00f6nemin Ermenistan Cumhurba\u015fkan\u0131 <em>Serj Sarkisian<\/em>, Ermenilerin Ba\u015f Patri\u011fi <em>II. Karekin<\/em>, Ermenistan D\u0131\u015fi\u015fleri Bakan\u0131 ve ABD Soyk\u0131r\u0131m An\u0131t\u0131 M\u00fczesi k\u0131demli dan\u0131\u015fman\u0131 <em>Arthur Berger<\/em> ve di\u011ferleri\u00a0 Hitler&#8217;in s\u00f6zde Ermeni soyk\u0131r\u0131m\u0131na g\u00f6nderme yapt\u0131\u011f\u0131 s\u00f6zlerinin \u00f6n\u00fcnde\u00a0 inceleme yapmaktalar. 6 May\u0131s 2015 tarihli foto\u011fraf, \u00a0Hitler\u2019in s\u00f6zlerinin m\u00fczeye \u00a01993&#8217;teki a\u00e7\u0131l\u0131\u015f\u0131ndan \u00a0sonra \u00a0konuldu\u011funu g\u00f6stermektedir. 25 Ocak 2018 g\u00fcnl\u00fc Wall Street Journal gazetesinde torun <em>Robert M. Morgenthau<\/em> imzas\u0131 ile yay\u0131nlanan <em>\u201cBa\u015fkan Trump Ermeni Soyk\u0131r\u0131m\u0131 Hakk\u0131nda Ger\u00e7e\u011fi S\u00f6yleyecek mi?\u201d<\/em> ba\u015fl\u0131kl\u0131 makalede ger\u00e7ekmi\u015f gibi\u00a0 tekrarlanan bu \u00a0ifade, \u00a0Hitlere ait de\u011fildir. Hitler&#8217;in 22 A\u011fustos 1939 tarihindeki konu\u015fmas\u0131nda\u00a0 Ermenilerden s\u00f6z etti\u011fi ileri s\u00fcr\u00fclen paragraf\u0131n m\u00fczeye\u00a0 konmas\u0131n\u0131n do\u011fru olmad\u0131\u011f\u0131n\u0131\u00a0 SBF\u2019den hocam <em>Prof. Dr. T\u00fcrkkaya Ata\u00f6v<\/em>, 1984 y\u0131l\u0131nda\u00a0 yay\u0131nlanan <em>\u201cHitler and the Armenian Question \/ Hitler et la Question Armenienne\u201d<\/em> \u00a0kitab\u0131nda \u00a0a\u00e7\u0131klam\u0131\u015ft\u0131r. Hitler&#8217;in Ermenilere ili\u015fkin b\u00f6yle bir s\u00f6z\u00fcn\u00fcn bulunmad\u0131\u011f\u0131n\u0131 N\u00fcremberg yarg\u0131lama dosyalar\u0131ndan ilgili belgelerle kan\u0131tlam\u0131\u015ft\u0131r<strong>.<\/strong><em>\u201cThe Armenian Question: Conflict, Trauma and Objectivity\u201d<\/em> ba\u015fl\u0131kl\u0131 yaz\u0131s\u0131nda da konuyu tekrar g\u00fcndem ta\u015f\u0131m\u0131\u015ft\u0131r. (<a href=\"http:\/\/www.politics.ankara.edu.tr\/yearbookdizin\/dosyalar\/MMTY\/24\/9_turkaya_ataov.pdf\">http:\/\/www.politics.ankara.edu.tr\/yearbookdizin\/dosyalar\/MMTY\/24\/9_turkaya_ataov.pdf<\/a>)<\/p>\n<div id=\"attachment_6829\" style=\"width: 248px\" class=\"wp-caption aligncenter\"><img aria-describedby=\"caption-attachment-6829\" loading=\"lazy\" class=\"wp-image-6829 size-full\" src=\"https:\/\/millidusunce.com\/misak\/wp-content\/uploads\/2019\/04\/ta.jpg\" alt=\"\u201cHitler and the Armenian Question \/ Hitler et la Question Armenienne\u201d \u00a0\" width=\"238\" height=\"305\" srcset=\"https:\/\/millidusunce.com\/misak\/wp-content\/uploads\/2019\/04\/ta.jpg 238w, https:\/\/millidusunce.com\/misak\/wp-content\/uploads\/2019\/04\/ta-117x150.jpg 117w, https:\/\/millidusunce.com\/misak\/wp-content\/uploads\/2019\/04\/ta-234x300.jpg 234w\" sizes=\"(max-width: 238px) 100vw, 238px\" \/><p id=\"caption-attachment-6829\" class=\"wp-caption-text\">\u201cHitler and the Armenian Question \/ Hitler et la Question Armenienne\u201d<\/p><\/div>\n<h2><strong>Cengiz \u00d6zak\u0131nc\u0131, ABD Soyk\u0131r\u0131m An\u0131t M\u00fczesi&#8217;nde T\u00fcrkiye&#8217;yi Su\u00e7layan Sahte Hitler Yaz\u0131t\u0131<\/strong><\/h2>\n<p>Benzer \u015fekilde <em>Cengiz \u00d6zak\u0131nc\u0131<\/em> da \u00a0<em>\u201cABD Soyk\u0131r\u0131m An\u0131t M\u00fczesi\u2019nde T\u00fcrkiye\u2019yi Su\u00e7layan Sahte Hitler Yaz\u0131t\u0131\u201d <\/em>kitab\u0131nda Hitler&#8217;in \u00a0bu s\u00f6z\u00fcn\u00fcn \u00a0olmad\u0131\u011f\u0131n\u0131 \u00a0a\u00e7\u0131klam\u0131\u015ft\u0131r.<\/p>\n<div id=\"attachment_6831\" style=\"width: 543px\" class=\"wp-caption aligncenter\"><img aria-describedby=\"caption-attachment-6831\" loading=\"lazy\" class=\"wp-image-6831 size-full\" src=\"https:\/\/millidusunce.com\/misak\/wp-content\/uploads\/2019\/04\/abdsoykirimanitmuzesindeturkiyeyisuclayansahtehitleryaziticengizozakinci1.jpg\" alt=\"\u201cABD Soyk\u0131r\u0131m An\u0131t M\u00fczesi\u2019nde T\u00fcrkiye\u2019yi Su\u00e7layan Sahte Hitler Yaz\u0131t\u0131\u201d \" width=\"533\" height=\"659\" srcset=\"https:\/\/millidusunce.com\/misak\/wp-content\/uploads\/2019\/04\/abdsoykirimanitmuzesindeturkiyeyisuclayansahtehitleryaziticengizozakinci1.jpg 533w, https:\/\/millidusunce.com\/misak\/wp-content\/uploads\/2019\/04\/abdsoykirimanitmuzesindeturkiyeyisuclayansahtehitleryaziticengizozakinci1-121x150.jpg 121w, https:\/\/millidusunce.com\/misak\/wp-content\/uploads\/2019\/04\/abdsoykirimanitmuzesindeturkiyeyisuclayansahtehitleryaziticengizozakinci1-243x300.jpg 243w\" sizes=\"(max-width: 533px) 100vw, 533px\" \/><p id=\"caption-attachment-6831\" class=\"wp-caption-text\">\u201cABD Soyk\u0131r\u0131m An\u0131t M\u00fczesi\u2019nde T\u00fcrkiye\u2019yi Su\u00e7layan Sahte Hitler Yaz\u0131t\u0131\u201d<\/p><\/div>\n<p>&nbsp;<\/p>\n<h2><strong>Louis P. Lochner &#8220;What About Germany&#8221;<\/strong><\/h2>\n<p>AP ajans\u0131n\u0131n\u00a0 Berlin muhabiri Amerikal\u0131 gazeteci <em>Louis P. Lochner<\/em>, 1942&#8217;de ABD&#8217;de yay\u0131nlanan <em>What About Germany<\/em> adl\u0131 kitab\u0131nda, bir muhbirden ald\u0131m dedi\u011fi\u00a0 Hitler konu\u015fmas\u0131n\u0131n metnini\u00a0 aktarm\u0131\u015ft\u0131. Ancak konu\u015fman\u0131n Lochner&#8217;in 1942&#8217;de aktard\u0131\u011f\u0131 1945&#8217;te Saalfelden&#8217;de ele ge\u00e7irdi\u011fi\u00a0 aras\u0131nda\u00a0 uyu\u015fmazl\u0131klar\u00a0 bulunuyordu. Hitler&#8217;e atfedilen s\u00f6zler <em>Louis Lochner<\/em>&#8216;in 1942&#8217;de yay\u0131nlanan kitab\u0131nda yer alm\u0131\u015ft\u0131r. Lochner&#8217;in kitab\u0131ndaki\u00a0 metnin i\u00e7eri\u011fini ve kayna\u011f\u0131n\u0131, savc\u0131l\u0131k \u015f\u00fcpheli buldu\u011fu i\u00e7in kan\u0131t olarak kullanmam\u0131\u015ft\u0131. \u00c7\u00fcnk\u00fc, <em>Lochner<\/em>&#8216;in <em>&#8220;Muhbirden ald\u0131\u011f\u0131m Almanca konu\u015fma metnini 1939&#8217;da derhal Amerikan B\u00fcy\u00fckel\u00e7ili\u011fine teslim ettim.&#8221;<\/em> dedi\u011fi \u00fc\u00e7 sayfay\u0131 inceleyen \u00e7evirmen Carlos Porter, yaz\u0131n\u0131n Alman klavyeli bir daktilodan \u00e7\u0131kmad\u0131\u011f\u0131n\u0131 ve bozuk bir Almanca ile yaz\u0131lm\u0131\u015f oldu\u011funu\u00a0 belirlemi\u015fti. Kaynak: <a href=\"https:\/\/babel.hathitrust.org\/cgi\/pt?id=mdp.39015012841279;view=1up;seq=13\">https:\/\/babel.hathitrust.org\/cgi\/pt?id=mdp.39015012841279;view=1up;seq=13<\/a><\/p>\n<div id=\"attachment_6830\" style=\"width: 586px\" class=\"wp-caption aligncenter\"><img aria-describedby=\"caption-attachment-6830\" loading=\"lazy\" class=\"wp-image-6830 size-full\" src=\"https:\/\/millidusunce.com\/misak\/wp-content\/uploads\/2019\/04\/What_About_2.jpg\" alt=\"What About Germany\" width=\"576\" height=\"432\" srcset=\"https:\/\/millidusunce.com\/misak\/wp-content\/uploads\/2019\/04\/What_About_2.jpg 576w, https:\/\/millidusunce.com\/misak\/wp-content\/uploads\/2019\/04\/What_About_2-150x113.jpg 150w, https:\/\/millidusunce.com\/misak\/wp-content\/uploads\/2019\/04\/What_About_2-300x225.jpg 300w\" sizes=\"(max-width: 576px) 100vw, 576px\" \/><p id=\"caption-attachment-6830\" class=\"wp-caption-text\">What About Germany<\/p><\/div>\n<p><em>Lochner<\/em>&#8216;in\u00a0 kitab\u0131nda Hitler&#8217;in,\u00a0 <em>\u201cG\u00fcc\u00fcm\u00fcz, h\u0131z\u0131m\u0131z ve ac\u0131mas\u0131zl\u0131\u011f\u0131m\u0131zdad\u0131r. Cengiz Han, milyonlarca kad\u0131n ve \u00e7ocu\u011fu \u00f6nceden tasarlayarak ve i\u00e7 huzuruyla katliama s\u00fcr\u00fckledi. Bug\u00fcn tarih onu yaln\u0131zca b\u00fcy\u00fck bir devlet kurucu olarak g\u00f6r\u00fcyor. Zay\u0131f Avrupa uygarl\u0131\u011f\u0131n\u0131n benim i\u00e7in ne diyece\u011fi umurumda de\u011fil. Ele\u015ftiri i\u00e7in tek s\u00f6z edeni bile infaz etmeleri i\u00e7in idam mangas\u0131na emir verdim. Sava\u015f hedefimiz belirli hatlara ula\u015fmak de\u011fil, d\u00fc\u015fman\u0131n fiziksel olarak yok edilmesidir. Polonya dili t\u00fcrevi konu\u015fan her \u00e7ocuk, kad\u0131n ve erke\u011fi ac\u0131maks\u0131z\u0131n \u00f6ld\u00fcrme emrini uygulamak \u00fczere Do\u011fu\u2019ya \u00f6l\u00fcm mangalar\u0131m\u0131n gitmesini ben emrettim. Bize gerek duydu\u011fumuz ya\u015fam alan\u0131n\u0131 (lebensraum) kazand\u0131racak olan yaln\u0131zca budur. B\u00fct\u00fcn olanlardan sonra, kim bug\u00fcn Ermenilerin yok edilmesinden s\u00f6z ediyor?&#8221;<\/em> dedi\u011fi yaz\u0131l\u0131yd\u0131. Fakat ayn\u0131 konu\u015fman\u0131n Amerikan askerlerince Nazi belgeleri aras\u0131nda ele ge\u00e7irilen metninde ve savunma kan\u0131t\u0131 olarak sunulan di\u011fer belgelerde\u00a0 Ermenilerden\u00a0 hi\u00e7 s\u00f6z edilmemi\u015ftir.<\/p>\n<p>1985 y\u0131l\u0131nda\u00a0 <em>Prof. Dr. Heath W. Lowry<\/em>, <em>\u201cErmeniler \u00dczerine ABD Kongresi ve Adolf Hitler\u201d<\/em> \u00a0ba\u015fl\u0131kl\u0131 makalesinde, m\u00fczeye konulmak istenen s\u00f6z\u00fcn Hitler&#8217;e ait olmad\u0131\u011f\u0131n\u0131, uydurma (spurious) oldu\u011funu g\u00f6stermi\u015ftir. . \u00a0(Heath W. Lowry<em>, <\/em>The U.S. Congress and Adolf Hitler on the Armenians, Institute of Turkish Studies, Inc. Washington, D. C..Political Communication and Persuasion, Volume 3, Number 2 1985 <a href=\"https:\/\/www.ataa.org\/armenian-issue-revisited\/the-u-s-congress-and-adolf-hitler-on-the-armenians\">https:\/\/www.ataa.org\/armenian-issue-revisited\/the-u-s-congress-and-adolf-hitler-on-the-armenians<\/a>) <em>Lowry \u00a0<\/em>bu konuda \u015fu\u00a0 ele\u015ftiride bulunmu\u015ftur: <em>\u201cSava\u015f d\u00f6neminde T\u00fcrkler aleyhinde yap\u0131lan propagandan\u0131n en etkili \u00f6rneklerinden birinin esas\u0131n\u0131 te\u015fkil eden bu belgelerin \u0130ngiliz haber alma \u00f6rg\u00fct\u00fcne tarafs\u0131z Amerika Birle\u015fik Devletleri&#8217;nin bir B\u00fcy\u00fckel\u00e7isi taraf\u0131ndan sa\u011fland\u0131\u011f\u0131 ve bunlar\u0131n Amerikan kamuoyunu T\u00fcrkler ve Almanlar aleyhine k\u0131\u015fk\u0131rtarak \u00fclkeyi sava\u015fa sokma amac\u0131n\u0131 g\u00fcden \u0130ngiliz \u00e7abalar\u0131n\u0131n bir par\u00e7as\u0131 olarak yay\u0131mland\u0131\u011f\u0131 anla\u015f\u0131l\u0131nca, Morgenthau&#8217;nun kulland\u0131\u011f\u0131 &#8216;yetki&#8217; konusunda insan meraka d\u00fc\u015f\u00fcyor.\u201d<\/em><\/p>\n<p><em>Lowry<\/em>\u2019nin makalesi\u00a0 ABD diplomatik \u00e7evrelerinde etkili olmu\u015ftur. Prof. <em>Lowry\u2019<\/em>a g\u00f6re<em>\u00a0 \u201cB\u00fcy\u00fckel\u00e7i Morghentau\u2019n\u0131n hikayesinde yer alan t\u00fcm yorumlar, Eyl\u00fcl 1915\u2019in sonlar\u0131na do\u011fru Morghentau\u2019nun, Ermenilerin, Gen\u00e7 T\u00fcrk liderli\u011fi taraf\u0131ndan imha edilmeye maruz kald\u0131\u011f\u0131 konusunda kesin bir sonuca varmam\u0131\u015flard\u0131r.\u201d<\/em> (All comments in Ambassador Morghentau\u2019s Story notwithstanding, as late as September 1915, Morghentau had not firmly concluded that the Armenians were the subject of an attempted \u2018extermination\u2019 by the Young Turk leadership, s. 51)<\/p>\n<h2><strong>\u015e\u00fckr\u00fc Server Aya &#8220;The Genocide of Truth Continues&#8221;<\/strong><\/h2>\n<div id=\"attachment_6797\" style=\"width: 232px\" class=\"wp-caption aligncenter\"><img aria-describedby=\"caption-attachment-6797\" loading=\"lazy\" class=\"wp-image-6797 size-full\" src=\"https:\/\/millidusunce.com\/misak\/wp-content\/uploads\/2019\/04\/8.jpg\" alt=\"Soyk\u0131r\u0131m Ger\u00e7ekleri\" width=\"222\" height=\"309\" srcset=\"https:\/\/millidusunce.com\/misak\/wp-content\/uploads\/2019\/04\/8.jpg 222w, https:\/\/millidusunce.com\/misak\/wp-content\/uploads\/2019\/04\/8-108x150.jpg 108w, https:\/\/millidusunce.com\/misak\/wp-content\/uploads\/2019\/04\/8-216x300.jpg 216w\" sizes=\"(max-width: 222px) 100vw, 222px\" \/><p id=\"caption-attachment-6797\" class=\"wp-caption-text\">Soyk\u0131r\u0131m Ger\u00e7ekleri<\/p><\/div>\n<p>S\u00f6zde Ermeni soyk\u0131r\u0131m propagandas\u0131nda kullan\u0131lan yalanlar\u0131 kitaplar\u0131nda belgelerle \u00e7\u00fcr\u00fcten bir di\u011fer \u00f6nemli ara\u015ft\u0131rmac\u0131 rahmetli \u00a0<em>\u015e\u00fckr\u00fc Server Aya<\/em>\u2019d\u0131r. Hitler&#8217;e atfedilen <em>&#8220;B\u00fct\u00fcn olanlardan sonra, kim bug\u00fcn Ermenilerin yok edilmesinden s\u00f6z ediyor?&#8221;<\/em> s\u00f6zlerinin uydurma oldu\u011funu <em>The Genocide of Truth<\/em> (\u0130stanbul Ticaret \u00dcniversitesi Yay\u0131nlar\u0131, 2008, s.366), <em>Soyk\u0131r\u0131m Tacirleri\u00a0<\/em> (Derin Yay\u0131nlar\u0131, Ocak 2009, s.205-206)\u00a0 <em>The Genocide of Truth Continues<\/em>, (Derin Yay\u0131nlar\u0131, Aral\u0131k 2010, s.249-270)\u00a0 kitaplar\u0131nda \u00a0a\u00e7\u0131klam\u0131\u015ft\u0131r. Server Aya, The Wall Street Journal gazetesi edit\u00f6rlerine, Washington Soyk\u0131r\u0131m M\u00fcze \u0130daresi ve M\u00fctevelli Heyeti&#8217;ne (28.03.2018) ve m\u00fczenin ba\u011fl\u0131 oldu\u011fu \u00fcst makam ABD Ba\u015fkanl\u0131k Ofisi&#8217;ne g\u00f6nderdi\u011fi (13.02.2018) yaz\u0131larda tepkisini \u015fu s\u00f6zlerle dile getirmi\u015ftir:<\/p>\n<p><em>&#8220;Muhterem Beyefendiler. Birinci ve \u0130kinci D\u00fcnya sava\u015flar\u0131 ve \u201csoyk\u0131r\u0131m mito-manisi\u201d (Erich Feigl) ile ilgili tarih hakk\u0131nda m\u00fcstakil ara\u015ft\u0131rmac\u0131 ve yazarlar olarak, makale yazar\u0131n\u0131n dominant bir eda yazd\u0131\u011f\u0131 makale i\u00e7eri\u011finden fevkalade rahats\u0131zl\u0131k duydu\u011fumuzdan bunu ret etmek mecburiyetini duyduk; zira daha \u00f6nce New York B\u00f6lge Savc\u0131s\u0131 olan Bay Robert M. Morgenthau\u2019un bu yaz\u0131 i\u00e7eri\u011fi, neredeyse A\u2019dan Z\u2019ye kadar ger\u00e7ek de\u011fildir, kan\u0131tlanmam\u0131\u015ft\u0131r ve ayr\u0131ca d\u00fcnk\u00fc ve bug\u00fcnk\u00fc tarih hakk\u0131nda devasa bilgi eksikli\u011fi ile maluld\u00fcr. M\u00fczenin duvar\u0131nda durmakta olan ve Hitler\u2019e atfedilen c\u00fcmle tamamen yaland\u0131r ve ihtimal yirmi y\u0131ldan fazlad\u0131r oradad\u0131r. Maalesef M\u00fcze kendisine yap\u0131lan talepler ve sunulan belgesel kan\u0131tlara suskun kalmay\u0131 ye\u011flemi\u015f veya sessiz kalarak bu tarihsel yalan\u0131 halktan saklanmas\u0131 s\u00f6ylenmi\u015ftir. Avrupa\u2019daki yetkili muhtelif mahkeme kararlar\u0131na ve hukuki mevzuata ra\u011fmen, M\u00fcze bu soyk\u0131r\u0131m yalan\u0131n\u0131n propaganda edilmesine alet olmu\u015ftur.\u00a0 ABD ar\u015fivleri, Kongre veya Senato referansl\u0131 ve Bay Morgenthau\u2019un makalesini nakzeden belgelerle doludur; h\u00e2lbuki hukuk ve kanun aleminde \u00fcn sahibi Bay Morgenthau kurallar\u0131 ihmal veya g\u00f6rmezden gelmi\u015f ve konuda savc\u0131 olarak davran\u0131rken savunmaya ve kan\u0131tlara gerek g\u00f6rmemi\u015f\u00a0 ve \u00fclke yasalar\u0131na uymayarak ayn\u0131 olayda bir h\u00e2kim veya ebed\u00ee bir tanr\u0131 tutumu i\u00e7inde olmu\u015ftur. Bu yap\u0131lanlar\u0131n kabul g\u00f6remeyece\u011fi anlam\u0131nda ara\u015ft\u0131rmam\u0131z\u0131 sunarken Wall Street Journal gazetesinin Bay Morgenthau\u2019un Ermeni Soyk\u0131r\u0131m\u0131 hakk\u0131ndaki isteklerine kat\u0131l\u0131p<\/em> <em>kat\u0131lmad\u0131\u011f\u0131n\u0131 da a\u00e7\u0131klamas\u0131n\u0131 sayg\u0131lar\u0131m\u0131zla talep ederiz.&#8221;<\/em><\/p>\n<p>ABD, \u0130ngiltere ve Sovyet Rusya 1945&#8217;te Almanya&#8217;y\u0131 yenmi\u015f, esir ald\u0131klar\u0131 y\u00fcksek r\u00fctbeli Alman subaylar\u0131n\u0131 N\u00fcremberg&#8217;te uluslararas\u0131 askeri mahkemede yarg\u0131layabilmek i\u00e7in \u00a0su\u00e7 delillerini toplamaya ba\u015flam\u0131\u015ft\u0131r. ABD\u00a0 askerlerinin\u00a0 1945 y\u0131l\u0131nda Avusturya&#8217;da Saalfelden&#8217;de ele ge\u00e7irdikleri belgeler aras\u0131nda Hitler&#8217;in d\u00fcnya sava\u015f\u0131n\u0131 ba\u015flatan, Polonya&#8217;y\u0131 i\u015fgal emrini verdi\u011fi 22.08.1939 g\u00fcnl\u00fc konu\u015fmas\u0131na ili\u015fkin notlar da vard\u0131.<\/p>\n<ul>\n<li><em>Makale, bir yaz\u0131 dizisi olarak ele al\u0131nacak ve devam\u0131 gelecektir.<\/em><\/li>\n<\/ul>\n<p>&nbsp;<\/p>\n","protected":false},"excerpt":{"rendered":"<p>Ermeni diasporas\u0131n\u0131n \u00e7at\u0131\u00a0 kurulu\u015fu olan Ermeni \u00d6rg\u00fctleri\u00a0 Koordinasyon Konseyi\u2019nin 5 \u015eubat 2019 \u00a0tarihindeki toplant\u0131s\u0131nda Fransa Cumhurba\u015fkan\u0131 Emmanuel Macron, 24 Nisan tarihini\u00a0 s\u00f6zde Ermeni soyk\u0131r\u0131m\u0131n\u0131 anma g\u00fcn\u00fc ilan edece\u011fini a\u00e7\u0131klam\u0131\u015ft\u0131r.\u00a0 <\/p>\n","protected":false},"author":3,"featured_media":6839,"comment_status":"open","ping_status":"open","sticky":false,"template":"","format":"standard","meta":{"_links_to":"","_links_to_target":""},"categories":[66],"tags":[780,779,781,754,778,782,646,783],"yoast_head":"<!-- This site is optimized with the Yoast SEO plugin v16.0.2 - https:\/\/yoast.com\/wordpress\/plugins\/seo\/ -->\n<title>24 Nisan yakla\u015f\u0131rken s\u00f6zde Ermeni Soyk\u0131r\u0131m yalan\u0131na cevap: Bir manifesto - M\u0130SAK- Mill\u00ee Strateji Ara\u015ft\u0131rma Kurulu<\/title>\n<link rel=\"canonical\" href=\"https:\/\/millidusunce.com\/misak\/sozde-ermeni-soykirim-yalani\/\" \/>\n<meta property=\"og:locale\" content=\"tr_TR\" \/>\n<meta property=\"og:type\" content=\"article\" \/>\n<meta property=\"og:title\" content=\"24 Nisan yakla\u015f\u0131rken s\u00f6zde Ermeni Soyk\u0131r\u0131m yalan\u0131na cevap: Bir manifesto - M\u0130SAK- Mill\u00ee Strateji Ara\u015ft\u0131rma Kurulu\" \/>\n<meta property=\"og:description\" content=\"Ermeni diasporas\u0131n\u0131n \u00e7at\u0131\u00a0 kurulu\u015fu olan Ermeni \u00d6rg\u00fctleri\u00a0 Koordinasyon Konseyi\u2019nin 5 \u015eubat 2019 \u00a0tarihindeki toplant\u0131s\u0131nda Fransa Cumhurba\u015fkan\u0131 Emmanuel Macron, 24 Nisan tarihini\u00a0 s\u00f6zde Ermeni soyk\u0131r\u0131m\u0131n\u0131 anma g\u00fcn\u00fc ilan edece\u011fini a\u00e7\u0131klam\u0131\u015ft\u0131r.\u00a0\" \/>\n<meta property=\"og:url\" content=\"https:\/\/millidusunce.com\/misak\/sozde-ermeni-soykirim-yalani\/\" \/>\n<meta property=\"og:site_name\" content=\"M\u0130SAK- Mill\u00ee Strateji Ara\u015ft\u0131rma Kurulu\" \/>\n<meta property=\"article:published_time\" content=\"2019-04-10T16:30:00+00:00\" \/>\n<meta property=\"article:modified_time\" content=\"2019-04-09T14:38:15+00:00\" \/>\n<meta property=\"og:image\" content=\"https:\/\/millidusunce.com\/misak\/wp-content\/uploads\/2019\/04\/a1_175-1.jpg\" \/>\n\t<meta property=\"og:image:width\" content=\"600\" \/>\n\t<meta property=\"og:image:height\" content=\"387\" \/>\n<meta name=\"twitter:card\" content=\"summary_large_image\" \/>\n<meta name=\"twitter:label1\" content=\"Tahmini okuma s\u00fcresi\">\n\t<meta name=\"twitter:data1\" content=\"49 dakika\">\n<script type=\"application\/ld+json\" class=\"yoast-schema-graph\">{\"@context\":\"https:\/\/schema.org\",\"@graph\":[{\"@type\":\"Organization\",\"@id\":\"https:\/\/millidusunce.com\/misak\/#organization\",\"name\":\"Mill\\u00ee D\\u00fc\\u015f\\u00fcnce Merkezi\",\"url\":\"https:\/\/millidusunce.com\/misak\/\",\"sameAs\":[],\"logo\":{\"@type\":\"ImageObject\",\"@id\":\"https:\/\/millidusunce.com\/misak\/#logo\",\"inLanguage\":\"tr\",\"url\":\"https:\/\/millidusunce.com\/misak\/wp-content\/uploads\/2018\/09\/mdmLogo-yazisiz.jpg\",\"width\":422,\"height\":422,\"caption\":\"Mill\\u00ee D\\u00fc\\u015f\\u00fcnce Merkezi\"},\"image\":{\"@id\":\"https:\/\/millidusunce.com\/misak\/#logo\"}},{\"@type\":\"WebSite\",\"@id\":\"https:\/\/millidusunce.com\/misak\/#website\",\"url\":\"https:\/\/millidusunce.com\/misak\/\",\"name\":\"M\\u0130SAK- Mill\\u00ee Strateji Ara\\u015ft\\u0131rma Kurulu\",\"description\":\"D\\u00fcnyaya T\\u00fcrk\\u00e7\\u00fc Bak\\u0131\\u015f\",\"publisher\":{\"@id\":\"https:\/\/millidusunce.com\/misak\/#organization\"},\"potentialAction\":[{\"@type\":\"SearchAction\",\"target\":\"https:\/\/millidusunce.com\/misak\/?s={search_term_string}\",\"query-input\":\"required name=search_term_string\"}],\"inLanguage\":\"tr\"},{\"@type\":\"ImageObject\",\"@id\":\"https:\/\/millidusunce.com\/misak\/sozde-ermeni-soykirim-yalani\/#primaryimage\",\"inLanguage\":\"tr\",\"url\":\"https:\/\/millidusunce.com\/misak\/wp-content\/uploads\/2019\/04\/a1_175-1.jpg\",\"width\":600,\"height\":387},{\"@type\":\"WebPage\",\"@id\":\"https:\/\/millidusunce.com\/misak\/sozde-ermeni-soykirim-yalani\/#webpage\",\"url\":\"https:\/\/millidusunce.com\/misak\/sozde-ermeni-soykirim-yalani\/\",\"name\":\"24 Nisan yakla\\u015f\\u0131rken s\\u00f6zde Ermeni Soyk\\u0131r\\u0131m yalan\\u0131na cevap: Bir manifesto - M\\u0130SAK- Mill\\u00ee Strateji Ara\\u015ft\\u0131rma Kurulu\",\"isPartOf\":{\"@id\":\"https:\/\/millidusunce.com\/misak\/#website\"},\"primaryImageOfPage\":{\"@id\":\"https:\/\/millidusunce.com\/misak\/sozde-ermeni-soykirim-yalani\/#primaryimage\"},\"datePublished\":\"2019-04-10T16:30:00+00:00\",\"dateModified\":\"2019-04-09T14:38:15+00:00\",\"breadcrumb\":{\"@id\":\"https:\/\/millidusunce.com\/misak\/sozde-ermeni-soykirim-yalani\/#breadcrumb\"},\"inLanguage\":\"tr\",\"potentialAction\":[{\"@type\":\"ReadAction\",\"target\":[\"https:\/\/millidusunce.com\/misak\/sozde-ermeni-soykirim-yalani\/\"]}]},{\"@type\":\"BreadcrumbList\",\"@id\":\"https:\/\/millidusunce.com\/misak\/sozde-ermeni-soykirim-yalani\/#breadcrumb\",\"itemListElement\":[{\"@type\":\"ListItem\",\"position\":1,\"item\":{\"@type\":\"WebPage\",\"@id\":\"https:\/\/millidusunce.com\/misak\/\",\"url\":\"https:\/\/millidusunce.com\/misak\/\",\"name\":\"Anasayfa\"}},{\"@type\":\"ListItem\",\"position\":2,\"item\":{\"@type\":\"WebPage\",\"@id\":\"https:\/\/millidusunce.com\/misak\/sozde-ermeni-soykirim-yalani\/\",\"url\":\"https:\/\/millidusunce.com\/misak\/sozde-ermeni-soykirim-yalani\/\",\"name\":\"24 Nisan yakla\\u015f\\u0131rken s\\u00f6zde Ermeni Soyk\\u0131r\\u0131m yalan\\u0131na cevap: Bir manifesto\"}}]},{\"@type\":\"Article\",\"@id\":\"https:\/\/millidusunce.com\/misak\/sozde-ermeni-soykirim-yalani\/#article\",\"isPartOf\":{\"@id\":\"https:\/\/millidusunce.com\/misak\/sozde-ermeni-soykirim-yalani\/#webpage\"},\"author\":{\"@id\":\"https:\/\/millidusunce.com\/misak\/#\/schema\/person\/dceabd91d5707fd0a1f581be62144940\"},\"headline\":\"24 Nisan yakla\\u015f\\u0131rken s\\u00f6zde Ermeni Soyk\\u0131r\\u0131m yalan\\u0131na cevap: Bir manifesto\",\"datePublished\":\"2019-04-10T16:30:00+00:00\",\"dateModified\":\"2019-04-09T14:38:15+00:00\",\"mainEntityOfPage\":{\"@id\":\"https:\/\/millidusunce.com\/misak\/sozde-ermeni-soykirim-yalani\/#webpage\"},\"commentCount\":0,\"publisher\":{\"@id\":\"https:\/\/millidusunce.com\/misak\/#organization\"},\"image\":{\"@id\":\"https:\/\/millidusunce.com\/misak\/sozde-ermeni-soykirim-yalani\/#primaryimage\"},\"keywords\":\"1915 olaylar\\u0131,Boyer,Emmanuel Macron,Ermeni soyk\\u0131r\\u0131m\\u0131,Nicolas Sarkozy,Perin\\u00e7ek,S\\u00f6zde Ermeni soyk\\u0131r\\u0131m\\u0131,s\\u00f6zde ermeni soyk\\u0131r\\u0131m\\u0131 yalan\\u0131\",\"articleSection\":\"S\\u0130YASET-TAR\\u0130H\",\"inLanguage\":\"tr\",\"potentialAction\":[{\"@type\":\"CommentAction\",\"name\":\"Comment\",\"target\":[\"https:\/\/millidusunce.com\/misak\/sozde-ermeni-soykirim-yalani\/#respond\"]}]},{\"@type\":\"Person\",\"@id\":\"https:\/\/millidusunce.com\/misak\/#\/schema\/person\/dceabd91d5707fd0a1f581be62144940\",\"name\":\"Sad\\u0131k R\\u0131dvan Karluk\",\"image\":{\"@type\":\"ImageObject\",\"@id\":\"https:\/\/millidusunce.com\/misak\/#personlogo\",\"inLanguage\":\"tr\",\"url\":\"https:\/\/secure.gravatar.com\/avatar\/0ac86ba3095525619627cdd0589c5b8c?s=96&d=mm&r=g\",\"caption\":\"Sad\\u0131k R\\u0131dvan Karluk\"},\"description\":\"Prof. Dr. S. R\\u0131dvan Karluk, 1970\\u2019de Ankara \\u00dcniversitesi Siyasal Bilgiler Fak\\u00fcltesi\\u2019ni bitirdi. 1975\\u2019te doktor, 1979\\u2019da do\\u00e7ent oldu. 1975 \\u2013 1976\\u2019da Sussex \\u00dcniversitesi\\u2019nde doktora \\u00fcst\\u00fc ara\\u015ft\\u0131rma yapt\\u0131. 1982 y\\u0131l\\u0131nda Devlet Planlama Te\\u015fkilat\\u0131 AET Dairesini (Genel M\\u00fcd\\u00fcrl\\u00fck) kurdu. 1985-1990 y\\u0131llar\\u0131nda Paris\\u2019te, OECD T\\u00fcrkiye B\\u00fcy\\u00fckel\\u00e7ili\\u011fi\\u2019nde Planlama M\\u00fc\\u015faviri olarak \\u00e7al\\u0131\\u015ft\\u0131. 1990-1992 y\\u0131llar\\u0131nda Ba\\u015fbakanl\\u0131k Ba\\u015fm\\u00fc\\u015favirli\\u011fi\\u2019ne atand\\u0131. 1991 y\\u0131l\\u0131nda Anadolu \\u00dcniversitesi\\u2019ne ge\\u00e7mi\\u015f, 2014 y\\u0131l\\u0131nda emekli olmu\\u015ftur. Bu s\\u00fcre i\\u00e7inde \\u0130ktisadi Geli\\u015fme ve Uluslararas\\u0131 Geli\\u015fme Anabilim Dal\\u0131 Ba\\u015fkanl\\u0131\\u011f\\u0131, 2010-2013 d\\u00f6neminde \\u0130ktisat Fak\\u00fcltesi Dekanl\\u0131\\u011f\\u0131 yapm\\u0131\\u015ft\\u0131r. Uluslararas\\u0131 Ekonomi, T\\u00fcrkiye Ekonomisi, Avrupa Birli\\u011fi ve Uluslararas\\u0131 Ekonomik \\u0130li\\u015fkiler konular\\u0131nda 24 kitab\\u0131, 12 ortak ve 3 \\u00e7eviri eseri vard\\u0131r. Ortak yazarl\\u0131 bir ders kitab\\u0131 T\\u00dcBA \\u00fcniversite ders kitaplar\\u0131 2012 y\\u0131l\\u0131 telif ve \\u00e7eviri eser \\u00f6d\\u00fcl\\u00fc olmak \\u00fczere 6 bilimsel ara\\u015ft\\u0131rma \\u00f6d\\u00fcl\\u00fcne sahiptir. Eski\\u015fehir Sakarya gazetesi ile Turkish Forum\\u2019da (ABD) haftal\\u0131k g\\u00fcncel yaz\\u0131lar\\u0131 yay\\u0131nlanmaktad\\u0131r. \\u00d6zge\\u00e7mi\\u015fi WHO\\u2019s WHO D\\u00fcnya, Asya ve T\\u00fcrkiye bask\\u0131lar\\u0131nda yer alm\\u0131\\u015ft\\u0131r.\"}]}<\/script>\n<!-- \/ Yoast SEO plugin. -->","_links":{"self":[{"href":"https:\/\/millidusunce.com\/misak\/wp-json\/wp\/v2\/posts\/6789"}],"collection":[{"href":"https:\/\/millidusunce.com\/misak\/wp-json\/wp\/v2\/posts"}],"about":[{"href":"https:\/\/millidusunce.com\/misak\/wp-json\/wp\/v2\/types\/post"}],"author":[{"embeddable":true,"href":"https:\/\/millidusunce.com\/misak\/wp-json\/wp\/v2\/users\/3"}],"replies":[{"embeddable":true,"href":"https:\/\/millidusunce.com\/misak\/wp-json\/wp\/v2\/comments?post=6789"}],"version-history":[{"count":0,"href":"https:\/\/millidusunce.com\/misak\/wp-json\/wp\/v2\/posts\/6789\/revisions"}],"wp:featuredmedia":[{"embeddable":true,"href":"https:\/\/millidusunce.com\/misak\/wp-json\/wp\/v2\/media\/6839"}],"wp:attachment":[{"href":"https:\/\/millidusunce.com\/misak\/wp-json\/wp\/v2\/media?parent=6789"}],"wp:term":[{"taxonomy":"category","embeddable":true,"href":"https:\/\/millidusunce.com\/misak\/wp-json\/wp\/v2\/categories?post=6789"},{"taxonomy":"post_tag","embeddable":true,"href":"https:\/\/millidusunce.com\/misak\/wp-json\/wp\/v2\/tags?post=6789"}],"curies":[{"name":"wp","href":"https:\/\/api.w.org\/{rel}","templated":true}]}}