{"id":6933,"date":"2019-04-20T19:30:00","date_gmt":"2019-04-20T16:30:00","guid":{"rendered":"https:\/\/millidusunce.com\/misak\/?p=6933&#038;preview=true&#038;preview_id=6933"},"modified":"2019-04-20T17:25:51","modified_gmt":"2019-04-20T14:25:51","slug":"ermeni-soykirimi-yalani","status":"publish","type":"post","link":"https:\/\/millidusunce.com\/misak\/ermeni-soykirimi-yalani\/","title":{"rendered":"Haf\u0131za-i be\u015fer nisyan ile mal\u00fcld\u00fcr"},"content":{"rendered":"<p>&nbsp;<\/p>\n<div id=\"attachment_6979\" style=\"width: 1033px\" class=\"wp-caption alignnone\"><img aria-describedby=\"caption-attachment-6979\" loading=\"lazy\" class=\"wp-image-6979 size-full\" src=\"https:\/\/millidusunce.com\/misak\/wp-content\/uploads\/2019\/04\/depositphotos_72552985-stock-photo-palais-bourbon-french-parliament-paris.jpg\" alt=\"\" width=\"1023\" height=\"682\" srcset=\"https:\/\/millidusunce.com\/misak\/wp-content\/uploads\/2019\/04\/depositphotos_72552985-stock-photo-palais-bourbon-french-parliament-paris.jpg 1023w, https:\/\/millidusunce.com\/misak\/wp-content\/uploads\/2019\/04\/depositphotos_72552985-stock-photo-palais-bourbon-french-parliament-paris-150x100.jpg 150w, https:\/\/millidusunce.com\/misak\/wp-content\/uploads\/2019\/04\/depositphotos_72552985-stock-photo-palais-bourbon-french-parliament-paris-300x200.jpg 300w, https:\/\/millidusunce.com\/misak\/wp-content\/uploads\/2019\/04\/depositphotos_72552985-stock-photo-palais-bourbon-french-parliament-paris-768x512.jpg 768w\" sizes=\"(max-width: 1023px) 100vw, 1023px\" \/><p id=\"caption-attachment-6979\" class=\"wp-caption-text\">Palais Bourbon &#8211; Frans\u0131z Parlamentosu, Paris<\/p><\/div>\n<h6><\/h6>\n<p>Ermenistan devletinden dost olmaz; \u00e7\u00fcnk\u00fc<\/p>\n<ul>\n<li>Ermenistan Sovyet Sosyalist Cumhuriyeti Y\u00fcksek Sovyeti\u2019nin 23 A\u011fustos 1990 tarihli Ba\u011f\u0131ms\u0131zl\u0131k Bildirisi\u2019nin 12. maddesinde <em>\u201cErmenistan Cumhuriyeti, 1915 Osmanl\u0131 T\u00fcrkiye\u2019si ve Bat\u0131 Ermenistan\u2019da ger\u00e7ekle\u015ftirilen soyk\u0131r\u0131m\u0131n uluslararas\u0131 alanda kabul\u00fcn\u00fcn sa\u011flanmas\u0131 y\u00f6n\u00fcndeki \u00e7abalar\u0131 destekleyecektir.\u201d <\/em>ifadesine yer vermi\u015ftir.<\/li>\n<\/ul>\n<ul>\n<li>Ermenistan Parlamentosu, 23 Eyl\u00fcl 1991 tarihinde ald\u0131\u011f\u0131 ba\u011f\u0131ms\u0131zl\u0131k karar\u0131nda\u00a0<em>\u201cErmenistan Ba\u011f\u0131ms\u0131zl\u0131k Bildirisi\u2019ne sad\u0131k kalaca\u011f\u0131n\u0131\u201d<\/em> a\u00e7\u0131klam\u0131\u015f ve taahh\u00fct etmi\u015ftir,<\/li>\n<li>1995 y\u0131l\u0131nda kabul edilen Ermeni Anayasas\u0131\u2019nda\u00a0<em>\u201cErmenistan\u2019\u0131n Ba\u011f\u0131ms\u0131zl\u0131k Bildirisi\u2019ndeki ulusal hedeflere ba\u011fl\u0131 kalaca\u011f\u0131\u201d\u00a0<\/em>bir anayasa h\u00fckm\u00fc olmu\u015ftur. Soyk\u0131r\u0131m yalan\u0131n\u0131n uluslararas\u0131 alanda tan\u0131nmas\u0131n\u0131n Ermenistan\u2019\u0131n d\u0131\u015f politika hedefi oldu\u011fu belirtilmi\u015ftir,<\/li>\n<li>Erivan\u00b4da yap\u0131lan Geli\u015fen Ermenistan Partisi\u2019nin 4\u2019nc\u00fc Kurultay\u0131na kat\u0131lan Devlet Ba\u015fkan\u0131 Serj Sarkisyan,\u00a0<em>\u201cBa\u011f\u0131ms\u0131zl\u0131k Karaba\u011f halk\u0131n\u0131n se\u00e7imidir. Uluslararas\u0131 hukuk dahi bu konuda farkl\u0131 yakla\u015f\u0131m ortaya koyamaz.\u201d<\/em> demi\u015ftir,<\/li>\n<li>Ermenistan\u2019daki okul duvarlar\u0131nda as\u0131lan haritalarda T\u00fcrkiye\u2019nin 12 ili yer alm\u0131\u015ft\u0131r,<\/li>\n<li>Ermenistan Milli Mar\u015f\u0131\u2019nda\u00a0<em>\u201cTopraklar\u0131m\u0131z i\u015fgal alt\u0131nda, bu topraklar\u0131 azat etmek i\u00e7in \u00f6l\u00fcn, \u00f6ld\u00fcr\u00fcn.\u201d<\/em><em>\u00a0<\/em>yaz\u0131l\u0131d\u0131r.<\/li>\n<li>Karaba\u011f\u2019da katliam yapan Ermeni kuvvetlere komutanl\u0131k yapan eski Ermenistan Cumhurba\u015fkan\u0131 Serj Sarkisyan\u2019d\u0131r.<\/li>\n<li>Sarkisyan, \u0130ngiliz yazar Thomas De Waal\u2019a,\u00a0<em>\u201cHocal\u0131\u2019dan \u00f6nce Azeriler bizim \u015faka yapt\u0131\u011f\u0131m\u0131z\u0131 san\u0131yordu, Ermenilerin sivil topluma kar\u015f\u0131 el kald\u0131rmayacaklar\u0131n\u0131 san\u0131yorlard\u0131. Biz bunu- stereotipi- (zeka gerili\u011fi) k\u0131rmay\u0131 ba\u015fard\u0131k.\u201d<\/em><em>\u00a0<\/em>diyen ki\u015fidir.<\/li>\n<\/ul>\n<h2><strong>Hocal\u0131 bir \u00f6\u00e7 alma eylemiydi<\/strong><\/h2>\n<p>Fransa, Ermenilerin Hocal\u0131\u2019da yapt\u0131klar\u0131 soyk\u0131r\u0131m\u0131 g\u00f6rmezse, inand\u0131r\u0131c\u0131 olmaz. Eski ASALA <em>(Ermeni ter\u00f6r \u00f6rg\u00fct\u00fc ASALA\u2019n\u0131n askeri kanad\u0131n\u0131n 1981 y\u0131l\u0131nda G\u00fcney K\u0131br\u0131s\u2019a ge\u00e7ti\u011fini Kuznetsov a\u00e7\u0131klam\u0131\u015ft\u0131r)<\/em> eylemcilerinden Monte Melkonian Hocal\u0131\u2019ya yak\u0131n b\u00f6lgede Ermeni askeri birliklere komutanl\u0131k yapm\u0131\u015f ve katliamdan bir g\u00fcn sonra Hocal\u0131 \u00e7evresinde g\u00f6rd\u00fcklerini g\u00fcnl\u00fc\u011f\u00fcnde anlatm\u0131\u015ft\u0131r. Melkonian&#8217;\u0131n \u00f6l\u00fcm\u00fcnden sonra Markar Melkonian karde\u015finin g\u00fcnl\u00fc\u011f\u00fcn\u00fc Benim Karde\u015fimin Yolu (<em>My Brother&#8217;s Road: An American&#8217;s Fateful Journey to Armenia, I. B.Tauris,2005)<\/em> isimli kitapta Hocal\u0131 katliam\u0131 i\u00e7in \u015funlar\u0131 yazm\u0131\u015ft\u0131r: <em>\u201cHocal\u0131 stratejik bir ama\u00e7 olmas\u0131ndan ba\u015fka ayn\u0131 zamanda bir \u00f6\u00e7 alma eylemiydi.\u201d<\/em><\/p>\n<p>B\u00fcy\u00fck Ermenistan idealistlerinden ve \u0130nterpol taraf\u0131ndan t\u00fcm d\u00fcnyada aranan Zori Balayan 1995 y\u0131l\u0131nda yay\u0131nlanan Ruhumuzun Canlanmas\u0131 (<em>Heaven and Hell<\/em>, Los Angeles 1997, Yerevan 1995) kitab\u0131nda (s. 260-262) Hocal\u0131\u2019da soyk\u0131r\u0131m\u0131n yap\u0131ld\u0131\u011f\u0131n\u0131 itiraf etmi\u015ftir: <em>\u201cArkada\u015f\u0131m\u0131z Ha\u00e7atur&#8217;la ele ge\u00e7irdi\u011fimiz eve girerken askerlerimiz 13 ya\u015f\u0131nda bir T\u00fcrk \u00e7ocu\u011funu pencereye \u00e7ivilemi\u015flerdi. T\u00fcrk \u00e7ocu\u011funun ba\u011f\u0131r\u0131\u015flar\u0131 \u00e7ok duyulmas\u0131n diye, Ha\u00e7atur \u00e7ocu\u011fun annesinin kesilmi\u015f memesini \u00e7ocu\u011fun a\u011fz\u0131na soktu. Daha sonra 13 ya\u015f\u0131ndaki T\u00fcrk\u2019e onlar\u0131n atalar\u0131n\u0131n bizim \u00e7ocuklara yapt\u0131klar\u0131n\u0131 yapt\u0131m. Ba\u015f\u0131ndan ve karn\u0131ndan derisini soydum. Saate bakt\u0131m, T\u00fcrk \u00e7ocu\u011fu yedi dakika sonra kan kayb\u0131ndan \u00f6ld\u00fc. \u0130lk mesle\u011fim hekimlik oldu\u011fu i\u00e7in h\u00fcmanist idim, buna ra\u011fmen T\u00fcrk \u00e7ocu\u011funa yapt\u0131\u011f\u0131m bu i\u015fkencelerden dolay\u0131 kendimi rahats\u0131z hissetmedim. Ama ruhum halk\u0131m\u0131n y\u00fczde birinin bile intikam\u0131n\u0131 ald\u0131\u011f\u0131m i\u00e7in sevin\u00e7ten gururlan\u0131rd\u0131. Ha\u00e7atur daha sonra \u00f6lm\u00fc\u015f T\u00fcrk \u00e7ocu\u011funun cesedini par\u00e7a par\u00e7a do\u011frad\u0131 ve bu T\u00fcrk\u2019le ayn\u0131 k\u00f6kten olan k\u00f6peklere att\u0131. Ak\u015fam ayn\u0131 \u015feyi \u00fc\u00e7 T\u00fcrk \u00e7ocu\u011funa daha yapt\u0131k. Ben bir Ermeni vatansever olarak g\u00f6revimi yerine getirdim. Ha\u00e7atur da \u00e7ok terlemi\u015fti, ama ben onun g\u00f6zlerinde ve di\u011fer askerlerimizin g\u00f6zlerinde intikam ve g\u00fc\u00e7l\u00fc h\u00fcmanizmin m\u00fccadelesini g\u00f6rd\u00fcm. Ertesi g\u00fcn biz kiliseye giderek 1915&#8217;te \u00f6lenlerimiz ve ruhumuzun d\u00fcn g\u00f6rd\u00fc\u011f\u00fc kirden temizlenmesi i\u00e7in dua ettik. Ancak biz Hocal\u0131&#8217;y\u0131 ve vatan\u0131m\u0131z\u0131n bir par\u00e7as\u0131n\u0131 i\u015fgal eden 30 bin ki\u015filik pislikten temizlemeyi ba\u015fard\u0131k.\u201d<\/em><\/p>\n<p><em>Yukar\u0131daki sat\u0131rlar, Ermenilerin bir insanl\u0131k su\u00e7u i\u015fledi\u011finin itiraf\u0131d\u0131r<\/em>. Bu su\u00e7u i\u015fleyenlerin ba\u015f\u0131 Karaba\u011f sava\u015f\u0131nda Ermeni kuvvetlere komutanl\u0131k yapan eski Ermenistan Cumhurba\u015fkan\u0131 Serj Azati Sarkisyan\u2019d\u0131r. Kendisinin i\u015fledi\u011fi su\u00e7lardan yarg\u0131lanmas\u0131 gerekir. <em>(United Nations Security Council: Recognize Serzh Sargsyan, the President of Armenia, as a war criminal)<\/em><\/p>\n<p>Avrupa Konseyi Parlamenterler Konseyi\u2019nin 31 \u00fcyesi taraf\u0131ndan (12 T\u00fcrkiye, 8 Azerbaycan, 3 \u0130ngiltere, 2 Arnavutluk, 1 Bulgaristan, 1 L\u00fcksemburg, 1 Yugoslavya, 1 Makedonya, 1 Norve\u00e7, 1 Polonya) imzalanan, \u201c<em>Ermeniler t\u00fcm Hocal\u0131lar\u0131 \u00f6ld\u00fcrd\u00fcler ve t\u00fcm \u015fehri harap ettiler.\u201d<\/em>\u00a0ifadesinin yer ald\u0131\u011f\u0131 ve 19\u2019ncu y\u00fczy\u0131l\u0131n ba\u015flar\u0131ndan bu yana Ermeniler taraf\u0131ndan Azerilere kar\u015f\u0131 i\u015flenen katliamlar\u0131 soyk\u0131r\u0131m olarak tan\u0131maya ad\u0131m at\u0131lmas\u0131 gerekti\u011fini belirten 324 No.lu Bildiri yay\u0131nlanm\u0131\u015ft\u0131r ama bunun bir yapt\u0131r\u0131m\u0131 olmam\u0131\u015ft\u0131r.<\/p>\n<p><em>Hocal\u0131\u2019daki katliam\u0131 g\u00f6rmek istemeyip \u201cs\u00f6zde\u201d Ermeni soyk\u0131r\u0131m\u0131n\u0131 T\u00fcrkiye\u2019ye kabul ettirmek isteyenler, Ermeni isyanlar\u0131n\u0131 konu alan ve Amerikal\u0131 y\u00f6netmen Philip M. Callaghan taraf\u0131ndan \u00e7ekilen Ermeni \u0130syan\u0131 1894-1920 belgeselini izledikten sonra acaba ne diyecekler? <\/em><\/p>\n<p>D\u0131\u015fi\u015fleri Bakan\u0131 Mevl\u00fct \u00c7avu\u015fo\u011flu Hocal\u0131 soyk\u0131r\u0131m\u0131n\u0131n 25\u2019nci y\u0131l\u0131 an\u0131s\u0131na T\u00fcrk Kene\u015fi ve Ahmet Yesevi \u00dcniversitesi\u2019nin i\u015fbirli\u011fiyle d\u00fczenlenen Hocal\u0131 Soyk\u0131r\u0131m\u0131, \u0130nsanl\u0131\u011fa Kar\u015f\u0131 Su\u00e7lar ve Ter\u00f6rizm ba\u015fl\u0131kl\u0131 uluslararas\u0131 konferansta yapt\u0131\u011f\u0131 konu\u015fmada \u015funlar\u0131 s\u00f6ylemi\u015ftir: <em>\u201cHocal\u0131 katliam\u0131 bir ger\u00e7ektir. 21. y\u00fczy\u0131lda 25 sene \u00f6nce t\u00fcm d\u00fcnyan\u0131n g\u00f6zleri \u00f6n\u00fcnde ger\u00e7ekle\u015fmi\u015ftir. Esasen Hocal\u0131 Katliam\u0131n\u0131 yapanlar\u0131n o g\u00fcnk\u00fc komutan\u0131n\u0131n bunu izah etmesi ve savunmas\u0131 da ibretliktir. Diyor ki, &#8216;Ermenilerin, sivillere, kad\u0131nlara, \u00e7ocuklara dokunmayaca\u011f\u0131na inananlar Hocal\u0131&#8217;da ne yapabilece\u011fimizi g\u00f6rm\u00fc\u015flerdir.&#8217; B\u00f6yle bir vah\u015fet, bu kadar insanl\u0131k d\u0131\u015f\u0131 s\u00f6ylemlerle savunabilir. O ki\u015fi maalesef bug\u00fcn o \u00fclkeyi y\u00f6netiyor. Maalesef Ermenilerin insanl\u0131k anlay\u0131\u015f\u0131 budur. \u00d6zelikle bug\u00fcn Ermenistan\u2019\u0131 y\u00f6netenlerin.&#8221;<\/em><\/p>\n<h2><strong>Azerbaycan&#8217;a bir ders vermek istedik<\/strong><\/h2>\n<p>Avaaz The World in Action sitesinde konunun neden \u00f6nemli oldu\u011fu \u015f\u00f6yle a\u00e7\u0131klanmaktad\u0131r: <em>\u201cBu neden \u00f6nemli? Ne yaz\u0131k ki, \u015fu anki Ermenistan Devlet Ba\u015fkan\u0131 Cumhurba\u015fkan\u0131 Serzh Sarkisyan, Azerbaycan\u2019a birka\u00e7 kez sald\u0131rma politikas\u0131 nedeniyle uluslararas\u0131 \u00f6rg\u00fctler taraf\u0131ndan hala cezas\u0131z kalmaya devam ediyor. Serzh Sarkisyan, y\u00fczlerce insan\u0131n Ermeniler taraf\u0131ndan \u00f6ld\u00fcr\u00fcld\u00fc\u011f\u00fc Hocal\u0131 Katliam\u0131 \u00f6rg\u00fctleyen gruplara komuta etti. Hocal\u0131 kasabas\u0131n\u0131 moloz y\u0131\u011f\u0131n\u0131na \u00e7eviren bir katliam, 25-26 \u015eubat 1992 tarihlerinde Ermeni silahl\u0131 kuvvetleri taraf\u0131ndan ger\u00e7ekle\u015ftirildi. Sonu\u00e7 olarak, y\u00fczlerce Azerbaycanl\u0131 \u00f6ld\u00fcr\u00fcld\u00fc veya ele ge\u00e7irildi. Sa\u00e7ma sapan \u201cAzerbaycan&#8217;a bir ders vermek istedik!&#8221; ifadesi unutulmad\u0131! Hocal\u0131 Katliam\u0131 15 ABD eyaleti ve 7 \u00fclke taraf\u0131ndan tan\u0131nd\u0131 ve an\u0131ld\u0131. Serzh Sarkisyan\u2019\u0131n sava\u015f su\u00e7lar\u0131na ek olarak, Da\u011fl\u0131k Karaba\u011f ve 7 \u00e7evre il\u00e7enin i\u015fgaline do\u011frudan dahil oldu. Askeri, politik sald\u0131rganl\u0131\u011f\u0131n\u0131n uluslararas\u0131 toplum taraf\u0131ndan kald\u0131r\u0131lmas\u0131 gerekiyor. 1993 y\u0131l\u0131nda BM G\u00fcvenlik Konseyi, Ermeni kuvvetlerinin i\u015fgal alt\u0131ndaki b\u00f6lgelerden derhal ve ko\u015fulsuz olarak geri \u00e7ekilmesini talep eden d\u00f6rt karar\u0131 (822.853.874.884) kabul etti. Ancak, bu kararlar uygulanmamakta, ka\u011f\u0131t \u00fczerinde kalmaktad\u0131r.\u201d <\/em><\/p>\n<h2><strong>Sevr Anla\u015fmas\u0131 ve B\u00fcy\u00fck Ermenistan hayali<\/strong><\/h2>\n<p>Tarihte kalan tehciri soyk\u0131r\u0131ma d\u00f6n\u00fc\u015ft\u00fcrme \u00e7abalar\u0131n\u0131n alt\u0131nda Sevr (Sevres) Anla\u015fmas\u0131\u2019ndaki b\u00fcy\u00fck Ermenistan hayali yatar. T\u0131pk\u0131 25 Eyl\u00fcl\u2019de Barzani\u2019nin referandum yaparak kurmak istedi\u011fi b\u00fcy\u00fck K\u00fcrdistan gibi. Paris Bar\u0131\u015f Konferans\u0131 s\u00fcrecinde Ermenistan\u2019\u0131n s\u0131n\u0131rlar\u0131 konusu ABD Ba\u015fkan\u0131 Woodrow Wilson\u2019un hakemli\u011fine b\u0131rak\u0131lm\u0131\u015ft\u0131r. Wilson, General James G. Harbord ba\u015fkanl\u0131\u011f\u0131ndaki bir Amerikan heyetini incelemelerde bulunmak \u00fczere 1919 sonbahar\u0131nda T\u00fcrkiye\u2019ye g\u00f6ndermi\u015ftir. 1919 Eyl\u00fcl ve Ekim aylar\u0131nda T\u00fcrkiye\u2019de incelemeler yapan Harbord, vard\u0131\u011f\u0131 sonu\u00e7lar\u0131 bir raporla ABD Kongresi\u2019ne sunmu\u015ftur. Rapor\u2019da T\u00fcrkler ile Ermenilerin bar\u0131\u015f i\u00e7inde y\u00fczy\u0131llarca yan yana ya\u015fad\u0131klar\u0131, tehcir s\u0131ras\u0131nda T\u00fcrklerin de Ermeniler kadar ac\u0131 \u00e7ektikleri, Ermenilerin T\u00fcrkiye\u2019de hi\u00e7bir zaman \u00e7o\u011funlukta olmad\u0131klar\u0131 ve olaylara ili\u015fkin ac\u0131kl\u0131 ve korkun\u00e7 iddialar\u0131n yanl\u0131\u015f oldu\u011fu tespit edilmi\u015ftir.<\/p>\n<p>Kaynak: The 1920 Treaty Of S\u00e9vres And The Struggle For A Kurdish Homeland In Iraq and Turkey Between World Wars By Whitney Dylan Durham Bachelor Of Science In Geoscience The University Of Tennessee Martin, Tennessee 2000 Master Of Science in Geosciences Murray State University Murray, Kentucky 2003, s.108.<\/p>\n<p>ABD Kongresi rapor \u00fczerine 1920 Nisan ay\u0131nda Ermenistan\u2019a mandater olunmas\u0131n\u0131 reddetmi\u015ftir. Fakat Ba\u015fkan Wilson 22 Kas\u0131m 1920\u2019de Trabzon, Erzurum, Van ve Bitlis illerini Ermenistan\u2019a vermi\u015ftir. Bat\u0131 Ermenistan da, t\u0131pk\u0131 K\u00fcrdistan gibi Lozan Anla\u015fmas\u0131 ile tarih olmu\u015ftur. Sevr Anla\u015fmas\u0131, Atat\u00fcrk\u2019\u00fcn ifadesiyle T\u00fcrk Milleti\u2019ne kurulan b\u00fcy\u00fck suikastt\u0131r. Lozan Anla\u015fmas\u0131 ile K\u00fcrdistan ve B\u00fcy\u00fck Ermenistan hayali bitmi\u015ftir. Anla\u015fma, T\u00fcrkiye Cumhuriyeti\u2019nin tapusudur. Tapu delme hareketine Ermeni diasporas\u0131na \u00e7ok yak\u0131n olan baz\u0131 T\u00fcrk akademisyenlerin katk\u0131da bulunmas\u0131 \u00fcz\u00fcc\u00fcd\u00fcr. T\u00fcm bu \u00e7abalara ra\u011fmen T\u00fcrkiye Cumhuriyeti, Lozan Anla\u015fmas\u0131 ile garanti alt\u0131na al\u0131nan tapuyu deldirmeyecek g\u00fc\u00e7tedir ama T\u00fcrkiye\u2019ye y\u00f6nelik sistematik sald\u0131r\u0131lara mutlaka organize bir \u015fekilde cevap verilmelidir.<\/p>\n<h2><strong>Avrupa \u0130nsan Haklar\u0131 Mahkemesi\u2019nin kararlar\u0131 yok say\u0131l\u0131yor<\/strong><\/h2>\n<p>Fransa Cumhurba\u015fkan\u0131 Avrupa \u0130nsan Haklar\u0131 Mahkemesi\u2019nin kararlar\u0131na ra\u011fmen Ermeni soyk\u0131r\u0131m\u0131n\u0131n tan\u0131nmas\u0131 i\u00e7in giri\u015fimde bulunmas\u0131, A\u0130HM\u2019in 15 Ekim 2015 tarihli Perin\u00e7ek Karar\u0131\u2019n\u0131 yok saymas\u0131 anlam\u0131na gelir. Alman Federal Parlamentosu\u2019nun 2 Haziran 2016\u2019da \u201c1915 soyk\u0131r\u0131md\u0131r\u201d karar\u0131 alm\u0131\u015f olmas\u0131, kendisine yol g\u00f6stermi\u015ftir. Perin\u00e7ek Karar\u0131\u2019ndan sonra A\u0130HM yeni bir karar daha alarak T\u00fcrkiye\u2019nin tezlerini hakl\u0131 \u00e7\u0131karm\u0131\u015ft\u0131r. S\u00f6zde Ermeni soyk\u0131r\u0131m\u0131n\u0131n tan\u0131nmas\u0131 aleyhine verilen A\u0130HM\u2019nin 28 Kas\u0131m 2017\u00a0tarihli Mercan ve di\u011ferleri karar\u0131,\u00a0(Affaire Mercan et Autres C. Suisse, Requ\u00eate No 18411\/11) \u0130svi\u00e7re\u2019yi mahkum ederek Avrupa\u2019da uluslararas\u0131 hukuka sayg\u0131l\u0131 hakimlerin bulundu\u011funu g\u00f6stermi\u015ftir. (https:\/\/hudoc.echr.coe.int\/eng#{&#8220;itemid&#8221;:[&#8220;001-178955&#8221;]}<\/p>\n<p>G\u00fcn\u00fcm\u00fczde Birle\u015fmi\u015f Milletlere \u00fcye 193 \u00fclke vard\u0131r. S\u00f6zde Ermeni soyk\u0131r\u0131m\u0131n\u0131 yasa ve parlamento karar\u0131yla kabul eden, bu durumu tart\u0131\u015fan ve k\u0131smen 1915 olaylar\u0131n\u0131 soyk\u0131r\u0131m olarak kabul eden <a href=\"https:\/\/21yyte.org\/tr\/merkezler\/bolgesel-arastirma-merkezleri\/balkanlar-ve-kibris-arastirmalari-merkezi\/ermeni-iddialarini-kabul-eden-ulkeler\">29 \u00fclke<\/a> bulunmaktad\u0131r. 19 \u00fclke meclis karar\u0131yla, 4 \u00fclke yasayla ve toplamda\u00a029 \u00fclke\u00a01915\u00a0olaylar\u0131n\u0131 soyk\u0131r\u0131m olarak tan\u0131maktad\u0131r. Almanya\u2019da 1 Haziran 2016\u2019daki oylamada sadece\u00a0bir \u00e7ekimser ve bir ret\u00a0oyu kullan\u0131lm\u0131\u015f, Ba\u015fbakan Angela Merkel, Ba\u015fbakan Yard\u0131mc\u0131s\u0131 Sigmar Gabriel ve\u00a0D\u0131\u015fi\u015fleri Bakan\u0131 Frank-Walter Steinmeier oylamaya kat\u0131lmam\u0131\u015f, tasar\u0131n\u0131n oyland\u0131\u011f\u0131 s\u0131rada h\u00fck\u00fcmet s\u0131ralar\u0131 bo\u015f kalm\u0131\u015ft\u0131. Ocak 2017 de Danimarka Parlamentosu (Folketing) ise sorunun tarihi belgelerin tarih\u00e7ilere a\u00e7\u0131larak serbest tarih ara\u015ft\u0131rmalar\u0131 yoluyla \u00e7\u00f6z\u00fclmesini, tarihi olaylar hakk\u0131nda parlamentonun h\u00fck\u00fcm vermeme gelene\u011fini devam ettirece\u011fine karar vermi\u015ftir.<\/p>\n<h2><strong>Ye\u015filler Partisi E\u015f Ba\u015fkan\u0131, milletvekili Cem \u00d6zdemir karar\u0131 \u00e7\u0131kart\u0131yor<\/strong><\/h2>\n<p>Alman Federal Meclisi Ye\u015filler Partisi E\u015f Ba\u015fkan\u0131, milletvekili Cem \u00d6zdemir karar\u0131n \u00e7\u0131kmas\u0131nda ba\u015f\u0131 \u00e7ekmi\u015ftir. Kar\u015f\u0131l\u0131\u011f\u0131nda kendisine Ermenistan&#8217;\u0131n <em>\u201cMkhitar Gosh\u201d<\/em> madalyas\u0131 verilmi\u015ftir. 23 Mart 2018\u2019de Ermenistan&#8217;\u0131n Berlin B\u00fcy\u00fckel\u00e7ili\u011finde d\u00fczenlenen t\u00f6rende b\u00fcy\u00fckel\u00e7i Ashot Smbatyan, 12.yy\u2019da ya\u015fam\u0131\u015f Ermeni tarih\u00e7i Nerses \u015enorhali\u2019nin s\u00f6zlerini al\u0131nt\u0131layarak <em>\u201cGer\u00e7ek bilgelik, nesnelere farkl\u0131 a\u00e7\u0131lardan bakabilmektir.\u201d<\/em> demi\u015ftir. \u00d6zdemir, 12 Mart 2015 tarihinde Yerevan\u2019daki s\u00f6zde Ermeni soyk\u0131r\u0131m\u0131 an\u0131t\u0131n\u0131 ziyaret ederek s\u00f6zde Ermeni soyk\u0131r\u0131m\u0131n\u0131n tan\u0131nmas\u0131 gerekti\u011fini s\u00f6ylemi\u015ftir. 2016 y\u0131l\u0131nda \u00d6zdemir, Federal Meclis&#8217;te 1915 katliam\u0131n\u0131 soyk\u0131r\u0131m olarak tan\u0131mlayan karar\u0131n \u00e7\u0131kmas\u0131 i\u00e7in b\u00fcy\u00fck \u00e7aba harcam\u0131\u015ft\u0131r.<\/p>\n<div id=\"attachment_6935\" style=\"width: 712px\" class=\"wp-caption aligncenter\"><img aria-describedby=\"caption-attachment-6935\" loading=\"lazy\" class=\"wp-image-6935 size-full\" src=\"https:\/\/millidusunce.com\/misak\/wp-content\/uploads\/2019\/04\/m.jpg\" alt=\"\" width=\"702\" height=\"467\" srcset=\"https:\/\/millidusunce.com\/misak\/wp-content\/uploads\/2019\/04\/m.jpg 702w, https:\/\/millidusunce.com\/misak\/wp-content\/uploads\/2019\/04\/m-150x100.jpg 150w, https:\/\/millidusunce.com\/misak\/wp-content\/uploads\/2019\/04\/m-300x200.jpg 300w\" sizes=\"(max-width: 702px) 100vw, 702px\" \/><p id=\"caption-attachment-6935\" class=\"wp-caption-text\">Almanya Ermenistan B\u00fcy\u00fckel\u00e7isi Ashot Smbatyan-Alman Federal Meclisi Ye\u015filler Partisi E\u015f Ba\u015fkan\u0131 ve milletvekili Cem \u00d6zdemir<\/p><\/div>\n<h2><strong>Fransa baz\u0131 ba\u015far\u0131l\u0131 T\u00fcrklere ni\u015fan vererek neyi ama\u00e7lamaktad\u0131r? <\/strong><\/h2>\n<p>Fransa baz\u0131 ba\u015far\u0131l\u0131 ki\u015filere ni\u015fan vererek neyi ama\u00e7lamaktad\u0131r? Ni\u015fanla \u00f6d\u00fcllendirilen T\u00fcrk vatanda\u015flar\u0131n\u0131n sonuncusu Pegasus Hava Yollar\u0131 Y\u00f6netim Kurulu Ba\u015fkan\u0131 Ali Sabanc\u0131\u2019d\u0131r. Sabanc\u0131\u2019ya Fransa\u2019n\u0131n\u00a0Chevalier dans I&#8217;Ordre National de la L\u00e9gion d&#8217;Honneur\u00a0ni\u015fan\u0131 verilmi\u015ftir. Ni\u015fan, Napol\u00e9on Bonaparte taraf\u0131ndan\u00a019 May\u0131s 1802 tarihinde yay\u0131nlanan bir kararnameyle olu\u015fturulmu\u015ftur. Napolyon d\u00f6neminden bu yana verilmekte olan ni\u015fan, Fransa\u2019da ciddi bir \u2018se\u00e7kinler a\u011f\u0131na\u2019 dahil olman\u0131n yan\u0131 s\u0131ra, pek \u00e7ok kazan\u0131m da sunmaktad\u0131r. Bu sebeple ni\u015fan\u0131 alan \u00e7o\u011fu ki\u015fi bunu iade etmez. Bununla beraber Fransa&#8217;n\u0131n 2006&#8217;da Ermeni iddialar\u0131n\u0131n inkar\u0131n\u0131 su\u00e7 sayan yasa tasar\u0131s\u0131n\u0131 kabul etmesinin ard\u0131ndan, Legion d&#8217;Honneur sahibi ge\u00e7mi\u015fte birlikte g\u00f6rev yapt\u0131\u011f\u0131m\u0131z, \u00e7ok de\u011ferli dostum rahmetli eski Devlet Bakan\u0131 Kamran \u0130nan ve eski Y\u00d6K Ba\u015fkan\u0131 Prof. Dr. Erdo\u011fan Tezi\u00e7 ni\u015fanlar\u0131n\u0131 iade etmi\u015flerdi. Ehess \/ Paris ve Inserm ara\u015ft\u0131rma merkezi profes\u00f6rlerinden sosyolog Annie Th\u00e9baud-Mony\u2019nin de 14 Temmuz 2012 tarihinde kendisine verilen L\u00e9gion d\u2019Honneur ni\u015fan\u0131n\u0131 kabul etmemi\u015ftir. Mony\u2019nin reddetme gerek\u00e7esi \u015f\u00f6yledir:\u00a0<em>\u201c\u00c7al\u0131\u015fma ko\u015fullar\u0131ndaki k\u00f6t\u00fcle\u015fmeyi, i\u015f kazas\u0131 ve meslek hastal\u0131klar\u0131n\u0131n yaratt\u0131\u011f\u0131 dramlar\u0131, asbest, tar\u0131m ila\u00e7lar\u0131, n\u00fckleer ve kimyasal at\u0131klar\u0131n do\u011fal \u00e7evremizi nas\u0131l tahrip etti\u011fini g\u00f6r\u00fcn\u00fcr k\u0131lmaya \u00e7al\u0131\u015ft\u0131\u011f\u0131m\u0131z zaman, kamusal otoriteler taraf\u0131ndan ciddiye al\u0131nmak istiyoruz.\u201d<\/em><\/p>\n<p>Legion d&#8217;Honneur ni\u015fan\u0131 alan T\u00fcrk vatanda\u015flar\u0131ndan baz\u0131lar\u0131 \u015funlard\u0131r: Ali Sabanc\u0131, Leyla Alaton, Z\u00fclf\u00fc Livaneli, Ya\u015far Kemal, Tar\u0131k Zafer Tunaya, Sak\u0131p Sabanc\u0131, \u0130nan K\u0131ra\u00e7 ve Ya\u015far Kemal, Sani \u015eener, Kamran \u0130nan, Erdo\u011fan Tezi\u00e7, Hikmet \u00c7etin, Ay\u015fe G\u00fcls\u00fcn Bilgehan, Lucien Arkas, G\u00f6k\u015fin Sipahio\u011flu, Nebahat Akko\u00e7, Mehmet Erbak, Tunay \u0130nce. Frans\u0131z muhafazakar e\u011filimli Le Figaro gazetesinde <em>\u201cFransa Dostlar\u0131 T\u00fcrklerin D\u00fc\u015f K\u0131r\u0131kl\u0131\u011f\u0131\u201d<\/em><em>\u00a0<\/em>ba\u015fl\u0131kl\u0131 bir makale yay\u0131nlanm\u0131\u015ft\u0131r. Yaz\u0131y\u0131 yazan Frans\u0131z kad\u0131n gazeteci Marie Michele Martinet, Zeynep G\u00f6\u011f\u00fc\u015f\u2019\u00fcn Tempo\u2019da yay\u0131nlanan <em>\u201c17 Aral\u0131k\u2019ta Fransa T\u00fcrkiye\u2019yi engellerse Ya\u015far Kemal Frans\u0131zlar\u0131n en y\u00fcksek devlet ni\u015fan\u0131 olan Legion d\u2019Honneur\u2019\u00fc geri versin.\u201d<\/em> s\u00f6zlerine yer vermi\u015ftir ama Ya\u015far Kemal ni\u015fan\u0131 geri vermemi\u015ftir. Ya\u015far Kemal 18 Aral\u0131k 2011 tarihinde Legion d\u2019Honneur ni\u015fan\u0131 alm\u0131\u015ft\u0131.<\/p>\n<p>Fransa\u2019dan \u00f6d\u00fcl alanlar ni\u015fanlar\u0131 iade etmezken, G\u00fcney Afrika\u2019n\u0131n eski Devlet Ba\u015fkan\u0131 Nelson Mandela 1992 y\u0131l\u0131nda kendisine verilecek olan Atat\u00fcrk Uluslararas\u0131 Bar\u0131\u015f \u00d6d\u00fcl\u00fc\u2019n\u00fc reddetmi\u015ftir. Fakat \u00e7ok enteresan 93 ya\u015f\u0131ndaki Mandela ABD\u2019nin Houston \u00dcniversitesi b\u00fcnyesinde faaliyet g\u00f6steren G\u00fclen Enstit\u00fcs\u00fc\u2019n\u00fcn 2010 Bar\u0131\u015f \u00d6d\u00fcl\u00fcn\u00fc 24 Ocak 2011\u2019de alm\u0131\u015ft\u0131r. (https:\/\/www.risalehaber.com\/gulen-enstitusu-baris-odulu-mandelaya-verildi-96530h.htm)<\/p>\n<p>Ali Sabanc\u0131\u2019n\u0131n ni\u015fan t\u00f6reninde konu\u015fan\u00a0Frans\u0131z B\u00fcy\u00fckel\u00e7i Fries,\u00a0<em>\u201cBu ak\u015fam Fransa Cumhuriyeti, Napoleon Bonaparte taraf\u0131ndan ihdas edilen ve Fransa\u2019n\u0131n en eski ve sayg\u0131n ni\u015fan\u0131 olan Legion d\u2019Honneur ni\u015fan\u0131 ile size taltif ederek, liyakatlar\u0131n\u0131z\u0131 onurland\u0131rmak istemi\u015ftir. Say\u0131n Ali Sabanc\u0131, Cumhurba\u015fkan\u0131 ad\u0131na, sizi Legion d\u2019Honneur \u015f\u00f6valyelik ni\u015fan\u0131yla taltif ediyoruz\u201d<\/em>\u00a0demi\u015ftir ama Macron, 15 g\u00fcn \u00f6nce 31 Ocak\u2019ta Ermeni diasporas\u0131n\u0131n \u00e7at\u0131 kurulu\u015fu olan Ermeni \u00d6rg\u00fctleri Koordinasyon Konseyi&#8217;nin (Conseil de Coordination des organisations Arm\u00e9niennes de France: CCAF) y\u0131ll\u0131k yeme\u011fine kat\u0131larak T\u00fcrkiye\u2019yi s\u00f6zde Ermeni soyk\u0131r\u0131m\u0131 konusunda ele\u015ftirmi\u015ftir. Macron etkinlikte yapt\u0131\u011f\u0131 konu\u015fmada, Fransa&#8217;da Ermeni soyk\u0131r\u0131m\u0131n\u0131 anma g\u00fcn\u00fc ilan edilece\u011fini, Cumhurba\u015fkan\u0131 se\u00e7ilmeden \u00f6nce bu konuda s\u00f6z verdi\u011fini a\u00e7\u0131klam\u0131\u015ft\u0131r: <em>&#8220;Ermeni soyk\u0131r\u0131m\u0131n\u0131n tan\u0131nmas\u0131 ve adalet i\u00e7in m\u00fccadele hepimizin m\u00fccadelesidir. Bu m\u00fccadeleyi, soyk\u0131r\u0131m\u0131 anma g\u00fcn\u00fcn\u00fc destekleyerek y\u00fcr\u00fct\u00fcyoruz.&#8221;<\/em> Macron yemekte Ermeni k\u00f6kenli HDP \u0130stanbul milletvekili\u00a0Garo Paylan&#8217;a \u00f6zel ilgi g\u00f6stermi\u015f, Ermeni etkinli\u011finde Paris B\u00fcy\u00fck\u015fehir Belediyesi taraf\u0131ndan Paylan\u2019a Vermeil Madalyas\u0131 (la m\u00e9daille Grand Vermeil) verilmi\u015ftir.\u00a0Garo Paylan Artsakhpress.am\u2019 de yer alan demecinde Afrin operasyonuna kar\u015f\u0131 oldu\u011funu a\u00e7\u0131klam\u0131\u015ft\u0131: <em>\u201cSava\u015f\u0131n destek\u00e7ileri de sava\u015f\u0131n su\u00e7 orta\u011f\u0131d\u0131r. Afrin sava\u015f\u0131na \u201chay\u0131r\u201d deyin, bu su\u00e7un bir par\u00e7as\u0131 olmay\u0131n.\u201d\u00a0<\/em><\/p>\n<h2><strong>Orhan Pamuk\u2019a Legion d\u2019Honneur ni\u015fan\u0131 ve Nobel \u00f6d\u00fcl\u00fc<\/strong><\/h2>\n<p>Orhan Pamuk\u2019a 29 Ekim 2012 tarihinde d\u00fczenlenen t\u00f6renle Legion d\u2019Honneur ni\u015fan\u0131 verilmi\u015ftir. Pamuk, \u0130svi\u00e7re\u2019nin g\u00fcnl\u00fck Tagesanzeiger gazetesinde\u00a06 \u015eubat 2005\u00a0tarihinde yay\u0131nlanan r\u00f6portaj\u0131nda\u00a0<em>\u201cT\u00fcrkiye\u2019de otuz bin K\u00fcrt ve bir milyon Ermeni \u00f6ld\u00fcr\u00fcld\u00fc. Neredeyse benim d\u0131\u015f\u0131mda hi\u00e7 kimse konu\u015fmaya cesaret edemiyor ve milliyet\u00e7iler bunun i\u00e7in benden nefret ediyorlar.\u201d<\/em>\u00a0demi\u015fti. T\u00fcrkiye\u2019de bir milyon Ermeni \u00f6ld\u00fcr\u00fclmemi\u015ftir. \u00c7\u00fcnk\u00fc T\u00fcrkiye Cumhuriyeti 1923 y\u0131l\u0131nda kurulmu\u015ftur. Pamuk, ni\u015fan almas\u0131ndan \u00f6nce ABD\u2018de yay\u0131mlanan Time dergisinin 8 May\u0131s\u00a02006\u00a0tarihli say\u0131s\u0131n\u0131n\u00a0Time 100: D\u00fcnyam\u0131z\u0131 Bi\u00e7imlendiren Ki\u015filer\u00a0ba\u015fl\u0131kl\u0131 kapak yaz\u0131s\u0131nda tan\u0131t\u0131lan 100 ki\u015fiden biri olmu\u015f,\u00a02007 May\u0131s\u2018\u0131nda yap\u0131lan\u00a060. Cannes Film Festivali\u2019nde j\u00fcri \u00fcyeli\u011fi yapm\u0131\u015ft\u0131r.\u00a012 Ekim 2006 tarihinde Frans\u0131zlar\u0131n Ermeni soyk\u0131r\u0131m\u0131n\u0131 inkara ceza yasas\u0131n\u0131 parlamentolar\u0131ndan ge\u00e7irdikleri g\u00fcn Orhan Pamuk\u2019a Nobel Edebiyat \u00d6d\u00fcl\u00fc verilmi\u015ftir. Acaba bu bir tesad\u00fcf m\u00fcd\u00fcr? Acaba Fransa\u2019dan \u00f6d\u00fcl alan Pamuk\u2019un a\u015fa\u011f\u0131daki ger\u00e7eklerden haberi var m\u0131d\u0131r?<\/p>\n<ul>\n<li>Fransa,T\u00fcrkiye\u2019yi tarihte yap\u0131lmayan s\u00f6zde Ermeni soyk\u0131r\u0131m\u0131 ile su\u00e7layan ve bu konuda parlamentosundan yasa \u00e7\u0131karan ilk \u00fclkedir.\u00a029 Ocak 2001\u00a0tarihinde onaylanan bir c\u00fcmlelik yasa \u015f\u00f6yledir:<em>\u201cFransa<\/em>, <em>Ermenilerin 1915 y\u0131l\u0131nda maruz kald\u0131\u011f\u0131 soyk\u0131r\u0131m\u0131 tan\u0131r.\u201d<\/em><\/li>\n<li>Fransa, Osmanl\u0131 \u0130mparatorlu\u011funu tarihe g\u00f6men Sevr (Sevres) Anla\u015fmas\u0131\u2019n\u0131n imzaland\u0131\u011f\u0131 Paris\u2019in Sevr banliy\u00f6s\u00fcndeki Porselen m\u00fczesinin \u00f6n\u00fcne Ermeniler taraf\u0131ndan\u00a08 Mart 2001\u00a0tarihinde\u00a0Ermeni Kin An\u0131t\u0131\u00a0a\u00e7\u0131lmas\u0131na izin veren \u00fclkedir. Bu s\u00f6zde kin an\u0131t\u0131n\u0131n \u00fczerinde\u00a0<em>\u201c1915\u2019te J\u00f6n T\u00fcrk H\u00fck\u00fcmeti taraf\u0131ndan katledilen 1,5 milyon Ermeninin an\u0131s\u0131na\u201d <\/em>yaz\u0131l\u0131d\u0131r. Bu an\u0131t\u0131n dikilmesindeki mesaj \u015fudur: <em>\u201cBiz Ermeniler T\u00fcrkiye Cumhuriyetini kuran Lozan Anla\u015fmas\u0131n\u0131 tan\u0131m\u0131yoruz. Bizler Sevr Anla\u015fmas\u0131n\u0131n halen y\u00fcr\u00fcrl\u00fckte oldu\u011funu kabul ediyoruz. \u00c7\u00fcnk\u00fc Sevr\u2019de b\u00fcy\u00fck Ermenistan vard\u0131r.\u201d<\/em>\u00a0Ermenistan, T\u00fcrkiye\u2019nin do\u011fu s\u0131n\u0131rlar\u0131n\u0131 tan\u0131mamakta ve A\u011fr\u0131 da\u011f\u0131n\u0131 kendi topra\u011f\u0131 olarak g\u00f6rmektedir.<\/li>\n<li>Fransa,\u00a024 Nisan 2003 tarihinde Paris\u2019te Kanada Meydan\u0131&#8217;na Komitas Sogomonyan ad\u0131nda bir s\u00f6zde Ermeni kin an\u0131t\u0131 dikilmesini onaylam\u0131\u015ft\u0131r. Fransa\u2019n\u0131n hi\u00e7bir yerinde Karaba\u011f\u2019da Ermeniler taraf\u0131ndan yap\u0131lan soyk\u0131r\u0131m\u0131 ile ilgili bir Hocal\u0131 Soyk\u0131r\u0131m An\u0131t\u0131 yoktur.<\/li>\n<li>Fransa, d\u00f6nemin T\u00fcrk b\u00fcy\u00fckel\u00e7isi taraf\u0131ndan terk edilen \u00fclkedir. Eski D\u0131\u015fi\u015fleri ve Milli Savunma Bakan\u0131\u00a0Hasan Esat I\u015f\u0131k 1968\u2019lerde Paris B\u00fcy\u00fckel\u00e7isi\u2019dir. Fransa\u2019daki Ermenilerin k\u0131\u015fk\u0131rt\u0131p dayatmas\u0131yla Marsilya\u2019da yap\u0131lacak olan Ermeni soyk\u0131r\u0131m\u0131 an\u0131t\u0131na kar\u015f\u0131 \u00e7\u0131kar. An\u0131t\u0131n a\u00e7\u0131l\u0131\u015f t\u00f6renine Frans\u0131z h\u00fck\u00fcmetinin resmen kat\u0131lmamas\u0131n\u0131 ister. Ancak an\u0131t\u0131n a\u00e7\u0131l\u0131\u015f\u0131na Frans\u0131z bakanlardan birinin kat\u0131ld\u0131\u011f\u0131n\u0131 g\u00f6r\u00fcnce sabr\u0131 ta\u015far ve Ankara\u2019ya sorma gere\u011fini dahi duymadan Paris\u2019i terk edip Ankara\u2018ya d\u00f6ner, geli\u015fmelere kar\u015f\u0131 dik bir duru\u015f sergiler. Hemingway\u2019in <em>\u201cCesaret, olaylar kar\u015f\u0131s\u0131nda g\u00f6sterilen zarafettir.<\/em>\u201d s\u00f6z\u00fcne sad\u0131k kal\u0131r.<\/li>\n<li>Fransa, T\u00fcrkiye\u2019nin Paris B\u00fcy\u00fckel\u00e7isini koruyamam\u0131\u015f ve B\u00fcy\u00fckel\u00e7i\u00a0\u0130smail Erez\u2019in 1984 y\u0131l\u0131nda Ermeni ter\u00f6r \u00f6rg\u00fct\u00fc ASALA taraf\u0131ndan \u015fehit edilmesine engel olamam\u0131\u015ft\u0131r.<\/li>\n<li>Fransa, diplomatlar\u0131m\u0131z\u0131n ASALA ter\u00f6ristlerince \u015fehit edildi\u011fi bir \u00fclkedir.<\/li>\n<li>Fransa, B\u00fcy\u00fckel\u00e7ili\u011fimizin arkas\u0131nda bulundu\u011fu Paris\u2019in en k\u00fc\u00e7\u00fck soka\u011f\u0131na (148 m. uzunluk, 15 m. geni\u015flik)\u00a0Ankara\u00a0<em>(rue d\u2019Ankara) <\/em>ad\u0131n\u0131 veren \u00fclkedir.<\/li>\n<li>Fransa, Ruanda\u2019da 1994&#8217;te yakla\u015f\u0131k 800 bin ki\u015finin \u00f6ld\u00fcr\u00fcld\u00fc\u011f\u00fc soyk\u0131r\u0131ma bula\u015fm\u0131\u015ft\u0131r. Fransa\u2019y\u0131 soyk\u0131r\u0131m su\u00e7unun i\u015flenmesine kat\u0131lmakla su\u00e7layan Ruanda H\u00fck\u00fcmeti, 33 Frans\u0131z siyasi ve askeri yetkilinin adalet \u00f6n\u00fcne \u00e7\u0131kar\u0131lmalar\u0131n\u0131 istemi\u015ftir. Fransa\u2019n\u0131n soyk\u0131r\u0131mdaki rol\u00fcn\u00fc ara\u015ft\u0131rmak i\u00e7in Adalet Bakanl\u0131\u011f\u0131 b\u00fcnyesinde kurulan ba\u011f\u0131ms\u0131z komisyon taraf\u0131ndan yay\u0131mlanan 500 sayfal\u0131k raporda, <em>\u201cFrans\u0131z deste\u011finin siyasi, askeri, diplomatik ve lojistik do\u011fas\u0131n\u0131n bulundu\u011fu\u201d <\/em>ifade edilmi\u015ftir.<\/li>\n<li>Fransa, Terry George\u2019\u0131n\u00a02004\u00a0yap\u0131m\u0131\u00a0Otel Ruanda filminde ge\u00e7en olaylar\u0131 inkar eden bir \u00fclkedir,<\/li>\n<li>Fransa, Cezayir\u2019de ger\u00e7ekle\u015ftirdi\u011fi soyk\u0131r\u0131m\u0131n hesab\u0131n\u0131 hen\u00fcz verememi\u015ftir. Eski Fransa Cumhurba\u015fkan\u0131 Sarkozy 2006\u2019da Cezayir\u2019e yapt\u0131\u011f\u0131 bir ziyarette<em>\u201cBabalar\u0131n\u0131n yanl\u0131\u015flar\u0131 i\u00e7in o\u011fullar\u0131n \u00f6z\u00fcr dilemesi beklenemez<\/em><em>\u201d<\/em>\u00a0s\u00f6zleriyle Fransa\u2019n\u0131n Cezayir\u2019de i\u015fledi\u011fi insanl\u0131k su\u00e7lar\u0131n\u0131 tan\u0131mayaca\u011f\u0131n\u0131 s\u00f6ylemi\u015ftir.\u00a0Fransa\u00a0eski Cumhurba\u015fkan\u0131\u00a0Fran\u00e7ois Mitterrand da\u00a0\u201c<em>O \u00fclkelerde bir soyk\u0131r\u0131m ya\u015fanmas\u0131 o kadar da \u00f6nemli bir \u015fey de\u011fil.\u201d <\/em>\u015feklinde a\u00e7\u0131klamada bulunmu\u015ftur.\u00a0<em>(Le Figaro,\u00a012 Ocak 1998)<\/em><\/li>\n<li>Fransa, Avrupa Birli\u011fi m\u00fczakere s\u00fcrecinde 5 m\u00fczakere ba\u015fl\u0131\u011f\u0131n\u0131 veto ederek T\u00fcrkiye-AB ili\u015fkilerinin donmas\u0131na neden olmu\u015ftur.<\/li>\n<li>Fransa,\u00a0Anayasa Mahkemesi\u2019nin s\u00f6zde soyk\u0131r\u0131m yasas\u0131n\u0131 iptal karar\u0131na ra\u011fmen s\u00f6zde soyk\u0131r\u0131m iddialar\u0131n\u0131 ortaokul ders kitaplar\u0131na sokmu\u015ftur.<\/li>\n<li>Fransa, 29 Ekim 1919\u2019da Kilis\u2019i ve 5 Kas\u0131m 1919\u2019da Antep\u2019i i\u015fgal eden \u00fclkedir.<\/li>\n<li>Fransa, Gaziantep ve Kahraman Mara\u015f\u2019ta Ermenilerce yap\u0131lan T\u00fcrk katliamlar\u0131 i\u00e7in Fransa\u2019da an\u0131t a\u00e7\u0131lmas\u0131na izin vermeyen \u00fclkedir.<\/li>\n<li>Fransa, s\u00f6zde Ermeni soyk\u0131r\u0131m\u0131 anketi yapan bir \u00fclkedir. Ankette yeni bir Ermeni soyk\u0131r\u0131m\u0131 yasas\u0131 gerekli mi diye sorulmu\u015ftur. (<a href=\"http:\/\/www.newsring.fr\/societe\/165-faut-il-une-loi-sur-le-genocide-armenien\">http:\/\/www.newsring.fr\/societe\/165-faut-il-une-loi-sur-le-genocide-armenien<\/a>) Ankette 274.555 oy kullan\u0131lm\u0131\u015ft\u0131r. Oylar\u0131n y\u00fczde 52\u2019si yeni bir s\u00f6zde Ermeni soyk\u0131r\u0131m yasas\u0131n\u0131n \u00e7\u0131kar\u0131lmas\u0131ndan yanad\u0131r.<\/li>\n<li>Fransa, Birle\u015fmi\u015f Milletler G\u00fcvenlik Konseyi\u2019ni 22 Ocak\u2019ta Afrin konusunda acil toplant\u0131ya \u00e7a\u011f\u0131ran \u00fclkedir.<\/li>\n<li>Fransa, Cumhurba\u015fkan\u0131 G\u00fcl\u2019\u00fcn telefonuna \u00e7\u0131kmayan bir Cumhurba\u015fkan\u0131na sahip bir \u00fclkedir. G\u00fcl,\u00a0<em>\u201cSava\u015fta bile cumhurba\u015fkanlar\u0131 birbirleriyle konu\u015furlar\u201d<\/em> diyerek nazik bir \u015fekilde tepkisini g\u00f6stermi\u015ftir.<\/li>\n<\/ul>\n<p>Bunlar\u0131 \u015funun i\u00e7in yazd\u0131m:\u00a0<em>\u201cHaf\u0131za-i be\u015fer nisyan ile mal\u00fcld\u00fcr.\u201d<\/em><\/p>\n<ul>\n<li><em>Bu makale, yazar\u0131n &#8220;24 Nisan Yakla\u015f\u0131rken S\u00f6zde Ermeni Soyk\u0131r\u0131m Yalan\u0131na Cevap: Bir Manifesto&#8221; ba\u015fl\u0131kl\u0131 yaz\u0131s\u0131n\u0131n ikinci b\u00f6l\u00fcm\u00fcd\u00fcr ve devam\u0131 gelecektir.<\/em><\/li>\n<\/ul>\n<p>&nbsp;<\/p>\n","protected":false},"excerpt":{"rendered":"<p>Cezayir\u2019de i\u015fledi\u011fi soyk\u0131r\u0131m\u0131 \u201cBabalar\u0131n\u0131n yanl\u0131\u015flar\u0131 i\u00e7in o\u011fullar\u0131 \u00f6z\u00fcr dilemez\u201d yakla\u015f\u0131m\u0131yla de\u011ferlendiren, Ruanda\u2019daki soyk\u0131r\u0131m su\u00e7unun faili olmakla su\u00e7lanan Fransa, tarihi ve hukuki ger\u00e7eklere dayanmayan Ermeni iddialar\u0131n\u0131n siyasi takip\u00e7isidir.<\/p>\n","protected":false},"author":3,"featured_media":6981,"comment_status":"open","ping_status":"open","sticky":false,"template":"","format":"standard","meta":{"_links_to":"","_links_to_target":""},"categories":[66,68],"tags":[821,818,820,645,822,647,657,819,824,817,823,646,816],"yoast_head":"<!-- This site is optimized with the Yoast SEO plugin v16.0.2 - https:\/\/yoast.com\/wordpress\/plugins\/seo\/ -->\n<title>Haf\u0131za-i be\u015fer nisyan ile mal\u00fcld\u00fcr - M\u0130SAK- Mill\u00ee Strateji Ara\u015ft\u0131rma Kurulu<\/title>\n<link rel=\"canonical\" href=\"https:\/\/millidusunce.com\/misak\/ermeni-soykirimi-yalani\/\" \/>\n<meta property=\"og:locale\" content=\"tr_TR\" \/>\n<meta property=\"og:type\" content=\"article\" \/>\n<meta property=\"og:title\" content=\"Haf\u0131za-i be\u015fer nisyan ile mal\u00fcld\u00fcr - M\u0130SAK- Mill\u00ee Strateji Ara\u015ft\u0131rma Kurulu\" \/>\n<meta property=\"og:description\" content=\"Cezayir\u2019de i\u015fledi\u011fi soyk\u0131r\u0131m\u0131 \u201cBabalar\u0131n\u0131n yanl\u0131\u015flar\u0131 i\u00e7in o\u011fullar\u0131 \u00f6z\u00fcr dilemez\u201d yakla\u015f\u0131m\u0131yla de\u011ferlendiren, Ruanda\u2019daki soyk\u0131r\u0131m su\u00e7unun faili olmakla su\u00e7lanan Fransa, tarihi ve hukuki ger\u00e7eklere dayanmayan Ermeni iddialar\u0131n\u0131n siyasi takip\u00e7isidir.\" \/>\n<meta property=\"og:url\" content=\"https:\/\/millidusunce.com\/misak\/ermeni-soykirimi-yalani\/\" \/>\n<meta property=\"og:site_name\" content=\"M\u0130SAK- Mill\u00ee Strateji Ara\u015ft\u0131rma Kurulu\" \/>\n<meta property=\"article:published_time\" content=\"2019-04-20T16:30:00+00:00\" \/>\n<meta property=\"article:modified_time\" content=\"2019-04-20T14:25:51+00:00\" \/>\n<meta property=\"og:image\" content=\"https:\/\/millidusunce.com\/misak\/wp-content\/uploads\/2019\/04\/hhh.jpg\" \/>\n\t<meta property=\"og:image:width\" content=\"800\" \/>\n\t<meta property=\"og:image:height\" content=\"479\" \/>\n<meta name=\"twitter:card\" content=\"summary_large_image\" \/>\n<meta name=\"twitter:label1\" content=\"Tahmini okuma s\u00fcresi\">\n\t<meta name=\"twitter:data1\" content=\"20 dakika\">\n<script type=\"application\/ld+json\" class=\"yoast-schema-graph\">{\"@context\":\"https:\/\/schema.org\",\"@graph\":[{\"@type\":\"Organization\",\"@id\":\"https:\/\/millidusunce.com\/misak\/#organization\",\"name\":\"Mill\\u00ee D\\u00fc\\u015f\\u00fcnce Merkezi\",\"url\":\"https:\/\/millidusunce.com\/misak\/\",\"sameAs\":[],\"logo\":{\"@type\":\"ImageObject\",\"@id\":\"https:\/\/millidusunce.com\/misak\/#logo\",\"inLanguage\":\"tr\",\"url\":\"https:\/\/millidusunce.com\/misak\/wp-content\/uploads\/2018\/09\/mdmLogo-yazisiz.jpg\",\"width\":422,\"height\":422,\"caption\":\"Mill\\u00ee D\\u00fc\\u015f\\u00fcnce Merkezi\"},\"image\":{\"@id\":\"https:\/\/millidusunce.com\/misak\/#logo\"}},{\"@type\":\"WebSite\",\"@id\":\"https:\/\/millidusunce.com\/misak\/#website\",\"url\":\"https:\/\/millidusunce.com\/misak\/\",\"name\":\"M\\u0130SAK- Mill\\u00ee Strateji Ara\\u015ft\\u0131rma Kurulu\",\"description\":\"D\\u00fcnyaya T\\u00fcrk\\u00e7\\u00fc Bak\\u0131\\u015f\",\"publisher\":{\"@id\":\"https:\/\/millidusunce.com\/misak\/#organization\"},\"potentialAction\":[{\"@type\":\"SearchAction\",\"target\":\"https:\/\/millidusunce.com\/misak\/?s={search_term_string}\",\"query-input\":\"required name=search_term_string\"}],\"inLanguage\":\"tr\"},{\"@type\":\"ImageObject\",\"@id\":\"https:\/\/millidusunce.com\/misak\/ermeni-soykirimi-yalani\/#primaryimage\",\"inLanguage\":\"tr\",\"url\":\"https:\/\/millidusunce.com\/misak\/wp-content\/uploads\/2019\/04\/hhh.jpg\",\"width\":800,\"height\":479},{\"@type\":\"WebPage\",\"@id\":\"https:\/\/millidusunce.com\/misak\/ermeni-soykirimi-yalani\/#webpage\",\"url\":\"https:\/\/millidusunce.com\/misak\/ermeni-soykirimi-yalani\/\",\"name\":\"Haf\\u0131za-i be\\u015fer nisyan ile mal\\u00fcld\\u00fcr - M\\u0130SAK- Mill\\u00ee Strateji Ara\\u015ft\\u0131rma Kurulu\",\"isPartOf\":{\"@id\":\"https:\/\/millidusunce.com\/misak\/#website\"},\"primaryImageOfPage\":{\"@id\":\"https:\/\/millidusunce.com\/misak\/ermeni-soykirimi-yalani\/#primaryimage\"},\"datePublished\":\"2019-04-20T16:30:00+00:00\",\"dateModified\":\"2019-04-20T14:25:51+00:00\",\"breadcrumb\":{\"@id\":\"https:\/\/millidusunce.com\/misak\/ermeni-soykirimi-yalani\/#breadcrumb\"},\"inLanguage\":\"tr\",\"potentialAction\":[{\"@type\":\"ReadAction\",\"target\":[\"https:\/\/millidusunce.com\/misak\/ermeni-soykirimi-yalani\/\"]}]},{\"@type\":\"BreadcrumbList\",\"@id\":\"https:\/\/millidusunce.com\/misak\/ermeni-soykirimi-yalani\/#breadcrumb\",\"itemListElement\":[{\"@type\":\"ListItem\",\"position\":1,\"item\":{\"@type\":\"WebPage\",\"@id\":\"https:\/\/millidusunce.com\/misak\/\",\"url\":\"https:\/\/millidusunce.com\/misak\/\",\"name\":\"Anasayfa\"}},{\"@type\":\"ListItem\",\"position\":2,\"item\":{\"@type\":\"WebPage\",\"@id\":\"https:\/\/millidusunce.com\/misak\/ermeni-soykirimi-yalani\/\",\"url\":\"https:\/\/millidusunce.com\/misak\/ermeni-soykirimi-yalani\/\",\"name\":\"Haf\\u0131za-i be\\u015fer nisyan ile mal\\u00fcld\\u00fcr\"}}]},{\"@type\":\"Article\",\"@id\":\"https:\/\/millidusunce.com\/misak\/ermeni-soykirimi-yalani\/#article\",\"isPartOf\":{\"@id\":\"https:\/\/millidusunce.com\/misak\/ermeni-soykirimi-yalani\/#webpage\"},\"author\":{\"@id\":\"https:\/\/millidusunce.com\/misak\/#\/schema\/person\/dceabd91d5707fd0a1f581be62144940\"},\"headline\":\"Haf\\u0131za-i be\\u015fer nisyan ile mal\\u00fcld\\u00fcr\",\"datePublished\":\"2019-04-20T16:30:00+00:00\",\"dateModified\":\"2019-04-20T14:25:51+00:00\",\"mainEntityOfPage\":{\"@id\":\"https:\/\/millidusunce.com\/misak\/ermeni-soykirimi-yalani\/#webpage\"},\"commentCount\":0,\"publisher\":{\"@id\":\"https:\/\/millidusunce.com\/misak\/#organization\"},\"image\":{\"@id\":\"https:\/\/millidusunce.com\/misak\/ermeni-soykirimi-yalani\/#primaryimage\"},\"keywords\":\"Ali Sabanc\\u0131,Cem \\u00d6zdemir,Erdo\\u011fan Tezi\\u00e7,Fransa,G\\u00fclen Enstit\\u00fcs\\u00fc,Hocal\\u0131,Hocal\\u0131 katliam\\u0131,Kamran \\u0130nan,Lozan Antla\\u015fmas\\u0131,Orhan Pamuk,Sevr Anla\\u015fmas\\u0131,S\\u00f6zde Ermeni soyk\\u0131r\\u0131m\\u0131,Ya\\u015far Kemal\",\"articleSection\":\"S\\u0130YASET-TAR\\u0130H,T\\u00dcRKL\\u00dcK-T\\u00dcRK\\u00c7\\u00dcL\\u00dcK\",\"inLanguage\":\"tr\",\"potentialAction\":[{\"@type\":\"CommentAction\",\"name\":\"Comment\",\"target\":[\"https:\/\/millidusunce.com\/misak\/ermeni-soykirimi-yalani\/#respond\"]}]},{\"@type\":\"Person\",\"@id\":\"https:\/\/millidusunce.com\/misak\/#\/schema\/person\/dceabd91d5707fd0a1f581be62144940\",\"name\":\"Sad\\u0131k R\\u0131dvan Karluk\",\"image\":{\"@type\":\"ImageObject\",\"@id\":\"https:\/\/millidusunce.com\/misak\/#personlogo\",\"inLanguage\":\"tr\",\"url\":\"https:\/\/secure.gravatar.com\/avatar\/0ac86ba3095525619627cdd0589c5b8c?s=96&d=mm&r=g\",\"caption\":\"Sad\\u0131k R\\u0131dvan Karluk\"},\"description\":\"Prof. Dr. S. R\\u0131dvan Karluk, 1970\\u2019de Ankara \\u00dcniversitesi Siyasal Bilgiler Fak\\u00fcltesi\\u2019ni bitirdi. 1975\\u2019te doktor, 1979\\u2019da do\\u00e7ent oldu. 1975 \\u2013 1976\\u2019da Sussex \\u00dcniversitesi\\u2019nde doktora \\u00fcst\\u00fc ara\\u015ft\\u0131rma yapt\\u0131. 1982 y\\u0131l\\u0131nda Devlet Planlama Te\\u015fkilat\\u0131 AET Dairesini (Genel M\\u00fcd\\u00fcrl\\u00fck) kurdu. 1985-1990 y\\u0131llar\\u0131nda Paris\\u2019te, OECD T\\u00fcrkiye B\\u00fcy\\u00fckel\\u00e7ili\\u011fi\\u2019nde Planlama M\\u00fc\\u015faviri olarak \\u00e7al\\u0131\\u015ft\\u0131. 1990-1992 y\\u0131llar\\u0131nda Ba\\u015fbakanl\\u0131k Ba\\u015fm\\u00fc\\u015favirli\\u011fi\\u2019ne atand\\u0131. 1991 y\\u0131l\\u0131nda Anadolu \\u00dcniversitesi\\u2019ne ge\\u00e7mi\\u015f, 2014 y\\u0131l\\u0131nda emekli olmu\\u015ftur. Bu s\\u00fcre i\\u00e7inde \\u0130ktisadi Geli\\u015fme ve Uluslararas\\u0131 Geli\\u015fme Anabilim Dal\\u0131 Ba\\u015fkanl\\u0131\\u011f\\u0131, 2010-2013 d\\u00f6neminde \\u0130ktisat Fak\\u00fcltesi Dekanl\\u0131\\u011f\\u0131 yapm\\u0131\\u015ft\\u0131r. Uluslararas\\u0131 Ekonomi, T\\u00fcrkiye Ekonomisi, Avrupa Birli\\u011fi ve Uluslararas\\u0131 Ekonomik \\u0130li\\u015fkiler konular\\u0131nda 24 kitab\\u0131, 12 ortak ve 3 \\u00e7eviri eseri vard\\u0131r. Ortak yazarl\\u0131 bir ders kitab\\u0131 T\\u00dcBA \\u00fcniversite ders kitaplar\\u0131 2012 y\\u0131l\\u0131 telif ve \\u00e7eviri eser \\u00f6d\\u00fcl\\u00fc olmak \\u00fczere 6 bilimsel ara\\u015ft\\u0131rma \\u00f6d\\u00fcl\\u00fcne sahiptir. Eski\\u015fehir Sakarya gazetesi ile Turkish Forum\\u2019da (ABD) haftal\\u0131k g\\u00fcncel yaz\\u0131lar\\u0131 yay\\u0131nlanmaktad\\u0131r. \\u00d6zge\\u00e7mi\\u015fi WHO\\u2019s WHO D\\u00fcnya, Asya ve T\\u00fcrkiye bask\\u0131lar\\u0131nda yer alm\\u0131\\u015ft\\u0131r.\"}]}<\/script>\n<!-- \/ Yoast SEO plugin. -->","_links":{"self":[{"href":"https:\/\/millidusunce.com\/misak\/wp-json\/wp\/v2\/posts\/6933"}],"collection":[{"href":"https:\/\/millidusunce.com\/misak\/wp-json\/wp\/v2\/posts"}],"about":[{"href":"https:\/\/millidusunce.com\/misak\/wp-json\/wp\/v2\/types\/post"}],"author":[{"embeddable":true,"href":"https:\/\/millidusunce.com\/misak\/wp-json\/wp\/v2\/users\/3"}],"replies":[{"embeddable":true,"href":"https:\/\/millidusunce.com\/misak\/wp-json\/wp\/v2\/comments?post=6933"}],"version-history":[{"count":0,"href":"https:\/\/millidusunce.com\/misak\/wp-json\/wp\/v2\/posts\/6933\/revisions"}],"wp:featuredmedia":[{"embeddable":true,"href":"https:\/\/millidusunce.com\/misak\/wp-json\/wp\/v2\/media\/6981"}],"wp:attachment":[{"href":"https:\/\/millidusunce.com\/misak\/wp-json\/wp\/v2\/media?parent=6933"}],"wp:term":[{"taxonomy":"category","embeddable":true,"href":"https:\/\/millidusunce.com\/misak\/wp-json\/wp\/v2\/categories?post=6933"},{"taxonomy":"post_tag","embeddable":true,"href":"https:\/\/millidusunce.com\/misak\/wp-json\/wp\/v2\/tags?post=6933"}],"curies":[{"name":"wp","href":"https:\/\/api.w.org\/{rel}","templated":true}]}}