{"id":7162,"date":"2019-04-30T19:30:00","date_gmt":"2019-04-30T16:30:00","guid":{"rendered":"https:\/\/millidusunce.com\/misak\/?p=7162&#038;preview=true&#038;preview_id=7162"},"modified":"2019-05-01T15:09:07","modified_gmt":"2019-05-01T12:09:07","slug":"sozde-ermeni-ozde-turk-soykirimi","status":"publish","type":"post","link":"https:\/\/millidusunce.com\/misak\/sozde-ermeni-ozde-turk-soykirimi\/","title":{"rendered":"S\u00f6zde Ermeni \u00f6zde T\u00fcrk soyk\u0131r\u0131m\u0131- Hamza Andreas Tzortis&#8217;in tek maceras\u0131 Atat\u00fcrk&#8217;e k\u00fcf\u00fcr de\u011fil"},"content":{"rendered":"<div id=\"attachment_7166\" style=\"width: 650px\" class=\"wp-caption aligncenter\"><img loading=\"lazy\" decoding=\"async\" aria-describedby=\"caption-attachment-7166\" class=\"wp-image-7166 size-full\" src=\"https:\/\/millidusunce.com\/misak\/wp-content\/uploads\/2019\/04\/hamza-andreas-instagram-t7m4_cover.jpg\" alt=\"Hamza Andreas Tzortis\" width=\"640\" height=\"360\" srcset=\"https:\/\/millidusunce.com\/misak\/wp-content\/uploads\/2019\/04\/hamza-andreas-instagram-t7m4_cover.jpg 640w, https:\/\/millidusunce.com\/misak\/wp-content\/uploads\/2019\/04\/hamza-andreas-instagram-t7m4_cover-150x84.jpg 150w, https:\/\/millidusunce.com\/misak\/wp-content\/uploads\/2019\/04\/hamza-andreas-instagram-t7m4_cover-300x169.jpg 300w\" sizes=\"auto, (max-width: 640px) 100vw, 640px\" \/><p id=\"caption-attachment-7166\" class=\"wp-caption-text\">Hamza Andreas Tzortis<\/p><\/div>\n<h2><strong>Tarih\u00ee arka plan<\/strong><\/h2>\n<p>Nisan ay\u0131 her y\u0131l olduk\u00e7a hareketli ge\u00e7er hep. \u00d6zellikle 24 Nisan s\u00f6z konusu oldu\u011funda. Avrupa\u2019n\u0131n \u00e7e\u015fitli parlamentolar\u0131ndan birdenbire Ermeni soyk\u0131r\u0131m\u0131(!) a\u00e7\u0131klamalar\u0131 ve kararlar\u0131 \u00e7\u0131kmaya ba\u015flar. Ermeni lobileri, y\u0131l boyunca yapt\u0131klar\u0131 \u00e7al\u0131\u015fmalar\u0131n ve harcad\u0131klar\u0131 paralar\u0131n kar\u015f\u0131l\u0131\u011f\u0131n\u0131 al\u0131r, Avrupa ve Amerikan h\u00fck\u00fcmetleri de iktidarlar\u0131n\u0131 bor\u00e7lu olduklar\u0131 bu lobilere bor\u00e7lar\u0131n\u0131 \u00f6der.<\/p>\n<p>Asl\u0131nda b\u00fct\u00fcn belgeler, soyk\u0131r\u0131m ad\u0131 ile an\u0131lan eylemlerin hi\u00e7birinin soyk\u0131r\u0131m olmad\u0131\u011f\u0131n\u0131 ifade ederken ve A\u0130HM soyk\u0131r\u0131m iddialar\u0131 ile ilgili kararlar vermi\u015fken halen \u0131srarc\u0131 bir \u015fekilde iddias\u0131nda devam etmek ak\u0131llara durgunluk verir. Ta\u015fnak Partisi\u2019nin 1923 y\u0131l\u0131nda B\u00fckre\u015f\u2019te yapt\u0131klar\u0131 konferansta, parti lideri Ovanes Ka\u00e7aznuni\u2019nin itiraflar\u0131<a href=\"#_ftn1\" name=\"_ftnref1\">[1]<\/a>, T\u00fcrkiye topraklar\u0131 d\u0131\u015f\u0131nda 31 Mart 1918\u2019de Azerbaycan&#8217;da yapt\u0131klar\u0131 katliam da 22 \u015eubat 1992\u2019de Hocal\u0131 Soyk\u0131r\u0131m\u0131 da Ermeni iddialar\u0131n\u0131 susturmaya yetmez. K\u0131r\u0131lan T\u00fcrk oldu\u011funda k\u00f6r, sa\u011f\u0131r ve dilsiz olan Avrupa ve Amerika her nisan ay\u0131nda merhamet ve h\u00fcmanizm timsali kesilip soyk\u0131r\u0131m yalanlar\u0131yla tepemize biner.<\/p>\n<p><em>Holocaust<\/em> \u00fczerine kurulan \u0130srail gibi, Do\u011fu ve G\u00fcneydo\u011fu Anadolu \u00fczerinde bir Ermeni, K\u00fcrt devleti kurmak, s\u00f6z konusu b\u00f6lgeler \u00fczerinden Orta Do\u011fu ve Asya\u2019daki siyas\u00ee ve ekonomik etkinliklerini g\u00fc\u00e7lendirirken T\u00fcrkiye\u2019nin kom\u015fu co\u011frafyas\u0131 ile ili\u015fkisini kesmektir.<\/p>\n<p>1860\u2019larda <em>Ta\u015fnak, Armenakan, H\u0131n\u00e7ak<\/em> Ermeni partilerinin etkinlikleri olarak ba\u015flayan Ermeni isyanlar\u0131 I. D\u00fcnya Sava\u015f\u0131\u2019nda Rusya, Fransa gibi Avrupa Devletleri\u2019nin a\u00e7\u0131k deste\u011fiyle devam eder. Sevr Antla\u015fmas\u0131, Vilayet-i Sitte kararlar\u0131, Wilson Prensipleri her defas\u0131nda T\u00fcrk\u2019\u00fc, Ermeni \u00e7etecileri kar\u015f\u0131s\u0131nda g\u00fc\u00e7s\u00fcz b\u0131rakmaya ve su\u00e7lu duruma d\u00fc\u015f\u00fcrmeye \u00e7al\u0131\u015f\u0131r.<\/p>\n<p>\u00dc\u00e7 a\u015fa\u011f\u0131 be\u015f yukar\u0131 ayn\u0131 y\u0131llarda Karadeniz merkezli <em>Pontus\u00e7u Rum<\/em> isyanlar\u0131 ba\u015flar. Yunan, Rus, \u0130ngiliz deste\u011fi, Amerika\u2019dan g\u00f6\u00e7en Rumlar\u0131n da kat\u0131l\u0131m\u0131yla <em>Etnik-i Eterya, M\u00fcdafaa-i Me\u015frute, Mukaddes Anadolu Rum<\/em> cemiyetlerinin kurulmas\u0131<a href=\"#_ftn2\" name=\"_ftnref2\">[2]<\/a> tesad\u00fcf olmasa gerek. Yunan ara\u015ft\u0131rmac\u0131 yazar-gazeteci Tasos Kostopulos \u201c<em>1912-1922 Sava\u015f ve Etnik Temizlik<\/em>\u201d adl\u0131 kitab\u0131nda, Yunan askerinin Kurtulu\u015f Sava\u015f\u0131 \u00f6ncesi Anadolu\u2019da i\u015fledi\u011fi cinayetleri, barbarl\u0131klar\u0131 tan\u0131klar\u0131n ifadeleri ve belgelerle g\u00fcn \u0131\u015f\u0131\u011f\u0131na \u00e7\u0131kar\u0131rken bug\u00fcn Pontus Rumlar\u0131n\u0131n soyk\u0131r\u0131ma u\u011frad\u0131\u011f\u0131 iddias\u0131n\u0131n Ermeni yalanlar\u0131yla birle\u015fmesi de tesad\u00fcf de\u011fildir.<\/p>\n<p>Kaynaklar tarand\u0131\u011f\u0131nda 200 y\u0131lda 49 K\u00fcrt isyan\u0131 ya\u015fand\u0131\u011f\u0131 tespit edilir. Bug\u00fcn PKK\/YPG ter\u00f6r\u00fc ad\u0131 alt\u0131nda devam eden isyanlar dizisinin ilki 1806 y\u0131l\u0131nda \u201cBaban A\u015fireti \u0130syan\u0131\u201dd\u0131r. Bug\u00fcn oldu\u011fu gibi tarihte de bu isyanlar\u0131n arkas\u0131nda Rusya, \u0130ngiltere, Fransa ve Amerika h\u00fck\u00fcmetlerinin psikolojik ve ekonomik deste\u011fi bulunmaktad\u0131r.<\/p>\n<p>Bug\u00fcn Do\u011fu ve G\u00fcneydo\u011fu\u2019da K\u00fcrt\u00e7\u00fc, Ermenici; Karadeniz\u2019de Pontus\u00e7u kimli\u011fiyle ortaya \u00e7\u0131kan ki\u015fi ya da kurumlar\u0131n ortak noktalar\u0131 beslendikleri kaynaklar ve s\u00f6zde soyk\u0131r\u0131m iddialar\u0131d\u0131r. Bunu sa\u011flayabilmek i\u00e7in insanl\u0131\u011f\u0131n ortak ahl\u00e2k de\u011ferlerini s\u00f6m\u00fcrerek yalanlar\u0131n\u0131 yaymaya devam ediyor.<\/p>\n<h2><strong>Do\u011fu\u2019da Ermeni, G\u00fcneydo\u011fu\u2019da K\u00fcrt\u00e7\u00fc, Karadeniz\u2019de Pontus\u00e7u<\/strong><\/h2>\n<p>Bir\u00e7ok etki ajan\u0131, etnik ve din\u00ee ayr\u0131l\u0131klar\u0131 k\u00f6r\u00fcklemek amac\u0131yla T\u00fcrkiye\u2019nin neredeyse iki y\u00fcz y\u0131ld\u0131r kaynayan b\u00f6lgelerinde cirit at\u0131yor. Bu etki ajanlar\u0131 <em>vicdan\u00ee ret<\/em> gibi sevimli bir s\u00f6ylem kullanarak, t\u0131pk\u0131 Seyyid R\u0131za\u2019n\u0131n s\u00f6ylemine benzer \u015fekilde, K\u00fcrtlerin soyk\u0131r\u0131ma u\u011frad\u0131\u011f\u0131n\u0131, T\u00fcrkler\u2019in b\u00f6lgede emperyalist bir g\u00fc\u00e7 olarak i\u015fgalci durumunda bulunduklar\u0131n\u0131 s\u00f6yl\u00fcyor. \u0130syana, vergi vermemeye ve askere gitmemeye \u00e7a\u011f\u0131r\u0131yor. T\u00fcrk\u00e7e adlar\u0131n\u0131 reddedip <em>Kobani, Roboski, Dersim <\/em>adlar\u0131yla and\u0131klar\u0131 b\u00f6lgelerde, T\u00fcrk askeri ve devletinin yenilgisi i\u00e7in sosyal medya hesaplar\u0131ndan \u00e7a\u011fr\u0131larda bulunuyorlar. PKK\/YPG pa\u00e7avralar\u0131n\u0131n \u00f6n\u00fcnde boy boy pozlar veriyor; bunlar\u0131 soysal medya ve internetteki uzant\u0131lar\u0131 arac\u0131l\u0131\u011f\u0131yla yay\u0131yorlar.<\/p>\n<div id=\"attachment_7164\" style=\"width: 310px\" class=\"wp-caption aligncenter\"><img loading=\"lazy\" decoding=\"async\" aria-describedby=\"caption-attachment-7164\" class=\"wp-image-7164 size-medium\" src=\"https:\/\/millidusunce.com\/misak\/wp-content\/uploads\/2019\/04\/yannis-300x300.png\" alt=\"Yannis Vasilis Yaylal\u0131-Meral Geylani\" width=\"300\" height=\"300\" srcset=\"https:\/\/millidusunce.com\/misak\/wp-content\/uploads\/2019\/04\/yannis-300x300.png 300w, https:\/\/millidusunce.com\/misak\/wp-content\/uploads\/2019\/04\/yannis-150x150.png 150w, https:\/\/millidusunce.com\/misak\/wp-content\/uploads\/2019\/04\/yannis-768x768.png 768w, https:\/\/millidusunce.com\/misak\/wp-content\/uploads\/2019\/04\/yannis.png 800w\" sizes=\"auto, (max-width: 300px) 100vw, 300px\" \/><p id=\"caption-attachment-7164\" class=\"wp-caption-text\">Yannis Vasilis Yaylal\u0131-Meral Geylani<\/p><\/div>\n<p>Ayn\u0131 ki\u015fi ve topluluklar tesad\u00fcfen(!) Ermenilerin soyk\u0131r\u0131ma(!) u\u011frad\u0131klar\u0131 iddia edilen b\u00f6lgelerde ortaya \u00e7\u0131k\u0131yor. Bu sefer de Ermeni soyk\u0131r\u0131m\u0131 yalanlar\u0131n\u0131 destekleyen propagandalar\u0131n\u0131 yap\u0131yor. Birdenbire Ermeni haklar\u0131n\u0131n savunucusu oluyorlar.<\/p>\n<p>Ayn\u0131 sim\u00e2lar, Karadeniz\u2019de de ortaya \u00e7\u0131k\u0131yor, L\u00e2z ve Rum soyk\u0131r\u0131m\u0131 yalanlar\u0131n\u0131 yayarak 19 May\u0131s 1919&#8217;un 100. y\u0131ld\u00f6n\u00fcm\u00fcnde b\u00fcy\u00fck yaygara koparmaya haz\u0131rlan\u0131yor. Yine Yunan, Amerikan, Frans\u0131z, \u0130ngiliz gibi tarih\u00ee i\u015fbirlik\u00e7ilerinin sa\u011flad\u0131\u011f\u0131 imk\u00e2nlarla \u201cdevrimcilik\u201d oynayarak emperyalist yalanlar\u0131 ve iftiralar\u0131 yay\u0131yor. T\u00fcrkiye Cumhuriyeti&#8217;nin kurucusu olan \u0130ttihat\u00e7\u0131 kadrolar\u0131, Mustafa Kemal Atat\u00fcrk&#8217;\u00fc ve Kemalist diye damgalad\u0131klar\u0131 <em>Kuvva-y\u0131 Milliye<\/em> kadrolar\u0131n\u0131 bu yalan\u0131n sorumlusu olarak g\u00f6steren kitaplar yay\u0131ml\u0131yor. K\u00fclt\u00fcr ve sanat faaliyetleri ad\u0131 alt\u0131nda etnik ayr\u0131\u015fmay\u0131 k\u00f6r\u00fckl\u00fcyorlar.<a href=\"#_ftn3\" name=\"_ftnref3\">[3]<\/a><\/p>\n<h2><strong>Ermeni ve K\u00fcrt soyk\u0131r\u0131m\u0131 iddialar\u0131na destek<\/strong><\/h2>\n<p>\u201c<em>Samsun Bafra\u2019da \u0130brahim Yaylal\u0131 olarak d\u00fcnyaya gelen Yannis Vasilis Yaylal\u0131, Rum\/Helen kimli\u011fini ke\u015ffettikten sonra hayat arkada\u015f\u0131 Meral Geylani ile birlikte Pontoslu Rumlar\/Helenler K\u00fcrtler ve t\u00fcm insanl\u0131k i\u00e7in hayat\u0131n\u0131 \u00f6zg\u00fcrl\u00fck, demokrasi ve ger\u00e7e\u011fin m\u00fccadelesine adam\u0131\u015ft\u0131r. Yannis Vasilis Yaylal\u0131, K\u00fc\u00e7\u00fck Asya halklar\u0131n\u0131n bir kahraman\u0131, sembol\u00fcd\u00fcr.<\/em>\u201d<a href=\"#_ftn4\" name=\"_ftnref4\">[4]<\/a> \u015feklinde tan\u0131t\u0131lan ki\u015finin 2018\u2019de Atina\u2019da Uluslararas\u0131 Soyk\u0131r\u0131m\u0131 Tan\u0131ma Komitesi taraf\u0131ndan <em>Meral Geylani, Tamer \u00c7ilingir, Hronis Amanatidis, Theofanis Malkidis<\/em> ile birlikte yazd\u0131\u011f\u0131 \u201c<em>Anadolu (K\u00fc\u00e7\u00fck Asya) Halklar\u0131na \u00d6zg\u00fcrl\u00fck\u201d<\/em> adl\u0131 kitab\u0131 yay\u0131mlan\u0131yor. Kitab\u0131n amac\u0131; Ermeni, K\u00fcrt s\u00f6zde soyk\u0131r\u0131mlar\u0131na Pontus deste\u011fi olarak belirlenmi\u015f.<\/p>\n<div id=\"attachment_7165\" style=\"width: 778px\" class=\"wp-caption aligncenter\"><img loading=\"lazy\" decoding=\"async\" aria-describedby=\"caption-attachment-7165\" class=\"wp-image-7165 size-medium_large\" src=\"https:\/\/millidusunce.com\/misak\/wp-content\/uploads\/2019\/04\/anadolu-halklar\u0131na-\u00f6zg\u00fcrl\u00fck-768x351.jpg\" alt=\"Meral Geylani, Tamer \u00c7ilingir, Hronis Amanatidis, Theofanis Malkidis- \u201cAnadolu (K\u00fc\u00e7\u00fck Asya) Halklar\u0131na \u00d6zg\u00fcrl\u00fck\u201d\" width=\"768\" height=\"351\" srcset=\"https:\/\/millidusunce.com\/misak\/wp-content\/uploads\/2019\/04\/anadolu-halklar\u0131na-\u00f6zg\u00fcrl\u00fck-768x351.jpg 768w, https:\/\/millidusunce.com\/misak\/wp-content\/uploads\/2019\/04\/anadolu-halklar\u0131na-\u00f6zg\u00fcrl\u00fck-150x69.jpg 150w, https:\/\/millidusunce.com\/misak\/wp-content\/uploads\/2019\/04\/anadolu-halklar\u0131na-\u00f6zg\u00fcrl\u00fck-300x137.jpg 300w, https:\/\/millidusunce.com\/misak\/wp-content\/uploads\/2019\/04\/anadolu-halklar\u0131na-\u00f6zg\u00fcrl\u00fck-1024x468.jpg 1024w, https:\/\/millidusunce.com\/misak\/wp-content\/uploads\/2019\/04\/anadolu-halklar\u0131na-\u00f6zg\u00fcrl\u00fck.jpg 1600w\" sizes=\"auto, (max-width: 768px) 100vw, 768px\" \/><p id=\"caption-attachment-7165\" class=\"wp-caption-text\">Meral Geylani, Tamer \u00c7ilingir, Hronis Amanatidis, Theofanis Malkidis- \u201cAnadolu (K\u00fc\u00e7\u00fck Asya) Halklar\u0131na \u00d6zg\u00fcrl\u00fck\u201d<\/p><\/div>\n<h2><strong>Ad\u0131 ge\u00e7en ki\u015filer Avrupa kanallar\u0131nda uzun uzun Pontus soyk\u0131r\u0131m\u0131n\u0131 anlat\u0131yor<\/strong><\/h2>\n<p>\u201c<em>Eurotv ile Pontos soyk\u0131r\u0131m\u0131 ve Yunanistan&#8217;a geli\u015fimizi konu\u015ftuk<\/em>\u201d, ba\u015fl\u0131\u011f\u0131yla sosyal medyada payla\u015f\u0131lan videoda Vasilis, 19 May\u0131s 1919\u2019dan ba\u015flayarak Rumlar\u0131n soyk\u0131r\u0131ma u\u011frad\u0131\u011f\u0131n\u0131 anlat\u0131yor. K\u00fcrt ve Ermeniler\u2019e yap\u0131lan soyk\u0131r\u0131mla e\u015fle\u015ftiriyor ve <em>K\u00fc\u00e7\u00fck Asya Halklar\u0131<\/em> dedi\u011fi, Anadolu halklar\u0131na \u00f6zg\u00fcrl\u00fck talep ediyor.<\/p>\n<p>Ayn\u0131 isimlerin bir Uludere\/\u015e\u0131rnak\u2019ta bir Afrin\u2019de, bir Karadeniz\u2019de g\u00f6r\u00fcn\u00fcp Osmanl\u0131\u2019dan beri ayaklanan, daha do\u011frusu \u0130ngiliz, Rus, Frans\u0131z, \u0130talyan deste\u011fiyle ayakland\u0131r\u0131lan, b\u00f6lgelerde vicd\u00e2ni ret, halklar\u0131n kaderini tayin hakk\u0131, soyk\u0131r\u0131m gibi iddialar\u0131 destekleyen a\u00e7\u0131klamalar yaparak olu\u015fturmaya \u00e7al\u0131\u015ft\u0131klar\u0131 g\u00fc\u00e7 birli\u011fi ve se\u00e7tikleri sembol tarihle \u0130ttihat ve Terakki y\u00f6netiminden ba\u015flayarak T\u00fcrkiye Cumhuriyeti\u2019nin kurucu liderine sald\u0131r\u0131yorlar.<\/p>\n<p><em>Meral Geylani<\/em> ve e\u015fi <em>Yannis Vasilis Yaylal\u0131 <\/em>s\u00fcrd\u00fcrd\u00fckleri eylemler nedeniyle \u015e\u0131rnak A\u011f\u0131r Ceza Mahkemesi taraf\u0131ndan tutuklan\u0131yor ve daha sonra serbest yarg\u0131lanmak \u00fczere b\u0131rak\u0131l\u0131yorlar. Bug\u00fcn her ikisi de Yunanistan&#8217;da m\u00fclteci olarak ya\u015f\u0131yor.<\/p>\n<h2><strong>Hamza Andreas Tzortis <em>Yannis Vasilis Yaylal\u0131 <\/em> haberi tesad\u00fcf m\u00fc?<\/strong><\/h2>\n<p><em>Bo\u011fazi\u00e7i \u00dcniversitesi \u0130slam Ara\u015ft\u0131rmalar\u0131 Toplulu\u011fu<\/em>\u2019nun davetlisi olarak konu\u015fan <em>Hamza Andreas Tzortis<\/em>\u2019in Gazi Mustafa Kemal Atat\u00fcrk\u2019\u00fc \u201c<em>\u015eeytan dostu!<\/em>\u201d olarak nitelendirdi\u011fi konu\u015fmas\u0131 ve \u00f6\u011frenciler taraf\u0131ndan ayakta alk\u0131\u015flanmas\u0131 gazete haberi olunca ortal\u0131k ayakland\u0131.<a href=\"#_ftn5\" name=\"_ftnref5\">[5]<\/a> Sanala\u011fda k\u00fc\u00e7\u00fck bir ara\u015ft\u0131rma sonucunda, konu\u015fman\u0131n asl\u0131nda 3-4 y\u0131l \u00f6nce yap\u0131ld\u0131\u011f\u0131; ancak her nedense bug\u00fcn piyasaya s\u00fcr\u00fcld\u00fc\u011f\u00fc g\u00f6r\u00fcl\u00fcr.<\/p>\n<p>Anla\u015f\u0131lan o ki PKK eline esir d\u00fc\u015fen \u0130brahim, Yunan oldu\u011funu esareti s\u0131ras\u0131nda \u00f6\u011frenmi\u015f ad\u0131n\u0131 <em>Yannis Vasilis<\/em> olarak de\u011fi\u015ftirmi\u015f; di\u011feri de M\u00fcsl\u00fcmanl\u0131\u011f\u0131n\u0131 hat\u0131rlay\u0131p ad\u0131n\u0131n yan\u0131na bir <em>Hamza<\/em> eklemi\u015f. Biri sol g\u00f6r\u00fc\u015fl\u00fclere, di\u011feri de m\u00fctedeyyin (!) g\u00f6r\u00fcnenlere \u015firin s\u00f6zler s\u00f6yleyerek ayn\u0131 amaca hizmet ediyor.<\/p>\n<p>Bug\u00fcn, I. D\u00fcnya Sava\u015f\u0131 sonunda kurulan <em>K\u00fcrt Teali, \u0130slam Teali, Etnik-i Etarya<\/em> ve arkalar\u0131ndaki kuklac\u0131 <em>\u0130ngiliz Muhipleri Cemiyeti<\/em> g\u00f6r\u00fcn\u00fcm ve adlar\u0131n\u0131 de\u011fi\u015ftirmi\u015f; s\u00f6ylemlerini aynen devam ettirerek toprak \u00e7alma ve T\u00fcrk\u2019\u00fcn haysiyetini k\u0131rma \u00e7al\u0131\u015fmalar\u0131na devam etmekteler.<\/p>\n<p>Bu a\u00e7\u0131dan bak\u0131ld\u0131\u011f\u0131nda <em>Hamza Andreas Tzortis<\/em>\u2019in Tima\u015f Yay\u0131nlar\u0131\u2019ndan \u00e7\u0131kan kitab\u0131n\u0131n da ayn\u0131 \u015firket taraf\u0131ndan desteklenen ve Bo\u011fazi\u00e7i \u00f6\u011frencileri taraf\u0131ndan ayakta alk\u0131\u015flanan konu\u015fmas\u0131n\u0131n g\u00fcndeme getirilmesi de pek tesad\u00fcf g\u00f6r\u00fcnm\u00fcyor. Hele FET\u00d6-PKK\/PYD ve Ermenici siyaseti iplerini elinde tutan s\u00f6m\u00fcrgeci \u00fclkeler bir araya geldi\u011finde 19 May\u0131s 2019\u2019da kopar\u0131lacak yaygaran\u0131n b\u00fcy\u00fckl\u00fc\u011f\u00fc k\u00fc\u00e7\u00fcmsenecek gibi g\u00f6r\u00fcnm\u00fcyor. O g\u00fcn Yunanistan&#8217;dan yapaca\u011f\u0131 konu\u015fmada \u00f6ne s\u00fcrece\u011fi Pontus soyk\u0131r\u0131m\u0131 iddialar\u0131yla <em>Yannis Vasilis Yaylal\u0131 <\/em>yeni bir sald\u0131r\u0131 ba\u015flatt\u0131\u011f\u0131nda h\u00fck\u00fcmetin ve toplumun tepkisi ne olacak? Haz\u0131r m\u0131y\u0131z?<\/p>\n<p>&nbsp;<\/p>\n<p><a href=\"#_ftnref1\" name=\"_ftn1\">[1]<\/a> Katchaznouni, H., ve Ka\u00e7aznuni, O. (2006).<em> Ta\u015fnak Partisi&#8217;nin yapaca\u011f\u0131 bir \u015fey yok:(1923Parti Konferans\u0131&#8217;na rapor)<\/em>. Kaynak Yay\u0131nlar\u0131.<\/p>\n<p><a href=\"#_ftnref2\" name=\"_ftn2\">[2]<\/a> K\u00f6se Mustafa, Karadeniz\u2019de Pontus Ayaklanmas\u0131, <a href=\"http:\/\/www.turansam.org\/makale.php?id=428\">http:\/\/www.turansam.org\/makale.php?id=428<\/a><\/p>\n<p><a href=\"#_ftnref3\" name=\"_ftn3\">[3]<\/a> <a href=\"https:\/\/parcharidisvasilis.blogspot.com\/2019\/03\/yannis-vasilis-yaylali-anadolu-kucuk.html\">https:\/\/parcharidisvasilis.blogspot.com\/2019\/03\/yannis-vasilis-yaylali-anadolu-kucuk.html<\/a><\/p>\n<p><a href=\"#_ftnref4\" name=\"_ftn4\">[4]<\/a> <a href=\"https:\/\/parcharidisvasilis.blogspot.com\/2019\/03\/yannis-vasilis-yaylali-anadolu-kucuk.html\">https:\/\/parcharidisvasilis.blogspot.com\/2019\/03\/yannis-vasilis-yaylali-anadolu-kucuk.html<\/a><\/p>\n<p><a href=\"#_ftnref5\" name=\"_ftn5\">[5]<\/a> <a href=\"https:\/\/www.yenicaggazetesi.com.tr\/bogazici-universitesinde-skandal-yunan-yazar-ataturke-seytan-dedi-232146h.htm\">https:\/\/www.yenicaggazetesi.com.tr\/bogazici-universitesinde-skandal-yunan-yazar-ataturke-seytan-dedi-232146h.htm<\/a><\/p>\n","protected":false},"excerpt":{"rendered":"<p>Bo\u011fazi\u00e7i \u00dcniversitesi \u0130slam Ara\u015ft\u0131rmalar\u0131 Toplulu\u011fu\u2019nun davetlisi olarak konu\u015fan Hamza Andreas Tzortis\u2019in kurucu lidere sald\u0131rmas\u0131 tesad\u00fcf m\u00fc? Yannis Vasilis ve Meral Geylani isimlerini tan\u0131yor musunuz? 19 May\u0131s g\u00fcn\u00fc Yunanistan&#8217;dan kim konu\u015facak? <\/p>\n","protected":false},"author":67,"featured_media":7168,"comment_status":"open","ping_status":"open","sticky":false,"template":"","format":"standard","meta":{"_ef_editorial_meta_date_first-draft-date":"","_ef_editorial_meta_paragraph_assignment":"","footnotes":"","_links_to":"","_links_to_target":""},"categories":[2,66,67,68],"tags":[849,840,842,836,837,847,845,848,846,839,844,841,287,843,838],"coauthors":[224],"class_list":["post-7162","post","type-post","status-publish","format-standard","has-post-thumbnail","hentry","category-genel","category-siyaset-tarih","category-tehditler","category-turkluk-turkculuk","tag-19-mayis-2019","tag-anadolu-kucuk-asya-halklarina-ozgurluk","tag-ermeni-soykirimi-yalani","tag-hamza-andreas-tzortis","tag-ibrahim-yaylali","tag-ingiliz-muhipleri-cemiyeti","tag-islam-teali-cemiyeti","tag-kurt-isyanlari","tag-kurt-teali-cemiyeti","tag-meral-geylani","tag-pkk-ypg","tag-pontus","tag-soykirim","tag-uludere","tag-yannis-vasilis-yaylali"],"_links":{"self":[{"href":"https:\/\/millidusunce.com\/misak\/wp-json\/wp\/v2\/posts\/7162","targetHints":{"allow":["GET"]}}],"collection":[{"href":"https:\/\/millidusunce.com\/misak\/wp-json\/wp\/v2\/posts"}],"about":[{"href":"https:\/\/millidusunce.com\/misak\/wp-json\/wp\/v2\/types\/post"}],"author":[{"embeddable":true,"href":"https:\/\/millidusunce.com\/misak\/wp-json\/wp\/v2\/users\/67"}],"replies":[{"embeddable":true,"href":"https:\/\/millidusunce.com\/misak\/wp-json\/wp\/v2\/comments?post=7162"}],"version-history":[{"count":0,"href":"https:\/\/millidusunce.com\/misak\/wp-json\/wp\/v2\/posts\/7162\/revisions"}],"wp:featuredmedia":[{"embeddable":true,"href":"https:\/\/millidusunce.com\/misak\/wp-json\/wp\/v2\/media\/7168"}],"wp:attachment":[{"href":"https:\/\/millidusunce.com\/misak\/wp-json\/wp\/v2\/media?parent=7162"}],"wp:term":[{"taxonomy":"category","embeddable":true,"href":"https:\/\/millidusunce.com\/misak\/wp-json\/wp\/v2\/categories?post=7162"},{"taxonomy":"post_tag","embeddable":true,"href":"https:\/\/millidusunce.com\/misak\/wp-json\/wp\/v2\/tags?post=7162"},{"taxonomy":"author","embeddable":true,"href":"https:\/\/millidusunce.com\/misak\/wp-json\/wp\/v2\/coauthors?post=7162"}],"curies":[{"name":"wp","href":"https:\/\/api.w.org\/{rel}","templated":true}]}}