{"id":7215,"date":"2019-05-03T19:30:00","date_gmt":"2019-05-03T16:30:00","guid":{"rendered":"https:\/\/millidusunce.com\/misak\/?p=7215&#038;preview=true&#038;preview_id=7215"},"modified":"2019-05-03T17:24:56","modified_gmt":"2019-05-03T14:24:56","slug":"atsiz-ve-3-mayis-surecinin-bir-ozeti","status":"publish","type":"post","link":"https:\/\/millidusunce.com\/misak\/atsiz-ve-3-mayis-surecinin-bir-ozeti\/","title":{"rendered":"Ats\u0131z ve 3 May\u0131s s\u00fcrecinin bir \u00f6zeti"},"content":{"rendered":"<div id=\"attachment_7217\" style=\"width: 778px\" class=\"wp-caption aligncenter\"><img aria-describedby=\"caption-attachment-7217\" loading=\"lazy\" class=\"wp-image-7217 size-medium_large\" src=\"https:\/\/millidusunce.com\/misak\/wp-content\/uploads\/2019\/05\/nihalats\u0131z-768x285.jpg\" alt=\"3 May\u0131s ruhu ebediyen ya\u015fas\u0131n-H. Nihal ATSIZ\" width=\"768\" height=\"285\" srcset=\"https:\/\/millidusunce.com\/misak\/wp-content\/uploads\/2019\/05\/nihalats\u0131z-768x285.jpg 768w, https:\/\/millidusunce.com\/misak\/wp-content\/uploads\/2019\/05\/nihalats\u0131z-150x56.jpg 150w, https:\/\/millidusunce.com\/misak\/wp-content\/uploads\/2019\/05\/nihalats\u0131z-300x111.jpg 300w, https:\/\/millidusunce.com\/misak\/wp-content\/uploads\/2019\/05\/nihalats\u0131z.jpg 850w\" sizes=\"(max-width: 768px) 100vw, 768px\" \/><p id=\"caption-attachment-7217\" class=\"wp-caption-text\">3 May\u0131s ruhu ebediyen ya\u015fas\u0131n-H. Nihal ATSIZ<\/p><\/div>\n<p>3 May\u0131s\u2019\u0131n ba\u015f ismi H\u00fcseyin Nihal Ats\u0131z T\u00fcrk\u00e7\u00fclerin g\u00fcn\u00fc olan 3 May\u0131s\u2019\u0131n, bir g\u00fcn T\u00fcrklerin g\u00fcn\u00fc olaca\u011f\u0131na inan\u0131yor ve 3 May\u0131s\u2019ta T\u00fcrk\u00e7\u00fcl\u00fc\u011f\u00fcn kar\u015f\u0131s\u0131na \u00e7\u0131kanlar\u0131n o g\u00fcn tarihin mahkemesinde ak\u0131bete u\u011frayaca\u011f\u0131n\u0131 ifade ediyor.<\/p>\n<p>3 May\u0131s\u2019la ilgili ayr\u0131nt\u0131lara girmeden g\u00fcn\u00fcn ad\u0131 ve anlam\u0131 konusunda baz\u0131 bilgilere yer vermenin gerekli oldu\u011fu kan\u0131s\u0131nday\u0131z. 3 May\u0131s, bug\u00fcn\u00fcn ba\u015f isimleri taraf\u0131ndan \u201cT\u00fcrk\u00e7\u00fcler G\u00fcn\u00fc\u201d olarak adland\u0131r\u0131lmaktad\u0131r. Bunun d\u0131\u015f\u0131ndaki \u00f6rne\u011fin \u201cMilliyet\u00e7iler G\u00fcn\u00fc, Milliyet\u00e7iler Bayram\u0131\u201d hatt\u00e2 \u201cT\u00fcrk\u00e7\u00fcl\u00fck G\u00fcn\u00fc\u201d gibi adland\u0131rmalar do\u011fru de\u011fildir. Ats\u0131z \u201c3 May\u0131s 1944\u201d ba\u015fl\u0131kl\u0131 yaz\u0131s\u0131nda \u201c<em>\u20263 May\u0131s T\u00fcrklerin g\u00fcn\u00fcd\u00fcr. Ona bir bayram diyemeyece\u011fiz. \u00c7\u00fcnk\u00fc y\u0131llarla s\u00fcren b\u00fcy\u00fck \u0131st\u0131rab\u0131m\u0131z o g\u00fcn ba\u015flam\u0131\u015ft\u0131r. Ona bir matem demek de kaabil de\u011fildir. \u00c7\u00fcnk\u00fc bunca s\u0131k\u0131nt\u0131lar\u0131n aras\u0131nda bize b\u00fcy\u00fck bir imtihan vermek, y\u00fcrekliyle y\u00fcreksizi er meydan\u0131nda denemek, yah\u015f\u0131 ile yaman\u0131 ay\u0131rmak f\u0131rsat\u0131n\u0131 vermi\u015ftir. [\u2026] Biz 3 May\u0131s\u2019a T\u00fcrk\u00e7\u00fclerin g\u00fcn\u00fc deyip \u00e7\u0131k\u0131yoruz.<\/em>\u201d demi\u015ftir.<\/p>\n<h2><strong>3 May\u0131s T\u00fcrk\u00e7\u00fcl\u00fck doktrininin fikriyattan fiiliyata ge\u00e7i\u015finin ilk ad\u0131m\u0131d\u0131r<\/strong><\/h2>\n<p>3 May\u0131s\u2019la ilgili zaman zaman birbirine kar\u0131\u015ft\u0131r\u0131lan bir di\u011fer husus da Irk\u00e7\u0131l\u0131k-Turanc\u0131l\u0131k Davas\u0131\u2019nda ya\u015fananlar ve yarg\u0131lamalard\u0131r. 3 May\u0131s, yaln\u0131zca Ats\u0131z ve Sabahattin Ali aras\u0131nda ge\u00e7mi\u015f bir hakaret davas\u0131n\u0131n nazar\u0131nda T\u00fcrk\u00e7\u00fcl\u00fck ve kom\u00fcnizmin \u00e7arp\u0131\u015fmas\u0131 ile T\u00fcrk\u00e7\u00fcl\u00fck doktrininin fikriyattan fiiliyata ge\u00e7i\u015finin b\u00fcy\u00fck bir ad\u0131m\u0131; Irk\u00e7\u0131l\u0131k-Turanc\u0131l\u0131k Davas\u0131 ise daha sonra ba\u015flayacak ve bir\u00e7ok fikir, ilim, dava adam\u0131n\u0131n h\u00fcrriyetine ve \u015fahsiyetine y\u00f6nelik bir cad\u0131 av\u0131d\u0131r. T\u00fcrkiye\u2019yi \u00e7emberi alt\u0131na alan, i\u00e7ten ve d\u0131\u015ftan sald\u0131r\u0131lar\u0131yla yok edip yem etmek isteyen bir canavara ve onun i\u00e7erideki i\u015f birlik\u00e7ilerine kar\u015f\u0131 durabilecek ayd\u0131nlar\u0131 la\u011fvetme giri\u015fimidir. Bu canavar Sovyet Rusya\u2019d\u0131r, i\u00e7teki i\u015f birlik\u00e7ileri ise o g\u00fcn\u00fcn devlette yap\u0131lanmaya ge\u00e7mi\u015f, devlete paralel bir \u00f6rg\u00fct olu\u015fturan kom\u00fcnistlerdir. \u0130\u015fte <em>Ats\u0131z-Sabahattin Ali<\/em> aras\u0131nda ba\u015flayan mahkeme de bu \u00f6rg\u00fctlenmenin kamuoyu \u00f6n\u00fcnde if\u015fa edilmesiyle ba\u015flam\u0131\u015ft\u0131r.<\/p>\n<h2><strong>Zaman\u0131n ruhu<\/strong><\/h2>\n<p>Ku\u015fkusuz bu geli\u015fmeler d\u00fcnyadaki politik geli\u015fmelerden ba\u011f\u0131ms\u0131z de\u011fildir. Yurtta T\u00fcrk\u00e7\u00fcler hedef al\u0131nmaya ba\u015fland\u0131\u011f\u0131 d\u00f6nemde II. D\u00fcnya Sava\u015f\u0131\u2019nda Sovyet Rusya\u2019n\u0131n galip gelece\u011fi anla\u015f\u0131lm\u0131\u015ft\u0131r. Bir acziyet politikas\u0131yla hareket eden T\u00fcrkiye de kendi evl\u00e2tlar\u0131na zulmetme pahas\u0131na Rusya\u2019ya yana\u015fma politikas\u0131 g\u00fctm\u00fc\u015ft\u00fcr. T\u0131pk\u0131 <em>NATO<\/em>\u2019ya, dolay\u0131s\u0131yla <em>Amerika<\/em>\u2019ya yana\u015fmaya karar verdi\u011fi g\u00fcn <em>Kore<\/em>\u2019ye asker g\u00f6ndererek <em>hi\u00e7bir mill\u00ee \u00e7\u0131kar olmadan kendi evl\u00e2tlar\u0131n\u0131 topra\u011fa vermeyi ye\u011fledi\u011fi gibi<\/em>\u2026 <em>II. D\u00fcnya Sava\u015f\u0131\u2019nda Almanya\u2019n\u0131n d\u00fcnyay\u0131 kas\u0131p kavurdu\u011fu y\u0131llarda \u0130stanbul\u2019un Taksim\u2019inde Nazi rozeti da\u011f\u0131t\u0131lmas\u0131na g\u00f6z yuman d\u00f6nemin iktidar\u0131, hem Nazizm hem kom\u00fcnizm kar\u015f\u0131t\u0131 T\u00fcrk\u00e7\u00fcleri konjonkt\u00fcre uygun bir \u015fekilde cezaland\u0131rmak istemi\u015ftir.<\/em><\/p>\n<h2><strong>Naz\u0131m Hikmet millete, milliyete sald\u0131r\u0131y\u0131 ba\u015flat\u0131yor <\/strong><\/h2>\n<p>Peki, 3 May\u0131s 1944\u2019e gelen s\u00fcre\u00e7 nas\u0131l i\u015fledi? K\u0131saca \u00f6zetlemek gerekirse T\u00fcrkiye Cumhuriyeti\u2019nin kurucusu <em>Ba\u015fbu\u011f Mustafa Kemal Atat\u00fcrk<\/em>\u2019\u00fcn \u00f6l\u00fcm\u00fcnden birka\u00e7 y\u0131l \u00f6nce kom\u00fcnist propagandalar T\u00fcrkiye\u2019de de ba\u015flad\u0131. Kurtulu\u015f Sava\u015f\u0131 s\u0131ras\u0131nda vatan\u0131 olarak g\u00f6rd\u00fc\u011f\u00fc Rusya\u2019da kom\u00fcnizmle donanan <em>Naz\u0131m Hikmet Borzecki<\/em>, d\u00f6nd\u00fc\u011f\u00fc T\u00fcrkiye\u2019de ilk hamlelerinden birini \u201c<em>Mill\u00ee \u015eair<\/em>\u201d s\u0131fat\u0131n\u0131 ta\u015f\u0131yan <em>Mehmet Emin Yurdakul<\/em>\u2019a ve \u201c<em>Vatan \u015eairi<\/em>\u201d s\u0131fat\u0131n\u0131 ta\u015f\u0131yan <em>Nam\u0131k Kemal<\/em>\u2019e yapt\u0131. Naz\u0131m Hikmet\u2019in \u201c<em>Putlar\u0131 K\u0131r\u0131yoruz<\/em>\u201d diyerek sald\u0131r\u0131ya ge\u00e7mesinin alt\u0131ndaki en \u00f6nemli sebep bu isimlerin ta\u015f\u0131d\u0131klar\u0131 s\u0131fat ve millete verdikleri ruhtan kaynakl\u0131d\u0131r. <em>Naz\u0131m Hikmet millete, milliyete sald\u0131r\u0131s\u0131n\u0131 bu \u015fekilde gizleyerek ba\u015flatt\u0131.<\/em><\/p>\n<h2><strong>Ats\u0131z\u2019\u0131n kom\u00fcnizmle ilk \u00e7arp\u0131\u015fmas\u0131<\/strong><\/h2>\n<p>Ats\u0131z\u2019\u0131n kom\u00fcnizmle ilk \u00e7arp\u0131\u015fmas\u0131 da bu vakayla ya\u015fand\u0131. 3 May\u0131s\u2019a gelen s\u00fcre\u00e7te Ats\u0131z\u2019\u0131n kar\u015f\u0131s\u0131nda ba\u015f akt\u00f6rler olarak <em>Naz\u0131m Hikmet, Hasan Ali Y\u00fccel, Sabahattin Ali<\/em>\u2019yi sayabiliriz ve tabii \u00fclkenin y\u00f6netimindeki \u0130smet \u0130n\u00f6n\u00fc\u2019y\u00fc de es ge\u00e7memek l\u00e2z\u0131m. Bu isimlere \u015e\u00fckr\u00fc Sara\u00e7o\u011flu ve Falih R\u0131fk\u0131 da eklenebilir. Ats\u0131z, Naz\u0131m Hikmet\u2019in sald\u0131r\u0131lar\u0131na sert bir yan\u0131t verdi. \u201c<em>Kom\u00fcnist Don Ki\u015fotu Proleter \u2013 Burjuva Gospodin Naz\u0131m Hikmetof Yolda\u015fa<\/em>\u201d adl\u0131 bildiriyi yay\u0131mlad\u0131.<\/p>\n<div id=\"attachment_7221\" style=\"width: 778px\" class=\"wp-caption aligncenter\"><img aria-describedby=\"caption-attachment-7221\" loading=\"lazy\" class=\"wp-image-7221 size-medium_large\" src=\"https:\/\/millidusunce.com\/misak\/wp-content\/uploads\/2019\/05\/Ads\u0131z-tasar\u0131m-768x614.png\" alt=\"Sabahattin Ali-\u015e\u00fckr\u00fc Sara\u00e7o\u011flu-Hasan Ali Y\u00fccel-Falih R\u0131fk\u0131 Atay\" width=\"768\" height=\"614\" srcset=\"https:\/\/millidusunce.com\/misak\/wp-content\/uploads\/2019\/05\/Ads\u0131z-tasar\u0131m-768x614.png 768w, https:\/\/millidusunce.com\/misak\/wp-content\/uploads\/2019\/05\/Ads\u0131z-tasar\u0131m-150x120.png 150w, https:\/\/millidusunce.com\/misak\/wp-content\/uploads\/2019\/05\/Ads\u0131z-tasar\u0131m-300x240.png 300w, https:\/\/millidusunce.com\/misak\/wp-content\/uploads\/2019\/05\/Ads\u0131z-tasar\u0131m.png 945w\" sizes=\"(max-width: 768px) 100vw, 768px\" \/><p id=\"caption-attachment-7221\" class=\"wp-caption-text\">Sabahattin Ali-\u015e\u00fckr\u00fc Sara\u00e7o\u011flu-Hasan Ali Y\u00fccel-Falih R\u0131fk\u0131 Atay<\/p><\/div>\n<h2><strong>1991 y\u0131l\u0131na kadar s\u00fcrecek karabasan\u0131 ilk fark eden T\u00fcrk\u00e7\u00fclerdir<\/strong><\/h2>\n<p>Birinci D\u00fcnya Sava\u015f\u0131\u2019n\u0131n Sovyet Rusya\u2019n\u0131n zaferiyle sonu\u00e7lanmas\u0131n\u0131n ard\u0131ndan d\u00fcnyan\u0131n ve T\u00fcrkl\u00fc\u011f\u00fcn \u00fczerinde 1991 y\u0131l\u0131na kadar s\u00fcrecek karabasan\u0131 ilk fark eden T\u00fcrk\u00e7\u00fcler olmu\u015ftur. Sovyetlerin emperyalizm arac\u0131 olan kom\u00fcnizmin T\u00fcrkiye\u2019de bilhassa e\u011fitim alan\u0131na s\u0131zmaya ba\u015flad\u0131\u011f\u0131n\u0131 g\u00f6ren T\u00fcrk\u00e7\u00fcler ve Ats\u0131z buna kar\u015f\u0131 harekete ge\u00e7ti. Ats\u0131z, 1944 y\u0131l\u0131n\u0131n Mart ay\u0131nda \u00e7\u0131kan <em>Orhun dergisi<\/em>nin 15\u2019inci say\u0131s\u0131nda <em>Ba\u015fbakan \u015e\u00fckr\u00fc Sara\u00e7o\u011flu<\/em>\u2019na a\u00e7\u0131k mektup yazd\u0131. Burada Sara\u00e7o\u011flu\u2019nun bir bu\u00e7uk y\u0131l \u00f6nce \u201c<em>T\u00fcrk\u00e7\u00fcy\u00fcz<\/em>\u201d \u015feklinde ba\u015flayan a\u00e7\u0131klamas\u0131ndan hareketle \u201c<em>Madem ki T\u00fcrk\u00e7\u00fcs\u00fcn\u2026<\/em>\u201d yakla\u015f\u0131m\u0131yla baz\u0131 uyar\u0131larda bulunan Ats\u0131z, ku\u015fkusuz Sara\u00e7o\u011flu\u2019nun T\u00fcrk\u00e7\u00fcl\u00fck konusunda samimi olmad\u0131\u011f\u0131n\u0131 ve t\u0131pk\u0131 o tarihlerde Falih R\u0131fk\u0131\u2019n\u0131n gazetede yazd\u0131\u011f\u0131 gibi \u201c<em>Biz T\u00fcrkiye T\u00fcrk\u00e7\u00fcs\u00fc ve T\u00fcrkiye istikl\u00e2lcisiyiz\u201d ifadesiyle T\u00fcrk\u00e7\u00fcl\u00fckten anlad\u0131klar\u0131n\u0131n iptidai bir b\u00f6lgecilik<\/em> oldu\u011funu biliyordu. Ancak o, \u00fczerine d\u00fc\u015fen vazifeyi yerine getirdi ve kamuoyunu b\u00fcy\u00fck bir tehlikeye kar\u015f\u0131 uyard\u0131. <em>Bu a\u00e7\u0131k mektupta \u00fcniversitelerde ve liselerde Kom\u00fcnizmin \u00f6rg\u00fctlendi\u011fini, milliyet aleyhtarl\u0131\u011f\u0131 yapt\u0131klar\u0131n\u0131, ajanl\u0131\u011fa ba\u015flad\u0131klar\u0131n\u0131, T\u00fcrk d\u00fc\u015fmanl\u0131\u011f\u0131n\u0131n artt\u0131\u011f\u0131n\u0131 ve Mill\u00ee E\u011fitim Bakanl\u0131\u011f\u0131na ba\u011fl\u0131 T\u00fcrk d\u00fc\u015fman\u0131 s\u00f6zde \u00f6\u011fretmenlerin var oldu\u011funu s\u00f6yledi. Neden bunlara g\u00f6z yumuldu\u011funu sordu.<\/em> B\u00fcy\u00fck bir yank\u0131 uyand\u0131ran bu ilk a\u00e7\u0131k mektuptan sonra Ats\u0131z, bir sonraki say\u0131da Sara\u00e7o\u011flu\u2019na ikinci a\u00e7\u0131k mektubu kaleme ald\u0131. Bu mektubunda da kom\u00fcnizmin kanun nazar\u0131nda su\u00e7 oldu\u011funu ve kom\u00fcnistlerin vatan haini oldu\u011funu belirten Ats\u0131z, e\u011fitim sahas\u0131na girmi\u015f kom\u00fcnistleri if\u015fa etti.<\/p>\n<p>Bu isimlerin ba\u015f\u0131na <em>Sabahattin Ali<\/em>\u2019yi koyan <em>Ats\u0131z<\/em>, ard\u0131na <em>Pertev Naili Boratav<\/em>\u2019\u0131, <em>Sadrettin Cel\u00e2l\u2019i, Ahmet Cevat<\/em>\u2019\u0131 dizdi. <em>Sabahattin Ali<\/em>\u2019yi de kollayan ismin d\u00f6nemin Mill\u00ee E\u011fitim Bakan\u0131 <em>Hasan Ali Y\u00fccel<\/em> oldu\u011funu s\u00f6yleyen Ats\u0131z, delillerini bir bir s\u0131ralar ve kom\u00fcnizmin devlete n\u00fcfuzunun engellenmesi gerekti\u011finin alt\u0131n\u0131 \u00e7izdi. \u0130ki a\u00e7\u0131k mektup da \u0130stanbul, Ankara gibi b\u00fcy\u00fck \u015fehirlerde \u201c<em>kom\u00fcnizm kar\u015f\u0131t\u0131<\/em>\u201d eylemlere sahne oldu. <em>Hasan Ali Y\u00fccel<\/em>, Ats\u0131z\u2019\u0131 <em>Bo\u011fazi\u00e7i Lisesi<\/em>ndeki \u00f6\u011fretmenlik g\u00f6revinden ald\u0131. \u0130kinci a\u00e7\u0131k mektubun ard\u0131ndan <em>Sabahattin Ali<\/em>, daha sonra <em>Hasan Ali Y\u00fccel<\/em> ve <em>Falih R\u0131fk\u0131<\/em>\u2019n\u0131n telkinleriyle oldu\u011fu ortaya \u00e7\u0131kan <em>Ats\u0131z<\/em> hakk\u0131ndaki \u201chakaret davas\u0131n\u0131\u201d a\u00e7ar ve 10 bin liral\u0131k tazminat ister. \u0130lk duru\u015fma 26 Nisan 1944 g\u00fcn\u00fc, saat 10.00\u2019da ba\u015flar. Mahkeme salonu h\u0131nca h\u0131n\u00e7 dolunca <em>Sabahattin Ali<\/em> korkar ve zemin katta bulunan mahkeme salonunun cam\u0131ndan atlayarak ka\u00e7ar. Duru\u015fma, ayn\u0131 g\u00fcn devam eder ve 3 May\u0131s 1944\u2019e ertelenir.<\/p>\n<p>\u0130stanbul\u2019da oturan Ats\u0131z, Ankara\u2019ya geldi\u011finde T\u00fcrk\u00e7\u00fc gen\u00e7ler taraf\u0131ndan kar\u015f\u0131land\u0131 ve duru\u015fmalar b\u00fcy\u00fck ilgiyle takip edildi. 3 May\u0131s\u2019taki kat\u0131l\u0131m daha da fazla oldu. 3 May\u0131s g\u00fcn\u00fc duru\u015fma devam ederken mahkemelere s\u0131\u011fmayan y\u00fczlerce T\u00fcrk\u00e7\u00fc; mar\u015flar, sloganlar e\u015fli\u011finde Ulus Meydan\u0131\u2019na y\u00fcr\u00fcd\u00fc. Bu y\u00fcr\u00fcy\u00fc\u015f, d\u00f6nemin iktidar\u0131nda b\u00fcy\u00fck bir korkuya neden oldu. Y\u00fcr\u00fcy\u00fc\u015fle ba\u011flant\u0131l\u0131 bir\u00e7ok g\u00f6zalt\u0131 yap\u0131ld\u0131 ancak as\u0131l cad\u0131 av\u0131 daha sonra Irk\u00e7\u0131l\u0131k-Turanc\u0131l\u0131k Davas\u0131\u2019yla ba\u015flad\u0131.<\/p>\n<h2><strong>Karar\u0131 kendi lehime \u00e7evirmek i\u00e7in hi\u00e7bir ka\u00e7amak yolu aram\u0131yorum<\/strong><\/h2>\n<p>Ats\u0131z, hakaret davas\u0131nda <em>\u201cS\u00f6ze ba\u015flarken bildirdi\u011fim gibi karar\u0131 kendi lehime \u00e7evirmek i\u00e7in hi\u00e7bir ka\u00e7amak yolu aramad\u0131\u011f\u0131ma inanman\u0131z\u0131 rica ederim. \u015eu kadar s\u00f6yleyebilirim ki Sabahattin Ali bir kom\u00fcnist oldu\u011fu yani vatan haini oldu\u011fu i\u00e7in Ba\u015fvekile olan mektubumda bir vatan haininin Maarif Vek\u00e2leti taraf\u0131ndan korundu\u011funu belirtmek \u00fczere bu tabiri kulland\u0131m<\/em>.\u201d dedi. Mahkeme, \u201c<em>vatan haini<\/em>\u201d tabirini hakaret olarak kabul etmeyerek \u201cs\u00f6vme\u201d olarak g\u00f6r\u00fcr ve cezay\u0131 buna g\u00f6re belirleyip erteledi.<\/p>\n<div id=\"attachment_7219\" style=\"width: 551px\" class=\"wp-caption aligncenter\"><img aria-describedby=\"caption-attachment-7219\" loading=\"lazy\" class=\"wp-image-7219 size-full\" src=\"https:\/\/millidusunce.com\/misak\/wp-content\/uploads\/2019\/05\/orkun.jpg\" alt=\"Orkun Dergisi-1962\" width=\"541\" height=\"720\" srcset=\"https:\/\/millidusunce.com\/misak\/wp-content\/uploads\/2019\/05\/orkun.jpg 541w, https:\/\/millidusunce.com\/misak\/wp-content\/uploads\/2019\/05\/orkun-113x150.jpg 113w, https:\/\/millidusunce.com\/misak\/wp-content\/uploads\/2019\/05\/orkun-225x300.jpg 225w\" sizes=\"(max-width: 541px) 100vw, 541px\" \/><p id=\"caption-attachment-7219\" class=\"wp-caption-text\">Orkun Dergisi-1962<\/p><\/div>\n<h2><strong>Bir hakaret davas\u0131n\u0131n T\u00fcrk\u00e7\u00fcl\u00fckle ilgisi nedir?<\/strong><\/h2>\n<p><em>Peki, bir hakaret davas\u0131n\u0131n T\u00fcrk\u00e7\u00fcl\u00fckle ilgisi nedir? Neden T\u00fcrk\u00e7\u00fcler G\u00fcn\u00fc olmu\u015ftur? Bu kadar \u00f6nemli midir?<\/em> Evet, \u00f6nemlidir. 3 May\u0131s bir uyan\u0131\u015ft\u0131r. Bir tehlikenin habercisi, o tehlikeye kar\u015f\u0131 bir dur deyi\u015ftir! T\u0131pk\u0131 Ats\u0131z\u2019\u0131n o g\u00fcn\u00fc \u00f6zetledi\u011fi \u015fu c\u00fcmlelerdeki gibi: \u201c<em>3 May\u0131s, bir k\u00e2bustan silkini\u015ftir<\/em>. <em>Daha sonraki yay\u0131nlar\u0131n da belgeleriyle ortaya koydu\u011fu gibi kom\u00fcnistler baz\u0131 bakan ve mebuslardan himaye g\u00f6rerek baz\u0131 sat\u0131lm\u0131\u015f kalemlerin te\u015fvikiyle hareketteydiler. K\u00f6y Enstit\u00fcleriyle, liselere sokulan \u00f6\u011fretmenlerle, \u00fcniversitedeki sab\u0131kal\u0131 profes\u00f6rlerle T\u00fcrkiye\u2019yi bir Marksist ihtil\u00e2le haz\u0131rl\u0131yorlard\u0131. B\u00fct\u00fcn bunlar\u0131 \u00f6nleyen \u015fey, 3 May\u0131s 1944 g\u00fcn\u00fc birka\u00e7 bin me\u00e7hul gencin yapt\u0131\u011f\u0131 sert y\u00fcr\u00fcy\u00fc\u015f olmu\u015ftur. Bundan dolay\u0131d\u0131r ki 3 May\u0131s bizim g\u00fcn\u00fcm\u00fczd\u00fcr. 3 May\u0131s bir ruhtur. Bug\u00fcnk\u00fc parti dincilikleri, Nurculuk ve Moskof\u00e7uluk safsatalar\u0131 ge\u00e7erek ve ortada yaln\u0131z 3 May\u0131s y\u00fcr\u00fcy\u00fc\u015f\u00fcn\u00fc yapan T\u00fcrk\u00e7\u00fcler kalacakt\u0131r. Bu y\u00fcr\u00fcy\u00fc\u015f devam ediyor. T\u00fcrk ordular\u0131 ata ruhlar\u0131n\u0131n dola\u015ft\u0131\u011f\u0131 Altay ve Tanr\u0131 Da\u011flar\u0131 eteklerinde resm\u00ee ge\u00e7it yap\u0131ncaya kadar devam edecektir.<\/em>\u201d<\/p>\n<p>3 May\u0131s ruhu ebediyen ya\u015fas\u0131n.<\/p>\n<p>Tanr\u0131 T\u00fcrk\u2019\u00fc korusun.<\/p>\n","protected":false},"excerpt":{"rendered":"<p>&#8220;3 May\u0131s bir ruhtur. Bug\u00fcnk\u00fc parti dincilikleri, Nurculuk ve Moskof\u00e7uluk safsatalar\u0131 ge\u00e7erek ve ortada yaln\u0131z 3 May\u0131s y\u00fcr\u00fcy\u00fc\u015f\u00fcn\u00fc yapan T\u00fcrk\u00e7\u00fcler kalacakt\u0131r. Bu y\u00fcr\u00fcy\u00fc\u015f devam ediyor.&#8221; Yolun ba\u015f\u0131nda ya\u015fananlar\u0131 Berkant Parlak yazd\u0131&#8230;<\/p>\n","protected":false},"author":92,"featured_media":7228,"comment_status":"open","ping_status":"open","sticky":false,"template":"","format":"standard","meta":{"_links_to":"","_links_to_target":""},"categories":[66,68],"tags":[876,881,884,885,874,325,883,878,882,879,873,880,877,122,875],"yoast_head":"<!-- This site is optimized with the Yoast SEO plugin v16.0.2 - https:\/\/yoast.com\/wordpress\/plugins\/seo\/ -->\n<title>Ats\u0131z ve 3 May\u0131s s\u00fcrecinin bir \u00f6zeti - M\u0130SAK- Mill\u00ee Strateji Ara\u015ft\u0131rma Kurulu<\/title>\n<link rel=\"canonical\" href=\"https:\/\/millidusunce.com\/misak\/atsiz-ve-3-mayis-surecinin-bir-ozeti\/\" \/>\n<meta property=\"og:locale\" content=\"tr_TR\" \/>\n<meta property=\"og:type\" content=\"article\" \/>\n<meta property=\"og:title\" content=\"Ats\u0131z ve 3 May\u0131s s\u00fcrecinin bir \u00f6zeti - M\u0130SAK- Mill\u00ee Strateji Ara\u015ft\u0131rma Kurulu\" \/>\n<meta property=\"og:description\" content=\"&quot;3 May\u0131s bir ruhtur. Bug\u00fcnk\u00fc parti dincilikleri, Nurculuk ve Moskof\u00e7uluk safsatalar\u0131 ge\u00e7erek ve ortada yaln\u0131z 3 May\u0131s y\u00fcr\u00fcy\u00fc\u015f\u00fcn\u00fc yapan T\u00fcrk\u00e7\u00fcler kalacakt\u0131r. Bu y\u00fcr\u00fcy\u00fc\u015f devam ediyor.&quot; Yolun ba\u015f\u0131nda ya\u015fananlar\u0131 Berkant Parlak yazd\u0131...\" \/>\n<meta property=\"og:url\" content=\"https:\/\/millidusunce.com\/misak\/atsiz-ve-3-mayis-surecinin-bir-ozeti\/\" \/>\n<meta property=\"og:site_name\" content=\"M\u0130SAK- Mill\u00ee Strateji Ara\u015ft\u0131rma Kurulu\" \/>\n<meta property=\"article:published_time\" content=\"2019-05-03T16:30:00+00:00\" \/>\n<meta property=\"article:modified_time\" content=\"2019-05-03T14:24:56+00:00\" \/>\n<meta property=\"og:image\" content=\"https:\/\/millidusunce.com\/misak\/wp-content\/uploads\/2019\/05\/trklkbayram1-3.jpg\" \/>\n\t<meta property=\"og:image:width\" content=\"1064\" \/>\n\t<meta property=\"og:image:height\" content=\"1571\" \/>\n<meta name=\"twitter:card\" content=\"summary_large_image\" \/>\n<meta name=\"twitter:label1\" content=\"Tahmini okuma s\u00fcresi\">\n\t<meta name=\"twitter:data1\" content=\"9 dakika\">\n<script type=\"application\/ld+json\" class=\"yoast-schema-graph\">{\"@context\":\"https:\/\/schema.org\",\"@graph\":[{\"@type\":\"Organization\",\"@id\":\"https:\/\/millidusunce.com\/misak\/#organization\",\"name\":\"Mill\\u00ee D\\u00fc\\u015f\\u00fcnce Merkezi\",\"url\":\"https:\/\/millidusunce.com\/misak\/\",\"sameAs\":[],\"logo\":{\"@type\":\"ImageObject\",\"@id\":\"https:\/\/millidusunce.com\/misak\/#logo\",\"inLanguage\":\"tr\",\"url\":\"https:\/\/millidusunce.com\/misak\/wp-content\/uploads\/2018\/09\/mdmLogo-yazisiz.jpg\",\"width\":422,\"height\":422,\"caption\":\"Mill\\u00ee D\\u00fc\\u015f\\u00fcnce Merkezi\"},\"image\":{\"@id\":\"https:\/\/millidusunce.com\/misak\/#logo\"}},{\"@type\":\"WebSite\",\"@id\":\"https:\/\/millidusunce.com\/misak\/#website\",\"url\":\"https:\/\/millidusunce.com\/misak\/\",\"name\":\"M\\u0130SAK- Mill\\u00ee Strateji Ara\\u015ft\\u0131rma Kurulu\",\"description\":\"D\\u00fcnyaya T\\u00fcrk\\u00e7\\u00fc Bak\\u0131\\u015f\",\"publisher\":{\"@id\":\"https:\/\/millidusunce.com\/misak\/#organization\"},\"potentialAction\":[{\"@type\":\"SearchAction\",\"target\":\"https:\/\/millidusunce.com\/misak\/?s={search_term_string}\",\"query-input\":\"required name=search_term_string\"}],\"inLanguage\":\"tr\"},{\"@type\":\"ImageObject\",\"@id\":\"https:\/\/millidusunce.com\/misak\/atsiz-ve-3-mayis-surecinin-bir-ozeti\/#primaryimage\",\"inLanguage\":\"tr\",\"url\":\"https:\/\/millidusunce.com\/misak\/wp-content\/uploads\/2019\/05\/trklkbayram1-3.jpg\",\"width\":1064,\"height\":1571},{\"@type\":\"WebPage\",\"@id\":\"https:\/\/millidusunce.com\/misak\/atsiz-ve-3-mayis-surecinin-bir-ozeti\/#webpage\",\"url\":\"https:\/\/millidusunce.com\/misak\/atsiz-ve-3-mayis-surecinin-bir-ozeti\/\",\"name\":\"Ats\\u0131z ve 3 May\\u0131s s\\u00fcrecinin bir \\u00f6zeti - M\\u0130SAK- Mill\\u00ee Strateji Ara\\u015ft\\u0131rma Kurulu\",\"isPartOf\":{\"@id\":\"https:\/\/millidusunce.com\/misak\/#website\"},\"primaryImageOfPage\":{\"@id\":\"https:\/\/millidusunce.com\/misak\/atsiz-ve-3-mayis-surecinin-bir-ozeti\/#primaryimage\"},\"datePublished\":\"2019-05-03T16:30:00+00:00\",\"dateModified\":\"2019-05-03T14:24:56+00:00\",\"breadcrumb\":{\"@id\":\"https:\/\/millidusunce.com\/misak\/atsiz-ve-3-mayis-surecinin-bir-ozeti\/#breadcrumb\"},\"inLanguage\":\"tr\",\"potentialAction\":[{\"@type\":\"ReadAction\",\"target\":[\"https:\/\/millidusunce.com\/misak\/atsiz-ve-3-mayis-surecinin-bir-ozeti\/\"]}]},{\"@type\":\"BreadcrumbList\",\"@id\":\"https:\/\/millidusunce.com\/misak\/atsiz-ve-3-mayis-surecinin-bir-ozeti\/#breadcrumb\",\"itemListElement\":[{\"@type\":\"ListItem\",\"position\":1,\"item\":{\"@type\":\"WebPage\",\"@id\":\"https:\/\/millidusunce.com\/misak\/\",\"url\":\"https:\/\/millidusunce.com\/misak\/\",\"name\":\"Anasayfa\"}},{\"@type\":\"ListItem\",\"position\":2,\"item\":{\"@type\":\"WebPage\",\"@id\":\"https:\/\/millidusunce.com\/misak\/atsiz-ve-3-mayis-surecinin-bir-ozeti\/\",\"url\":\"https:\/\/millidusunce.com\/misak\/atsiz-ve-3-mayis-surecinin-bir-ozeti\/\",\"name\":\"Ats\\u0131z ve 3 May\\u0131s s\\u00fcrecinin bir \\u00f6zeti\"}}]},{\"@type\":\"Article\",\"@id\":\"https:\/\/millidusunce.com\/misak\/atsiz-ve-3-mayis-surecinin-bir-ozeti\/#article\",\"isPartOf\":{\"@id\":\"https:\/\/millidusunce.com\/misak\/atsiz-ve-3-mayis-surecinin-bir-ozeti\/#webpage\"},\"author\":{\"@id\":\"https:\/\/millidusunce.com\/misak\/#\/schema\/person\/dadd4ba047e7957a631c072eb8d31add\"},\"headline\":\"Ats\\u0131z ve 3 May\\u0131s s\\u00fcrecinin bir \\u00f6zeti\",\"datePublished\":\"2019-05-03T16:30:00+00:00\",\"dateModified\":\"2019-05-03T14:24:56+00:00\",\"mainEntityOfPage\":{\"@id\":\"https:\/\/millidusunce.com\/misak\/atsiz-ve-3-mayis-surecinin-bir-ozeti\/#webpage\"},\"commentCount\":0,\"publisher\":{\"@id\":\"https:\/\/millidusunce.com\/misak\/#organization\"},\"image\":{\"@id\":\"https:\/\/millidusunce.com\/misak\/atsiz-ve-3-mayis-surecinin-bir-ozeti\/#primaryimage\"},\"keywords\":\"3 May\\u0131s 1944,Ahmet Cevat,cad\\u0131 av\\u0131,Falih R\\u0131fk\\u0131 Atay,Hasan Ali Y\\u00fccel,H\\u00fcseyin Nihal Ats\\u0131z,kom\\u00fcnizm,Naz\\u0131m Hikmet Ran,Nazizm,Pertev Naili Boratav,Sabahattin Ali,Sadrettin Cel\\u00e2l,\\u015e\\u00fckr\\u00fc Sara\\u00e7o\\u011flu,T\\u00fcrk\\u00e7\\u00fcl\\u00fck,T\\u00fcrk\\u00e7\\u00fcl\\u00fck Turanc\\u0131l\\u0131k davas\\u0131\",\"articleSection\":\"S\\u0130YASET-TAR\\u0130H,T\\u00dcRKL\\u00dcK-T\\u00dcRK\\u00c7\\u00dcL\\u00dcK\",\"inLanguage\":\"tr\",\"potentialAction\":[{\"@type\":\"CommentAction\",\"name\":\"Comment\",\"target\":[\"https:\/\/millidusunce.com\/misak\/atsiz-ve-3-mayis-surecinin-bir-ozeti\/#respond\"]}]},{\"@type\":\"Person\",\"@id\":\"https:\/\/millidusunce.com\/misak\/#\/schema\/person\/dadd4ba047e7957a631c072eb8d31add\",\"name\":\"Berkant Parlak\",\"image\":{\"@type\":\"ImageObject\",\"@id\":\"https:\/\/millidusunce.com\/misak\/#personlogo\",\"inLanguage\":\"tr\",\"url\":\"https:\/\/secure.gravatar.com\/avatar\/0670a004aecedb05650ecb9be5bda82e?s=96&d=mm&r=g\",\"caption\":\"Berkant Parlak\"},\"description\":\"1991 y\\u0131l\\u0131nda Bursa\\u2019n\\u0131n Osmangazi il\\u00e7esinde do\\u011fdu. \\u0130lk\\u00f6\\u011frenimini Bursa Osmangazi Atat\\u00fcrk \\u0130lk\\u00f6\\u011fretim Okulunda, orta\\u00f6\\u011frenimini Trabzon Ak\\u00e7aabat Lisesinde tamamlad\\u0131. Karadeniz Teknik \\u00dcniversitesi Edebiyat Fak\\u00fcltesi T\\u00fcrk Dili ve Edebiyat\\u0131 B\\u00f6l\\u00fcm\\u00fc ve Anadolu \\u00dcniversitesi A\\u00e7\\u0131k\\u00f6\\u011fretim Fak\\u00fcltesi Sosyoloji B\\u00f6l\\u00fcm\\u00fcnde lisans e\\u011fitimlerini s\\u00fcrd\\u00fcrmektedir. 2010 y\\u0131l\\u0131ndan beri \\u00e7e\\u015fitli ajans, gazete ve internet haber sitelerinde muhabirlik yapmakta ve h\\u00e2len daha gazetecilik mesle\\u011fine devam etmektedir. \\u00c7e\\u015fitli gazete, dergi ve internet sitelerinde k\\u00f6\\u015fe yazarl\\u0131\\u011f\\u0131 yapmaktad\\u0131r. Trabzon Gazeteciler Cemiyetinin \\u201cY\\u0131l\\u0131n Ba\\u015far\\u0131l\\u0131 Gazetecileri\\u201d yar\\u0131\\u015fmas\\u0131nda 2014 y\\u0131l\\u0131nda \\u201chaber\\u201d dal\\u0131nda, 2016 y\\u0131l\\u0131nda ise \\u201chaber foto\\u011fraf\\u0131\\u201d dal\\u0131nda iki ayr\\u0131 \\u00f6d\\u00fcle l\\u00e2y\\u0131k g\\u00f6r\\u00fcld\\u00fc. Y\\u00f6netim Kurulu \\u00dcyeli\\u011fi g\\u00f6revini s\\u00fcrd\\u00fcrd\\u00fc\\u011f\\u00fc Ak\\u00e7aabat Gazeteciler Cemiyeti taraf\\u0131ndan 2013 y\\u0131l\\u0131nda d\\u00fczenlenen Karma Foto\\u011fraf Sergisi\\u2019ne de \\u00e7e\\u015fitli foto\\u011fraflar\\u0131yla kat\\u0131ld\\u0131. T\\u00fcrk yaz\\u0131s\\u0131n\\u0131 \\u00f6\\u011fretmek i\\u00e7in \\u00e7e\\u015fitli e\\u011fitimlere kat\\u0131ld\\u0131. 2016 y\\u0131l\\u0131 mart ay\\u0131nda Trabzon\\u2019da T\\u00fcrk yaz\\u0131s\\u0131 \\u00fczerine e\\u011fitim ba\\u015flatt\\u0131 ve ayn\\u0131 y\\u0131l i\\u00e7inde \\u00fc\\u00e7 ayr\\u0131 e\\u011fitim verdi. G\\u00fcm\\u00fc\\u015fhane \\u00dcniversitesinde d\\u00fczenlenen bir e\\u011fitime kat\\u0131larak kat\\u0131l\\u0131mc\\u0131lara T\\u00fcrk yaz\\u0131s\\u0131n\\u0131 \\u00f6\\u011fretti. 2017 y\\u0131l\\u0131nda T\\u00fcrk Yaz\\u0131s\\u0131 isimli kitab\\u0131 yay\\u0131mlad\\u0131. Ayr\\u0131ca Trabzon Ticaretine Y\\u00f6n Verenler (2016) ve Ortahisar - Medeniyet \\u015eehrinde \\u0130lklerin Belediye Meclisi (2016) adl\\u0131 eserlere katk\\u0131da bulundu.\"}]}<\/script>\n<!-- \/ Yoast SEO plugin. -->","_links":{"self":[{"href":"https:\/\/millidusunce.com\/misak\/wp-json\/wp\/v2\/posts\/7215"}],"collection":[{"href":"https:\/\/millidusunce.com\/misak\/wp-json\/wp\/v2\/posts"}],"about":[{"href":"https:\/\/millidusunce.com\/misak\/wp-json\/wp\/v2\/types\/post"}],"author":[{"embeddable":true,"href":"https:\/\/millidusunce.com\/misak\/wp-json\/wp\/v2\/users\/92"}],"replies":[{"embeddable":true,"href":"https:\/\/millidusunce.com\/misak\/wp-json\/wp\/v2\/comments?post=7215"}],"version-history":[{"count":0,"href":"https:\/\/millidusunce.com\/misak\/wp-json\/wp\/v2\/posts\/7215\/revisions"}],"wp:featuredmedia":[{"embeddable":true,"href":"https:\/\/millidusunce.com\/misak\/wp-json\/wp\/v2\/media\/7228"}],"wp:attachment":[{"href":"https:\/\/millidusunce.com\/misak\/wp-json\/wp\/v2\/media?parent=7215"}],"wp:term":[{"taxonomy":"category","embeddable":true,"href":"https:\/\/millidusunce.com\/misak\/wp-json\/wp\/v2\/categories?post=7215"},{"taxonomy":"post_tag","embeddable":true,"href":"https:\/\/millidusunce.com\/misak\/wp-json\/wp\/v2\/tags?post=7215"}],"curies":[{"name":"wp","href":"https:\/\/api.w.org\/{rel}","templated":true}]}}