{"id":7580,"date":"2019-05-27T20:30:00","date_gmt":"2019-05-27T17:30:00","guid":{"rendered":"https:\/\/millidusunce.com\/misak\/?p=7580&#038;preview=true&#038;preview_id=7580"},"modified":"2019-10-22T07:18:19","modified_gmt":"2019-10-22T04:18:19","slug":"turksuz-19-mayis-ruhu-ve-tarih-suuru","status":"publish","type":"post","link":"https:\/\/millidusunce.com\/misak\/turksuz-19-mayis-ruhu-ve-tarih-suuru\/","title":{"rendered":"T\u00fcrk\u2019s\u00fcz 19 May\u0131s ruhu ve tarih \u015fuuru"},"content":{"rendered":"<p><img loading=\"lazy\" class=\" wp-image-7593 aligncenter\" src=\"https:\/\/millidusunce.com\/misak\/wp-content\/uploads\/2019\/05\/raw_siyasilerden-19-mayis-mesaji_625171052-300x150.jpg\" alt=\"\" width=\"834\" height=\"417\" srcset=\"https:\/\/millidusunce.com\/misak\/wp-content\/uploads\/2019\/05\/raw_siyasilerden-19-mayis-mesaji_625171052-300x150.jpg 300w, https:\/\/millidusunce.com\/misak\/wp-content\/uploads\/2019\/05\/raw_siyasilerden-19-mayis-mesaji_625171052-150x75.jpg 150w, https:\/\/millidusunce.com\/misak\/wp-content\/uploads\/2019\/05\/raw_siyasilerden-19-mayis-mesaji_625171052.jpg 620w\" sizes=\"(max-width: 834px) 100vw, 834px\" \/><\/p>\n<p>&nbsp;<\/p>\n<p style=\"text-align: right;\"><em>\u201cBenim yarat\u0131l\u0131\u015f\u0131mda fevkalade olan bir \u015fey varsa,<br \/>\n<\/em><em>T\u00fcrk olarak d\u00fcnyaya gelmemdir.<br \/>\n<\/em><em>Her T\u00fcrk ferdinin son nefesi,<br \/>\n<\/em><em>T\u00fcrk milletinin nefesinin s\u00f6nmeyece\u011fini,<br \/>\n<\/em><em>onun ebed\u00ee oldu\u011funu g\u00f6stermelidir.<br \/>\n<\/em><em>Gazi Mustafa Kemal Atat\u00fcrk\u201d<\/em><\/p>\n<p>Bu y\u0131l T\u00fcrk Milleti i\u00e7in \u00f6nemli bir y\u0131l. G\u00fczel vatan\u0131m\u0131z\u0131 i\u015fgal edenlere kar\u015f\u0131 Atat\u00fcrk\u2019\u00fcn mill\u00ee m\u00fccadele i\u00e7in Samsun\u2019a \u00e7\u0131k\u0131\u015f\u0131n\u0131n 100\u2019\u00fcnc\u00fc y\u0131l\u0131. S\u00fcre\u00e7 \u00f6yle zor ve zorlu ge\u00e7mi\u015f ki\u2026<\/p>\n<p><em>\u201cVatan\u0131n b\u00fct\u00fcnl\u00fc\u011f\u00fc, Milletin istikl\u00e2li tehlikedir\u201d<\/em> diyen bir avu\u00e7 kahraman, <em>\u201cMilletin istiklalini yine milletin azim ve karar\u0131 kurtaracakt\u0131r.\u201d<\/em> inanc\u0131yla b\u00fct\u00fcn vatan sath\u0131na haber salarlar. \u00d6nce Erzurum sonra Sivas Kongresi toplan\u0131r. \u0130stikl\u00e2l manifestosu hayk\u0131r\u0131l\u0131r. Bir heyet olu\u015fturulur.<\/p>\n<p>Y\u0131l\u0131n sonunda, 27 Aral\u0131k 1919\u2019da ise Ankara\u2019ya var\u0131l\u0131r. Se\u011fmen alay\u0131 \u00e7\u0131km\u0131\u015f, Bayrak kald\u0131r\u0131lm\u0131\u015ft\u0131r. T\u00fcrk Milleti istikl\u00e2line ve h\u00fcrriyetine sahip \u00e7\u0131km\u0131\u015ft\u0131r.<\/p>\n<p>T\u00fcrk Milleti b\u00fcy\u00fck ac\u0131lara katlan\u0131r. B\u00fcy\u00fck badireler atlat\u0131l\u0131r. Nihayet 29 Ekim 1923 ba\u011f\u0131ms\u0131z T\u00fcrk Devleti d\u00fcnyaya ilan edilir. Aytmatov\u2019un <em>\u201cG\u00fcn olur asra bedel\u201d<\/em> dedi\u011fi gibi, her g\u00fcn\u00fc neredeyse bir asra bedel 4 y\u0131l 5 ay 10 g\u00fcnl\u00fck d\u00f6nemin ba\u015flang\u0131c\u0131 19 May\u0131s\u2019t\u0131r.<\/p>\n<h2><strong>19 May\u0131s 2019, \u201cBiz\u201d kimiz?<\/strong><\/h2>\n<p>T\u00fcrk Milleti y\u00fcz\u00fcnc\u00fc y\u0131l\u0131n \u00f6nemini biliyordu. On binlerce ki\u015fi bayra\u011f\u0131n\u0131 al\u0131p Samsun\u2019a ko\u015ftu. Devlet de oradayd\u0131. T\u00f6renler g\u00f6rkemliydi. Ama \u00e7ok \u00f6nemli bir husus g\u00f6zden ka\u00e7t\u0131. Yap\u0131lan konu\u015fmalarda, okunan \u015fiir ya da mar\u015flarda T\u00fcrk ad\u0131 neredeyse hi\u00e7 ge\u00e7medi.<\/p>\n<p>Televizyonlardan canl\u0131 yay\u0131mlanan t\u00f6rende yap\u0131lan; gen\u00e7lik ad\u0131na bir k\u0131z \u00f6\u011frencinin konu\u015fmas\u0131nda da, Gen\u00e7lik ve Spordan Sorumlu Bakan\u0131n konu\u015fmas\u0131nda da, Cumhurba\u015fkan\u0131n\u0131n konu\u015fmas\u0131nda da, T\u00fcrk ad\u0131 ge\u00e7medi.<\/p>\n<p>Cumhurba\u015fkan\u0131 konu\u015fmas\u0131nda: \u201c<em>Bizim gelene\u011fimizde devletin ismi ve y\u00f6neticileri de\u011fi\u015fir ama ona ebet m\u00fcddetlik vasf\u0131 veren anlay\u0131\u015f hep baki kal\u0131r. Devleti ebet m\u00fcddet milletin bizatihi kendisidir. Dolay\u0131s\u0131yla asl\u0131nda ismi, bayra\u011f\u0131, co\u011frafyas\u0131 de\u011fi\u015fmi\u015f olsa da bizim devletimiz hep tektir. Cumhurba\u015fkanl\u0131\u011f\u0131 Forsu, i\u015fte bu kadim tek devlet anlay\u0131\u015f\u0131n\u0131n remzidir\u201d <\/em>dedi. Bu c\u00fcmleler tarihin devaml\u0131l\u0131\u011f\u0131n\u0131 belirtme a\u00e7\u0131s\u0131ndan ele al\u0131n\u0131rsa hakl\u0131 ve do\u011fru c\u00fcmlelerdir. Ama buradaki en \u00f6nemli ayr\u0131nt\u0131 \u201cbiz kimiz?\u201d sorusunun cevab\u0131d\u0131r.<\/p>\n<p>Bu konu\u015fmadaki \u201cbiz\u201dden kimin kast edildi\u011fini anlayabilmek i\u00e7in ba\u015fka konu\u015fmalara bakmak gerekir. Cumhurba\u015fkan\u0131n\u0131n, Samsun\u2019daki t\u00f6renden iki g\u00fcn sonra, TBMM\u2019de b\u00fct\u00fcn d\u00f6nem milletvekilleri ile birlikte oldu\u011fu iftarda yapt\u0131\u011f\u0131 konu\u015fmas\u0131nda; T\u00fcrkiye\u2019nin bug\u00fcn g\u00fcvenlikten ekonomiye her alanda kritik bir d\u00f6nemden ge\u00e7ti\u011fine i\u015faret ederek siyasi partileri<em> \u201cT\u00fcrkiye ortak paydas\u0131\u201d <\/em>alt\u0131nda bulu\u015fmaya \u00e7a\u011f\u0131rd\u0131. Konu\u015fmas\u0131n\u0131 da <em>\u201cGelin T\u00fcrkiye\u2019yi 2023 hedeflerine birlikte ula\u015ft\u0131ral\u0131m. Gelin b\u00fcy\u00fck ve g\u00fc\u00e7l\u00fc T\u00fcrkiye\u2019yi birlikte in\u015fa edelim. Onun i\u00e7in tek millet, tek bayrak, tek vatan, tek devlet diyerek bu yolda y\u00fcr\u00fcyelim, biz buna haz\u0131r\u0131z. Meclisimizin de t\u00fcm milletvekilleriyle ve siyasi partileriyle buna haz\u0131r oldu\u011funa inan\u0131yorum\u201d<\/em> c\u00fcmleleriyle bitirdi.<\/p>\n<p>Buradaki <em>tek devlet<\/em> ise <em>T\u00fcrkiye\u2019nin b\u00fct\u00fcnl\u00fc\u011f\u00fc, b\u00fcy\u00fck ve g\u00fc\u00e7l\u00fc olmas\u0131 i\u00e7in<\/em> denerek, devletin yap\u0131s\u0131n\u0131 de\u011fi\u015ftirmekten bahseden kavramd\u0131r. H\u00e2lbuki T\u00fcrkiye Cumhuriyeti zaten tek de\u011fil midir ki <em>tek devlet vurgusu yap\u0131lmaktad\u0131r? Millet tek, vatan tek, bayrak tek de\u011fil midir ki m\u00fctemadiyen tekrar edilmektedir?<\/em><\/p>\n<p>Cumhurba\u015fkan\u0131n\u0131n rabia olarak adland\u0131rd\u0131\u011f\u0131 <em>\u201ctek millet, tek devlet, tek bayrak, tek vatan\u201d<\/em> slogan\u0131n\u0131n etnik unsurlar\u0131n e\u015fitli\u011fi ile \u00e7ok milletli devlet yap\u0131s\u0131 oldu\u011fu bir\u00e7ok konu\u015fmas\u0131nda ortaya konmu\u015ftur. Bununla T\u00fcrkiye Cumhuriyeti&#8217;nin bir ve b\u00fct\u00fcn olan yap\u0131s\u0131n\u0131n \u00e7ok devletli bir yap\u0131ya do\u011fru gidecektir. Bu b\u00fcy\u00fcmek de\u011fildir.<\/p>\n<p>Samsun konu\u015fmas\u0131ndaki <em>tek devlet<\/em> ise, milletin ad\u0131 s\u00f6ylenmese de T\u00fcrk Milletinin tarihteki yerini vurgulamaktad\u0131r. Do\u011frudur, T\u00fcrk tarihi binlerce y\u0131ld\u0131r kesintisiz olarak akmaktad\u0131r. Hanedanlar de\u011fi\u015fmi\u015f, ayn\u0131 d\u00f6nemde birden fazla devlet olmu\u015f ama kesintisiz olarak T\u00fcrk Milletinin egemenli\u011fi devam etmi\u015ftir. Dolay\u0131s\u0131yla konu\u015fmadaki <em>\u201c<\/em>biz<em>\u201d<\/em> telaffuz edilmemekle birlikte, \u201cT\u00fcrk Milleti\u201d yerine kullan\u0131lmaktad\u0131r.<\/p>\n<h2><strong>Tarihe T\u00fcrk milletinin penceresinden bakmak<\/strong><\/h2>\n<p>Bu konu\u015fmalarla \u00e7ok ilgili olan bir geli\u015fme daha ya\u015fanmaktad\u0131r. Mill\u00ee E\u011fitim Bakanl\u0131\u011f\u0131 (MEB) yeni bir sisteme ge\u00e7i\u015f karar\u0131n\u0131 a\u00e7\u0131klam\u0131\u015ft\u0131r. 17 y\u0131ll\u0131k tek parti d\u00f6nemindeki say\u0131s\u0131n\u0131 unuttu\u011fumuz reformlar\u0131n sonuncusu olmas\u0131 diliyorum. Ancak bas\u0131nda tart\u0131\u015f\u0131lan kadar\u0131 ile yine stratejik hatalar\u0131n oldu\u011fu g\u00f6r\u00fcn\u00fcyor.<\/p>\n<p>MEB\u2019in a\u00e7\u0131klamalar\u0131ndan anla\u015f\u0131lan, baz\u0131 derslerin zorunlu baz\u0131 derslerin de se\u00e7meli olaca\u011f\u0131 g\u00f6r\u00fcn\u00fcyor. Sistemin hakk\u0131ndaki tart\u0131\u015fmalarda tarih dersinin de se\u00e7meli olaca\u011f\u0131 konu\u015fuluyor. E\u011fer ger\u00e7ekten se\u00e7meli olacaksa gelecek ku\u015faklar i\u00e7inde tarihinden bihaber y\u00f6neticilerimiz olacak demektir. Bu da T\u00fcrk Milleti i\u00e7in stratejik vahim bir hata olacakt\u0131r. Neden mi?<\/p>\n<p>Bu sorunun cevab\u0131 T\u00d6RE dergisinin Kas\u0131m 1979\u2019da yay\u0131mlanm\u0131\u015f olan 102. say\u0131s\u0131nda \u00e7\u0131kan bir ankette vard\u0131r. Anketin ba\u015fl\u0131\u011f\u0131 <em>\u201cAtat\u00fcrk hakk\u0131nda\u201d<\/em>d\u0131r.<\/p>\n<p><em>\u201cAnkete cevap verenlerin, -bug\u00fcnk\u00fc tabirle- deneklerin hepsi o g\u00fcn\u00fcn \u00fcniversitelileridir ve 19-24 ya\u015f grubu i\u00e7erisindedirler. Ankette; AP\u2019li (Adalet Partisi), CHP\u2019li (Cumhuriyet Halk Partisi), MHP\u2019li (Milliyet\u00e7i Hareket Partisi), MSP\u2019li (Milli Selamet Partisi), DEV-GEN\u00c7\u2019li, Kurtulu\u015f\u00e7u, \u00dclk\u00fcc\u00fc ve Tarafs\u0131z diye kendini tarif eden ki\u015filerin a\u00e7\u0131klamalar\u0131 yer almaktad\u0131r.<\/em><\/p>\n<p><em>1979 y\u0131l\u0131nda yap\u0131lm\u0131\u015f olan bu ankete cevap verenler bug\u00fcn 51-56 ya\u015f aral\u0131\u011f\u0131ndad\u0131r ki, bunlar T\u00fcrkiye\u2019yi bug\u00fcnlere ta\u015f\u0131yan ya\u015f grubudur.<\/em><a href=\"#_edn1\" name=\"_ednref1\"><em>*<\/em><\/a><em>\u201d<\/em><\/p>\n<p>Bu ankete verilen cevaplar\u0131n i\u00e7inde, kendini tarafs\u0131z diye tarif eden hari\u00e7 tamam\u0131n\u0131n cevab\u0131 <em>\u201cama, fakat, lakin\u2026\u201d <\/em>diyerek kurdu\u011fu c\u00fcmlelerden olu\u015fmakta. <em>Atat\u00fcrk iyiydi, memleketimizi kurtard\u0131, devletimizi kurdu, devrimler yapt\u0131 ama\u2026fakat\u2026 lakin\u2026<\/em><\/p>\n<p>Hacettepe \u00dcniversitesi&#8217;nde okuyan ve 21 ya\u015f\u0131nda olan \u00f6\u011frencinin cevab\u0131 tam da bug\u00fcn\u00fc anlat\u0131r. <em>\u201c\u2026 CHP\u2019nin \u2018Alt\u0131 Ok\u2019u O\u2019nun bir yap\u0131t\u0131d\u0131r. Fakat bu yap\u0131t eskimi\u015ftir, yani \u00e7a\u011fda\u015f de\u011fildir. Atat\u00fcrk\u2019\u00fc \u00e7a\u011fda\u015f bir g\u00f6zle yeniden de\u011ferlendirmenin zorunlu oldu\u011funa inan\u0131yorum.\u201d<\/em><\/p>\n<p>21 ya\u015f\u0131nda ve \u00fclk\u00fcc\u00fc oldu\u011funu s\u00f6yleyen Ankara \u00dcniversitesi \u00f6\u011frencisinin s\u00f6yledikleri de bug\u00fcnlerdeki savrulmay\u0131 i\u015faret etmektedir. <em>\u201cBence Atat\u00fcrk de \u00dclk\u00fcc\u00fcyd\u00fc. (\u2026) bunun d\u0131\u015f\u0131nda bir d\u00fc\u015f\u00fcnceyi kabul etmek istemem. Osmanl\u0131 \u0130mparatorlu\u011funa kar\u015f\u0131 alm\u0131\u015f oldu\u011fu tavr\u0131 elbette do\u011fru bulmuyorum. Ancak\u2026\u201d<\/em><\/p>\n<p>Ama en \u00e7arp\u0131c\u0131 cevap 22 ya\u015f\u0131ndaki gencin; \u201c<em>Atat\u00fcrk M\u00fcsl\u00fcman halk\u0131n kar\u015f\u0131s\u0131na, \u0130slamiyet\u2019in kar\u015f\u0131s\u0131na bir put gibi dikilmi\u015f, onun peygamberleri ve m\u00fcritleri t\u00fcremi\u015ftir. Kad\u0131n\u0131n bu kadar a\u00e7\u0131l\u0131p sa\u00e7\u0131lmas\u0131 \u0130slamiyet\u2019e kar\u015f\u0131 her t\u00fcrl\u00fc hareket onun bir eseridir. \u0130ktidar olaca\u011f\u0131z ve elbette onun bu kusurlar\u0131n\u0131 ve hakiki \u00e7ehresini M\u00fcsl\u00fcman halk\u0131m\u0131za a\u00e7\u0131klayaca\u011f\u0131z. Bu kusurlar\u0131 tamir etmek biz MSP\u2019lilerin en tabii ve ilk vazifesidir.\u201d <\/em>c\u00fcmleleridir. Bu ki\u015fi \u015fimdi 62 ya\u015f\u0131ndad\u0131r.<\/p>\n<p>Burada en dikkat \u00e7ekici olan husus b\u00fct\u00fcn fikir gruplar\u0131 ve siyasi partiler ile ya\u015f aral\u0131\u011f\u0131d\u0131r. O g\u00fcn bu cevab\u0131 verenler bug\u00fcn \u00fclkeyi y\u00f6netenlerdir. Bug\u00fcn yeti\u015ftirilecek olanlar da yar\u0131n\u0131m\u0131z\u0131 y\u00f6neteceklerdir.<\/p>\n<p>Tarih \u015fuuru olmayanlar veya T\u00fcrk Milletinin penceresinden tarihe bakmayanlar s\u0131k\u0131nt\u0131m\u0131z\u0131 artt\u0131r\u0131rlar. Yar\u0131n da beka meselesi b\u00fct\u00fcn ha\u015fmetiyle devam edecek demektir.<\/p>\n<p>Ama b\u00fct\u00fcn bunlara ra\u011fmen T\u00fcrk Milleti olarak yar\u0131n her \u015feyin g\u00fczel olaca\u011f\u0131na inanc\u0131m\u0131z\u0131 koruyarak ve bu u\u011furda \u00e7al\u0131\u015farak yolumuza devam etmek vatan borcumuzdur.<\/p>\n<p><a href=\"#_ednref1\" name=\"_edn1\">*<\/a> Bu konu 2012 Temmuz\u2019unda bir makalede i\u015flenmi\u015fti. Bu makaleyi <a href=\"https:\/\/millidusunce.com\/tarihin-arka-sokaklarnda-buguenuen-zlerini-aramak\/\">https:\/\/millidusunce.com\/tarihin-arka-sokaklarnda-buguenuen-zlerini-aramak\/<\/a> adresinde okuyabilirsiniz.<\/p>\n<p>T\u00f6re Dergisinin Kas\u0131m 1979 102. Say\u0131s\u0131 <a href=\"http:\/\/ulkunet.com\/UcuncuSayfa\/tore_102_yeni_4882.pdf\">http:\/\/ulkunet.com\/UcuncuSayfa\/tore_102_yeni_4882.pdf<\/a><\/p>\n<p>&nbsp;<\/p>\n","protected":false},"excerpt":{"rendered":"<p>19 May\u0131s T\u00fcrk istikl\u00e2l m\u00fccadelesinin ba\u015flang\u0131c\u0131d\u0131r. 19 May\u0131s ruhu T\u00fcrk ruhudur. T\u00fcrk&#8217;s\u00fcz 19 May\u0131s an\u0131lamaz. Bu co\u011frafya ancak tarihi do\u011fru de\u011ferlendirerek y\u00f6netilebilir. Tarih dersinin se\u00e7meli olmas\u0131, gelecekte de beka probleminin ya\u015fanmas\u0131 demektir.<\/p>\n","protected":false},"author":26,"featured_media":7602,"comment_status":"open","ping_status":"open","sticky":false,"template":"","format":"standard","meta":{"_links_to":"","_links_to_target":""},"categories":[62,2,67,68],"tags":[],"yoast_head":"<!-- This site is optimized with the Yoast SEO plugin v16.0.2 - https:\/\/yoast.com\/wordpress\/plugins\/seo\/ -->\n<title>T\u00fcrk\u2019s\u00fcz 19 May\u0131s ruhu ve tarih \u015fuuru - M\u0130SAK- Mill\u00ee Strateji Ara\u015ft\u0131rma Kurulu<\/title>\n<link rel=\"canonical\" href=\"https:\/\/millidusunce.com\/misak\/turksuz-19-mayis-ruhu-ve-tarih-suuru\/\" \/>\n<meta property=\"og:locale\" content=\"tr_TR\" \/>\n<meta property=\"og:type\" content=\"article\" \/>\n<meta property=\"og:title\" content=\"T\u00fcrk\u2019s\u00fcz 19 May\u0131s ruhu ve tarih \u015fuuru - M\u0130SAK- Mill\u00ee Strateji Ara\u015ft\u0131rma Kurulu\" \/>\n<meta property=\"og:description\" content=\"19 May\u0131s T\u00fcrk istikl\u00e2l m\u00fccadelesinin ba\u015flang\u0131c\u0131d\u0131r. 19 May\u0131s ruhu T\u00fcrk ruhudur. T\u00fcrk&#039;s\u00fcz 19 May\u0131s an\u0131lamaz. Bu co\u011frafya ancak tarihi do\u011fru de\u011ferlendirerek y\u00f6netilebilir. Tarih dersinin se\u00e7meli olmas\u0131, gelecekte de beka probleminin ya\u015fanmas\u0131 demektir.\" \/>\n<meta property=\"og:url\" content=\"https:\/\/millidusunce.com\/misak\/turksuz-19-mayis-ruhu-ve-tarih-suuru\/\" \/>\n<meta property=\"og:site_name\" content=\"M\u0130SAK- Mill\u00ee Strateji Ara\u015ft\u0131rma Kurulu\" \/>\n<meta property=\"article:published_time\" content=\"2019-05-27T17:30:00+00:00\" \/>\n<meta property=\"article:modified_time\" content=\"2019-10-22T04:18:19+00:00\" \/>\n<meta property=\"og:image\" content=\"https:\/\/millidusunce.com\/misak\/wp-content\/uploads\/2019\/05\/19-may\u0131s-ruhu.jpg\" \/>\n\t<meta property=\"og:image:width\" content=\"651\" \/>\n\t<meta property=\"og:image:height\" content=\"325\" \/>\n<meta name=\"twitter:card\" content=\"summary_large_image\" \/>\n<meta name=\"twitter:label1\" content=\"Tahmini okuma s\u00fcresi\">\n\t<meta name=\"twitter:data1\" content=\"7 dakika\">\n<script type=\"application\/ld+json\" class=\"yoast-schema-graph\">{\"@context\":\"https:\/\/schema.org\",\"@graph\":[{\"@type\":\"Organization\",\"@id\":\"https:\/\/millidusunce.com\/misak\/#organization\",\"name\":\"Mill\\u00ee D\\u00fc\\u015f\\u00fcnce Merkezi\",\"url\":\"https:\/\/millidusunce.com\/misak\/\",\"sameAs\":[],\"logo\":{\"@type\":\"ImageObject\",\"@id\":\"https:\/\/millidusunce.com\/misak\/#logo\",\"inLanguage\":\"tr\",\"url\":\"https:\/\/millidusunce.com\/misak\/wp-content\/uploads\/2018\/09\/mdmLogo-yazisiz.jpg\",\"width\":422,\"height\":422,\"caption\":\"Mill\\u00ee D\\u00fc\\u015f\\u00fcnce Merkezi\"},\"image\":{\"@id\":\"https:\/\/millidusunce.com\/misak\/#logo\"}},{\"@type\":\"WebSite\",\"@id\":\"https:\/\/millidusunce.com\/misak\/#website\",\"url\":\"https:\/\/millidusunce.com\/misak\/\",\"name\":\"M\\u0130SAK- Mill\\u00ee Strateji Ara\\u015ft\\u0131rma Kurulu\",\"description\":\"D\\u00fcnyaya T\\u00fcrk\\u00e7\\u00fc Bak\\u0131\\u015f\",\"publisher\":{\"@id\":\"https:\/\/millidusunce.com\/misak\/#organization\"},\"potentialAction\":[{\"@type\":\"SearchAction\",\"target\":\"https:\/\/millidusunce.com\/misak\/?s={search_term_string}\",\"query-input\":\"required name=search_term_string\"}],\"inLanguage\":\"tr\"},{\"@type\":\"ImageObject\",\"@id\":\"https:\/\/millidusunce.com\/misak\/turksuz-19-mayis-ruhu-ve-tarih-suuru\/#primaryimage\",\"inLanguage\":\"tr\",\"url\":\"https:\/\/millidusunce.com\/misak\/wp-content\/uploads\/2019\/05\/19-may\\u0131s-ruhu.jpg\",\"width\":651,\"height\":325},{\"@type\":\"WebPage\",\"@id\":\"https:\/\/millidusunce.com\/misak\/turksuz-19-mayis-ruhu-ve-tarih-suuru\/#webpage\",\"url\":\"https:\/\/millidusunce.com\/misak\/turksuz-19-mayis-ruhu-ve-tarih-suuru\/\",\"name\":\"T\\u00fcrk\\u2019s\\u00fcz 19 May\\u0131s ruhu ve tarih \\u015fuuru - M\\u0130SAK- Mill\\u00ee Strateji Ara\\u015ft\\u0131rma Kurulu\",\"isPartOf\":{\"@id\":\"https:\/\/millidusunce.com\/misak\/#website\"},\"primaryImageOfPage\":{\"@id\":\"https:\/\/millidusunce.com\/misak\/turksuz-19-mayis-ruhu-ve-tarih-suuru\/#primaryimage\"},\"datePublished\":\"2019-05-27T17:30:00+00:00\",\"dateModified\":\"2019-10-22T04:18:19+00:00\",\"breadcrumb\":{\"@id\":\"https:\/\/millidusunce.com\/misak\/turksuz-19-mayis-ruhu-ve-tarih-suuru\/#breadcrumb\"},\"inLanguage\":\"tr\",\"potentialAction\":[{\"@type\":\"ReadAction\",\"target\":[\"https:\/\/millidusunce.com\/misak\/turksuz-19-mayis-ruhu-ve-tarih-suuru\/\"]}]},{\"@type\":\"BreadcrumbList\",\"@id\":\"https:\/\/millidusunce.com\/misak\/turksuz-19-mayis-ruhu-ve-tarih-suuru\/#breadcrumb\",\"itemListElement\":[{\"@type\":\"ListItem\",\"position\":1,\"item\":{\"@type\":\"WebPage\",\"@id\":\"https:\/\/millidusunce.com\/misak\/\",\"url\":\"https:\/\/millidusunce.com\/misak\/\",\"name\":\"Anasayfa\"}},{\"@type\":\"ListItem\",\"position\":2,\"item\":{\"@type\":\"WebPage\",\"@id\":\"https:\/\/millidusunce.com\/misak\/turksuz-19-mayis-ruhu-ve-tarih-suuru\/\",\"url\":\"https:\/\/millidusunce.com\/misak\/turksuz-19-mayis-ruhu-ve-tarih-suuru\/\",\"name\":\"T\\u00fcrk\\u2019s\\u00fcz 19 May\\u0131s ruhu ve tarih \\u015fuuru\"}}]},{\"@type\":\"Article\",\"@id\":\"https:\/\/millidusunce.com\/misak\/turksuz-19-mayis-ruhu-ve-tarih-suuru\/#article\",\"isPartOf\":{\"@id\":\"https:\/\/millidusunce.com\/misak\/turksuz-19-mayis-ruhu-ve-tarih-suuru\/#webpage\"},\"author\":{\"@id\":\"https:\/\/millidusunce.com\/misak\/#\/schema\/person\/3ab4cf19eb1b7f72b4d39104dc2d599b\"},\"headline\":\"T\\u00fcrk\\u2019s\\u00fcz 19 May\\u0131s ruhu ve tarih \\u015fuuru\",\"datePublished\":\"2019-05-27T17:30:00+00:00\",\"dateModified\":\"2019-10-22T04:18:19+00:00\",\"mainEntityOfPage\":{\"@id\":\"https:\/\/millidusunce.com\/misak\/turksuz-19-mayis-ruhu-ve-tarih-suuru\/#webpage\"},\"commentCount\":0,\"publisher\":{\"@id\":\"https:\/\/millidusunce.com\/misak\/#organization\"},\"image\":{\"@id\":\"https:\/\/millidusunce.com\/misak\/turksuz-19-mayis-ruhu-ve-tarih-suuru\/#primaryimage\"},\"articleSection\":\"E\\u011e\\u0130T\\u0130M-K\\u00dcLT\\u00dcR,TEHD\\u0130TLER,T\\u00dcRKL\\u00dcK-T\\u00dcRK\\u00c7\\u00dcL\\u00dcK\",\"inLanguage\":\"tr\",\"potentialAction\":[{\"@type\":\"CommentAction\",\"name\":\"Comment\",\"target\":[\"https:\/\/millidusunce.com\/misak\/turksuz-19-mayis-ruhu-ve-tarih-suuru\/#respond\"]}]},{\"@type\":\"Person\",\"@id\":\"https:\/\/millidusunce.com\/misak\/#\/schema\/person\/3ab4cf19eb1b7f72b4d39104dc2d599b\",\"name\":\"Hakan Paksoy\",\"image\":{\"@type\":\"ImageObject\",\"@id\":\"https:\/\/millidusunce.com\/misak\/#personlogo\",\"inLanguage\":\"tr\",\"url\":\"https:\/\/secure.gravatar.com\/avatar\/b57d69fc35f9a591489f2791830a0011?s=96&d=mm&r=g\",\"caption\":\"Hakan Paksoy\"},\"description\":\"1960 y\\u0131l\\u0131nda Isparta\\u2019da do\\u011fdu. \\u0130lk, orta ve lise \\u00f6\\u011frenimini memleketi olan Kahramanmara\\u015f\\u2019ta, y\\u00fcksek \\u00f6\\u011frenimini Ankara\\u2019da, Gazi \\u00dcniversitesi M\\u00fchendislik Mimarl\\u0131k Fak\\u00fcltesi Elektrik B\\u00f6l\\u00fcm\\u00fcnde yapt\\u0131. O zamanki ad\\u0131 T\\u00fcrkiye Elektrik Kurumu (TEK) K. Mara\\u015f \\u0130l M\\u00fcd\\u00fcrl\\u00fc\\u011f\\u00fc\\u2019nde m\\u00fchendis olarak g\\u00f6reve ba\\u015flad\\u0131. M\\u00fchendis, ba\\u015fm\\u00fchendis ve m\\u00fcessese m\\u00fcd\\u00fcr yard\\u0131mc\\u0131l\\u0131\\u011f\\u0131 g\\u00f6revlerini yapt\\u0131. 1999 y\\u0131l\\u0131nda TEDA\\u015e Genel M\\u00fcd\\u00fcrl\\u00fc\\u011f\\u00fcnde \\u015eube M\\u00fcd\\u00fcrl\\u00fc\\u011f\\u00fc yapt\\u0131. Temmuz 2017\\u2019de emekli oldu. Kahramanmara\\u015f T\\u00fcrk Oca\\u011f\\u0131 \\u015eubesinin kurulu\\u015fundan itibaren; y\\u00f6netim kurulu \\u00fcyeli\\u011fi, sekreterlik, ba\\u015fkan yard\\u0131mc\\u0131l\\u0131\\u011f\\u0131 ve iki d\\u00f6nem ba\\u015fkanl\\u0131k yapm\\u0131\\u015ft\\u0131r. 1995 Genel se\\u00e7imlerinde MHP\\u2019den milletvekili aday\\u0131 olmu\\u015ftur. T\\u00fcrkiye Kamu Sen\\u2019in kurulu\\u015funda ilk \\u015fube ba\\u015fkanlar\\u0131ndand\\u0131r. Ankara\\u2019da \\u00e7al\\u0131\\u015fmaya ba\\u015flad\\u0131ktan sonra T\\u00fcrk Enerji Sen Genel Merkez Y\\u00f6netim Kurulunda \\u00e7al\\u0131\\u015fm\\u0131\\u015ft\\u0131r. 1985-87 aras\\u0131nda askerlik g\\u00f6revini yapm\\u0131\\u015ft\\u0131r. Mill\\u00ee D\\u00fc\\u015f\\u00fcnce Merkezi (MDM) Y\\u00f6netim Kurulu \\u00fcyesidir ve internet sitesinde yaz\\u0131lar\\u0131 yay\\u0131nlanmaktad\\u0131r. Evlidir. Biri k\\u0131z di\\u011feri erkek iki \\u00e7ocu\\u011fu vard\\u0131r.\"}]}<\/script>\n<!-- \/ Yoast SEO plugin. -->","_links":{"self":[{"href":"https:\/\/millidusunce.com\/misak\/wp-json\/wp\/v2\/posts\/7580"}],"collection":[{"href":"https:\/\/millidusunce.com\/misak\/wp-json\/wp\/v2\/posts"}],"about":[{"href":"https:\/\/millidusunce.com\/misak\/wp-json\/wp\/v2\/types\/post"}],"author":[{"embeddable":true,"href":"https:\/\/millidusunce.com\/misak\/wp-json\/wp\/v2\/users\/26"}],"replies":[{"embeddable":true,"href":"https:\/\/millidusunce.com\/misak\/wp-json\/wp\/v2\/comments?post=7580"}],"version-history":[{"count":2,"href":"https:\/\/millidusunce.com\/misak\/wp-json\/wp\/v2\/posts\/7580\/revisions"}],"predecessor-version":[{"id":8485,"href":"https:\/\/millidusunce.com\/misak\/wp-json\/wp\/v2\/posts\/7580\/revisions\/8485"}],"wp:featuredmedia":[{"embeddable":true,"href":"https:\/\/millidusunce.com\/misak\/wp-json\/wp\/v2\/media\/7602"}],"wp:attachment":[{"href":"https:\/\/millidusunce.com\/misak\/wp-json\/wp\/v2\/media?parent=7580"}],"wp:term":[{"taxonomy":"category","embeddable":true,"href":"https:\/\/millidusunce.com\/misak\/wp-json\/wp\/v2\/categories?post=7580"},{"taxonomy":"post_tag","embeddable":true,"href":"https:\/\/millidusunce.com\/misak\/wp-json\/wp\/v2\/tags?post=7580"}],"curies":[{"name":"wp","href":"https:\/\/api.w.org\/{rel}","templated":true}]}}