{"id":7726,"date":"2019-06-10T19:30:00","date_gmt":"2019-06-10T16:30:00","guid":{"rendered":"https:\/\/millidusunce.com\/misak\/?p=7726&#038;preview=true&#038;preview_id=7726"},"modified":"2019-06-10T19:52:15","modified_gmt":"2019-06-10T16:52:15","slug":"lozan-ile-gomulenlerin-hortlatilmasinda-diasporanin-yeri","status":"publish","type":"post","link":"https:\/\/millidusunce.com\/misak\/lozan-ile-gomulenlerin-hortlatilmasinda-diasporanin-yeri\/","title":{"rendered":"Lozan ile g\u00f6m\u00fclenlerin hortlat\u0131lmas\u0131nda Diaspora&#8217;n\u0131n yeri"},"content":{"rendered":"<p><img loading=\"lazy\" class=\" wp-image-7742 aligncenter\" src=\"https:\/\/millidusunce.com\/misak\/wp-content\/uploads\/2019\/06\/Armenians-Turkey-Rally-1-1-300x169.jpg\" alt=\"\" width=\"884\" height=\"498\" srcset=\"https:\/\/millidusunce.com\/misak\/wp-content\/uploads\/2019\/06\/Armenians-Turkey-Rally-1-1-300x169.jpg 300w, https:\/\/millidusunce.com\/misak\/wp-content\/uploads\/2019\/06\/Armenians-Turkey-Rally-1-1-150x84.jpg 150w, https:\/\/millidusunce.com\/misak\/wp-content\/uploads\/2019\/06\/Armenians-Turkey-Rally-1-1-768x432.jpg 768w, https:\/\/millidusunce.com\/misak\/wp-content\/uploads\/2019\/06\/Armenians-Turkey-Rally-1-1.jpg 918w\" sizes=\"(max-width: 884px) 100vw, 884px\" \/><\/p>\n<p>&nbsp;<\/p>\n<p>&nbsp;<\/p>\n<p>&nbsp;<\/p>\n<p>Ermeni as\u0131ll\u0131 Amerikal\u0131\u00a0 m\u00fchendis\u00a0 <em>Gourgen Yanikian<\/em>, ABD&#8217;nin California eyaletinde <em>27 Ocak 1973<\/em> tarihinde T\u00fcrkiye&#8217;nin Los Angeles Ba\u015fkonsolosu <em>Mehmet Baydar<\/em> ile Konsolos <em>Bahad\u0131r Demir<\/em>\u2019i otel odas\u0131nda beklemi\u015f, silahl\u0131 sald\u0131r\u0131 sonras\u0131nda Baydar ve Demir \u015fehit edilmi\u015fti. ABD\u2019de \u00f6m\u00fcr boyu hapis cezas\u0131na \u00e7arpt\u0131r\u0131lan Yanikian, cezaevinde ge\u00e7irdi\u011fi 10 y\u0131l\u0131n ard\u0131ndan ya\u015f haddi ve sa\u011fl\u0131k sorunlar\u0131 \u00a0sebebiyle \u00a0Ocak 1984\u2019te \u015fartl\u0131 tahliye ile serbest b\u0131rak\u0131lm\u0131\u015ft\u0131. Yanikian\u2019\u0131n sald\u0131r\u0131s\u0131, \u00a0<em>ASALA<\/em> Ermeni ter\u00f6r \u00f6rg\u00fct\u00fcn\u00fcn kurulu\u015funu h\u0131zland\u0131rm\u0131\u015ft\u0131r.<\/p>\n<p>D\u0131\u015fi\u015fleri Bakanl\u0131\u011f\u0131 bu nakli \u015fiddetle k\u0131nam\u0131\u015ft\u0131r:\u00a0 <em>&#8220;27 Ocak 1973 tarihinde Los Angeles Ba\u015fkonsolosumuz Mehmet Baydar ile Muavin Konsolosumuz Bahad\u0131r Demir\u2019i \u015fehit eden Ermeni ter\u00f6rist Gurgen Yanikian\u2019\u0131n Los Angeles\u2019ta bulunan cenazesinin kal\u0131nt\u0131lar\u0131n\u0131n 5 May\u0131s 2019 tarihinde Erivan\u2019daki Asker\u00ee Mezarl\u0131\u011fa t\u00f6renle g\u00f6m\u00fclmesini \u015fiddetle k\u0131n\u0131yoruz. <\/em><em>Az\u0131l\u0131 bir ter\u00f6risti kahraman olarak y\u00fcceltmeye yeltenen bu eylem, ter\u00f6rizmi te\u015fvik su\u00e7u te\u015fkil etmektedir ve asla kabul edilemez. Devletine sadakatle hizmet ederken \u015fehit d\u00fc\u015fen t\u00fcm g\u00f6revlilerimizi ve aile bireylerini bu vesileyle bir kez daha sayg\u0131 ve rahmetle an\u0131yoruz.&#8221;<\/em><\/p>\n<p>Maalesef T\u00fcrk kamuoyunda\u00a0 konu birka\u00e7 gazetede k\u00fc\u00e7\u00fck haber olmu\u015f, rahmetlinin e\u015fi ve\u00a0 AV\u0130M d\u0131\u015f\u0131nda hi\u00e7bir sivil\u00a0 toplum kurulu\u015fu bu nakle tepki g\u00f6stermemi\u015ftir. Bu durum\u00a0 T\u00fcrkiye\u00a0 Cumhuriyeti ve T\u00fcrk Milleti i\u00e7in h\u00fcz\u00fcn vericidir, \u00fcz\u00fclmemek m\u00fcmk\u00fcn de\u011fil. \u0130ngilizce yay\u0131n yapan Ermeni medyas\u0131 bu konuyu abartarak vermi\u015ftir.\u00a0 Bunlardan \u00a0T\u00fcrk\u00e7e dahil 6 dilde yay\u0131n yapan bir siteden \u00a0bir \u00f6rnek vermek istiyorum.<\/p>\n<h3><a href=\"http:\/\/westernarmeniatv.com\/en\/category\/official_en\/government_en\"><strong>GOVERNMENT<\/strong><\/a><\/h3>\n<p><em>\u201cThe delegation consisted of number of ministers, headed by Prime Minister Garnik Sarkissian, accompanied by brotherly emotions of President Armenak Abrahamyan.<\/em><\/p>\n<p><img loading=\"lazy\" class=\"alignnone size-medium wp-image-7727\" src=\"https:\/\/millidusunce.com\/misak\/wp-content\/uploads\/2019\/06\/1-300x150.png\" alt=\"\" width=\"300\" height=\"150\" srcset=\"https:\/\/millidusunce.com\/misak\/wp-content\/uploads\/2019\/06\/1-300x150.png 300w, https:\/\/millidusunce.com\/misak\/wp-content\/uploads\/2019\/06\/1-150x75.png 150w, https:\/\/millidusunce.com\/misak\/wp-content\/uploads\/2019\/06\/1.png 495w\" sizes=\"(max-width: 300px) 100vw, 300px\" \/><\/p>\n<p><em>On 5 May, 2019, the official delegation of the Republic of <\/em><em>Western Armenian<\/em> <em>took part in the burial ceremony of \u00a0sacred relics of the spiritual father of the Liberation Struggle of <\/em><em>Western Armenia<\/em> <em>Gourgen Yanikian at Yerablur military pantheon<\/em><em>. The delegation consisted of number of ministers, headed by Prime Minister Garnik Sarkissian, accompanied by brotherly emotions of President Armenak Abrahamyan. As Prime Minister Sarkisian emphasized during the press conference, Gurgen Yanikyan from Karin is a symbol of all Armenians of <\/em><em>Western Armenia<\/em><em>.<\/em><em> With his voluntary decision, he once again reminded the world that the violation of the rights of Armenian nation and especially of <\/em><em>Western Armenia<\/em> <em>and the patience of Armenians towards denialism are not infinite. This is the message of Gourgen Yanikian\u2019s heroism, about which Prime Minister Sarkissian talked about \u00a0towards thousands of people gathered in Yerablur. \u2018Dying for the nation is not only self-sacrifice; a person dies for the ongoing and continuing liberation struggle.If all these Armenian sons gathered here today, are sincere in their feelings, each of them must be part of the liberation struggle launched by Gourgen Yanikian\u2019. Prime Minister Garnik Sarkisian pronounced these words with anger and anxiety because none of the speakers mentioned <\/em><em>Western Armenia<\/em><em>, for which was the heroic step of Gourgen Yanikian. Everyone praised the human qualities of the hero and forgot his main mission \u2013 to liberate <\/em><em>Western Armenia<\/em><em>. Today, in the Armenian political field, only the state structures of <\/em><em>Western Armenia <\/em><em>practically continue the struggle for the complete liberation of <\/em><em>Western Armenia<\/em><em>.\u201d <\/em><\/p>\n<p>Yukar\u0131daki paragrafta<em> Bat\u0131 Ermenistan\u00a0<\/em> ( Western Armenia) sekiz defa ge\u00e7mektedir. Oysa Bat\u0131 Ermenistan Lozan Anla\u015fmas\u0131 ile tarih olmu\u015ftur. \u015eu tespit \u00e7ok \u00f6nemlidir:<em> \u201cBug\u00fcn, Ermeniler Bat\u0131 Ermenistan&#8217;\u0131n\u00a0 kurtulu\u015fu i\u00e7in m\u00fccadeleyi s\u00fcrd\u00fcr\u00fcyor.\u201d <\/em>Bu, T\u00fcrkiye\u2019nin toprak b\u00fct\u00fcnl\u00fc\u011f\u00fcne sald\u0131r\u0131d\u0131r. En y\u00fcksek seviyede Ermenistan protesto edilmeliydi ama edilmedi. (https:\/\/hyetert.org\/2019\/05\/06\/the-relics-of-the-asalas-hero-gourgen-yanikian-were-reburied-in-yerablur-military-pantheon\/)<\/p>\n<p>T\u00fcrkiye\u2019den yeterli \u00f6l\u00e7\u00fcde teki gelmeyince\u00a0 \u015fehit diplomat\u00a0 rahmetli Baydur\u2019un e\u015fi emekli B\u00fcy\u00fckel\u00e7i <em>Melek Sina Baydur<\/em>, Ermenistan Cumhurba\u015fkan\u0131na bir mektup g\u00f6ndermi\u015ftir: Mektubun T\u00fcrk\u00e7esi ve \u0130ngilizce \u00f6zeti a\u015fa\u011f\u0131dad\u0131r:<\/p>\n<p><em>\u00a0<\/em><\/p>\n<p><em>\u201cOPEN LETTER TO THE PRESIDENT OF ARMENIA &#8211; 27.05.2019<\/em><\/p>\n<p><em>BLOG NO : 2019 \/ 33<\/em><\/p>\n<p><em>MELEK SINA BAYDUR<\/em><\/p>\n<p><em>Say\u0131n Cumhurba\u015fkan\u0131,<\/em><\/p>\n<p><em>Bas\u0131n arac\u0131l\u0131\u011f\u0131yla \u00f6\u011frenmi\u015f oldu\u011fum bir haber nedeniyle duydu\u011fum \u015fa\u015fk\u0131nl\u0131k, \u00fcz\u00fcnt\u00fc ve tepkimi dikkatinize sunmam\u0131n gerekli oldu\u011funu d\u00fc\u015f\u00fcnerek bu mektubu kaleme al\u0131yorum.<\/em><\/p>\n<p><em>27 Ocak 1973 tarihinde ABD\u2019nin Santa Barbara kasabas\u0131nda Gourgen Yanikian adl\u0131 bir ABD vatanda\u015f\u0131 T\u00fcrkiye Cumhuriyeti\u2019nin Los Angeles Ba\u015fkonsolosu Say\u0131n Mehmet Baydar ile e\u015fim olan Konsolos Bahad\u0131r Demir\u2019i \u00f6nceden haz\u0131rlad\u0131\u011f\u0131 bir plan \u00e7er\u00e7evesinde hunharca \u00f6ld\u00fcrm\u00fc\u015ft\u00fcr. Olayla ilgili olarak Santa Barbara Mahkemesinde g\u00f6r\u00fclen davada Yanikian adl\u0131 cani su\u00e7unu kabul etmi\u015f ve \u00f6m\u00fcr boyu hapse mahk\u00fbm olmu\u015ftur. Bu olay ve mahkeme s\u00fcreci hakk\u0131nda bilgi sahibi oldu\u011funuzu san\u0131r\u0131m. Beni \u015fa\u015fk\u0131nl\u0131\u011fa d\u00fc\u015f\u00fcren, \u00fczen ve bu a\u00e7\u0131k mektubu kaleme almama yol a\u00e7an olay bu \u015fahs\u0131n mezar\u0131n\u0131n \u00fclkeniz Ba\u015fkenti\u2019ne ta\u015f\u0131narak askeri mezarl\u0131\u011fa t\u00f6renle defnedilmesidir. Benim bildi\u011fim askeri mezarl\u0131klar \u00fclkesini savunmak amac\u0131yla hayatlar\u0131n\u0131 kaybeden kahramanlara ayr\u0131lm\u0131\u015f alanlard\u0131r. Savunmas\u0131z, bar\u0131\u015f\u00e7\u0131, masum iki diplomat\u0131 yalan s\u00f6yleyerek bir cinayet mahalline \u00e7eken ve onlar\u0131 \u00f6nceden haz\u0131rlad\u0131\u011f\u0131 tabancalarla vuran ve bununla da yetinmeyip yerde can \u00e7eki\u015fen iki insan\u0131 ba\u015flar\u0131n\u0131n ortas\u0131na dayad\u0131\u011f\u0131 tabancas\u0131yla birer kez daha vuran ki\u015fi nas\u0131l kahraman say\u0131labilir? Ayr\u0131ca mahkemede amac\u0131n\u0131n ba\u015fkalar\u0131na \u00f6rnek olmak oldu\u011funu beyan eden bu \u015fahs\u0131 davan\u0131n savc\u0131s\u0131 siyasi ter\u00f6rist olarak vas\u0131fland\u0131rm\u0131\u015ft\u0131r. B\u00f6yle hasta ruhlu cani bir ki\u015fiye kahraman muamelesi yapman\u0131n arka plandaki nedenleri aras\u0131nda i\u00e7 veya d\u0131\u015f politika \u00f6ncelikleri oldu\u011fu gayet a\u00e7\u0131kt\u0131r. Bu eylemin \u00e7a\u011f\u0131n belas\u0131 olan ter\u00f6rizmi te\u015fvik edici oldu\u011fu d\u00fc\u015f\u00fcn\u00fclm\u00fcyor mu?<\/em><\/p>\n<p><em>Say\u0131n Cumhurba\u015fkan\u0131,<\/em><\/p>\n<p><em>Ben emekli bir B\u00fcy\u00fckel\u00e7iyim. \u0130\u00e7 politika benim bildi\u011fim bir alan de\u011fildir. Ama d\u0131\u015f politika konusunda ba\u015far\u0131l\u0131 bir temsilcinin \u00fclkeler aras\u0131nda mevcut sorunlara bar\u0131\u015f\u00e7\u0131 \u00e7\u00f6z\u00fcm bulunmas\u0131 veya ileride muhtemel olabilecek anla\u015fmazl\u0131klara \u00f6nal\u0131nmas\u0131 amac\u0131yla gerek resmi makamlar nezdinde gerek topluma y\u00f6nelik \u00e7aba g\u00f6stermesinin gere\u011fini ve \u00f6nemini \u00e7ok iyi bilirim. Bir cani ile ilgili olarak ger\u00e7ekle\u015ftirilen bu eylemin iki kom\u015fu \u00fclke aras\u0131nda nas\u0131l bar\u0131\u015fa hizmet eden bir yans\u0131mas\u0131 olabilir ki? Ama\u00e7 dostluk ili\u015fkileri yaratmak ve peki\u015ftirmek de\u011filse geriye sadece rencide olmu\u015f insanlar kal\u0131r ve bunlar\u0131n ba\u015f\u0131nda da aileler gelir. Bu nedenle de ailelerin \u00f6z\u00fcr beklemeye haklar\u0131 do\u011far.<\/em><\/p>\n<p><em>Sayg\u0131lar\u0131mla,<\/em><\/p>\n<p><em>MELEK\u00a0 S\u0130NA BAYDUR<\/em><\/p>\n<p><em>27 May 2019<\/em><\/p>\n<p><em>\u00a0<\/em><\/p>\n<p><em>OPEN LETTER TO THE PRESIDENT OF ARMENIA*<\/em><\/p>\n<p><em>\u201cEsteemed Mr. President,<\/em><\/p>\n<p><em>I am writing this letter feeling compelled to bring to your attention my confusion, distress,\u00a0 and reaction to a news report that I have come across via the press. In January 1973, in the town of Santa Barbara in the US, a US citizen named Gourgen Yanikian brutally murdered the Republic of Turkeys Consul General of Los Angeles Mr. Mehmet Baydar and my husband Consul Bahad\u0131r Demir as part of a premeditated plan. In the lawsuit seen at the Santa Barbara Court regarding the murder, the felon named Yanikian pleaded guilty and was sentenced to life imprisonment. I assume that you are informed about this incident and the judicial process. What has confused, upset, and led me to write this open letter is that this persons remains have been moved from the US to your countrys capital and re-buried with a ceremony in a military cemetery. As far as I know, military cemeteries are areas that are reserved for heroes who have lost their lives in defense of their country. How can a person who lured in two defenseless, peaceful, and innocent diplomats into a murder scene through deceit, shot them with the pistols he had previously prepared, and on top of that, shot once again both diplomats suffering on the floor in their foreheads, be considered a Blog No: 33 28.05.2019<\/em><\/p>\n<p><em>\u00a0<\/em><\/p>\n<p><em>27.05.2019<\/em><\/p>\n<p><em>Melek Sina BAYDUR<\/em><\/p>\n<p>&nbsp;<\/p>\n<p><img loading=\"lazy\" class=\"alignnone size-medium wp-image-7728\" src=\"https:\/\/millidusunce.com\/misak\/wp-content\/uploads\/2019\/06\/5-300x150.png\" alt=\"\" width=\"300\" height=\"150\" srcset=\"https:\/\/millidusunce.com\/misak\/wp-content\/uploads\/2019\/06\/5-300x150.png 300w, https:\/\/millidusunce.com\/misak\/wp-content\/uploads\/2019\/06\/5-150x75.png 150w, https:\/\/millidusunce.com\/misak\/wp-content\/uploads\/2019\/06\/5-768x384.png 768w, https:\/\/millidusunce.com\/misak\/wp-content\/uploads\/2019\/06\/5.png 880w\" sizes=\"(max-width: 300px) 100vw, 300px\" \/> <img loading=\"lazy\" class=\"alignnone size-medium wp-image-7729\" src=\"https:\/\/millidusunce.com\/misak\/wp-content\/uploads\/2019\/06\/2-300x179.png\" alt=\"\" width=\"300\" height=\"179\" srcset=\"https:\/\/millidusunce.com\/misak\/wp-content\/uploads\/2019\/06\/2-300x179.png 300w, https:\/\/millidusunce.com\/misak\/wp-content\/uploads\/2019\/06\/2-150x90.png 150w, https:\/\/millidusunce.com\/misak\/wp-content\/uploads\/2019\/06\/2-768x459.png 768w, https:\/\/millidusunce.com\/misak\/wp-content\/uploads\/2019\/06\/2.png 952w\" sizes=\"(max-width: 300px) 100vw, 300px\" \/> <img loading=\"lazy\" class=\"alignnone size-medium wp-image-7730\" src=\"https:\/\/millidusunce.com\/misak\/wp-content\/uploads\/2019\/06\/3.png\" alt=\"\" width=\"241\" height=\"289\" srcset=\"https:\/\/millidusunce.com\/misak\/wp-content\/uploads\/2019\/06\/3.png 241w, https:\/\/millidusunce.com\/misak\/wp-content\/uploads\/2019\/06\/3-125x150.png 125w\" sizes=\"(max-width: 241px) 100vw, 241px\" \/> <img loading=\"lazy\" class=\"alignnone size-medium wp-image-7731\" src=\"https:\/\/millidusunce.com\/misak\/wp-content\/uploads\/2019\/06\/4-300x169.png\" alt=\"\" width=\"300\" height=\"169\" srcset=\"https:\/\/millidusunce.com\/misak\/wp-content\/uploads\/2019\/06\/4-300x169.png 300w, https:\/\/millidusunce.com\/misak\/wp-content\/uploads\/2019\/06\/4-150x84.png 150w, https:\/\/millidusunce.com\/misak\/wp-content\/uploads\/2019\/06\/4.png 750w\" sizes=\"(max-width: 300px) 100vw, 300px\" \/><\/p>\n<p>&nbsp;<\/p>\n<p>Ambassador (Ret.)<\/p>\n<p>Cumhurba\u015fkan\u0131 Say\u0131n \u00a0Erdo\u011fan\u2019\u0131n <em>23 Nisan 2014<\/em> tarihinde \u00a0Ermenilere y\u00f6nelik \u00a0mesaj\u0131, bir iyi niyetin g\u00f6stergesi olmas\u0131na ra\u011fmen kar\u015f\u0131 taraftan hi\u00e7bir olumlu kar\u015f\u0131l\u0131k bulmam\u0131\u015ft\u0131r: <em>&#8220;\u202620&#8217;inci y\u00fczy\u0131l\u0131n ba\u015f\u0131ndaki ko\u015fullarda hayatlar\u0131n\u0131 kaybeden Ermenilerin huzur i\u00e7inde yatmalar\u0131n\u0131 diliyor, torunlar\u0131na taziyelerimizi iletiyoruz. Osmanl\u0131 \u0130mparatorlu\u011fu vatanda\u015f\u0131 herkes gibi Ermenilerin de o d\u00f6nemde ya\u015fad\u0131klar\u0131 ac\u0131lar\u0131n hat\u0131ralar\u0131n\u0131 anmalar\u0131n\u0131 anlamak ve payla\u015fmak bir insanl\u0131k vazifesidir.\u201d<\/em><\/p>\n<p>Erdo\u011fan bu a\u00e7\u0131klamas\u0131yla T\u00fcrkiye tarihinde resmi a\u011f\u0131zdan ilk \u00a0defa \u00a01915 olaylar\u0131na ili\u015fkin Ermenilere taziye mesaj\u0131 iletilmi\u015ftir. Fakat kar\u015f\u0131 taraf\u00a0 mesaj\u0131n i\u00e7eri\u011fini anlayacak durumda de\u011fildir<strong>. <\/strong><em>\u00d6yle olsayd\u0131 bir adi katil i\u00e7in\u00a0\u00a0 t\u00f6ren yap\u0131lmazd\u0131. <\/em><\/p>\n<p>Birinci D\u00fcnya Sava\u015f\u0131 s\u0131ras\u0131nda Ermenilerin \u00f6nemli bir k\u0131sm\u0131 d\u00fc\u015fman kuvvetlerinin yan\u0131nda T\u00fcrklere kar\u015f\u0131 sava\u015fm\u0131\u015ft\u0131r. Cephe gerisinde de komitac\u0131 Ermeniler kad\u0131n, \u00e7ocuk, ya\u015fl\u0131 ayr\u0131m\u0131 yapmaks\u0131z\u0131n katliamlara giri\u015fmi\u015fler, y\u00fcz binlerce M\u00fcsl\u00fcman\u0131n hayat\u0131na kastederek Do\u011fu Anadolu\u2019yu bir harabe haline \u00e7evirmi\u015flerdir. Devletin bunlar\u0131 durdurmak i\u00e7in ald\u0131\u011f\u0131 \u00f6nlemler istismar edilmi\u015f ve Bat\u0131l\u0131 \u00fclkelerin vaatleriyle Ermeniler, ya\u015fad\u0131klar\u0131 \u00fclkeyi par\u00e7alamaya \u00e7al\u0131\u015fm\u0131\u015flard\u0131r.<\/p>\n<p>Tarihte kalan tehciri soyk\u0131r\u0131ma d\u00f6n\u00fc\u015ft\u00fcrme \u00e7abalar\u0131n\u0131n alt\u0131nda <em>Sevr (Sevres) Anla\u015fmas\u0131<\/em>\u2019ndaki b\u00fcy\u00fck Ermenistan hayali yatar. T\u0131pk\u0131 25 Eyl\u00fcl\u2019de Barzani\u2019nin referandum yaparak kurmak istedi\u011fi b\u00fcy\u00fck K\u00fcrdistan gibi. Sevr Anla\u015fmas\u0131, g\u00fcn\u00fcm\u00fczde en az Lozan Anla\u015fmas\u0131 kadar \u00f6nemlidir.<em> \u00c7\u00fcnk\u00fc Anla\u015fma\u2019da K\u00fcrdistan\u2019\u0131n ve\u00a0 Bat\u0131 Ermenistan\u2019\u0131n kurulmas\u0131na ili\u015fkin h\u00fck\u00fcmler vard\u0131r<\/em>. Sevr Anla\u015fmas\u0131\u2019n\u0131n 88-93\u2019nc\u00fc maddeleri Ermenistan ile ilgilidir.<\/p>\n<p>Anla\u015fma\u2019da Kars, Erzurum d\u00e2hil \u00fclkenin Do\u011fusu t\u00fcm\u00fcyle Ba\u011f\u0131ms\u0131z Ermeni Cumhuriyeti ad\u0131yla Ermenilere verilmi\u015ftir. Paris Bar\u0131\u015f Konferans\u0131 s\u00fcrecinde Ermenistan\u2019\u0131n s\u0131n\u0131rlar\u0131 konusu ABD Ba\u015fkan\u0131 <em>Woodrow Wilson<\/em>\u2019un hakemli\u011fine b\u0131rak\u0131lm\u0131\u015ft\u0131r. Wilson, General James G. Harbord ba\u015fkanl\u0131\u011f\u0131ndaki bir Amerikan heyetini incelemelerde bulunmak \u00fczere 1919 sonbahar\u0131nda T\u00fcrkiye\u2019ye g\u00f6ndermi\u015ftir. 1919 Eyl\u00fcl ve Ekim aylar\u0131nda T\u00fcrkiye\u2019de incelemeler yapan Harbord, vard\u0131\u011f\u0131 sonu\u00e7lar\u0131 bir raporla ABD Kongresi\u2019ne sunmu\u015ftur.<\/p>\n<p>Rapor\u2019da; T\u00fcrkler ile Ermenilerin bar\u0131\u015f i\u00e7inde y\u00fczy\u0131llarca yan yana ya\u015fad\u0131klar\u0131, tehcir s\u0131ras\u0131nda T\u00fcrklerin de Ermeniler kadar ac\u0131 \u00e7ektikleri, Ermenilerin T\u00fcrkiye\u2019de hi\u00e7bir zaman \u00e7o\u011funlukta olmad\u0131klar\u0131 ve olaylara ili\u015fkin ac\u0131kl\u0131 ve korkun\u00e7 iddialar\u0131n yanl\u0131\u015f oldu\u011fu tespit edilmi\u015ftir. ABD Kongresi rapor \u00fczerine 1920 Nisan ay\u0131nda Ermenistan\u2019a mandater olunmas\u0131n\u0131 reddetmi\u015ftir. Fakat <em>Ba\u015fkan Wilson 22 Kas\u0131m 1920\u2019de Trabzon, Erzurum, Van ve Bitlis illerini Ermenistan\u2019a vermi\u015ftir.<\/em><\/p>\n<p><em>Bat\u0131 Ermenistan da, t\u0131pk\u0131 K\u00fcrdistan gibi\u00a0\u00a0 Lozan Anla\u015fmas\u0131 ile tarih olmu\u015ftur.<\/em> Sevr Anla\u015fmas\u0131, Atat\u00fcrk\u2019\u00fcn ifadesiyle T\u00fcrk Milleti\u2019ne kurulan b\u00fcy\u00fck suikastt\u0131r. Lozan Anla\u015fmas\u0131 ile K\u00fcrdistan ve B\u00fcy\u00fck Ermenistan hayali bitmi\u015ftir. <em>Anla\u015fma, T\u00fcrkiye Cumhuriyeti\u2019nin tapusudur<\/em>. Tapu delme hareketine Ermeni diasporas\u0131na \u00e7ok yak\u0131n olan baz\u0131 T\u00fcrk akademisyenlerin katk\u0131da bulunmas\u0131 \u00fcz\u00fcc\u00fcd\u00fcr. T\u00fcm bu \u00e7abalara ra\u011fmen T\u00fcrkiye Cumhuriyeti, Lozan Anla\u015fmas\u0131 ile garanti alt\u0131na al\u0131nan tapuyu deldirmeyecek g\u00fc\u00e7tedir ama T\u00fcrkiye\u2019ye y\u00f6nelik sistematik sald\u0131r\u0131lara mutlaka organize bir \u015fekilde cevap verilmelidir.<\/p>\n<p>Wilson <em>22 Kas\u0131m 1920<\/em><strong>\u2019<\/strong>de\u00a0 Trabzon, Erzurum, Van ve Bitlis illerini Ermenistan\u2019a vermi\u015ftir. G\u00fcn\u00fcm\u00fczde yukar\u0131daki \u0130ngilizce metinde yer alan <em>\u201cBat\u0131 Ermenistan<\/em><em>\u201d<\/em> bu illeri kapsamaktad\u0131r.<\/p>\n<p>D\u00f6nemin Cumhurba\u015fkan\u0131<em> Abdullah G\u00fcl<\/em>\u2018\u00fcn <em>6 Eyl\u00fcl 2008<\/em> tarihinde futbol ma\u00e7\u0131 izlemek i\u00e7in Erivan\u2019a yapt\u0131\u011f\u0131 ziyaretin ard\u0131ndan at\u0131lan ad\u0131mlar T\u00fcrkiye-Ermenistan aras\u0131nda ba\u015flayan yak\u0131nla\u015fma s\u00fcreci\u00a0 kar\u015f\u0131l\u0131kl\u0131 olmad\u0131\u011f\u0131 i\u00e7in sonu\u00e7 vermemi\u015ftir. Zaten vermesi de beklenmemeliydi. \u00c7\u00fcnk\u00fc;<\/p>\n<ul>\n<li>Ermenistan Sovyet Sosyalist Cumhuriyeti Y\u00fcksek Sovyeti\u2019nin 23 A\u011fustos 1990 tarihli Ba\u011f\u0131ms\u0131zl\u0131k Bildirisi\u2019nin 12\u2019nci maddesinde <em>\u201cErmenistan Cumhuriyeti, 1915 Osmanl\u0131 T\u00fcrkiye\u2019si ve Bat\u0131 Ermenistan\u2019da ger\u00e7ekle\u015ftirilen soyk\u0131r\u0131m\u0131n uluslararas\u0131 alanda kabul\u00fcn\u00fcn sa\u011flanmas\u0131 y\u00f6n\u00fcndeki \u00e7abalar\u0131 destekleyecektir\u201d <\/em><\/li>\n<li>Ermenistan Parlamentosu, 23 Eyl\u00fcl 1991 tarihinde ald\u0131\u011f\u0131 ba\u011f\u0131ms\u0131zl\u0131k karar\u0131nda \u201c<em>Ermenistan Ba\u011f\u0131ms\u0131zl\u0131k Bildirisi\u2019ne sad\u0131k kalaca\u011f\u0131n\u0131\u201d<\/em> a\u00e7\u0131klam\u0131\u015f ve taahh\u00fct etmi\u015ftir.<\/li>\n<li>1995 y\u0131l\u0131nda kabul edilen Ermeni Anayasas\u0131\u2019nda <em>\u201cErmenistan\u2019\u0131n Ba\u011f\u0131ms\u0131zl\u0131k Bildirisi\u2019ndeki ulusal hedeflere ba\u011fl\u0131 kalaca\u011f\u0131\u201d<\/em> bir anayasa h\u00fckm\u00fc olmu\u015ftur. Soyk\u0131r\u0131m yalan\u0131n\u0131n uluslararas\u0131 alanda tan\u0131nmas\u0131n\u0131n Ermenistan\u2019\u0131n d\u0131\u015f politika hedefi oldu\u011fu belirtilmi\u015ftir.<\/li>\n<li>Erivan\u00b4da yap\u0131lan Geli\u015fen Ermenistan Partisi\u2019nin 4\u2019nc\u00fc Kurultay\u0131na kat\u0131lan Devlet Ba\u015fkan\u0131 <em>Serj Sarkisyan<\/em>, <em>\u201cBa\u011f\u0131ms\u0131zl\u0131k Karaba\u011f halk\u0131n\u0131n se\u00e7imidir. Uluslararas\u0131 hukuk dahi bu konuda farkl\u0131 yakla\u015f\u0131m ortaya koyamaz\u201d<\/em> demi\u015ftir.<\/li>\n<li><em>Ermenistan\u2019daki okul duvarlar\u0131nda as\u0131lan haritalarda T\u00fcrkiye\u2019nin 12 ili yer alm\u0131\u015ft\u0131r.<\/em><\/li>\n<li>Ermenistan Milli Mar\u015f\u0131\u2019nda <em>\u201cTopraklar\u0131m\u0131z i\u015fgal alt\u0131nda, bu topraklar\u0131 azat etmek i\u00e7in \u00f6l\u00fcn, \u00f6ld\u00fcr\u00fcn\u201d<\/em> yaz\u0131l\u0131d\u0131r.<\/li>\n<li>Karaba\u011f\u2019da katliam yapan Ermeni kuvvetlere komutanl\u0131k yapan eski Ermenistan Cumhurba\u015fkan\u0131 Serj Sarkisyan\u2019d\u0131r.<\/li>\n<li>Sarkisyan \u0130ngiliz yazar Thomas De Waal\u2019a, \u201c<em>Hocal\u0131\u2019dan \u00f6nce Azeriler bizim \u015faka yapt\u0131\u011f\u0131m\u0131z\u0131 san\u0131yordu, Ermenilerin sivil topluma kar\u015f\u0131 el kald\u0131rmayacaklar\u0131n\u0131 san\u0131yorlard\u0131. Biz bunu- stereotipi- (zeka gerili\u011fi) k\u0131rmay\u0131 ba\u015fard\u0131k.\u201d<\/em><\/li>\n<\/ul>\n<p><em>Kurttan post,\u00a0 Ermenistan\u2019dan\u00a0 dost olmaz ama T\u00fcrkiye\u2019de\u00a0 s\u00f6zde Ermeni soyk\u0131r\u0131m\u0131 oldu\u011funa inanlar da\u00a0\u00a0 vard\u0131r.<\/em> Bu konuda Avrupa Akademisi ve Lepsiushaus Potsdam \u00dcniversitesi\u00a0 Berlin\u2019de <em>Ermeni Soyk\u0131r\u0131m\u0131 \u0130\u00e7in Avrupa Yakla\u015f\u0131mlar\u0131<\/em> (Past in the Present European Approaches to the Armenian Genocide) konulu bir \u00c7al\u0131\u015ftay d\u00fczelemi\u015ftir. \u00c7al\u0131\u015ftay\u2019dan haberdar olunca, biri \u0130ngilizce olan (https:\/\/www.academia.edu\/31604811\/ARMENIAN_DEPORTATION_IS_NOT_A_GENOCIDE?auto=download) iki \u00e7al\u0131\u015fmam\u0131 g\u00f6ndererek g\u00f6r\u00fc\u015flerimi a\u00e7\u0131klad\u0131m, bu konuda objektif olmalar\u0131n\u0131 sa\u011flamak istedim ama kabul edilmedim.<\/p>\n<p>Oysa bir kat\u0131l\u0131mc\u0131 \u00e7ok dikkatimi \u00e7ekmi\u015ftir. Ko\u00e7 \u00dcniversitesi \u00f6\u011fretim \u00fcyesi<em> Zeynep T\u00fcrky\u0131lmaz<\/em>, Kaliforniya \u00dcniversitesi\u2019nde (University of California at Los Angeles-UCLA) e\u011fitim alm\u0131\u015f, 2009\u2019da doktoras\u0131n\u0131 vermi\u015ftir.\u00a0 Oysa UCLA, Atat\u00fcrk\u2019\u00fc ayaklar\u0131n\u0131n alt\u0131nda bir k\u0131z \u00e7ocu\u011fu cesediyle poz vermi\u015f olarak g\u00f6steren ve \u00fczerine <em>\u201c\u0130nkar\u0131n Y\u00fcz\u00fc\u201d <\/em><strong><em>(<\/em><\/strong>Face of Denial) yazan dok\u00fcman\u0131 montajlayarak yay\u0131nlayan \u00fcniversitedir.<\/p>\n<p>Kat\u0131l\u0131mc\u0131\u00a0 akademisyenlerin akademik \u00f6zg\u00fcrl\u00fck ad\u0131 alt\u0131nda T\u00fcrk milletini karalamaya haklar\u0131 yoktur. Mahkeme karar\u0131 olmadan yap\u0131lmayan bir s\u00f6zde soyk\u0131r\u0131m i\u00e7in T\u00fcrk milleti su\u00e7lanamaz. Su\u00e7layanlar, <em>Ohannes Ka\u00e7aznuni\u2019<\/em>nin\u00a0 <em>\u201cTa\u015fnak Partisi\u2019nin Yapaca\u011f\u0131 Bir \u015fey Yok\u201d<\/em> (Kaynak Yay\u0131nlar\u0131, 2005)\u00a0 kitab\u0131n\u0131 okusalard\u0131, Ermeni muhibi olmazlard\u0131.<\/p>\n<p>A\u0130HM\u2019nin Perin\u00e7ek Karar\u0131\u2019n\u0131\u00a0\u00a0 yok sayarak\u00a0 Alman Federal Parlamentosu\u2019nun <em>2 Haziran\u00a0 2016\u2019<\/em>da <em>\u201c1915 soyk\u0131r\u0131md\u0131r<\/em>\u201d karar\u0131 almas\u0131, A\u0130HM kararlar\u0131n\u0131 tan\u0131mamak demektir. Almanya, T\u00fcrkiye\u2019nin itirazlar\u0131na ra\u011fmen karar\u0131ndan geri ad\u0131m atmam\u0131\u015f, bu konuda\u00a0 karar alan 27\u2019nci \u00fclke olmu\u015ftur. (http:\/\/www.mfa.am\/en\/recognition)<\/p>\n<p>Karar, Almanya Federal Parlamentosu\u2019ndaki\u00a0 630 milletvekilinden 165\u2019nin oyu ile kabul edilmi\u015ftir. Karar\u0131n\u00a0 al\u0131nmas\u0131ndan 10 ay sonra \u0130stanbul\u2019un karde\u015f\u00a0 kenti olan ve 100 bin T\u00fcrk\u00fcn ya\u015fad\u0131\u011f\u0131 K\u00f6ln B\u00fcy\u00fck\u015fehir Belediye Meclisi\u2019nin 14 Mart 2017\u2019de Lehmbacher Weg Mezarl\u0131\u011f\u0131\u2019na\u00a0 Ermeni\u00a0 soyk\u0131r\u0131m an\u0131t\u0131 dikilmesine\u00a0 izin vermesi\u00a0 unutulmamal\u0131d\u0131r.<\/p>\n<p>Buna ra\u011fmen azda olsa hukuka sayg\u0131l\u0131 parlamentolar da vard\u0131r. Bel\u00e7ika Parlamentosu\u2019nun Rwanda ve Srebrenica Soyk\u0131r\u0131mlar\u0131 Yasas\u0131\u2019nda s\u00f6zde Ermeni \u00a0soyk\u0131r\u0131m\u0131 yoktur. Bel\u00e7ika Ceza Yasas\u0131\u2019nda yap\u0131lan\u00a0 de\u011fi\u015fiklik \u00f6nemlidir. Bel\u00e7ika, AB Konseyi\u2019nin \u00c7er\u00e7eve Karar\u0131\u2019na uymu\u015ftur. Bel\u00e7ika Parlamentosu\u00a0 yasa de\u011fi\u015fikli\u011fini \u00c7er\u00e7eve Karar\u0131\u2019n\u0131n AB \u00fcyesi \u00fclkelere sundu\u011fu alternatiflerden birini se\u00e7erek yapm\u0131\u015ft\u0131r.<\/p>\n<p>Bu konuda emekli \u00a0B\u00fcy\u00fckel\u00e7i <em>Pulat Tacer<\/em>\u2019in \u00a0AV\u0130M dergisinde yay\u0131nlanm\u0131\u015f iki\u00a0 makalesi vard\u0131r.\u00a0 115\u2019nci \u00a0madde, inkar\u0131 cezaland\u0131rmay\u0131 gerektiren soyk\u0131r\u0131m su\u00e7lar\u0131n\u0131n \u00a0uluslararas\u0131 \u00a0yetkili bir mahkeme karar\u0131na dayand\u0131rmaktad\u0131r. (<a href=\"http:\/\/www.lachambre.be\/FLWB\/PDF\/54\/3515\/54K3515010.pdf\">http:\/\/www.lachambre.be\/FLWB\/PDF\/54\/3515\/54K3515010.pdf<\/a>, s.57). Komisyonundaki g\u00f6r\u00fc\u015fmeler, Adalet Bakan\u0131\u2019n\u0131n ikna edici a\u00e7\u0131klamalar\u0131 \u00fczerine de\u011fi\u015fiklik \u00f6nergeleri reddedilmi\u015f, (<a href=\"http:\/\/www.lachambre.be\/doc\/FLWB\/pdf\/54\/3515\/54K3515014.pdf\">http:\/\/www.lachambre.be\/doc\/FLWB\/pdf\/54\/3515\/54K3515014.pdf<\/a>). Yasa 25 Nisan 2019\u2019da Genel Kurulda oylanarak kabul edilmi\u015ftir. (http:\/\/www.lachambre.be\/kvvcr\/showpage.cfm?section=\/flwb&amp;language=fr&amp;cfm=\/site\/wwwcfm\/flwb\/flwbn.cfm?legislat=54&amp;dossierID=3515)<\/p>\n<p><em>\u201cHer kim, Ceza Kanununun 444 maddesinde yaz\u0131l\u0131 ko\u015fullarda Ceza Kanunun 136\/4 maddesinde \u00f6ng\u00f6r\u00fclen su\u00e7 te\u015fkil ettikleri bir uluslararas\u0131 mahkeme taraf\u0131ndan verilen kesinle\u015fmi\u015f bir kararla tespit edilmi\u015f bulunan bir soyk\u0131r\u0131m\u0131 su\u00e7una veya insanl\u0131\u011fa kar\u015f\u0131 su\u00e7a veya sava\u015f su\u00e7una tekab\u00fcl eden eylemleri inkar ederse, kabaca k\u00fc\u00e7\u00fcmserse veya hakl\u0131 g\u00f6r\u00fcrse ya da onaylarsa ve bu davran\u0131\u015f\u0131n\u0131n \u00a0koruma alt\u0131nda bulunan \u00f6l\u00e7\u00fctlerden biri nedeniyle veya dinsel nedenle Avrupa Birli\u011fi Konseyinin, Ceza Kanunu yoluyla 5. maddede \u00f6ng\u00f6r\u00fclen alanlar\u0131n d\u0131\u015f\u0131nda bile olsa- \u0131rk\u00e7\u0131l\u0131k ve yabanc\u0131 d\u00fc\u015fmanl\u0131\u011f\u0131n\u0131n belirli baz\u0131 bi\u00e7imleri ve belirtileri ile m\u00fccadeleye ili\u015fkin 28 Kas\u0131m 2008 tarihli \u00c7er\u00e7eve Karar\u0131n\u0131n Madde-1, f\u0131kra- 3 ba\u011flam\u0131nda bir ki\u015fiye veya bir gruba, bir topluma veya bu toplumun \u00fcyelerine kar\u015f\u0131 ayr\u0131mc\u0131l\u0131\u011fa nefrete, \u015fiddet uygulamas\u0131na sebebiyet verece\u011fini bilirse veya bilmesi gerekirse cezaland\u0131r\u0131l\u0131r.\u201d<\/em><\/p>\n<p>Metnin Frans\u0131zcas\u0131n\u0131 emekli B\u00fcy\u00fckel\u00e7i <em>Pulat Tacer <\/em>\u00a0a\u00e7\u0131klam\u0131\u015ft\u0131r. <em>\u201cCHAPITRE 12. &#8211; Modification de la loi du 30 juillet 19815 tendant \u00e0 r\u00e9primer certains actes inspir\u00e9s par le racisme ou la x\u00e9nophobie Art. 115. L&#8217;article 20 de la loi du 30 juillet 19815 tendant \u00e0 r\u00e9primer certains actes inspir\u00e9s par le racisme ou la x\u00e9nophobie, ins\u00e9r\u00e9 par la loi du 10 mai 2007, est compl\u00e9t\u00e9 par le 5\u00b0 r\u00e9dig\u00e9 comme suit : &#8220;5\u00b0 Quiconque, dans l&#8217;une des circonstances indiqu\u00e9es \u00e0 l&#8217;article 444 du Code p\u00e9nal, nie, minimise grossi\u00e8rement, cherche \u00e0 justifier ou approuve des faits correspondant \u00e0 un crime de g\u00e9nocide, \u00e0 un crime contre l&#8217;humanit\u00e9 ou \u00e0 un crime de guerre tel que vis\u00e9 \u00e0 l&#8217;article 136quater du Code p\u00e9nal, \u00e9tablis comme tels par une d\u00e9cision d\u00e9finitive rendue par une juridiction internationale, sachant ou devant savoir que ce comportement risque d&#8217;exposer soit une personne, soit un groupe, une communaut\u00e9 ou leurs membres, \u00e0 la discrimination, \u00e0 la haine ou \u00e0 la violence, en raison de l&#8217;un des crit\u00e8res prot\u00e9g\u00e9s ou de la religion, au sens de l&#8217;article 1er, \u00a7 3, de la d\u00e9cision-cadre du Conseil de l&#8217;Union europ\u00e9enne du 28 novembre 2008 sur la lutte contre certaines formes et manifestations de racisme et de x\u00e9nophobie au moyen du droit p\u00e9nal, et ce, m\u00eame en dehors des domaines vis\u00e9s \u00e0 l&#8217;article 5.&#8221;.<\/em><\/p>\n<p>B\u00fcy\u00fckel\u00e7i Tacer, <em>\u201cBel\u00e7ika Parlamentosu\u2019nun 24-25 Nisan 2019 tarihinde alm\u0131\u015f oldu\u011fu Rwanda ve Srebrenica&#8217;ya ili\u015fkin \u00a0soyk\u0131r\u0131m\u0131n\u0131n ink\u00e2r\u0131n\u0131n cezaland\u0131r\u0131lmas\u0131na ili\u015fkin olarak \u00e7\u0131kard\u0131\u011f\u0131 Yasa&#8217;n\u0131n s\u00f6zde Ermeni soyk\u0131r\u0131m\u0131 savlar\u0131n\u0131 i\u00e7ermemesi, T\u00fcrk tezleri a\u00e7\u0131s\u0131ndan olumlu ve \u00f6nemli bir geli\u015fmedir, savlar\u0131m\u0131z\u0131n bundan sonraki savunulmas\u0131nda \u00a0bu yasa i\u00e7eri\u011finin do\u011frudan ve dolayl\u0131 anlamlar\u0131n\u0131n ileri s\u00fcr\u00fclebilece\u011fini d\u00fc\u015f\u00fcn\u00fcyorum\u201d<\/em> g\u00f6r\u00fc\u015f\u00fcndedir. Ben de aynen kat\u0131l\u0131yorum.<\/p>\n<p>Perin\u00e7ek Karar\u0131\u2019na ve Pulat Tacer\u2019in tespitlerine ra\u011fmen\u00a0 s\u00f6zde Ermeni soyk\u0131r\u0131m\u0131n\u0131 kabul eden\u00a0 Avrupa \u00fclkelerinin\u00a0 parlamentolar\u0131n\u0131n\u00a0\u00a0 soyk\u0131r\u0131m kararlar\u0131n\u0131n geri al\u0131nmas\u0131 sa\u011flanmad\u0131\u011f\u0131 s\u00fcrece, di\u011fer \u00fclkelerin\u00a0 de Ermeni diasporas\u0131n\u0131n etkisiyle T\u00fcrkiye aleyhine kararlar almaya ve giri\u015fimlerde bulunmaya devam etmeleri\u00a0 ka\u00e7\u0131n\u0131lmazd\u0131r. Ermenistan bir dost \u00fclke de\u011fildir. Taziye yay\u0131nlamakla \u00a0ili\u015fkilerin d\u00fczelece\u011fi san\u0131lmamal\u0131, izlenen politikalarda zikziklar olmamal\u0131,<em> Hocal\u0131 Soyk\u0131r\u0131m\u0131<\/em> da unutulmamal\u0131d\u0131r.<\/p>\n","protected":false},"excerpt":{"rendered":"<p>Birle\u015fik Devletler&#8217;de Ermeni Diasporas\u0131, Lozan Anla\u015fmas\u0131 ile tarih olmu\u015f &#8220;Bat\u0131 Ermenistan&#8221; kavram\u0131n\u0131 yeniden uluslararas\u0131 g\u00fcndeme ta\u015f\u0131ma \u00e7abas\u0131nda. Diaspora, her ge\u00e7en g\u00fcn T\u00fcrkiye&#8217;nin toprak b\u00fct\u00fcnl\u00fc\u011f\u00fcne kar\u015f\u0131 faaliyet y\u00fcr\u00fctmeye devam etmekte.<\/p>\n","protected":false},"author":3,"featured_media":7743,"comment_status":"open","ping_status":"open","sticky":false,"template":"","format":"standard","meta":{"_links_to":"","_links_to_target":""},"categories":[59,2,66,67,69],"tags":[],"yoast_head":"<!-- This site is optimized with the Yoast SEO plugin v16.0.2 - https:\/\/yoast.com\/wordpress\/plugins\/seo\/ -->\n<title>Lozan ile g\u00f6m\u00fclenlerin hortlat\u0131lmas\u0131nda Diaspora&#039;n\u0131n yeri - M\u0130SAK- Mill\u00ee Strateji Ara\u015ft\u0131rma Kurulu<\/title>\n<link rel=\"canonical\" href=\"https:\/\/millidusunce.com\/misak\/lozan-ile-gomulenlerin-hortlatilmasinda-diasporanin-yeri\/\" \/>\n<meta property=\"og:locale\" content=\"tr_TR\" \/>\n<meta property=\"og:type\" content=\"article\" \/>\n<meta property=\"og:title\" content=\"Lozan ile g\u00f6m\u00fclenlerin hortlat\u0131lmas\u0131nda Diaspora&#039;n\u0131n yeri - M\u0130SAK- Mill\u00ee Strateji Ara\u015ft\u0131rma Kurulu\" \/>\n<meta property=\"og:description\" content=\"Birle\u015fik Devletler&#039;de Ermeni Diasporas\u0131, Lozan Anla\u015fmas\u0131 ile tarih olmu\u015f &quot;Bat\u0131 Ermenistan&quot; kavram\u0131n\u0131 yeniden uluslararas\u0131 g\u00fcndeme ta\u015f\u0131ma \u00e7abas\u0131nda. Diaspora, her ge\u00e7en g\u00fcn T\u00fcrkiye&#039;nin toprak b\u00fct\u00fcnl\u00fc\u011f\u00fcne kar\u015f\u0131 faaliyet y\u00fcr\u00fctmeye devam etmekte.\" \/>\n<meta property=\"og:url\" content=\"https:\/\/millidusunce.com\/misak\/lozan-ile-gomulenlerin-hortlatilmasinda-diasporanin-yeri\/\" \/>\n<meta property=\"og:site_name\" content=\"M\u0130SAK- Mill\u00ee Strateji Ara\u015ft\u0131rma Kurulu\" \/>\n<meta property=\"article:published_time\" content=\"2019-06-10T16:30:00+00:00\" \/>\n<meta property=\"article:modified_time\" content=\"2019-06-10T16:52:15+00:00\" \/>\n<meta property=\"og:image\" content=\"https:\/\/millidusunce.com\/misak\/wp-content\/uploads\/2019\/06\/Armenians-Turkey-Rally-1-1-1.jpg\" \/>\n\t<meta property=\"og:image:width\" content=\"918\" \/>\n\t<meta property=\"og:image:height\" content=\"516\" \/>\n<meta name=\"twitter:card\" content=\"summary_large_image\" \/>\n<meta name=\"twitter:label1\" content=\"Tahmini okuma s\u00fcresi\">\n\t<meta name=\"twitter:data1\" content=\"17 dakika\">\n<script type=\"application\/ld+json\" class=\"yoast-schema-graph\">{\"@context\":\"https:\/\/schema.org\",\"@graph\":[{\"@type\":\"Organization\",\"@id\":\"https:\/\/millidusunce.com\/misak\/#organization\",\"name\":\"Mill\\u00ee D\\u00fc\\u015f\\u00fcnce Merkezi\",\"url\":\"https:\/\/millidusunce.com\/misak\/\",\"sameAs\":[],\"logo\":{\"@type\":\"ImageObject\",\"@id\":\"https:\/\/millidusunce.com\/misak\/#logo\",\"inLanguage\":\"tr\",\"url\":\"https:\/\/millidusunce.com\/misak\/wp-content\/uploads\/2018\/09\/mdmLogo-yazisiz.jpg\",\"width\":422,\"height\":422,\"caption\":\"Mill\\u00ee D\\u00fc\\u015f\\u00fcnce Merkezi\"},\"image\":{\"@id\":\"https:\/\/millidusunce.com\/misak\/#logo\"}},{\"@type\":\"WebSite\",\"@id\":\"https:\/\/millidusunce.com\/misak\/#website\",\"url\":\"https:\/\/millidusunce.com\/misak\/\",\"name\":\"M\\u0130SAK- Mill\\u00ee Strateji Ara\\u015ft\\u0131rma Kurulu\",\"description\":\"D\\u00fcnyaya T\\u00fcrk\\u00e7\\u00fc Bak\\u0131\\u015f\",\"publisher\":{\"@id\":\"https:\/\/millidusunce.com\/misak\/#organization\"},\"potentialAction\":[{\"@type\":\"SearchAction\",\"target\":\"https:\/\/millidusunce.com\/misak\/?s={search_term_string}\",\"query-input\":\"required name=search_term_string\"}],\"inLanguage\":\"tr\"},{\"@type\":\"ImageObject\",\"@id\":\"https:\/\/millidusunce.com\/misak\/lozan-ile-gomulenlerin-hortlatilmasinda-diasporanin-yeri\/#primaryimage\",\"inLanguage\":\"tr\",\"url\":\"https:\/\/millidusunce.com\/misak\/wp-content\/uploads\/2019\/06\/Armenians-Turkey-Rally-1-1-1.jpg\",\"width\":918,\"height\":516},{\"@type\":\"WebPage\",\"@id\":\"https:\/\/millidusunce.com\/misak\/lozan-ile-gomulenlerin-hortlatilmasinda-diasporanin-yeri\/#webpage\",\"url\":\"https:\/\/millidusunce.com\/misak\/lozan-ile-gomulenlerin-hortlatilmasinda-diasporanin-yeri\/\",\"name\":\"Lozan ile g\\u00f6m\\u00fclenlerin hortlat\\u0131lmas\\u0131nda Diaspora'n\\u0131n yeri - M\\u0130SAK- Mill\\u00ee Strateji Ara\\u015ft\\u0131rma Kurulu\",\"isPartOf\":{\"@id\":\"https:\/\/millidusunce.com\/misak\/#website\"},\"primaryImageOfPage\":{\"@id\":\"https:\/\/millidusunce.com\/misak\/lozan-ile-gomulenlerin-hortlatilmasinda-diasporanin-yeri\/#primaryimage\"},\"datePublished\":\"2019-06-10T16:30:00+00:00\",\"dateModified\":\"2019-06-10T16:52:15+00:00\",\"breadcrumb\":{\"@id\":\"https:\/\/millidusunce.com\/misak\/lozan-ile-gomulenlerin-hortlatilmasinda-diasporanin-yeri\/#breadcrumb\"},\"inLanguage\":\"tr\",\"potentialAction\":[{\"@type\":\"ReadAction\",\"target\":[\"https:\/\/millidusunce.com\/misak\/lozan-ile-gomulenlerin-hortlatilmasinda-diasporanin-yeri\/\"]}]},{\"@type\":\"BreadcrumbList\",\"@id\":\"https:\/\/millidusunce.com\/misak\/lozan-ile-gomulenlerin-hortlatilmasinda-diasporanin-yeri\/#breadcrumb\",\"itemListElement\":[{\"@type\":\"ListItem\",\"position\":1,\"item\":{\"@type\":\"WebPage\",\"@id\":\"https:\/\/millidusunce.com\/misak\/\",\"url\":\"https:\/\/millidusunce.com\/misak\/\",\"name\":\"Anasayfa\"}},{\"@type\":\"ListItem\",\"position\":2,\"item\":{\"@type\":\"WebPage\",\"@id\":\"https:\/\/millidusunce.com\/misak\/lozan-ile-gomulenlerin-hortlatilmasinda-diasporanin-yeri\/\",\"url\":\"https:\/\/millidusunce.com\/misak\/lozan-ile-gomulenlerin-hortlatilmasinda-diasporanin-yeri\/\",\"name\":\"Lozan ile g\\u00f6m\\u00fclenlerin hortlat\\u0131lmas\\u0131nda Diaspora&#8217;n\\u0131n yeri\"}}]},{\"@type\":\"Article\",\"@id\":\"https:\/\/millidusunce.com\/misak\/lozan-ile-gomulenlerin-hortlatilmasinda-diasporanin-yeri\/#article\",\"isPartOf\":{\"@id\":\"https:\/\/millidusunce.com\/misak\/lozan-ile-gomulenlerin-hortlatilmasinda-diasporanin-yeri\/#webpage\"},\"author\":{\"@id\":\"https:\/\/millidusunce.com\/misak\/#\/schema\/person\/dceabd91d5707fd0a1f581be62144940\"},\"headline\":\"Lozan ile g\\u00f6m\\u00fclenlerin hortlat\\u0131lmas\\u0131nda Diaspora&#8217;n\\u0131n yeri\",\"datePublished\":\"2019-06-10T16:30:00+00:00\",\"dateModified\":\"2019-06-10T16:52:15+00:00\",\"mainEntityOfPage\":{\"@id\":\"https:\/\/millidusunce.com\/misak\/lozan-ile-gomulenlerin-hortlatilmasinda-diasporanin-yeri\/#webpage\"},\"commentCount\":0,\"publisher\":{\"@id\":\"https:\/\/millidusunce.com\/misak\/#organization\"},\"image\":{\"@id\":\"https:\/\/millidusunce.com\/misak\/lozan-ile-gomulenlerin-hortlatilmasinda-diasporanin-yeri\/#primaryimage\"},\"articleSection\":\"ABD,S\\u0130YASET-TAR\\u0130H,TEHD\\u0130TLER,YAKIN-CO\\u011eRAFYA\",\"inLanguage\":\"tr\",\"potentialAction\":[{\"@type\":\"CommentAction\",\"name\":\"Comment\",\"target\":[\"https:\/\/millidusunce.com\/misak\/lozan-ile-gomulenlerin-hortlatilmasinda-diasporanin-yeri\/#respond\"]}]},{\"@type\":\"Person\",\"@id\":\"https:\/\/millidusunce.com\/misak\/#\/schema\/person\/dceabd91d5707fd0a1f581be62144940\",\"name\":\"Sad\\u0131k R\\u0131dvan Karluk\",\"image\":{\"@type\":\"ImageObject\",\"@id\":\"https:\/\/millidusunce.com\/misak\/#personlogo\",\"inLanguage\":\"tr\",\"url\":\"https:\/\/secure.gravatar.com\/avatar\/0ac86ba3095525619627cdd0589c5b8c?s=96&d=mm&r=g\",\"caption\":\"Sad\\u0131k R\\u0131dvan Karluk\"},\"description\":\"Prof. Dr. S. R\\u0131dvan Karluk, 1970\\u2019de Ankara \\u00dcniversitesi Siyasal Bilgiler Fak\\u00fcltesi\\u2019ni bitirdi. 1975\\u2019te doktor, 1979\\u2019da do\\u00e7ent oldu. 1975 \\u2013 1976\\u2019da Sussex \\u00dcniversitesi\\u2019nde doktora \\u00fcst\\u00fc ara\\u015ft\\u0131rma yapt\\u0131. 1982 y\\u0131l\\u0131nda Devlet Planlama Te\\u015fkilat\\u0131 AET Dairesini (Genel M\\u00fcd\\u00fcrl\\u00fck) kurdu. 1985-1990 y\\u0131llar\\u0131nda Paris\\u2019te, OECD T\\u00fcrkiye B\\u00fcy\\u00fckel\\u00e7ili\\u011fi\\u2019nde Planlama M\\u00fc\\u015faviri olarak \\u00e7al\\u0131\\u015ft\\u0131. 1990-1992 y\\u0131llar\\u0131nda Ba\\u015fbakanl\\u0131k Ba\\u015fm\\u00fc\\u015favirli\\u011fi\\u2019ne atand\\u0131. 1991 y\\u0131l\\u0131nda Anadolu \\u00dcniversitesi\\u2019ne ge\\u00e7mi\\u015f, 2014 y\\u0131l\\u0131nda emekli olmu\\u015ftur. Bu s\\u00fcre i\\u00e7inde \\u0130ktisadi Geli\\u015fme ve Uluslararas\\u0131 Geli\\u015fme Anabilim Dal\\u0131 Ba\\u015fkanl\\u0131\\u011f\\u0131, 2010-2013 d\\u00f6neminde \\u0130ktisat Fak\\u00fcltesi Dekanl\\u0131\\u011f\\u0131 yapm\\u0131\\u015ft\\u0131r. Uluslararas\\u0131 Ekonomi, T\\u00fcrkiye Ekonomisi, Avrupa Birli\\u011fi ve Uluslararas\\u0131 Ekonomik \\u0130li\\u015fkiler konular\\u0131nda 24 kitab\\u0131, 12 ortak ve 3 \\u00e7eviri eseri vard\\u0131r. Ortak yazarl\\u0131 bir ders kitab\\u0131 T\\u00dcBA \\u00fcniversite ders kitaplar\\u0131 2012 y\\u0131l\\u0131 telif ve \\u00e7eviri eser \\u00f6d\\u00fcl\\u00fc olmak \\u00fczere 6 bilimsel ara\\u015ft\\u0131rma \\u00f6d\\u00fcl\\u00fcne sahiptir. Eski\\u015fehir Sakarya gazetesi ile Turkish Forum\\u2019da (ABD) haftal\\u0131k g\\u00fcncel yaz\\u0131lar\\u0131 yay\\u0131nlanmaktad\\u0131r. \\u00d6zge\\u00e7mi\\u015fi WHO\\u2019s WHO D\\u00fcnya, Asya ve T\\u00fcrkiye bask\\u0131lar\\u0131nda yer alm\\u0131\\u015ft\\u0131r.\"}]}<\/script>\n<!-- \/ Yoast SEO plugin. -->","_links":{"self":[{"href":"https:\/\/millidusunce.com\/misak\/wp-json\/wp\/v2\/posts\/7726"}],"collection":[{"href":"https:\/\/millidusunce.com\/misak\/wp-json\/wp\/v2\/posts"}],"about":[{"href":"https:\/\/millidusunce.com\/misak\/wp-json\/wp\/v2\/types\/post"}],"author":[{"embeddable":true,"href":"https:\/\/millidusunce.com\/misak\/wp-json\/wp\/v2\/users\/3"}],"replies":[{"embeddable":true,"href":"https:\/\/millidusunce.com\/misak\/wp-json\/wp\/v2\/comments?post=7726"}],"version-history":[{"count":10,"href":"https:\/\/millidusunce.com\/misak\/wp-json\/wp\/v2\/posts\/7726\/revisions"}],"predecessor-version":[{"id":7748,"href":"https:\/\/millidusunce.com\/misak\/wp-json\/wp\/v2\/posts\/7726\/revisions\/7748"}],"wp:featuredmedia":[{"embeddable":true,"href":"https:\/\/millidusunce.com\/misak\/wp-json\/wp\/v2\/media\/7743"}],"wp:attachment":[{"href":"https:\/\/millidusunce.com\/misak\/wp-json\/wp\/v2\/media?parent=7726"}],"wp:term":[{"taxonomy":"category","embeddable":true,"href":"https:\/\/millidusunce.com\/misak\/wp-json\/wp\/v2\/categories?post=7726"},{"taxonomy":"post_tag","embeddable":true,"href":"https:\/\/millidusunce.com\/misak\/wp-json\/wp\/v2\/tags?post=7726"}],"curies":[{"name":"wp","href":"https:\/\/api.w.org\/{rel}","templated":true}]}}