{"id":8559,"date":"2019-11-10T09:05:11","date_gmt":"2019-11-10T06:05:11","guid":{"rendered":"https:\/\/millidusunce.com\/misak\/?p=8559"},"modified":"2019-11-10T08:55:18","modified_gmt":"2019-11-10T05:55:18","slug":"keyfi-yonetim-ve-ataturk","status":"publish","type":"post","link":"https:\/\/millidusunce.com\/misak\/keyfi-yonetim-ve-ataturk\/","title":{"rendered":"Keyf\u00ee y\u00f6netim ve Atat\u00fcrk"},"content":{"rendered":"<p><img loading=\"lazy\" decoding=\"async\" class=\"aligncenter size-medium_large wp-image-8561\" src=\"https:\/\/millidusunce.com\/misak\/wp-content\/uploads\/2019\/11\/Screenshot_20191110-085115_Chrome-768x764.jpg\" alt=\"\" width=\"768\" height=\"764\" srcset=\"https:\/\/millidusunce.com\/misak\/wp-content\/uploads\/2019\/11\/Screenshot_20191110-085115_Chrome-768x764.jpg 768w, https:\/\/millidusunce.com\/misak\/wp-content\/uploads\/2019\/11\/Screenshot_20191110-085115_Chrome-150x150.jpg 150w, https:\/\/millidusunce.com\/misak\/wp-content\/uploads\/2019\/11\/Screenshot_20191110-085115_Chrome-300x298.jpg 300w, https:\/\/millidusunce.com\/misak\/wp-content\/uploads\/2019\/11\/Screenshot_20191110-085115_Chrome.jpg 990w\" sizes=\"auto, (max-width: 768px) 100vw, 768px\" \/><\/p>\n<p>10 Kas\u0131m T\u00fcrk Milleti i\u00e7in \u00f6nemli bir g\u00fcn. Her canl\u0131n\u0131n bir g\u00fcn kar\u015f\u0131la\u015faca\u011f\u0131 ama bu kar\u015f\u0131la\u015fman\u0131n nerede, nas\u0131l ve ne zaman olaca\u011f\u0131n\u0131 bilmedi\u011fi \u00f6l\u00fcm\u00fcn bir milleti derinden etkiledi\u011fi g\u00fcn.<\/p>\n<p>Yurdun d\u00f6rt bir yan\u0131nda, her evin cenaze evi oldu\u011fu, her ailenin reisi vefat etmi\u015f\u00e7esine etkilendi\u011fi, yasa girdi\u011fi, a\u011flad\u0131\u011f\u0131 ve dualar edip, Kur\u2019an okumaya ba\u015flad\u0131\u011f\u0131 g\u00fcn.<\/p>\n<p>O g\u00fcn biz \u00f6l\u00fcml\u00fcler i\u00e7in bilinen zaman\u0131n, T\u00fcrk tarihinin \u00f6l\u00fcms\u00fcz evlad\u0131 Mustafa Kemal Atat\u00fcrk i\u00e7in sonland\u0131\u011f\u0131 g\u00fcn. Y\u00fcce Tanr\u0131 ona rahmet etsin.<\/p>\n<p>T\u00fcrk Milleti onun aziz ruhunu hep ya\u015fatmaya devam ediyor. En \u00f6nemlisi de <em>\u201cBenim na\u00e7iz v\u00fccudum bir g\u00fcn elbet toprak olacakt\u0131r. Fakat T\u00fcrkiye Cumhuriyeti ilelebet payidar kalacakt\u0131r\u201d<\/em> dedi\u011fi T\u00fcrk devletine, T\u00fcrk\u2019\u00fcn devletine sahip \u00e7\u0131k\u0131yor. Milyonlar her g\u00fcn Fatihalar yolluyor, onun eserinin, T\u00fcrk devletinin, \u00f6zel g\u00fcnlerinde T\u00fcrbedar\u0131 TSK olan t\u00fcrbesi (An\u0131tkabir) ziyaret ediliyor.<\/p>\n<h2><strong><em>Gazi, parlamenter sistemle mi y\u00f6netmi\u015fti \u00fclkeyi?<\/em><\/strong><\/h2>\n<p>Ge\u00e7ti\u011fimiz hafta AKP Genel Ba\u015fkan\u0131n\u0131n grup toplant\u0131s\u0131nda s\u00f6yledi\u011fi, <em>\u201cCumhurba\u015fkanl\u0131\u011f\u0131 H\u00fck\u00fcmet Sistemi\u2019nden rahats\u0131z olanlar var bunu biliyorum. Diyorlar ki, \u2018Bu, bizim gelene\u011fimize ters bir yap\u0131.\u2019 \u2026 Acaba Gazi, parlamenter sistemle mi y\u00f6netmi\u015fti \u00fclkeyi? \u201c s\u00f6zleri bas\u0131nda yer ald\u0131. <\/em><\/p>\n<p>20\u2019nci y\u00fczy\u0131l\u0131n ba\u015f\u0131nda ya\u015fananlar malum. Koca bir cihan devleti y\u0131llarca s\u00fcren sava\u015ftan \u00e7\u0131km\u0131\u015f, bug\u00fcnk\u00fc s\u0131n\u0131rlardan biraz daha k\u00fc\u00e7\u00fck bir topra\u011f\u0131 elinde kalm\u0131\u015ft\u0131r. En ba\u015f\u0131ndan itibaren koca bir millet canh\u0131ra\u015f bir \u015fekilde vatan m\u00fcdafaas\u0131na ko\u015fmu\u015f, \u00e7arp\u0131\u015fa \u00e7arp\u0131\u015fa, \u00f6le kala bu topraklar\u0131n\u0131 elde tutmay\u0131 ba\u015farabilmi\u015ftir.<\/p>\n<p>Ba\u015fkenti i\u015fgal alt\u0131nda olan devlet, g\u00f6rev emirleri bile i\u015fgal g\u00fc\u00e7lerince onaylanarak ba\u015fkentten \u00e7\u0131k\u0131\u015fa izin verilen \u015fartlardan kurtulmu\u015f, yeni ufuklara yelken a\u00e7ma zaman\u0131na girmi\u015ftir.<\/p>\n<p>Elbette sava\u015f(lar)\u0131n sonu\u00e7lar\u0131n\u0131 muzaffer olanlar de\u011ferlendirirler. Tarih b\u00f6yle yazmakta. \u0130stikl\u00e2l Harbi\u2019nin sonu\u00e7lar\u0131n\u0131 da muzaffer olan T\u00fcrk Milleti de\u011ferlendirmi\u015f, istikl\u00e2line sahip \u00e7\u0131kt\u0131\u011f\u0131 gibi istikb\u00e2line de vaziyet etmeye ba\u015flam\u0131\u015ft\u0131r.<\/p>\n<p>Atat\u00fcrk, daha sadece Mustafa Kemal Pa\u015fa iken, gazi, ba\u015fkomutan, mare\u015fal ve Atat\u00fcrk olmadan, <em>\u201cMilleti yine bu milletin azim ve karar\u0131 kurtaracakt\u0131r.\u201d<\/em> diyerek T\u00fcrk Milletine dayanm\u0131\u015ft\u0131r. T\u00fcrk Milleti de bu \u00e7a\u011fr\u0131ya cevap vermi\u015f, en zor \u015fartlarda, bu zor \u015fartlar\u0131 kendisiyle birlikte ya\u015fayanlara inanm\u0131\u015f ve g\u00fcvenmi\u015ftir. Beraber sava\u015f\u0131p huzura kavu\u015furlar.<\/p>\n<h2><strong><em>Modern bir devlet, ekmek kavgas\u0131n\u0131 kazanan bir millet<\/em><\/strong><\/h2>\n<p>Huzura kavu\u015fmak dediysek, kulaklar\u0131n\u0131n dibinden ge\u00e7en mermilerden, tepelerinde patlayan top g\u00fcllelerinden, s\u00fcng\u00fc s\u00fcng\u00fcye \u00e7arp\u0131\u015fmalardan kurtulmu\u015flard\u0131r. Biraz nefes ald\u0131ktan sonra hemen da\u011f\u0131lm\u0131\u015f olan devleti toparlamaya, yeni bir nizam kurmaya giri\u015firler. Art\u0131k yeniden bir m\u00fccadele ba\u015flar. Hatta sava\u015flardan daha zorludur ekmek kavgas\u0131. On y\u0131llarca s\u00fcren sava\u015ftan \u00e7\u0131km\u0131\u015f bir milletin bakiyesidir elde kalan\u2026 Kad\u0131n n\u00fcfusun daha fazla oldu\u011fu, okuyan\u0131 pek az, yolun suyun olmad\u0131\u011f\u0131 bir vatan\u2026 \u015eevket S\u00fcreyya Aydemir sava\u015fa kat\u0131lmak i\u00e7in, \u0130stanbul\u2019dan Erzincan\u2019a kadar k\u0131rk g\u00fcnde gitti\u011fini yazar. Suyu Arayan Adam\u2019daki <em>\u201c\u015eu Bilinmeyen Anadolu\u201d<\/em>\u00a0 b\u00f6l\u00fcm\u00fcn\u00fc okurken g\u00f6zya\u015flar\u0131na h\u00e2kim olabilecek bir babayi\u011fit tan\u0131m\u0131yorum. Bu c\u00fcmle elbette okuyanlar i\u00e7in tabii\u2026 Kendisine gelen \u00f6zetlerle yetindiklerini s\u00f6yleyenler i\u00e7in de\u011fil\u2026<\/p>\n<p>Bu zorlu m\u00fccadele ayn\u0131 zamanda farkl\u0131 fikirlerin i\u00e7inde yap\u0131l\u0131r. Yap\u0131lmak istenenleri be\u011fenmeyenler, yanl\u0131\u015f oldu\u011funu d\u00fc\u015f\u00fcnenler ve hatta toptan kar\u015f\u0131 \u00e7\u0131kanlar\u2026 Hepsi de TBMM i\u00e7inde hareket etmektedirler. B\u00fct\u00fcn bunlar orada ya\u015fanmaktad\u0131r. Bakanlar\u0131 Meclis se\u00e7er, onlar\u0131 Meclis denetler\u2026 Her konu oradaki \u00fcyelere anlat\u0131l\u0131r, tart\u0131\u015f\u0131l\u0131r ve oylan\u0131r\u2026 Memleketin y\u00f6netimi Meclisin yani T\u00fcrk Milletinin elindedir.<\/p>\n<p>Peki, art\u0131k sava\u015ftan \u00e7\u0131km\u0131\u015f olan Gazi Mustafa Kemal ne yapar? Bu sorunun tek bir cevab\u0131 vard\u0131r, o da Meclis\u2019e uyar. TBMM\u2019nin alm\u0131\u015f oldu\u011fu bir karara uymad\u0131\u011f\u0131na dair bir kay\u0131t yoktur. Hele de uymad\u0131\u011f\u0131, ben de\u011fi\u015ftirdim dedi\u011fi bir kanun hi\u00e7 yoktur.<\/p>\n<p>Sava\u015f\u0131rken bile Meclis\u2019in karar\u0131n\u0131 talep eder. Mesela <em>\u201c<\/em><em>Ben Meclis ba\u015fkan\u0131y\u0131m, dolay\u0131s\u0131yla ba\u015fkomutan\u0131m\u201d<\/em> dememi\u015ftir. Ba\u015fkomutanl\u0131k yetkisini talep etmi\u015f, talebini izah etmi\u015f ve o Meclis de bu yetkiyi ge\u00e7ici s\u00fcreli\u011fine vermi\u015ftir.<\/p>\n<p>Elbette her s\u00f6z\u00fc emir telakki edilmi\u015f olabilir. Do\u011fald\u0131r da \u00e7\u00fcnk\u00fc o zamana kadar y\u00fcz y\u0131l\u0131 a\u015fk\u0131n ge\u00e7mi\u015fte her s\u00f6yledi\u011fi ve her yapt\u0131\u011f\u0131 T\u00fcrk Milleti i\u00e7in do\u011fru \u00e7\u0131kan tek y\u00f6neticidir. Aldat\u0131lm\u0131\u015f oldu\u011fu v\u00e2ki de\u011fildir. Hele de T\u00fcrk Milletinin d\u00fc\u015fmanlar\u0131 kar\u015f\u0131s\u0131nda hi\u00e7 ama hi\u00e7 yan\u0131lmam\u0131\u015ft\u0131r.<\/p>\n<p>Kendisi, <em>\u201cBen diktat\u00f6r de\u011filim. Benim kuvvetim oldu\u011funu s\u00f6yl\u00fcyorlar, evet, bu do\u011frudur. Benim arzu edip de yapamayaca\u011f\u0131m bir \u015fey yoktur. \u00c7\u00fcnk\u00fc ben zor\u00e2ki ve insafs\u0131zca hareket etmesini bilmem. Bence diktat\u00f6rl\u00fck, di\u011ferlerini r\u00e2m <\/em>(ba\u015f e\u011fdiren H.P))<em> edendir. Ben kalpleri k\u0131rarak de\u011fil, kazanarak h\u00fckmetmek isterim.\u201d <\/em>demektedir. \u00d6yle de olmu\u015ftur. O T\u00fcrk Milletinin kalbini kazanm\u0131\u015ft\u0131r. Milletin hi\u00e7bir ferdini di\u011ferinden ay\u0131rmadan, kimseyi tahkir etmeden, kendisini destekleyenleri kar\u015f\u0131s\u0131nda olanlara \u00fcst\u00fcn tutmadan T\u00fcrk Milletine bakm\u0131\u015ft\u0131r.<\/p>\n<h2><strong><em>10 Kas\u0131m g\u00fcn\u00fc T\u00fcrkiye\u2019deki her ev yas evidir<\/em><\/strong><\/h2>\n<p>D\u00fc\u015f\u00fcnceleri ve hedefi yine kendi s\u00f6zlerinde \u00e7ok net ortaya \u00e7\u0131kar. <em>\u201cBen istese idim derh\u00e2l asker\u00ee bir diktat\u00f6rl\u00fck kurard\u0131m ve memleketi \u00f6yle id\u00e2reye kalk\u0131\u015f\u0131rd\u0131m. Fakat ben istedim ki, milletim i\u00e7in modern bir devlet kuray\u0131m.\u201d<\/em><\/p>\n<p>Do\u011frudur, istese diktat\u00f6r ya da tek adam olabilirdi. Bug\u00fcnden bak\u0131p, o tek adamd\u0131 diyenler de var. Meclisi yenileme yetkisinin cumhurba\u015fkan\u0131na verilmesini \u0131srarla istedi\u011finde, ya\u015fananlar onun karakterinde ve hedefinde tek adaml\u0131\u011f\u0131n olmad\u0131\u011f\u0131n\u0131 \u00e7ok a\u00e7\u0131k anlatmaktad\u0131r. Meclis\u2019te bu talebe \u0131srarla kar\u015f\u0131 \u00e7\u0131kan iki gen\u00e7 vekilin, Saraco\u011flu \u015e\u00fckr\u00fc ve Mahmut Esat (Bozkurt) beylerin, ak\u015fam \u00c7ankaya\u2019ya davet edip sabaha kadar konuyu tart\u0131\u015ft\u0131klar\u0131n\u0131 da sonunda Atat\u00fcrk\u2019\u00fcn talebinden vazge\u00e7ti\u011fini de, yine okuyan herkes bilmektedir. Yani devleti keyfince y\u00f6netmemi\u015ftir.<\/p>\n<p>O\u2019nun sofras\u0131ndan modern bir devlet, ekmek kavgas\u0131n\u0131 kazanan bir millet ve u\u00e7ak yapan bir ilerleme \u00e7\u0131km\u0131\u015ft\u0131r. O hi\u00e7bir zaman tek adam olmam\u0131\u015f, y\u00fcz\u00fcn\u00fc g\u00f6ren ya da g\u00f6rmeyen <em>kimsesizlerin kimsesi <\/em>olmu\u015ftur. Ondan dolay\u0131 10 Kas\u0131m g\u00fcn\u00fc T\u00fcrkiye\u2019deki her ev yas evidir. Cenaze her evden \u00e7\u0131km\u0131\u015ft\u0131r.<\/p>\n<p>Bunun i\u00e7in yolundan gidenler h\u00e2l\u00e2 milyonlarcad\u0131r. Ve gidilmeye de devam edilecektir.<\/p>\n<p>Ruhu \u015fad mek\u00e2n\u0131 cennet olsun.<\/p>\n","protected":false},"excerpt":{"rendered":"<p>10 Kas\u0131m g\u00fcn\u00fc T\u00fcrkiye\u2019deki her ev yas evidir&#8230;.<\/p>\n","protected":false},"author":26,"featured_media":8562,"comment_status":"open","ping_status":"open","sticky":false,"template":"","format":"standard","meta":{"_ef_editorial_meta_date_first-draft-date":"","_ef_editorial_meta_paragraph_assignment":"","footnotes":"","_links_to":"","_links_to_target":""},"categories":[2,66,68],"tags":[],"coauthors":[28],"class_list":["post-8559","post","type-post","status-publish","format-standard","has-post-thumbnail","hentry","category-genel","category-siyaset-tarih","category-turkluk-turkculuk"],"_links":{"self":[{"href":"https:\/\/millidusunce.com\/misak\/wp-json\/wp\/v2\/posts\/8559","targetHints":{"allow":["GET"]}}],"collection":[{"href":"https:\/\/millidusunce.com\/misak\/wp-json\/wp\/v2\/posts"}],"about":[{"href":"https:\/\/millidusunce.com\/misak\/wp-json\/wp\/v2\/types\/post"}],"author":[{"embeddable":true,"href":"https:\/\/millidusunce.com\/misak\/wp-json\/wp\/v2\/users\/26"}],"replies":[{"embeddable":true,"href":"https:\/\/millidusunce.com\/misak\/wp-json\/wp\/v2\/comments?post=8559"}],"version-history":[{"count":3,"href":"https:\/\/millidusunce.com\/misak\/wp-json\/wp\/v2\/posts\/8559\/revisions"}],"predecessor-version":[{"id":8564,"href":"https:\/\/millidusunce.com\/misak\/wp-json\/wp\/v2\/posts\/8559\/revisions\/8564"}],"wp:featuredmedia":[{"embeddable":true,"href":"https:\/\/millidusunce.com\/misak\/wp-json\/wp\/v2\/media\/8562"}],"wp:attachment":[{"href":"https:\/\/millidusunce.com\/misak\/wp-json\/wp\/v2\/media?parent=8559"}],"wp:term":[{"taxonomy":"category","embeddable":true,"href":"https:\/\/millidusunce.com\/misak\/wp-json\/wp\/v2\/categories?post=8559"},{"taxonomy":"post_tag","embeddable":true,"href":"https:\/\/millidusunce.com\/misak\/wp-json\/wp\/v2\/tags?post=8559"},{"taxonomy":"author","embeddable":true,"href":"https:\/\/millidusunce.com\/misak\/wp-json\/wp\/v2\/coauthors?post=8559"}],"curies":[{"name":"wp","href":"https:\/\/api.w.org\/{rel}","templated":true}]}}