{"id":8747,"date":"2019-12-09T19:30:19","date_gmt":"2019-12-09T16:30:19","guid":{"rendered":"https:\/\/millidusunce.com\/misak\/?p=8747"},"modified":"2019-12-09T17:36:07","modified_gmt":"2019-12-09T14:36:07","slug":"balkanlarda-espiyonaj-siyaseti","status":"publish","type":"post","link":"https:\/\/millidusunce.com\/misak\/balkanlarda-espiyonaj-siyaseti\/","title":{"rendered":"Balkanlarda espiyonaj siyaseti"},"content":{"rendered":"<p><img loading=\"lazy\" class=\"alignnone wp-image-8749 size-medium_large\" src=\"https:\/\/millidusunce.com\/misak\/wp-content\/uploads\/2019\/12\/espiyonaj-768x432.png\" alt=\"\" width=\"768\" height=\"432\" srcset=\"https:\/\/millidusunce.com\/misak\/wp-content\/uploads\/2019\/12\/espiyonaj-768x432.png 768w, https:\/\/millidusunce.com\/misak\/wp-content\/uploads\/2019\/12\/espiyonaj-300x169.png 300w, https:\/\/millidusunce.com\/misak\/wp-content\/uploads\/2019\/12\/espiyonaj-150x84.png 150w, https:\/\/millidusunce.com\/misak\/wp-content\/uploads\/2019\/12\/espiyonaj.png 1023w\" sizes=\"(max-width: 768px) 100vw, 768px\" \/><\/p>\n<p>Rus casus skandal\u0131 bir anda S\u0131rbistan\u2019\u0131n g\u00fcndemine oturdu. 21 Kas\u0131m 2019\u2019da, S\u0131rbistan Cumhurba\u015fkan\u0131 Aleksandar Vucic, S\u0131rbistan istihbarat te\u015fkilat\u0131n\u0131n S\u0131rp ordusu \u00fcyelerini i\u00e7eren bir Rus casuslu\u011funu ortaya \u00e7\u0131kard\u0131\u011f\u0131 ve Ulusal G\u00fcvenlik Konseyi\u2019nin topland\u0131\u011f\u0131 y\u00f6n\u00fcnde a\u00e7\u0131klama yapt\u0131. 18 Kas\u0131m\u2019da ise bir Rus casusun y\u00fcz\u00fc dijital olarak gizlenmi\u015f ba\u015fka bir adamdan k\u0131rm\u0131z\u0131 bir \u00e7anta al\u0131p, para i\u00e7eren bir \u00e7anta para teslim etti\u011fine ili\u015fkin bir <a href=\"https:\/\/www.youtube.com\/watch?v=PYeCDjqC4so\">video YouTube<\/a>\u2019a y\u00fcklenmi\u015fti. Video sonunda bu adam ald\u0131\u011f\u0131 paray\u0131 say\u0131yordu.<\/p>\n<p>S\u0131rp yetkililer, ajan\u0131n Rusya\u2019n\u0131n Belgrad&#8217;daki el\u00e7ili\u011finde askeri ata\u015fe yard\u0131mc\u0131s\u0131 olarak g\u00f6rev yapan Georgy Kleban oldu\u011funu s\u00f6ylediler. Vucic, Rus diplomat\u0131n S\u0131rp ordusu subaylar\u0131ndan birine r\u00fc\u015fvet verdi\u011fi ve bir dizi \u201ckomplo teorisi\u201d ger\u00e7ekle\u015ftirdi\u011finin ortaya \u00e7\u0131kt\u0131\u011f\u0131n\u0131 vurgulad\u0131ktan sonra \u201cRusya b\u00fcy\u00fckel\u00e7isine sordu\u011fum tek \u015fey vard\u0131 &#8211; Sadece ona sordum &#8211; Neden?\u201d dedi.<a href=\"#_ftn1\" name=\"_ftnref1\">[1]<\/a> \u00a0Bu arada Rus diplomat\u0131n Haziran 2019\u2019a dek S\u0131rbistan\u2019da g\u00f6revli oldu\u011fu anla\u015f\u0131ld\u0131, art\u0131k \u00fclkede de\u011fil ama nerede oldu\u011fu bilgisi de verilmiyor.\u00a0 Di\u011fer adam\u0131n S\u0131rp ordusunun emekli bir \u00fcyesi oldu\u011fu a\u00e7\u0131kland\u0131 ama ismi verilmedi, hakk\u0131nda takibat yap\u0131laca\u011f\u0131 s\u00f6ylenmedi; s\u00f6z konusu bulu\u015fman\u0131n da 24 Aral\u0131k 2018\u2019de ger\u00e7ekle\u015ftirildi\u011fi bildirildi. Kleban&#8217;\u0131n S\u0131rp Silahl\u0131 Kuvvetleri \u00fcyeleriyle temaslar\u0131n\u0131n foto\u011fraf, video ve ses kay\u0131tlar\u0131na sahip olundu\u011fu; en az \u201c\u00fc\u00e7 komplo oda\u011f\u0131\u201dyla 10 kez temas kurdu\u011fu da s\u00f6ylendi. Videoyu kimin \u00e7ekti\u011fi ve kimin yay\u0131nlad\u0131\u011f\u0131 da a\u00e7\u0131klanmad\u0131.<\/p>\n<h2><strong>S\u0131rbistan-Rusya ili\u015fkileri<\/strong><\/h2>\n<p><img loading=\"lazy\" class=\"aligncenter wp-image-8751\" src=\"https:\/\/millidusunce.com\/misak\/wp-content\/uploads\/2019\/12\/indir.jpg\" alt=\"\" width=\"750\" height=\"420\" srcset=\"https:\/\/millidusunce.com\/misak\/wp-content\/uploads\/2019\/12\/indir.jpg 300w, https:\/\/millidusunce.com\/misak\/wp-content\/uploads\/2019\/12\/indir-150x84.jpg 150w\" sizes=\"(max-width: 750px) 100vw, 750px\" \/><\/p>\n<p>Vuci\u00e7, 4 Aral\u0131k&#8217;ta Rusya Devlet Ba\u015fkan\u0131 Vladimir Putin&#8217;le g\u00f6r\u00fc\u015fmek \u00fczere Moskova&#8217;y\u0131 ziyaret edecek. Putin&#8217;in casusluk olay\u0131n\u0131 bilmedi\u011fine inand\u0131\u011f\u0131n\u0131, Rusya ile s\u00fcren dost\u00e7a ve karde\u015f\u00e7e ili\u015fkilerin bundan etkilenmeyece\u011fini s\u00f6yledi. Dahas\u0131, \u201cS\u0131rbistan NATO\u2019ya girmeyecek. Y\u00fcksek sesle ve net s\u00f6yl\u00fcyorum. Ger\u00e7ekle\u015fen her \u015fey tarafs\u0131z kalma kararl\u0131l\u0131\u011f\u0131m\u0131z\u0131 peki\u015ftirdi.\u201d dedi. Kremlin s\u00f6zc\u00fcs\u00fc Dmitry Peskov ise Kremlin&#8217;in iddia edilen olaydan haberi olmad\u0131\u011f\u0131n\u0131; D\u0131\u015fi\u015fleri Bakanl\u0131\u011f\u0131 S\u00f6zc\u00fcs\u00fc Maria Zakharova da videonun ortaya \u00e7\u0131kar\u0131lmas\u0131n\u0131n &#8220;k\u0131\u015fk\u0131rt\u0131c\u0131 bir eylem&#8221; oldu\u011funu s\u00f6yledi. Haber Bat\u0131 bas\u0131n\u0131nda man\u015fetlere \u201cVucic Rusya\u2019y\u0131 su\u00e7lad\u0131\u201d \u015feklinde \u00e7\u0131km\u0131\u015fsa da ger\u00e7ek anlamda bir su\u00e7lamadan bahsetmek m\u00fcmk\u00fcn de\u011fil. \u00a0\u0130li\u015fkilerin s\u0131k\u0131nt\u0131ya girmeyece\u011fi anla\u015f\u0131l\u0131yor. Yo\u011fun temaslar s\u00fcrecektir. 19 Ekim\u2019de Rusya Ba\u015fbakan\u0131 Dmitry Medvedev, Belgrad\u2019a ziyaret d\u00fczenlemi\u015fti.<a href=\"#_ftn2\" name=\"_ftnref2\">[2]<\/a> 25 Ekim\u2019de de Rusya, hava savunma S-400 f\u00fcze sistemini ortak bir tatbikat i\u00e7in S\u0131rbistan\u2019a g\u00f6ndermi\u015fti.<a href=\"#_ftn3\" name=\"_ftnref3\">[3]<\/a> Casuslar hakk\u0131nda bas\u0131n a\u00e7\u0131klamas\u0131 yap\u0131ld\u0131\u011f\u0131 g\u00fcn de S\u0131rbistan \u0130\u00e7i\u015fleri Bakan\u0131 Nebojsa Stefanovic iki g\u00fcvenlik anla\u015fmas\u0131 imzalamak \u00fczere Moskova\u2019dayd\u0131 ve Rusya G\u00fcvenlik Konseyi Ba\u015fkan\u0131 Nikolai Patrushev ile de bulu\u015ftu.<\/p>\n<p>\u00d6te yandan S\u0131rbistan Silahl\u0131 Kuvvetleri, Rus teknolojisini, jet avc\u0131 u\u00e7a\u011f\u0131 ve tanklar\u0131n\u0131 kullan\u0131yor. K\u0131sa s\u00fcre \u00f6nce Rusya&#8217;n\u0131n Pantsyr k\u0131sa menzilli u\u00e7aksavar silah sistemini sat\u0131n ald\u0131. Ayr\u0131ca S\u0131rbistan Rus petrol ve do\u011fal gaz\u0131na da ba\u011f\u0131ml\u0131 ve en b\u00fcy\u00fck yerel petrol \u015firketi Naftna Industrija Srbije\u2019nin \u00e7o\u011funluk hissesi Rus Gazprom\u2019a ait. S\u0131rbistan, K\u0131r\u0131m nedeniyle Rusya\u2019ya d\u00f6n\u00fck yapt\u0131r\u0131m kararlar\u0131na da uymam\u0131\u015ft\u0131. Tarihten gelen sars\u0131lmaz yak\u0131nl\u0131k da g\u00fcc\u00fcn\u00fc koruyor. Yani S\u0131rbistan-Rusya ili\u015fkileri her zamanki gibi \u00e7ok s\u0131cak.<\/p>\n<h2><strong>Balkanlarda espiyonaj<\/strong><\/h2>\n<p>Vuci\u00e7\u2019in Rus meselesinin tek olmad\u0131\u011f\u0131, Avusturya, Almanya ve Bulgaristan da d\u00e2hil olmak \u00fczere pek \u00e7ok \u00fclkeden sert istihbarat faaliyetlerinin hedefinde olduklar\u0131n\u0131 belirtmesi ise kesinlikle not edilecek bir a\u00e7\u0131klamayd\u0131. S\u0131rp istihbarat\u0131ndan yetkili bir isim Relja Eljski\u2019nin verdi\u011fi deme\u00e7te \u201cBu olay ger\u00e7ek ve bunun Belgrad sokaklar\u0131nda ve d\u00fcnyadaki di\u011fer \u015fehirlerde ne s\u0131kl\u0131kta ya\u015fanaca\u011f\u0131na \u015fa\u015f\u0131racaks\u0131n\u0131z\u201d demesi yeni skandal a\u00e7\u0131klamalara i\u015faret ediyor olabilir. Zira ABD, \u0130ngiltere, Fransa gibi di\u011fer \u00fclkelerin yan\u0131 s\u0131ra \u201cb\u00f6lgesel akt\u00f6rlerin\u201d S\u0131rbistan\u2019da y\u0131k\u0131c\u0131 istihbarat operasyonlar\u0131 d\u00fczenledi\u011fini de s\u00f6zlerine eklemi\u015fti. \u0130ki a\u00e7\u0131klama birbirini tamaml\u0131yor g\u00f6r\u00fcn\u00fcyor.<\/p>\n<p>Balkanlar, casusluk faaliyetlerine yabanc\u0131 de\u011fil. Hatta her yerde oldu\u011fundan daha yo\u011fun, daha kolay, daha al\u0131\u015f\u0131ld\u0131k ve hatta kan\u0131ksanm\u0131\u015f oldu\u011funu s\u00f6yleyebiliriz. Abart\u0131l\u0131 g\u00f6r\u00fcnen iddiaya g\u00f6re Balkanlarda her y\u00fcz ki\u015fiden d\u00f6rd\u00fc Rusya\u2019ya \u00e7al\u0131\u015f\u0131r. B\u00f6lge devletlerinin birbiri i\u00e7ine da\u011f\u0131lm\u0131\u015f ajanlar\u0131 ve yukar\u0131daki iki a\u00e7\u0131klamada s\u0131ralanan devletlerin ajanlar\u0131 da hesaba kat\u0131lmal\u0131. Muhtemelen casuslar\u0131n bir k\u0131sm\u0131 ikili, \u00fc\u00e7l\u00fc \u00e7al\u0131\u015f\u0131yordur. Bu kadar \u00e7ok afi\u015fe olmas\u0131n\u0131 ise herhalde ajan, istihbarat\u00e7\u0131 ya da casuslar\u0131n acemi olanlar\u0131n\u0131n Balkanlara g\u00f6nderiliyor olmas\u0131na ba\u011flamak do\u011fru olmaz. Casusluk faaliyetlerinin \u00f6nemsiz bir k\u0131sm\u0131n\u0131n bilinir k\u0131l\u0131nmas\u0131, bir nevi g\u00fc\u00e7 veya varl\u0131k g\u00f6sterisi olabilir. Ayn\u0131 zamanda bu faaliyetlerin siyaset yapma, olaylar\u0131n y\u00f6n\u00fcn\u00fc de\u011fi\u015ftirme niyetiyle a\u00e7\u0131\u011fa \u00e7\u0131kar\u0131ld\u0131\u011f\u0131n\u0131 iddia etmek daha makul g\u00f6r\u00fcn\u00fcyor. \u00c7\u00fcnk\u00fc genelde, en az\u0131ndan ba\u015fka co\u011frafyalarda bu t\u00fcr yakalamalar bas\u0131na yans\u0131tmadan \u00e7\u00f6z\u00fcl\u00fcr. Bas\u0131na yans\u0131t\u0131lan her bir olay muhtemelen siyasetin par\u00e7as\u0131d\u0131r.<\/p>\n<p>Sadece son d\u00f6neme bakt\u0131\u011f\u0131m\u0131zda, bas\u0131na yans\u0131yan k\u0131sm\u0131yla bile Bakanlarda ciddi bir espiyonaj trafi\u011fi g\u00f6r\u00fcl\u00fcyor. Bulgaristan soru\u015fturma ba\u015flatt\u0131\u011f\u0131nda Rusya casuslukla su\u00e7lanan diplomat\u0131n\u0131 28 Ekim 2019\u2019da \u00e7ekmi\u015fti.<a href=\"#_ftn4\" name=\"_ftnref4\">[4]<\/a>\u00a0 Bulgaristan, 10 Eyl\u00fcl&#8217;de de potansiyel casusluk gerek\u00e7esiyle Rus Hareketi Ba\u015fkan\u0131 Nickolay Malinov hakk\u0131nda soru\u015fturma ba\u015flatm\u0131\u015ft\u0131. \u00d6te yandan 2017\u2019de de S\u0131rbistan\u2019a kar\u015f\u0131 casusluk yap\u0131ld\u0131\u011f\u0131 kan\u0131tland\u0131\u011f\u0131 i\u00e7in S\u0131rbistan b\u00fcy\u00fckel\u00e7ilik personeli Makedonya\u2019dan geri \u00e7a\u011fr\u0131lm\u0131\u015ft\u0131.<a href=\"#_ftn5\" name=\"_ftnref5\">[5]<\/a> Makedonya istihbarat te\u015fkilat\u0131ndan s\u0131zan bir belge de Rus casuslar\u0131 ve diplomatlar\u0131n \u00fclkeyi Bat\u0131\u2019dan izole etmek ve\u2013Yunanistan\u2019la- uyu\u015fmazl\u0131\u011f\u0131 k\u0131\u015fk\u0131rtmak i\u00e7in yakla\u015f\u0131k on y\u0131l s\u00fcren bir \u00e7aba sarf ettiklerini iddia ediyordu.<a href=\"#_ftn6\" name=\"_ftnref6\">[6]<\/a> Bir y\u0131l \u00f6nce de 6 Temmuz 2018\u2019de yine Rus diplomatlar casusluk faaliyetleri gerek\u00e7esiyle Yunanistan taraf\u0131ndan s\u0131n\u0131r d\u0131\u015f\u0131 edilmi\u015fti. En ciddi g\u00f6r\u00fclen ise Rusya\u2019n\u0131n Karada\u011f\u2019da ba\u015far\u0131s\u0131z bir darbeye destek vermekle su\u00e7lanmas\u0131yd\u0131. Karada\u011f Ba\u015fbakan\u0131 Milo Cukanovi\u00e7&#8217;e suikast d\u00fczenleme giri\u015fiminden tutuklananlardan, direktifi do\u011frudan Moskova\u2019dan ald\u0131klar\u0131n\u0131, kendilerine 50 otomatik silah ve aralar\u0131nda g\u00f6r\u00fc\u015fme yapabilmek i\u00e7in dinlenemeyen \u015fifreli telefonlar temin edildi\u011fini anlatan bir itiraf\u00e7\u0131 olmu\u015ftu. Bunlar bir tarafa Balkanlarda birka\u00e7 \u00fclkede zaten Rusya ile ba\u011flant\u0131l\u0131 \u201cKozak Ordusu\u201d denilen 26 ayr\u0131 paramiliter yap\u0131 da var.<a href=\"#_ftn7\" name=\"_ftnref7\">[7]<\/a> T\u00fcm bunlar\u0131 m\u00fcmk\u00fcn k\u0131lan ise Rusya\u2019n\u0131n b\u00f6lgeyle tarihten gelen ve Ortodoksluk inanc\u0131n\u0131n zemin olu\u015fturdu\u011fu ba\u011fd\u0131r. Kiliselerin rol\u00fc unutulamaz. Dahas\u0131 kiliselerin rol\u00fc casusluk ba\u011flant\u0131s\u0131nda da unutulamaz.<\/p>\n<h2><strong>Rusya yakaland\u0131 m\u0131?<\/strong><\/h2>\n<p>Casusluk faaliyetlerinin bu kadar s\u0131k a\u00e7\u0131\u011fa \u00e7\u0131kmas\u0131 meselesine d\u00f6nersek Rusya, S\u0131rbistan\u2019da yakaland\u0131 m\u0131 yani? Rusya\u2019n\u0131n S\u0131rbistan\u2019da varl\u0131\u011f\u0131n\u0131 ispatlamaya ihtiyac\u0131 yok, bu konuda zaten hi\u00e7bir \u015f\u00fcphe yok. Video yay\u0131nland\u0131\u011f\u0131 i\u00e7in S\u0131rbistan do\u011frulamak zorunda kalm\u0131\u015f olabilir mi? Zira Vucic, g\u00f6r\u00fcnt\u00fclerin zaten S\u0131rp istihbarat\u0131n\u0131n elinde oldu\u011funu s\u00f6ylemi\u015fti. Yani istihbarat\u0131n yeni bir ke\u015ffi de\u011fil, yay\u0131nlanan g\u00f6r\u00fcnt\u00fcy\u00fc do\u011frulamas\u0131 s\u00f6z konusu. Bir ihtimal, daha ciddi bir skandal\u0131n perdelenmek istemesidir. Nitekim silah ka\u00e7ak\u00e7\u0131l\u0131\u011f\u0131yla ilgili bir dosyan\u0131n varl\u0131\u011f\u0131 hakk\u0131nda s\u00f6ylentiler var. Sonu\u00e7ta ortaya \u00e7\u0131kan casusluk faaliyeti, muazzam s\u0131rlar i\u00e7ermiyor. Bu y\u00fczden bir perde g\u00f6revi g\u00f6rd\u00fc\u011f\u00fc s\u00f6ylenebilir.<\/p>\n<p><img loading=\"lazy\" class=\"aligncenter wp-image-8750 size-medium_large\" src=\"https:\/\/millidusunce.com\/misak\/wp-content\/uploads\/2019\/12\/abdnin-yunanistana-yatirimlarinin-validasyonu-kuzey-makedonya-cumhuriyeti-768x413.jpg\" alt=\"\" width=\"768\" height=\"413\" srcset=\"https:\/\/millidusunce.com\/misak\/wp-content\/uploads\/2019\/12\/abdnin-yunanistana-yatirimlarinin-validasyonu-kuzey-makedonya-cumhuriyeti-768x413.jpg 768w, https:\/\/millidusunce.com\/misak\/wp-content\/uploads\/2019\/12\/abdnin-yunanistana-yatirimlarinin-validasyonu-kuzey-makedonya-cumhuriyeti-300x161.jpg 300w, https:\/\/millidusunce.com\/misak\/wp-content\/uploads\/2019\/12\/abdnin-yunanistana-yatirimlarinin-validasyonu-kuzey-makedonya-cumhuriyeti-150x81.jpg 150w, https:\/\/millidusunce.com\/misak\/wp-content\/uploads\/2019\/12\/abdnin-yunanistana-yatirimlarinin-validasyonu-kuzey-makedonya-cumhuriyeti.jpg 1024w\" sizes=\"(max-width: 768px) 100vw, 768px\" \/><\/p>\n<p>Bu arada Balkanlar\u2019daki Soros faaliyetlerini hat\u0131rlatmamak eksiklik olur. Casusluk if\u015falar\u0131, normalde yine gizli kalmas\u0131 daha mant\u0131kl\u0131 olan Soros faaliyetlerinin \u00e7ok a\u00e7\u0131k bir \u015fekilde sergilenmesine ayn\u0131 a\u00e7\u0131kl\u0131kla cevap verme y\u00f6ntemi olabilir mi? Zira b\u00f6lge siyaset\u00e7ilerinin Soros\u2019la \u00e7ekilmi\u015f foto\u011fraflar\u0131 bas\u0131nla payla\u015f\u0131l\u0131yordu ve bu se\u00e7im kampanyas\u0131n\u0131n par\u00e7as\u0131 dahi olabiliyordu. (A\u00e7\u0131k \u015fekilde yap\u0131lan m\u00fcdahale i\u015fe de yar\u0131yordu. \u00d6yle ya, b\u00f6lge \u00fclkelerinden kimse h\u00fck\u00fcmetine biz sana m\u0131 oy verdik, Soros\u2019a m\u0131; bizi sen mi y\u00f6neteceksin Soros mu dememi\u015fti.) Ya da belki Soros\u2019un New York Times i\u00e7in yazd\u0131\u011f\u0131 makalede (In the Balkans, a Chance to Stabilize Europe), Balkanlara ilgisinin nedenini Rusya, \u00c7in ve T\u00fcrkiye\u2019yi b\u00f6lgeden uzakla\u015ft\u0131rmak oldu\u011funu belirtme a\u00e7\u0131kl\u0131\u011f\u0131 g\u00f6stermesidir<a href=\"#_ftn8\" name=\"_ftnref8\">[8]<\/a> sebep. Belki de Yunanistan Savunma Bakan\u0131\u2019n\u0131n Makedonya-Yunanistan isim g\u00f6r\u00fc\u015fmelerinin arkas\u0131ndaki ismin Soros oldu\u011funu, Soros\u2019un Yunan D\u0131\u015fi\u015fleri Bakan\u0131\u2019na, Atina Kilisesine ve anla\u015fmay\u0131 olumlu yans\u0131tmalar\u0131 i\u00e7in medyaya para \u00f6dedi\u011fini meclis k\u00fcrs\u00fcs\u00fcnde s\u00f6ylemesine<a href=\"#_ftn9\" name=\"_ftnref9\">[9]<\/a> ra\u011fmen beklenen tepkinin olu\u015fmamas\u0131 etkilidir. E\u011fer b\u00f6yleyse Rus ajanlar\u0131n if\u015fas\u0131, Soros\u2019un g\u00f6vde g\u00f6sterisine ayn\u0131 \u00fcslupla verilen bir cevap olabilir: Buraday\u0131m ve burada kal\u0131c\u0131y\u0131m!<\/p>\n<p>Peki, b\u00f6lge halklar\u0131 bu tenis ma\u00e7\u0131n\u0131 nas\u0131l yorumluyor? \u0130stihbarat \u00f6rg\u00fctleri ya da uluslararas\u0131 bir spek\u00fclat\u00f6r devlet ve h\u00fck\u00fcmetleri y\u00f6nlendirmeyi bu denli a\u00e7\u0131k \u015fekilde yapt\u0131\u011f\u0131nda bir kan\u0131ksama hali do\u011fuyor galiba. Uzun y\u0131llara yay\u0131lm\u0131\u015f istikrars\u0131zl\u0131k, umutsuzluk ve fakirli\u011fin etkisi olsa da tam ba\u011f\u0131ms\u0131z ve egemen devlet istencini as\u0131l unutturan\u0131n devlet-vatanda\u015fl\u0131k ba\u011f\u0131n\u0131 zay\u0131flatan hamleler oldu\u011fu belirlemesini yapabiliriz.<\/p>\n<p>Ana konuya d\u00f6nersek Rusya\u2019n\u0131n yakaland\u0131\u011f\u0131na inanmak zor. Ama Rusya ile AB hedefleri aras\u0131nda se\u00e7im yapmaya zorlanan S\u0131rbistan a\u00e7\u0131s\u0131ndan bu skandal, k\u0131smi olarak S\u0131rbistan\u2019\u0131 rahatlatabilir. S\u0131rbistan, AB yolunda ilerlemek istiyor ama Rusya ile ba\u011flar\u0131n\u0131 da koparmak istemiyor. Rusya da Bat\u0131\u2019dan kopmu\u015f uydu bir S\u0131rbistan yerine Avrupa\u2019ya kap\u0131 olacak bir S\u0131rbistan\u2019\u0131 tercih ediyor.<\/p>\n<p>\u0130lgili g\u00f6r\u00fcnt\u00fclerin bir ba\u015fka istihbarat servisi taraf\u0131ndan sunulmu\u015f olmas\u0131 da casusluk faaliyetini kabul etmeyi zorunlu k\u0131lm\u0131\u015f olabilir. Her ko\u015fulda Rus casusun faaliyetinin Rusya\u2019n\u0131n bilgisi d\u00e2hilinde a\u00e7\u0131kland\u0131\u011f\u0131na inanabiliriz.<\/p>\n<h2><strong>S\u0131rbistan i\u00e7in anlam\u0131<\/strong><\/h2>\n<p>Skandaldan \u00f6nceki siyasi geli\u015fmelere de bakal\u0131m. Kosova\u2019da Arnavutluk\u2019la birle\u015fme taraftar\u0131 Vetevendosia lideri Arnavut milliyet\u00e7isi Albin Kurti, 6 Ekim 2019 erken se\u00e7imiyle Ba\u015fbakanl\u0131k g\u00f6revini \u00fcstlendi. \u00a0Albin Kurti\u2019nin makam odas\u0131na Kosova bayra\u011f\u0131 asmay\u0131 reddetmesi ve Arnavutluk bayra\u011f\u0131 asmas\u0131, tebrik i\u00e7in gelen Birle\u015fik Krall\u0131k B\u00fcy\u00fckel\u00e7isi ile bu bayra\u011f\u0131n \u00f6n\u00fcnde foto\u011fraf vermesi,<a href=\"#_ftn10\" name=\"_ftnref10\">[10]<\/a> S\u0131rbistan\u2019\u0131n b\u00fcy\u00fck tepkisini \u00e7ekti. Sonradan ziyarete giden di\u011fer diplomatlar makam odas\u0131nda foto\u011fraf \u00e7ektirmeyi reddetti<a href=\"#_ftn11\" name=\"_ftnref11\">[11]<\/a> ama Kurti\u2019ye S\u0131rbistan\u2019\u0131n bekledi\u011fi t\u00fcrden bir bask\u0131 da gelmedi.\u00a0 Her ne kadar Arnavutluk Ba\u015fbakan\u0131 Edi Rama istekli g\u00f6r\u00fcnmese de Albin Kurti\u2019nin referanduma gidilirse Arnavutlukla birle\u015fmenin uluslararas\u0131 hukuk s\u0131n\u0131rlar\u0131 i\u00e7inde kalaca\u011f\u0131 iddias\u0131 art\u0131k Kosova\u2019da iktidara ta\u015f\u0131nm\u0131\u015f durumda. K\u0131r\u0131m meselesi de malum, olan oldu\u011fuyla kal\u0131yor. Bu iki olay\u0131n S\u0131rbistan\u2019da AB ile yak\u0131nla\u015fma gerekti\u011fi kayg\u0131s\u0131 olu\u015fturdu\u011funu s\u00f6yleyebiliriz.<\/p>\n<p>\u0130kinci \u00f6nemli geli\u015fme Kuzey Makedonya\u2019n\u0131n anla\u015fmay\u0131 imzalam\u0131\u015f, gereken ko\u015fullarda y\u00fcr\u00fcrl\u00fc\u011fe koymu\u015f ve ismini de de\u011fi\u015ftirmi\u015f olmas\u0131na ra\u011fmen AB kap\u0131s\u0131ndan bir kez daha d\u00f6nmek zorunda kalmas\u0131d\u0131r. Bu olay, S\u0131rbistan i\u00e7in de Bat\u0131 ile ili\u015fkilerini g\u00f6zden ge\u00e7irme, ba\u011flar\u0131n sa\u011flaml\u0131\u011f\u0131n\u0131 kontrol etme gereklili\u011fi anlam\u0131na gelir. Yine AB geni\u015flemesinin duraklamas\u0131n\u0131n bir sonucu olarak S\u0131rbistan \u201cK\u00fc\u00e7\u00fck Schengen\u201d projesi ortaya atm\u0131\u015ft\u0131.<a href=\"#_ftn12\" name=\"_ftnref12\">[12]<\/a> Bu, Bat\u0131 Balkan \u00fclkelerinin her biri tam \u00fcyeli\u011fe ula\u015f\u0131l\u0131ncaya kadar AB ile i\u015fbirli\u011fi yapacak olan ekonomik birlik modeli \u00f6nerisiydi. \u0130lki 12 Ekim\u2019de Novi Sad\u2019da ikincisi 10 Kas\u0131m 2019\u2019da Ohri\u2019de yap\u0131lan toplant\u0131 ile S\u0131rbistan Cumhurba\u015fkan\u0131 ile Arnavutluk ve Kuzey Makedonya Ba\u015fbakanlar\u0131, iki y\u0131l i\u00e7inde insan, mal, hizmet ve paran\u0131n dola\u015f\u0131m\u0131n\u0131 kolayla\u015ft\u0131rma konusunda uzla\u015ft\u0131lar. Yeni birli\u011fin ad\u0131 da \u201cBalkan Schengeni\u201d oldu. Alt\u0131 \u00fcyenin kat\u0131l\u0131m\u0131 sa\u011flan\u0131rsa 20 milyon ki\u015filik ekonomik ve ticaret b\u00f6lgesi yarat\u0131labilir. \u0130kinci toplant\u0131ya AB temsilcilerinin de kat\u0131lmas\u0131, bunun AB himayesinde yap\u0131lan bir \u00e7al\u0131\u015fma oldu\u011funu ortaya koydu. Karada\u011f bu modele s\u0131cak bak\u0131yor ancak Kosova Arnavutluk\u2019un kat\u0131lmas\u0131n\u0131 dahi kabul edilemez buluyor. Modelin mimar\u0131 Vucic g\u00f6r\u00fcn\u00fcyor. Ancak o kadar \u00e7ok ele\u015ftirildi ki samimiyetini ispatlamas\u0131 da gerekti.<\/p>\n<p>Dolay\u0131s\u0131yla Rus casusun if\u015fa edilmesi, S\u0131rbistan a\u00e7\u0131s\u0131ndan Kosova\u2019n\u0131n yeni milliyet\u00e7i lideri kar\u015f\u0131s\u0131nda zemin kaybetmemek ve AB perspektifini korumak ad\u0131na AB\u2019ye ba\u011fl\u0131l\u0131\u011f\u0131n\u0131 ve Balkan Schengeni\u2019ndeki samimiyetini ispatlama vesilesi de olmu\u015ftur. \u00dcstelik bu, Rusya\u2019y\u0131 kaybetmeden ve hatta NATO \u00fcyeli\u011fini reddetti\u011fini tekrar s\u00f6yleme f\u0131rsat\u0131 bularak yap\u0131lm\u0131\u015ft\u0131r. Bunlara \u201cRusya\u2019s\u0131z Balkanlar\u201d alg\u0131s\u0131 yaratma siyasetini de bir kazan\u0131m olarak ekleyebiliriz. Bunun anlam\u0131, ger\u00e7ekte b\u00f6lgeden uzakla\u015ft\u0131r\u0131lmas\u0131 imk\u00e2ns\u0131z olan Rusya\u2019y\u0131 Balkanlar\u2019da g\u00f6rmek istemeyen g\u00fc\u00e7lerin iste\u011fine uyuluyormu\u015f g\u00f6r\u00fcn\u00fcm\u00fc yaratmakt\u0131r. Bu alg\u0131n\u0131n\/g\u00f6r\u00fcn\u00fcm\u00fcn Rusya a\u00e7\u0131s\u0131ndan anlam\u0131n\u0131 ya da nas\u0131l de\u011ferlendirilece\u011fini ise en erken 2020\u2019de g\u00f6rebiliriz.<\/p>\n<p>Bu makale ilk olarak Diplomatic Observer dergisinin Aral\u0131k 2019 (142.) say\u0131s\u0131nda <strong>Politics of Espionage in the Balkans<\/strong> ba\u015fl\u0131\u011f\u0131yla yay\u0131nlanm\u0131\u015ft\u0131r.<\/p>\n<p><a href=\"#_ftnref1\" name=\"_ftn1\">[1]<\/a> Serbian president accuses Russia of spy plot involving army, The Guardian, 21 Nov 2019; Serbia&#8217;s president Aleksandar Vucic confirms Russian spy operation after bribe video, Deutche Welle, 21 Nov 2019; Serbia Documented Russian Espionage Effort, President says, Balkan Insight, 21 Nov 2019; Serbia probes video purportedly showing Russian spy handing cash to Serbian agent, Reuters, 20 Nov 2019; Serbian Security Agency Confirms Man In &#8216;Payoff&#8217; Video Is Russian Intelligence Officer, Radio Free Europe, 20 Nov 2019<\/p>\n<p><a href=\"#_ftnref2\" name=\"_ftn2\">[2]<\/a> Russia, Serbia show strong relations with Medvedev\u2019s visit, Balkan Insight ,19 Oct 2019<\/p>\n<p><a href=\"#_ftnref3\" name=\"_ftn3\">[3]<\/a> Russia sends state-of-the-art air defense system to Serbia, Deutche Welle, 25 Oct 2019<\/p>\n<p><a href=\"#_ftnref4\" name=\"_ftn4\">[4]<\/a> Russia Pulls Diplomat Suspected of Spying in Bulgaria, Deutche Welle, 28 Oct 2019<\/p>\n<p><a href=\"#_ftnref5\" name=\"_ftn5\">[5]<\/a> Vu\u00e7i\u00e7: Casusluk Nedeniyle \u00dcsk\u00fcp\u2019ten Personelimizi Geri \u00c7a\u011f\u0131rd\u0131k, 21 A\u011fustos 2017, http:\/\/m.kosovahaber.net\/?page=2,9,41350<\/p>\n<p><a href=\"#_ftnref6\" name=\"_ftn6\">[6]<\/a> Russia actively stoking discord in Macedonia since 2008, intel files say, The Guardian, 4 Jun 2017<\/p>\n<p><a href=\"#_ftnref7\" name=\"_ftn7\">[7]<\/a> Detaylar i\u00e7in bkz. G\u00f6zde K\u0131l\u0131\u00e7 Ya\u015f\u0131n, Balkanlarda Jeopolitik Kavga, Diplomatik G\u00f6zlem, A\u011fustos 2018<\/p>\n<p><a href=\"#_ftnref8\" name=\"_ftn8\">[8]<\/a> G\u00f6zde K\u0131l\u0131\u00e7 Ya\u015f\u0131n, Balkanlarda Jeopolitik Kavga, <a href=\"http:\/\/soyledik.com\/tr\/makale\/7513\/balkanlarda-jeopolitik-kavga--gozde-kilic-yasin.html\">http:\/\/soyledik.com\/tr\/makale\/7513\/balkanlarda-jeopolitik-kavga&#8211;gozde-kilic-yasin.html<\/a>, 1 Eyl\u00fcl 2018<\/p>\n<p><a href=\"#_ftnref9\" name=\"_ftn9\">[9]<\/a> G\u00f6zde K\u0131l\u0131\u00e7 Ya\u015f\u0131n, ABD\u2019nin Yunanistan\u2019a Yat\u0131r\u0131mlar\u0131n\u0131n Validasyonu: Kuzey Makedonya Cumhuriyeti, <a href=\"http:\/\/soyledik.com\/tr\/makale\/7775\/abdnin-yunanistana-yatirimlarinin-validasyonu-kuzey-makedonya-cumhuriyeti--gozde-kilic-yasin.html\">http:\/\/soyledik.com\/tr\/makale\/7775\/abdnin-yunanistana-yatirimlarinin-validasyonu-kuzey-makedonya-cumhuriyeti&#8211;gozde-kilic-yasin.html<\/a>, 25 Ocak 2019;\u00a0 G\u00f6zde K\u0131l\u0131\u00e7 Ya\u015f\u0131n, Yunanistan&#8217;da Makedonya Krizi, Soros S\u00fcrprizi, <a href=\"http:\/\/soyledik.com\/tr\/makale\/7634\/yunanistanda-makedonya-krizi-soros-surprizi--gozde-kilic-yasin.html\">http:\/\/soyledik.com\/tr\/makale\/7634\/yunanistanda-makedonya-krizi-soros-surprizi&#8211;gozde-kilic-yasin.html<\/a>, 8 Kas\u0131m 2018<\/p>\n<p><a href=\"#_ftnref10\" name=\"_ftn10\">[10]<\/a> First Flag: Kosovo&#8217;s Would-Be PM Takes Serbian Heat For Favoring Albanian Banner, Radio Free Europe, 17 Oct 2019<\/p>\n<p><a href=\"#_ftnref11\" name=\"_ftn11\">[11]<\/a> Ambassadors refused to take a photo with Kurti in front of Albanian flag, B92, 9 Oct 2019<\/p>\n<p><a href=\"#_ftnref12\" name=\"_ftn12\">[12]<\/a> In case of EU accession failure, Serbia has a &#8220;plan B&#8221;, B92, 31 Oct 2019<\/p>\n","protected":false},"excerpt":{"rendered":"<p>S\u0131rbistan&#8217;da Rus casuslar if\u015fa oldu. Rusya ger\u00e7ekten yakaland\u0131 m\u0131 yoksa Balkanlardaki varl\u0131\u011f\u0131na ili\u015fkin bir g\u00f6vde g\u00f6sterisi miydi? S\u0131rbistan en g\u00fcvendi\u011fi \u00fclkenin espiyonaj faaliyetlerini kabul etmekle kimi kazand\u0131, kimi kaybetti? <\/p>\n","protected":false},"author":28,"featured_media":8756,"comment_status":"open","ping_status":"open","sticky":false,"template":"","format":"standard","meta":{"_links_to":"","_links_to_target":""},"categories":[59,70,69],"tags":[414,199,185,1111,428,164,163],"yoast_head":"<!-- This site is optimized with the Yoast SEO plugin v16.0.2 - https:\/\/yoast.com\/wordpress\/plugins\/seo\/ -->\n<title>Balkanlarda espiyonaj siyaseti - M\u0130SAK- Mill\u00ee Strateji Ara\u015ft\u0131rma Kurulu<\/title>\n<link rel=\"canonical\" href=\"https:\/\/millidusunce.com\/misak\/balkanlarda-espiyonaj-siyaseti\/\" \/>\n<meta property=\"og:locale\" content=\"tr_TR\" \/>\n<meta property=\"og:type\" content=\"article\" \/>\n<meta property=\"og:title\" content=\"Balkanlarda espiyonaj siyaseti - M\u0130SAK- Mill\u00ee Strateji Ara\u015ft\u0131rma Kurulu\" \/>\n<meta property=\"og:description\" content=\"S\u0131rbistan&#039;da Rus casuslar if\u015fa oldu. Rusya ger\u00e7ekten yakaland\u0131 m\u0131 yoksa Balkanlardaki varl\u0131\u011f\u0131na ili\u015fkin bir g\u00f6vde g\u00f6sterisi miydi? S\u0131rbistan en g\u00fcvendi\u011fi \u00fclkenin espiyonaj faaliyetlerini kabul etmekle kimi kazand\u0131, kimi kaybetti?\" \/>\n<meta property=\"og:url\" content=\"https:\/\/millidusunce.com\/misak\/balkanlarda-espiyonaj-siyaseti\/\" \/>\n<meta property=\"og:site_name\" content=\"M\u0130SAK- Mill\u00ee Strateji Ara\u015ft\u0131rma Kurulu\" \/>\n<meta property=\"article:published_time\" content=\"2019-12-09T16:30:19+00:00\" \/>\n<meta property=\"article:modified_time\" content=\"2019-12-09T14:36:07+00:00\" \/>\n<meta property=\"og:image\" content=\"https:\/\/millidusunce.com\/misak\/wp-content\/uploads\/2019\/12\/abdnin-yunanistana-yatirimlarinin-validasyonu-kuzey-makedonya-cumhuriyeti-768x413.png\" \/>\n\t<meta property=\"og:image:width\" content=\"768\" \/>\n\t<meta property=\"og:image:height\" content=\"413\" \/>\n<meta name=\"twitter:card\" content=\"summary_large_image\" \/>\n<meta name=\"twitter:label1\" content=\"Tahmini okuma s\u00fcresi\">\n\t<meta name=\"twitter:data1\" content=\"13 dakika\">\n<script type=\"application\/ld+json\" class=\"yoast-schema-graph\">{\"@context\":\"https:\/\/schema.org\",\"@graph\":[{\"@type\":\"Organization\",\"@id\":\"https:\/\/millidusunce.com\/misak\/#organization\",\"name\":\"Mill\\u00ee D\\u00fc\\u015f\\u00fcnce Merkezi\",\"url\":\"https:\/\/millidusunce.com\/misak\/\",\"sameAs\":[],\"logo\":{\"@type\":\"ImageObject\",\"@id\":\"https:\/\/millidusunce.com\/misak\/#logo\",\"inLanguage\":\"tr\",\"url\":\"https:\/\/millidusunce.com\/misak\/wp-content\/uploads\/2018\/09\/mdmLogo-yazisiz.jpg\",\"width\":422,\"height\":422,\"caption\":\"Mill\\u00ee D\\u00fc\\u015f\\u00fcnce Merkezi\"},\"image\":{\"@id\":\"https:\/\/millidusunce.com\/misak\/#logo\"}},{\"@type\":\"WebSite\",\"@id\":\"https:\/\/millidusunce.com\/misak\/#website\",\"url\":\"https:\/\/millidusunce.com\/misak\/\",\"name\":\"M\\u0130SAK- Mill\\u00ee Strateji Ara\\u015ft\\u0131rma Kurulu\",\"description\":\"D\\u00fcnyaya T\\u00fcrk\\u00e7\\u00fc Bak\\u0131\\u015f\",\"publisher\":{\"@id\":\"https:\/\/millidusunce.com\/misak\/#organization\"},\"potentialAction\":[{\"@type\":\"SearchAction\",\"target\":\"https:\/\/millidusunce.com\/misak\/?s={search_term_string}\",\"query-input\":\"required name=search_term_string\"}],\"inLanguage\":\"tr\"},{\"@type\":\"ImageObject\",\"@id\":\"https:\/\/millidusunce.com\/misak\/balkanlarda-espiyonaj-siyaseti\/#primaryimage\",\"inLanguage\":\"tr\",\"url\":\"https:\/\/millidusunce.com\/misak\/wp-content\/uploads\/2019\/12\/abdnin-yunanistana-yatirimlarinin-validasyonu-kuzey-makedonya-cumhuriyeti-768x413.png\",\"width\":768,\"height\":413},{\"@type\":\"WebPage\",\"@id\":\"https:\/\/millidusunce.com\/misak\/balkanlarda-espiyonaj-siyaseti\/#webpage\",\"url\":\"https:\/\/millidusunce.com\/misak\/balkanlarda-espiyonaj-siyaseti\/\",\"name\":\"Balkanlarda espiyonaj siyaseti - M\\u0130SAK- Mill\\u00ee Strateji Ara\\u015ft\\u0131rma Kurulu\",\"isPartOf\":{\"@id\":\"https:\/\/millidusunce.com\/misak\/#website\"},\"primaryImageOfPage\":{\"@id\":\"https:\/\/millidusunce.com\/misak\/balkanlarda-espiyonaj-siyaseti\/#primaryimage\"},\"datePublished\":\"2019-12-09T16:30:19+00:00\",\"dateModified\":\"2019-12-09T14:36:07+00:00\",\"breadcrumb\":{\"@id\":\"https:\/\/millidusunce.com\/misak\/balkanlarda-espiyonaj-siyaseti\/#breadcrumb\"},\"inLanguage\":\"tr\",\"potentialAction\":[{\"@type\":\"ReadAction\",\"target\":[\"https:\/\/millidusunce.com\/misak\/balkanlarda-espiyonaj-siyaseti\/\"]}]},{\"@type\":\"BreadcrumbList\",\"@id\":\"https:\/\/millidusunce.com\/misak\/balkanlarda-espiyonaj-siyaseti\/#breadcrumb\",\"itemListElement\":[{\"@type\":\"ListItem\",\"position\":1,\"item\":{\"@type\":\"WebPage\",\"@id\":\"https:\/\/millidusunce.com\/misak\/\",\"url\":\"https:\/\/millidusunce.com\/misak\/\",\"name\":\"Anasayfa\"}},{\"@type\":\"ListItem\",\"position\":2,\"item\":{\"@type\":\"WebPage\",\"@id\":\"https:\/\/millidusunce.com\/misak\/balkanlarda-espiyonaj-siyaseti\/\",\"url\":\"https:\/\/millidusunce.com\/misak\/balkanlarda-espiyonaj-siyaseti\/\",\"name\":\"Balkanlarda espiyonaj siyaseti\"}}]},{\"@type\":\"Article\",\"@id\":\"https:\/\/millidusunce.com\/misak\/balkanlarda-espiyonaj-siyaseti\/#article\",\"isPartOf\":{\"@id\":\"https:\/\/millidusunce.com\/misak\/balkanlarda-espiyonaj-siyaseti\/#webpage\"},\"author\":{\"@id\":\"https:\/\/millidusunce.com\/misak\/#\/schema\/person\/7a324c04ae191baeeac34b2d02c76318\"},\"headline\":\"Balkanlarda espiyonaj siyaseti\",\"datePublished\":\"2019-12-09T16:30:19+00:00\",\"dateModified\":\"2019-12-09T14:36:07+00:00\",\"mainEntityOfPage\":{\"@id\":\"https:\/\/millidusunce.com\/misak\/balkanlarda-espiyonaj-siyaseti\/#webpage\"},\"commentCount\":0,\"publisher\":{\"@id\":\"https:\/\/millidusunce.com\/misak\/#organization\"},\"image\":{\"@id\":\"https:\/\/millidusunce.com\/misak\/balkanlarda-espiyonaj-siyaseti\/#primaryimage\"},\"keywords\":\"AB,ABD,Balkanlar,casusluk,Kilise,Rusya,S\\u0131rbistan\",\"articleSection\":\"ABD,RUSYA,YAKIN-CO\\u011eRAFYA\",\"inLanguage\":\"tr\",\"potentialAction\":[{\"@type\":\"CommentAction\",\"name\":\"Comment\",\"target\":[\"https:\/\/millidusunce.com\/misak\/balkanlarda-espiyonaj-siyaseti\/#respond\"]}]},{\"@type\":\"Person\",\"@id\":\"https:\/\/millidusunce.com\/misak\/#\/schema\/person\/7a324c04ae191baeeac34b2d02c76318\",\"name\":\"G\\u00f6zde K\\u0131l\\u0131\\u00e7 Ya\\u015f\\u0131n\",\"image\":{\"@type\":\"ImageObject\",\"@id\":\"https:\/\/millidusunce.com\/misak\/#personlogo\",\"inLanguage\":\"tr\",\"url\":\"https:\/\/secure.gravatar.com\/avatar\/6cff801c77e15eda463f52ff54c02e73?s=96&d=mm&r=g\",\"caption\":\"G\\u00f6zde K\\u0131l\\u0131\\u00e7 Ya\\u015f\\u0131n\"},\"description\":\"Yazar ve edit\\u00f6rlerimizden G\\u00f6zde K\\u0131l\\u0131\\u00e7 Ya\\u015f\\u0131n, Eski\\u015fehir\\u2019de do\\u011fmu\\u015ftur. Lisans e\\u011fitimini Ankara \\u00dcniversitesi Hukuk Fak\\u00fcltesi\\u2019nde, Y\\u00fcksek Lisans ve Doktora derecesini yine Ankara \\u00dcniversitesi Hukuk Fak\\u00fcltesi\\u2019nde Kamu Hukuku alan\\u0131nda tamamlam\\u0131\\u015ft\\u0131r. Uzmanl\\u0131k alan\\u0131; Balkanlar, K\\u0131br\\u0131s, Etnik Sorunlar, Soyk\\u0131r\\u0131m Hukuku, Az\\u0131nl\\u0131k Haklar\\u0131, G\\u00f6\\u00e7 ve \\u0130ltica, Teostrateji Kapsam\\u0131nda Ortodoksluk, Ortodoks D\\u00fcnya ve Patrikhaneler olan Ya\\u015f\\u0131n \\u0130ngilizce ve Almanca bilmektedir. Bug\\u00fcne Kadar \\u00e7al\\u0131\\u015ft\\u0131\\u011f\\u0131 Yerler: \\u2022 21. Y\\u00fczy\\u0131l T\\u00fcrkiye Enstit\\u00fcs\\u00fc (2010-2017) \\u2022 T\\u00dcRKSAM (2009-2010) \\u2022 TUSAM (2004-2009) \\u2022 T\\u00dcB\\u0130KAM \\u2022 BA\\u015eKENT TV (2007-2008) \\u2022 AVRASYA TV (ART) (2008-2011) \\u2022 Y\\u0130SAV (2002-2003) Yay\\u0131nlar \\u2013 Makaleler: \\u2022 New Kosovas of the World: A Cyprus in the Making?, United Nations Assosiation of Turkey Bultein, Nmber 17 \\u2013 Spring 2008 \\u2022 Neighboorliness Approach in Neighbor Countries: Expansionism, United Nations Assosiation of Turkey Bultein, Number 16 \\u2013 Auntumn 2007 \\u2022 The Srebrenica Decision: Th World Was Acquited, United Nations Assosiation of Turkey Bultein, Number 15 \\u2013 Spring 2007 \\u2022 An Era Ends in the Balkans, United Nations Assosiation of Turkey Bultein, Number 14 \\u2013 Auntumn 2006 \\u2022 Stability in the Balkans: UN\\u2019s Deficiency, United Nations Assosiation of Turkey Bultein, Number 12 \\u2013 Auntumn 2005 \\u2022 ICTY Problem in Balkans, United Nations Assosiation of Turkey Bultein, Number 12 \\u2013 Auntumn 2006 \\u2022 Patrikhane\\u2019nin Hukuk Stat\\u00fcs\\u00fc, Cumhuriyet Strateji, Say\\u0131 2, 2004 \\u2022 Bulgaristan\\u2019da El Kaide Tehdidi, Cumhuriyet Strateji, Say\\u0131 5, 26 Temmuz 2004 \\u2022 Kosova\\u2019n\\u0131n Ba\\u011f\\u0131ms\\u0131zl\\u0131\\u011f\\u0131n\\u0131n Etkileri, Parlamento Dergisi, Say\\u0131 246, Ocak-Mart 2008 (s\\u00f6yle\\u015fi) \\u2022 Medeniyetler \\u00c7at\\u0131\\u015f\\u0131rken Kiliseler, 2023 Dergisi, Say\\u0131 68, Aral\\u0131k 2006 \\u2022 Srebrinitsa Karar\\u0131: D\\u00fcnya Akland\\u0131, 2023 Dergisi, Say\\u0131 72, May\\u0131s 2007 \\u2022 Yeni Yunan Tragedyas\\u0131:Gagavuzlar, 2023 Dergisi, Say\\u0131 73, May\\u0131s 2007 \\u2022 KKTC\\u2019de \\u0130ktidar Zor Durumda: K\\u0131br\\u0131s T\\u00fcrkleri T\\u00fcrkiye\\u2019deki Se\\u00e7ime Kilitlendi, 2023 Dergisi, Say\\u0131 76, A\\u011fustos 2007 \\u2022 Yunan Milliyet\\u00e7ili\\u011finde \\u201cRum G\\u00f6l\\u00fc \\u2013 Karadeniz\\u201d ve \\u201cPontus Devleti\\u201d Hayalcili\\u011fi, 2023 Dergisi, Say\\u0131 76, A\\u011fustos 2007 \\u2022 K\\u0131br\\u0131s\\u2019ta Bir R\\u00fcya Sona m\\u0131 Eriyor?, 2023 Dergisi, Say\\u0131 96, Nisan 2009, \\u2022 Ulus Devletler k\\u00fcreselle\\u015fmenin Ya Hedefi Ya Orta\\u011f\\u0131, 2023 Dergisi, Say\\u0131 100, A\\u011fustos 2009 (s\\u00f6yle\\u015fi) \\u2022 Bat Trakya\\u2019da Bizans Oyunlar\\u0131: M\\u00fctekabiliyet ilkesi Ne Kadar Ger\\u00e7ek?, 2023 Dergisi, Say\\u0131 105, Ocak 2010 \\u2022 Uluslararas\\u0131 Adalet Divan\\u0131\\u2019n\\u0131n Kosova Karar\\u0131 ve Etkileri, 2023 Dergisi, Say\\u0131 112, A\\u011fustos 2010\"}]}<\/script>\n<!-- \/ Yoast SEO plugin. -->","_links":{"self":[{"href":"https:\/\/millidusunce.com\/misak\/wp-json\/wp\/v2\/posts\/8747"}],"collection":[{"href":"https:\/\/millidusunce.com\/misak\/wp-json\/wp\/v2\/posts"}],"about":[{"href":"https:\/\/millidusunce.com\/misak\/wp-json\/wp\/v2\/types\/post"}],"author":[{"embeddable":true,"href":"https:\/\/millidusunce.com\/misak\/wp-json\/wp\/v2\/users\/28"}],"replies":[{"embeddable":true,"href":"https:\/\/millidusunce.com\/misak\/wp-json\/wp\/v2\/comments?post=8747"}],"version-history":[{"count":5,"href":"https:\/\/millidusunce.com\/misak\/wp-json\/wp\/v2\/posts\/8747\/revisions"}],"predecessor-version":[{"id":8757,"href":"https:\/\/millidusunce.com\/misak\/wp-json\/wp\/v2\/posts\/8747\/revisions\/8757"}],"wp:featuredmedia":[{"embeddable":true,"href":"https:\/\/millidusunce.com\/misak\/wp-json\/wp\/v2\/media\/8756"}],"wp:attachment":[{"href":"https:\/\/millidusunce.com\/misak\/wp-json\/wp\/v2\/media?parent=8747"}],"wp:term":[{"taxonomy":"category","embeddable":true,"href":"https:\/\/millidusunce.com\/misak\/wp-json\/wp\/v2\/categories?post=8747"},{"taxonomy":"post_tag","embeddable":true,"href":"https:\/\/millidusunce.com\/misak\/wp-json\/wp\/v2\/tags?post=8747"}],"curies":[{"name":"wp","href":"https:\/\/api.w.org\/{rel}","templated":true}]}}