{"id":992,"date":"2018-01-14T12:14:35","date_gmt":"2018-01-14T09:14:35","guid":{"rendered":"http:\/\/misak.millidusunce.com\/?p=992"},"modified":"2018-03-10T11:44:33","modified_gmt":"2018-03-10T08:44:33","slug":"leyla-zanaya-turkiye-degil-turk","status":"publish","type":"post","link":"https:\/\/millidusunce.com\/misak\/leyla-zanaya-turkiye-degil-turk\/","title":{"rendered":"Leyla Zana\u2019ya: T\u00fcrkiye de\u011fil T\u00fcrk!"},"content":{"rendered":"<p><img loading=\"lazy\" class=\"alignnone size-full wp-image-993\" src=\"http:\/\/misak.millidusunce.com\/wp-content\/uploads\/2018\/01\/Turk.jpg\" alt=\"\" width=\"400\" height=\"400\" srcset=\"https:\/\/millidusunce.com\/misak\/wp-content\/uploads\/2018\/01\/Turk.jpg 400w, https:\/\/millidusunce.com\/misak\/wp-content\/uploads\/2018\/01\/Turk-150x150.jpg 150w, https:\/\/millidusunce.com\/misak\/wp-content\/uploads\/2018\/01\/Turk-300x300.jpg 300w, https:\/\/millidusunce.com\/misak\/wp-content\/uploads\/2018\/01\/Turk-32x32.jpg 32w, https:\/\/millidusunce.com\/misak\/wp-content\/uploads\/2018\/01\/Turk-50x50.jpg 50w, https:\/\/millidusunce.com\/misak\/wp-content\/uploads\/2018\/01\/Turk-64x64.jpg 64w, https:\/\/millidusunce.com\/misak\/wp-content\/uploads\/2018\/01\/Turk-96x96.jpg 96w, https:\/\/millidusunce.com\/misak\/wp-content\/uploads\/2018\/01\/Turk-128x128.jpg 128w\" sizes=\"(max-width: 400px) 100vw, 400px\" \/><\/p>\n<p>TBMM Genel Kurulu&#8217;nda yap\u0131lan oylamada, HDP A\u011fr\u0131 Milletvekili Leyla Zana&#8217;n\u0131n milletvekilli\u011fi, Genel Kurul\u2019un 212 birle\u015fimine kat\u0131lmamas\u0131 sebebiyle Anayasa&#8217;n\u0131n 84, \u0130\u00e7t\u00fcz\u00fc\u011f\u00fcn 138\u2019nci maddeleri uyar\u0131nca d\u00fc\u015f\u00fcr\u00fclm\u00fc\u015ft\u00fcr. Oylamaya 324 milletvekili kat\u0131lm\u0131\u015f, 302 kabul, 22 ret oyu verilmi\u015ftir. Leyla Zana, <em>1 Kas\u0131m 2015<\/em> se\u00e7imlerinin ard\u0131ndan Meclis&#8217;teki yemin t\u00f6reninde <strong><em>&#8220;<\/em><\/strong><em>T\u00fcrk halk\u0131&#8221;<\/em> ifadesi yerine <em>&#8220;T\u00fcrkiye halk\u0131<\/em>&#8221; ifadesini kullanm\u0131\u015f, bu sebeple yemini kabul edilmemi\u015fti.<\/p>\n<p>&nbsp;<\/p>\n<p>Zana\u2019n\u0131n T\u00fcrk halk\u0131na alerji duymas\u0131n\u0131n hi\u00e7bir hakl\u0131 nedeni yoktur. <em>T\u00fcrkiyelilik tan\u0131mlamas\u0131, T\u00fcrk milletini b\u00f6l\u00fcp par\u00e7alamak isteyen belli mihraklar taraf\u0131ndan kullan\u0131lmaktad\u0131r.<\/em> Baz\u0131 iyi niyetli T\u00fcrkler de bilmeyerek bu oyuna alet olmaktad\u0131rlar. Taha Akyol\u2019un\u00a0da a\u00e7\u0131klad\u0131\u011f\u0131 gibi 1924 Anayasas\u0131\u2019ndaki <strong><em>\u201c<\/em><\/strong><em>T\u00fcrkiye\u2019de din ve \u0131rk ay\u0131rt edilmeksizin vatanda\u015fl\u0131k bak\u0131m\u0131ndan herkese T\u00fcrk denir\u201d<\/em> tan\u0131m\u0131na Zana dahil hi\u00e7 kimse itiraz edemez.<\/p>\n<p>Diyarbak\u0131r&#8217;da 1980 askeri darbe d\u00f6neminde yap\u0131lan ve \u00fczerinde \u015fehrin simgesi karpuzun yer ald\u0131\u011f\u0131<em> Ne Mutlu T\u00fcrk\u00fcm Diyene <\/em>yaz\u0131s\u0131n\u0131n Kas\u0131m 2013\u2019de kald\u0131r\u0131lmas\u0131, b\u00f6l\u00fcc\u00fclere hizmet etmi\u015ftir. Bu kapsamda bir TV program\u0131nda bir han\u0131m gazetecinin a\u00e7\u0131klamalar\u0131 kabul edilemez: \u201c<em>Bu \u00fclkenin ad\u0131n\u0131n T\u00fcrkiye olmas\u0131 belki yanl\u0131\u015f bir \u015fey. Belki Anadolu Halklar Cumhuriyeti olsayd\u0131, ona g\u00f6re d\u00fczenleme yap\u0131lacakt\u0131.\u201d <\/em>Ne demek <em>Anadolu Halklar Cumhuriyeti?<\/em> Bu tarih olmu\u015f <em>Sovyetler Birli\u011fi\u2019ne<\/em>\u00a0\u00f6zenti mi?<\/p>\n<p><em>Sovyet<\/em>, Rus\u00e7a&#8217;da tavsiye, meclis, kurul, komite, \u015fura anlamlar\u0131na gelir. Savetskiy Sayuz ise\u00a0<em>Sovyetler<\/em>\u00a0Birli\u011fi, di\u011fer bir deyi\u015fle Meclisler Birli\u011fi ya da Birle\u015fmi\u015f Meclisler demektir. Bu han\u0131m gazetecinin <em>Anadolu Halklar Cumhuriyeti\u00a0<\/em>tan\u0131mlamas\u0131yla akl\u0131ndan ge\u00e7en fakat ifade etmekte zorland\u0131\u011f\u0131<em> Anadolu Sovyet Halklar\u0131 Birli\u011fi Cumhuriyeti <\/em>mi ge\u00e7mektedir?<\/p>\n<p>Ayn\u0131 d\u00fcnya g\u00f6r\u00fc\u015f\u00fcn\u00fc payla\u015fan bir di\u011fer han\u0131m gazeteci ise T\u00fcrk bayra\u011f\u0131na sald\u0131rm\u0131\u015ft\u0131r: <em>\u201cT\u00fcrk bayra\u011f\u0131 demeyi art\u0131k tart\u0131\u015fmam\u0131z laz\u0131m. E\u011fer herkesin aidiyet hissetmedi\u011fi bir sembolse, T\u00dcRK\u0130YE BAYRA\u011eI demeyi \u00f6ng\u00f6r\u00fcyorum. T\u00fcrkiye bayra\u011f\u0131 ya da Demirta\u015f\u2019\u0131n dedi\u011fi gibi DEVLET BAYRA\u011eI dememizi \u00f6ng\u00f6r\u00fcyorum.\u201d <\/em><\/p>\n<p>Neymi\u015f efendim,<em> \u201cDemirta\u015f<\/em><em>\u2019\u0131n dedi\u011fi gibi Devlet bayra\u011f\u0131\u201d <\/em>demeliymi\u015fiz! O zaman ABD de Demirta\u015f\u2019a uyarak bayra\u011f\u0131na Devlet bayra\u011f\u0131 derse ne olacak? Hangisi ABD, hangisi T\u00fcrk bayra\u011f\u0131, bunu nas\u0131l ay\u0131raca\u011f\u0131z? Bu gazeteci han\u0131mlar ak\u0131l tutulmas\u0131na m\u0131 u\u011frad\u0131lar? Acaba b\u00fcy\u00fck \u00f6nder Atat\u00fcrk\u2019\u00fcn Gen\u00e7li\u011fe Hitabesi\u2019nden (1927) haberleri yok mu? Yoksa hat\u0131rlatmakta yarar vard\u0131r: Bu ifadeleri kullananlar s\u00f6z\u00fcn nereye gitti\u011fini d\u00fc\u015f\u00fcnmeyerek<em> \u201c<\/em><em>gaflet ve dalalet ve hatta h\u0131yanet i\u00e7inde\u201d<\/em> olabilirler.\u00a0<em>Bu durumda onlar\u0131n Leyla Zana\u2019dan fark\u0131 var m\u0131d\u0131r? <\/em><\/p>\n<p>Bunlara en iyi cevab\u0131 SBF\u2019den yurt arkada\u015f\u0131m Prof. Dr. \u0130lber Ortayl\u0131 vermi\u015ftir:\u00a0<em>\u201cBirileri ben K\u00fcrt\u2019\u00fcm diyecek diye ben T\u00fcrkl\u00fck\u2019ten \u00e7\u0131kamam.\u201d<\/em>\u00a0Bu konudaki g\u00f6r\u00fc\u015f\u00fc \u015f\u00f6yledir:\u00a0<em>\u201c\u00a0Co\u011frafyayla kimlik edinilmez. Mesela Fransa memleketin ad\u0131d\u0131r. Hi\u00e7 kimseye Fransa\u2019dan t\u00fcreme bir isim verilmez. Bizim ad\u0131m\u0131z\u0131n da T\u00fcrkiye\u2019den m\u00fclhem olmas\u0131 \u015fart de\u011fil. T\u00fcrkiye bir memleketin ad\u0131d\u0131r. T\u00fcrkler\u2019in \u00fclkesi demektir.\u201d<\/em><\/p>\n<p>ABD\u2019de\u00a0<em>Martin Van Buren<\/em>, \u0130ngiliz tebaas\u0131 olarak do\u011fmayan ilk ba\u015fkand\u0131. Amerika ba\u011f\u0131ms\u0131z olduktan sonra ve Amerikan vatanda\u015f\u0131 olarak do\u011fan Van Buren, ayn\u0131 zamanda anadili \u0130ngilizce (Hollanda k\u00f6kenlidir) olmayan ilk ba\u015fkand\u0131r ve <em>\u0130ngilizce<\/em> yemin etmi\u015ftir.\u00a0<em>Barack Obama<\/em><strong>\u2019<\/strong>n\u0131n okumu\u015f oldu\u011fu yemin metni \u015f\u00f6yledir:\u00a0<em>\u201cCiddiyetle yeminimdir: T\u00fcm i\u00e7tenli\u011fimle, Amerika i\u00e7in \u00e7al\u0131\u015faca\u011f\u0131ma ve ABD Anayasas\u0131n\u0131 var g\u00fcc\u00fcmle koruyaca\u011f\u0131ma yemin ederim. Allah, yard\u0131mc\u0131m olsun.\u201d\u00a0<\/em>Acaba bu metin T\u00fcrkiye\u2019nin yemin metni olsayd\u0131 ge\u00e7mi\u015fte\u00a0<em>Leyla Zana<\/em>\u00a0<em>\u201cT\u00fcm i\u00e7tenli\u011fimle, T\u00fcrkiye i\u00e7in \u00e7al\u0131\u015faca\u011f\u0131ma ve T\u00fcrkiye Cumhuriyeti Anayasas\u0131n\u0131 var g\u00fcc\u00fcmle koruyaca\u011f\u0131ma yemin ederim\u201d<\/em>\u00a0der miydi? Hi\u00e7 sanmam.<\/p>\n<p>B\u00fcy\u00fck \u00f6nder Atat\u00fcrk\u00a0<em>Ne Mutlu T\u00fcrk\u00fcm<\/em>\u00a0diyerek, sadece <em>bir \u0131rk\u0131 de\u011fil, kendini T\u00fcrk hisseden herkesi T\u00fcrk saym\u0131\u015ft\u0131r<\/em><strong>. <\/strong>T\u00fcrk kimli\u011finin alt\u0131nda; K\u00fcrt, \u00c7erkez, Bo\u015fnak, Laz, Abaza, G\u00fcrc\u00fc, Ermeni, Rum, Yahudi alt kimlikleri vard\u0131r. Ge\u00e7mi\u015fte, Ankara Cumhuriyet Ba\u015fsavc\u0131s\u0131 T\u00fcrkiyelilik \u00fcst kimli\u011fini \u00f6neren Az\u0131nl\u0131klar Raporu sebebiyle <em>Prof. Dr. Bask\u0131n Oran<\/em>\u00a0ve <em>Prof. Dr. \u0130brahim Kabo\u011flu <\/em>hakk\u0131nda dava a\u00e7m\u0131\u015ft\u0131r. Ba\u015fsavc\u0131l\u0131\u011f\u0131n iddianamesinde Az\u0131nl\u0131k Raporu\u2019nda\u00a0<em>\u201cT\u00fcrkl\u00fck yerine T\u00fcrkiyelilik\u201d<\/em> kavram\u0131n\u0131n \u00f6nerilmesinin neden su\u00e7 olu\u015fturdu\u011fu \u015f\u00f6yle a\u00e7\u0131klam\u0131\u015ft\u0131r:<\/p>\n<p><em>\u201cBurada kullan\u0131lan T\u00fcrk kelimesi, etnik-sosyolojik ile b\u00fct\u00fcn T\u00fcrkiye Cumhuriyeti vatanda\u015flar\u0131n\u0131 kapsamaktad\u0131r. Nitekim bug\u00fcn \u0130ngiltere devleti vatanda\u015f\u0131na \u0130ngiltereli de\u011fil, \u0130ngiliz, Almanya devleti vatanda\u015flar\u0131na Almanyal\u0131 de\u011fil Alman, Fransa devleti vatanda\u015f\u0131na Fransal\u0131 de\u011fil, Frans\u0131z denilmektedir. Bu \u00fclkelerde tek bir \u0131rk ya\u015famamaktad\u0131r. \u00d6rne\u011fin, Fransa milletini yani Fransa\u2019y\u0131 olu\u015fturan etnik unsurlar\u0131 Kelt, Flaman, Alzas, Katalan, Bask, Br\u00f6ton, Normanlar ve ba\u015fka \u0131rklar olu\u015fturmaktad\u0131r. Buradaki bir Frans\u0131z vatanda\u015f\u0131n\u0131n Je suis Fran\u00e7ais (Ben Frans\u0131z\u0131m) derken Frans\u0131z oldu\u011funu s\u00f6ylemesi sorun yaratmazken, bir T\u00fcrk vatanda\u015f\u0131n\u0131n T\u00fcrkiyeli oldu\u011funu s\u00f6ylemesini istemenin nedeni nedir?\u201d <\/em><\/p>\n<p>Gazeteci yazar <em>Melih A\u015f\u0131k<\/em>\u2019\u0131n bu konudaki de\u011ferlendirmesine aynen kat\u0131l\u0131yorum: <em>\u201cGazeteci Banu Avar ge\u00e7mi\u015fte Fransa\u2019n\u0131n \u00fcnl\u00fc siyaset\u00e7ilerinden Patrik Deveciyan\u2019la bir m\u00fclakat yapm\u0131\u015f. Aralar\u0131nda \u015f\u00f6yle bir konu\u015fma ge\u00e7mi\u015f: Siz bir Ermeni olarak 1915 olaylar\u0131 hakk\u0131nda ne d\u00fc\u015f\u00fcn\u00fcyorsunuz? Ben Ermeni de\u011fil, Frans\u0131z\u2019\u0131m. Ama siz Ermeni k\u00f6kenlisiniz. Buras\u0131 bir ulus-devlet ve ben de Frans\u0131z yurtta\u015f\u0131y\u0131m. Yani Frans\u0131z\u2019\u0131m<strong>.<\/strong>\u201d<\/em><\/p>\n<p><em>\u00d6zdemir \u0130nce<\/em>\u2019nin tespiti ise \u015f\u00f6yledir: <em>\u201cGalya topraklar\u0131nda Kelt, Flaman, Alzas, Katalan, Bask, Br\u00f6ton, Norman vb. halklar\u0131n ya\u015famas\u0131na kar\u015f\u0131n bu \u00fclke Fransa ad\u0131n\u0131 alm\u0131\u015fsa, bunun nedenini Franklar\u0131n olu\u015fturucu, kurucu ve birle\u015ftirici rol\u00fcnde aramal\u0131y\u0131z. T\u00fcrklerin Sel\u00e7uklu ve Osmanl\u0131 topraklar\u0131nda bin y\u0131ld\u0131r y\u00fcklendi\u011fi ve oynad\u0131\u011f\u0131 rol de i\u015fte budur. Bu tarihsel rol, hat\u0131r i\u00e7in kimseyle payla\u015f\u0131lmaz!\u201d<\/em><\/p>\n<p>Paris\u2019te be\u015f y\u0131l OECD B\u00fcy\u00fckel\u00e7ili\u011fimizde g\u00f6rev yapt\u0131m. 1988 y\u0131l\u0131nda Ermenistan\u2019da b\u00fcy\u00fck bir deprem oldu. Ermeni k\u00f6kenli Frans\u0131z \u015fark\u0131c\u0131\u00a0<em>Charles Aznavour<\/em> deprem sonras\u0131nda Fransa\u2019da Ermenistan\u2019a yard\u0131m kampanyas\u0131 ba\u015flatt\u0131. Neden b\u00f6yle bir kampanya ba\u015flatt\u0131\u011f\u0131 soruldu\u011funda, kendisinin bir Frans\u0131z, k\u00f6keninin Ermeni oldu\u011funu s\u00f6ylemi\u015f, <em>hi\u00e7bir zaman ben bir Ermeniyim dememi\u015ftir. <\/em><\/p>\n<p>Yurt d\u0131\u015f\u0131nda\u00a0T\u00fcrk pasaportu ta\u015f\u0131yan herkese\u00a0<em>\u201cT\u00fcrk\u201d<\/em> diye hitap ederler. Nas\u0131l Alman pasaportu ta\u015f\u0131yan birine biz Alman diyorsak. AB \u00fcyesi devletlerin anayasalar\u0131nda\u00a0\u201c<em>Alman\u201d, \u201cFrans\u0131z\u201d, \u201c\u0130talyan\u201d, \u201cYunan\u201d<\/em> gibi kavramlar vard\u0131r. Alman ve Alman vatanda\u015fl\u0131\u011f\u0131; Frans\u0131z,\u00a0<em>Frans\u0131z halk\u0131<\/em>, Frans\u0131z vatanda\u015fl\u0131\u011f\u0131; b\u00fct\u00fcn Yunanlar, Yunan vatanda\u015f\u0131, Yunan topra\u011f\u0131 gibi kavramlarla kar\u015f\u0131la\u015f\u0131yoruz.<\/p>\n<p><em>Kendi vatanda\u015f\u0131n\u0131 T\u00fcrk olarak niteleyemeyen T\u00fcrkiye\u2019nin Bat\u0131 Trakya\u2019daki ahalinin T\u00fcrk s\u0131fat\u0131yla nitelenmesini yasaklayan Yunanistan\u2019\u0131 ele\u015ftirmesi m\u00fcmk\u00fcn m\u00fc? <\/em><\/p>\n<p>Avrupa dillerinde <em>\u201cT\u00fcrk kafas\u0131\u201d<\/em><em>, \u201cT\u00fcrk gibi kuvvetli\u201d, \u201cAnne T\u00fcrkler geliyor\u201d <\/em>gibi deyimler vard\u0131r.<em> \u201cT\u00fcrk kahvesi\u201d, \u201cT\u00fcrk hamam\u0131\u201d, \u201cT\u00fcrk mutfa\u011f\u0131\u201d, \u201cT\u00fcrk lokumu\u201d<\/em> gibi kavramlar da d\u00fcnyaca bilinmektedir. 1571\u2019den itibaren Anadolu\u2019dan gelip K\u0131br\u0131s\u2019a yerle\u015fmi\u015f olanlara <em>K\u0131br\u0131s T\u00fcrk halk\u0131 <\/em>denilmektedir. Kuzey K\u0131br\u0131s\u2019taki devletin ad\u0131<em>\u00a0Kuzey K\u0131br\u0131s T\u00fcrk Cumhuriyeti<\/em>\u2019dir.<\/p>\n<p>T\u00fcrk ulusu, T\u00fcrk vatanda\u015f\u0131 ve T\u00fcrk kavramlar\u0131n\u0131 terk edersek ba\u015f\u0131nda T\u00fcrk s\u0131fat\u0131n\u0131n yer ald\u0131\u011f\u0131 resmi kurum ve kurulu\u015flar\u0131m\u0131z\u0131n isimlerinin de\u011fi\u015ftirilmesi taleplerinin de g\u00fcndeme getirilme ihtimalini yok sayabilir miyiz? T\u00fcrk yerine T\u00fcrkiyeli ifadesi kabul edilirse \u015fu komik durumlarla kar\u015f\u0131la\u015fmam\u0131z ka\u00e7\u0131n\u0131lmazd\u0131r: <em>T\u00fcrkiyeli bayra\u011f\u0131, T\u00fcrkiyeli Silahl\u0131 Kuvvetleri, T\u00fcrkiyeli Havayollar\u0131, T\u00fcrkiyeli Milli Tak\u0131m\u0131, T\u00fcrkiyeli liras\u0131, CNN T\u00fcrkiyeli, J\u00f6nt\u00fcrkiyeli, Kuzey K\u0131br\u0131s T\u00fcrkiyeli Cumhuriyeti, T\u00fcrkiyeli hamam\u0131, T\u00fcrkiyeli lokumu, T\u00fcrkiyeli kahvesi, Hidayet T\u00fcrkiyelio\u011flu, Beyaz\u0131t \u00d6zt\u00fcrkiyeli vb. <\/em><\/p>\n<p>Yurt d\u0131\u015f\u0131ndaki T\u00fcrk vatanda\u015flar\u0131na T\u00fcrk sporcu, T\u00fcrk sanat\u00e7\u0131s\u0131, T\u00fcrk askeri, T\u00fcrk parlamenteri, T\u00fcrk diplomat\u0131 denen insanlara bundan sonra acaba T\u00fcrkiyeli sporcu, T\u00fcrkiyeli sanat\u00e7\u0131s\u0131\u2026 m\u0131 diyece\u011fiz? Be\u015fikta\u015f, Galatasaray, Fenerbah\u00e7e ve di\u011fer T\u00fcrk tak\u0131mlar\u0131n\u0131n Avrupa\u2019daki ma\u00e7lar\u0131n\u0131 anlatan yabanc\u0131 spikerler acaba bu tak\u0131mlara T\u00fcrk tak\u0131m\u0131 m\u0131 yoksa T\u00fcrkiyeli tak\u0131m\u0131 m\u0131 diyecekler? Yabanc\u0131 kaynaklarda <em>Orhan Pamuk<\/em>\u00a0\u00fcnl\u00fc T\u00fcrk romanc\u0131s\u0131 olarak an\u0131lm\u0131yor mu?<\/p>\n<p>Almanya\u2019da Hitler\u2019in iktidara gelmesiyle Nazilerden ka\u00e7an, aralar\u0131nda \u00fcnl\u00fc hukuk\u00e7u<em> Prof. Dr. Ernst Hirsh <\/em>ve \u00fcnl\u00fc maliyeci <em>Prof. Dr. Frizt Neumark<\/em>\u2019\u0131n da bulundu\u011fu Yahudi as\u0131ll\u0131 Almanlar ve aileleri, T\u00fcrk vatanda\u015f\u0131 olmalar\u0131 ve T\u00fcrk\u00fcm dedikleri i\u00e7in hayatta kalm\u0131\u015flard\u0131r. K\u00fcrt liderler <em>Mesud Barzani <\/em>ve<em> Celal Talabani<\/em> ge\u00e7mi\u015fte kulland\u0131klar\u0131 pasaport dolay\u0131s\u0131yla T\u00fcrk vatanda\u015f\u0131 olarak g\u00f6r\u00fcnmekten, kay\u0131tlara T\u00fcrk olarak ge\u00e7irilmekten rahats\u0131zl\u0131k duymam\u0131\u015flard\u0131r.<\/p>\n<p>1992 y\u0131l\u0131nda, Arjantin\u2019in o d\u00f6nemdeki Cumhurba\u015fkan\u0131 <em>Carlos Menem<\/em>\u00a0Ankara\u2019ya geldi\u011finde Arjantin\u2019deki lakab\u0131n\u0131n <em>El Turco<\/em> oldu\u011funu a\u00e7\u0131klam\u0131\u015ft\u0131r. Anne ve babas\u0131n\u0131n Osmanl\u0131 devleti zaman\u0131nda Suriye\u2019de do\u011fup b\u00fcy\u00fcd\u00fckleri ve sonradan Arjantin\u2019e g\u00f6\u00e7 ettikleri i\u00e7in Arjantin\u2019de El Turco olarak adland\u0131r\u0131ld\u0131klar\u0131n\u0131 s\u00f6ylemi\u015ftir.<\/p>\n<p><em>Amerikal\u0131 Amerikan\u0131m, Fransal\u0131 Frans\u0131z\u0131m, Almanyal\u0131 Alman\u0131m derken, T\u00fcrkiye\u2019de T\u00fcrk\u00fcm demeyip, T\u00fcrkiyeliyim demek, gaflet ve dalalet de\u011fil de nedir?<\/em><\/p>\n<p>Son olarak kendimden \u00f6rnek vermek istiyorum. Annem K\u0131r\u0131m, babam Romanya Tatar\u0131d\u0131r. (K\u0131r\u0131m T\u00fcrk\u00fc) K\u0131r\u0131m\u2019dan ve Romanya\u2019dan g\u00f6\u00e7 etmi\u015flerdir. \u00dclkemizde y\u00fczbinlerce insan\u0131n etnik k\u00f6keni benim gibidir. Ben bu topraklarda do\u011fdum. N\u00fcfus ka\u011f\u0131d\u0131mda T\u00fcrkiye Cumhuriyeti vatanda\u015f\u0131 yaz\u0131yor. Ben T\u00fcrk\u00fcm, Ne Mutlu T\u00fcrk\u00fcm Diyene diyorum, T\u00fcrkiyelim diyenleri k\u0131n\u0131yorum, onlara Atat\u00fcrk&#8217;\u00fcn kendi sesi ile Ne Mutlu T\u00fcrk\u00fcm Diyene dinletisini dinlemelerini \u00f6neriyorum. (<a href=\"https:\/\/www.youtube.com\/watch?v=b9Xn6bFAwxo\">https:\/\/www.youtube.com\/watch?v=b9Xn6bFAwxo<\/a>)<\/p>\n<p>Bunlar, Atat\u00fcrk\u2019\u00fcn ismindeki T\u00fcrk kelimesine de alerji duymaktalar. Ad\u0131 T\u00fcrkiye Cumhuriyeti olan devletin tek olan bayra\u011f\u0131na\u00a0<em>T\u00fcrk bayra\u011f\u0131<\/em><strong>,<\/strong>\u00a0tek olan milletine de\u00a0<em>T\u00fcrk milleti<\/em>\u00a0denilir. Bilerek ya da bilmeyerek farkl\u0131 s\u00f6ylemlerde bulunan ve bu topraklarda ya\u015fayan T\u00fcrkiye Cumhuriyeti vatanda\u015flar\u0131na \u00f6nemle hat\u0131rlat\u0131r\u0131m.<\/p>\n<p>T\u00fcrk bayra\u011f\u0131na <em>T\u00fcrkiye bayra\u011f\u0131<\/em>\u00a0ya da <em>devlet bayra\u011f\u0131<\/em> denemez. Diyenler, 2893 say\u0131l\u0131 T\u00fcrk Bayra\u011f\u0131 Kanunu\u2019nun <em>\u201cT\u00fcrk Bayra\u011f\u0131na s\u00f6zle, yaz\u0131 veya hareketle veya herhangi bir \u015fekilde hakaret edilemez, sayg\u0131s\u0131zl\u0131kta bulunulamaz&#8230; Bu Kanuna ve t\u00fcz\u00fc\u011fe ayk\u0131r\u0131 fiiller yetkililerce derhal \u00f6nlenir ve gerekli soru\u015fturma yap\u0131l\u0131r\u201d <\/em>maddesini ihlal etmi\u015f say\u0131l\u0131rlar. Acaba bu madde \u015fimdiye kadar uygulanm\u0131\u015f m\u0131d\u0131r? Merak etmekteyim.<\/p>\n","protected":false},"excerpt":{"rendered":"<p>&#8220;Ad\u0131 T\u00fcrkiye Cumhuriyeti olan devletin tek bayra\u011f\u0131na T\u00fcrk bayra\u011f\u0131, tek olan milletine de T\u00fcrk milleti denilir. Bilerek ya da bilmeyerek farkl\u0131 s\u00f6ylemlerde bulunan ve bu topraklarda ya\u015fayan T\u00fcrkiye Cumhuriyeti vatanda\u015flar\u0131na \u00f6nemle hat\u0131rlat\u0131r\u0131m.&#8221;<\/p>\n","protected":false},"author":3,"featured_media":994,"comment_status":"open","ping_status":"open","sticky":false,"template":"","format":"standard","meta":{"_links_to":"","_links_to_target":""},"categories":[2,67,68],"tags":[],"yoast_head":"<!-- This site is optimized with the Yoast SEO plugin v16.0.2 - https:\/\/yoast.com\/wordpress\/plugins\/seo\/ -->\n<title>Leyla Zana\u2019ya: T\u00fcrkiye de\u011fil T\u00fcrk! - M\u0130SAK- Mill\u00ee Strateji Ara\u015ft\u0131rma Kurulu<\/title>\n<link rel=\"canonical\" href=\"https:\/\/millidusunce.com\/misak\/leyla-zanaya-turkiye-degil-turk\/\" \/>\n<meta property=\"og:locale\" content=\"tr_TR\" \/>\n<meta property=\"og:type\" content=\"article\" \/>\n<meta property=\"og:title\" content=\"Leyla Zana\u2019ya: T\u00fcrkiye de\u011fil T\u00fcrk! - M\u0130SAK- Mill\u00ee Strateji Ara\u015ft\u0131rma Kurulu\" \/>\n<meta property=\"og:description\" content=\"&quot;Ad\u0131 T\u00fcrkiye Cumhuriyeti olan devletin tek bayra\u011f\u0131na T\u00fcrk bayra\u011f\u0131, tek olan milletine de T\u00fcrk milleti denilir. Bilerek ya da bilmeyerek farkl\u0131 s\u00f6ylemlerde bulunan ve bu topraklarda ya\u015fayan T\u00fcrkiye Cumhuriyeti vatanda\u015flar\u0131na \u00f6nemle hat\u0131rlat\u0131r\u0131m.&quot;\" \/>\n<meta property=\"og:url\" content=\"https:\/\/millidusunce.com\/misak\/leyla-zanaya-turkiye-degil-turk\/\" \/>\n<meta property=\"og:site_name\" content=\"M\u0130SAK- Mill\u00ee Strateji Ara\u015ft\u0131rma Kurulu\" \/>\n<meta property=\"article:published_time\" content=\"2018-01-14T09:14:35+00:00\" \/>\n<meta property=\"article:modified_time\" content=\"2018-03-10T08:44:33+00:00\" \/>\n<meta property=\"og:image\" content=\"https:\/\/millidusunce.com\/misak\/wp-content\/uploads\/2018\/01\/Turkgri.jpg\" \/>\n\t<meta property=\"og:image:width\" content=\"400\" \/>\n\t<meta property=\"og:image:height\" content=\"400\" \/>\n<meta name=\"twitter:card\" content=\"summary_large_image\" \/>\n<meta name=\"twitter:label1\" content=\"Tahmini okuma s\u00fcresi\">\n\t<meta name=\"twitter:data1\" content=\"10 dakika\">\n<script type=\"application\/ld+json\" class=\"yoast-schema-graph\">{\"@context\":\"https:\/\/schema.org\",\"@graph\":[{\"@type\":\"Organization\",\"@id\":\"https:\/\/millidusunce.com\/misak\/#organization\",\"name\":\"Mill\\u00ee D\\u00fc\\u015f\\u00fcnce Merkezi\",\"url\":\"https:\/\/millidusunce.com\/misak\/\",\"sameAs\":[],\"logo\":{\"@type\":\"ImageObject\",\"@id\":\"https:\/\/millidusunce.com\/misak\/#logo\",\"inLanguage\":\"tr\",\"url\":\"https:\/\/millidusunce.com\/misak\/wp-content\/uploads\/2018\/09\/mdmLogo-yazisiz.jpg\",\"width\":422,\"height\":422,\"caption\":\"Mill\\u00ee D\\u00fc\\u015f\\u00fcnce Merkezi\"},\"image\":{\"@id\":\"https:\/\/millidusunce.com\/misak\/#logo\"}},{\"@type\":\"WebSite\",\"@id\":\"https:\/\/millidusunce.com\/misak\/#website\",\"url\":\"https:\/\/millidusunce.com\/misak\/\",\"name\":\"M\\u0130SAK- Mill\\u00ee Strateji Ara\\u015ft\\u0131rma Kurulu\",\"description\":\"D\\u00fcnyaya T\\u00fcrk\\u00e7\\u00fc Bak\\u0131\\u015f\",\"publisher\":{\"@id\":\"https:\/\/millidusunce.com\/misak\/#organization\"},\"potentialAction\":[{\"@type\":\"SearchAction\",\"target\":\"https:\/\/millidusunce.com\/misak\/?s={search_term_string}\",\"query-input\":\"required name=search_term_string\"}],\"inLanguage\":\"tr\"},{\"@type\":\"ImageObject\",\"@id\":\"https:\/\/millidusunce.com\/misak\/leyla-zanaya-turkiye-degil-turk\/#primaryimage\",\"inLanguage\":\"tr\",\"url\":\"https:\/\/millidusunce.com\/misak\/wp-content\/uploads\/2018\/01\/Turkgri.jpg\",\"width\":400,\"height\":400},{\"@type\":\"WebPage\",\"@id\":\"https:\/\/millidusunce.com\/misak\/leyla-zanaya-turkiye-degil-turk\/#webpage\",\"url\":\"https:\/\/millidusunce.com\/misak\/leyla-zanaya-turkiye-degil-turk\/\",\"name\":\"Leyla Zana\\u2019ya: T\\u00fcrkiye de\\u011fil T\\u00fcrk! - M\\u0130SAK- Mill\\u00ee Strateji Ara\\u015ft\\u0131rma Kurulu\",\"isPartOf\":{\"@id\":\"https:\/\/millidusunce.com\/misak\/#website\"},\"primaryImageOfPage\":{\"@id\":\"https:\/\/millidusunce.com\/misak\/leyla-zanaya-turkiye-degil-turk\/#primaryimage\"},\"datePublished\":\"2018-01-14T09:14:35+00:00\",\"dateModified\":\"2018-03-10T08:44:33+00:00\",\"breadcrumb\":{\"@id\":\"https:\/\/millidusunce.com\/misak\/leyla-zanaya-turkiye-degil-turk\/#breadcrumb\"},\"inLanguage\":\"tr\",\"potentialAction\":[{\"@type\":\"ReadAction\",\"target\":[\"https:\/\/millidusunce.com\/misak\/leyla-zanaya-turkiye-degil-turk\/\"]}]},{\"@type\":\"BreadcrumbList\",\"@id\":\"https:\/\/millidusunce.com\/misak\/leyla-zanaya-turkiye-degil-turk\/#breadcrumb\",\"itemListElement\":[{\"@type\":\"ListItem\",\"position\":1,\"item\":{\"@type\":\"WebPage\",\"@id\":\"https:\/\/millidusunce.com\/misak\/\",\"url\":\"https:\/\/millidusunce.com\/misak\/\",\"name\":\"Anasayfa\"}},{\"@type\":\"ListItem\",\"position\":2,\"item\":{\"@type\":\"WebPage\",\"@id\":\"https:\/\/millidusunce.com\/misak\/leyla-zanaya-turkiye-degil-turk\/\",\"url\":\"https:\/\/millidusunce.com\/misak\/leyla-zanaya-turkiye-degil-turk\/\",\"name\":\"Leyla Zana\\u2019ya: T\\u00fcrkiye de\\u011fil T\\u00fcrk!\"}}]},{\"@type\":\"Article\",\"@id\":\"https:\/\/millidusunce.com\/misak\/leyla-zanaya-turkiye-degil-turk\/#article\",\"isPartOf\":{\"@id\":\"https:\/\/millidusunce.com\/misak\/leyla-zanaya-turkiye-degil-turk\/#webpage\"},\"author\":{\"@id\":\"https:\/\/millidusunce.com\/misak\/#\/schema\/person\/dceabd91d5707fd0a1f581be62144940\"},\"headline\":\"Leyla Zana\\u2019ya: T\\u00fcrkiye de\\u011fil T\\u00fcrk!\",\"datePublished\":\"2018-01-14T09:14:35+00:00\",\"dateModified\":\"2018-03-10T08:44:33+00:00\",\"mainEntityOfPage\":{\"@id\":\"https:\/\/millidusunce.com\/misak\/leyla-zanaya-turkiye-degil-turk\/#webpage\"},\"commentCount\":0,\"publisher\":{\"@id\":\"https:\/\/millidusunce.com\/misak\/#organization\"},\"image\":{\"@id\":\"https:\/\/millidusunce.com\/misak\/leyla-zanaya-turkiye-degil-turk\/#primaryimage\"},\"articleSection\":\"TEHD\\u0130TLER,T\\u00dcRKL\\u00dcK-T\\u00dcRK\\u00c7\\u00dcL\\u00dcK\",\"inLanguage\":\"tr\",\"potentialAction\":[{\"@type\":\"CommentAction\",\"name\":\"Comment\",\"target\":[\"https:\/\/millidusunce.com\/misak\/leyla-zanaya-turkiye-degil-turk\/#respond\"]}]},{\"@type\":\"Person\",\"@id\":\"https:\/\/millidusunce.com\/misak\/#\/schema\/person\/dceabd91d5707fd0a1f581be62144940\",\"name\":\"Sad\\u0131k R\\u0131dvan Karluk\",\"image\":{\"@type\":\"ImageObject\",\"@id\":\"https:\/\/millidusunce.com\/misak\/#personlogo\",\"inLanguage\":\"tr\",\"url\":\"https:\/\/secure.gravatar.com\/avatar\/0ac86ba3095525619627cdd0589c5b8c?s=96&d=mm&r=g\",\"caption\":\"Sad\\u0131k R\\u0131dvan Karluk\"},\"description\":\"Prof. Dr. S. R\\u0131dvan Karluk, 1970\\u2019de Ankara \\u00dcniversitesi Siyasal Bilgiler Fak\\u00fcltesi\\u2019ni bitirdi. 1975\\u2019te doktor, 1979\\u2019da do\\u00e7ent oldu. 1975 \\u2013 1976\\u2019da Sussex \\u00dcniversitesi\\u2019nde doktora \\u00fcst\\u00fc ara\\u015ft\\u0131rma yapt\\u0131. 1982 y\\u0131l\\u0131nda Devlet Planlama Te\\u015fkilat\\u0131 AET Dairesini (Genel M\\u00fcd\\u00fcrl\\u00fck) kurdu. 1985-1990 y\\u0131llar\\u0131nda Paris\\u2019te, OECD T\\u00fcrkiye B\\u00fcy\\u00fckel\\u00e7ili\\u011fi\\u2019nde Planlama M\\u00fc\\u015faviri olarak \\u00e7al\\u0131\\u015ft\\u0131. 1990-1992 y\\u0131llar\\u0131nda Ba\\u015fbakanl\\u0131k Ba\\u015fm\\u00fc\\u015favirli\\u011fi\\u2019ne atand\\u0131. 1991 y\\u0131l\\u0131nda Anadolu \\u00dcniversitesi\\u2019ne ge\\u00e7mi\\u015f, 2014 y\\u0131l\\u0131nda emekli olmu\\u015ftur. Bu s\\u00fcre i\\u00e7inde \\u0130ktisadi Geli\\u015fme ve Uluslararas\\u0131 Geli\\u015fme Anabilim Dal\\u0131 Ba\\u015fkanl\\u0131\\u011f\\u0131, 2010-2013 d\\u00f6neminde \\u0130ktisat Fak\\u00fcltesi Dekanl\\u0131\\u011f\\u0131 yapm\\u0131\\u015ft\\u0131r. Uluslararas\\u0131 Ekonomi, T\\u00fcrkiye Ekonomisi, Avrupa Birli\\u011fi ve Uluslararas\\u0131 Ekonomik \\u0130li\\u015fkiler konular\\u0131nda 24 kitab\\u0131, 12 ortak ve 3 \\u00e7eviri eseri vard\\u0131r. Ortak yazarl\\u0131 bir ders kitab\\u0131 T\\u00dcBA \\u00fcniversite ders kitaplar\\u0131 2012 y\\u0131l\\u0131 telif ve \\u00e7eviri eser \\u00f6d\\u00fcl\\u00fc olmak \\u00fczere 6 bilimsel ara\\u015ft\\u0131rma \\u00f6d\\u00fcl\\u00fcne sahiptir. Eski\\u015fehir Sakarya gazetesi ile Turkish Forum\\u2019da (ABD) haftal\\u0131k g\\u00fcncel yaz\\u0131lar\\u0131 yay\\u0131nlanmaktad\\u0131r. \\u00d6zge\\u00e7mi\\u015fi WHO\\u2019s WHO D\\u00fcnya, Asya ve T\\u00fcrkiye bask\\u0131lar\\u0131nda yer alm\\u0131\\u015ft\\u0131r.\"}]}<\/script>\n<!-- \/ Yoast SEO plugin. -->","_links":{"self":[{"href":"https:\/\/millidusunce.com\/misak\/wp-json\/wp\/v2\/posts\/992"}],"collection":[{"href":"https:\/\/millidusunce.com\/misak\/wp-json\/wp\/v2\/posts"}],"about":[{"href":"https:\/\/millidusunce.com\/misak\/wp-json\/wp\/v2\/types\/post"}],"author":[{"embeddable":true,"href":"https:\/\/millidusunce.com\/misak\/wp-json\/wp\/v2\/users\/3"}],"replies":[{"embeddable":true,"href":"https:\/\/millidusunce.com\/misak\/wp-json\/wp\/v2\/comments?post=992"}],"version-history":[{"count":0,"href":"https:\/\/millidusunce.com\/misak\/wp-json\/wp\/v2\/posts\/992\/revisions"}],"wp:featuredmedia":[{"embeddable":true,"href":"https:\/\/millidusunce.com\/misak\/wp-json\/wp\/v2\/media\/994"}],"wp:attachment":[{"href":"https:\/\/millidusunce.com\/misak\/wp-json\/wp\/v2\/media?parent=992"}],"wp:term":[{"taxonomy":"category","embeddable":true,"href":"https:\/\/millidusunce.com\/misak\/wp-json\/wp\/v2\/categories?post=992"},{"taxonomy":"post_tag","embeddable":true,"href":"https:\/\/millidusunce.com\/misak\/wp-json\/wp\/v2\/tags?post=992"}],"curies":[{"name":"wp","href":"https:\/\/api.w.org\/{rel}","templated":true}]}}